{"id":1708,"date":"2012-01-23T00:00:00","date_gmt":"2012-01-23T00:00:00","guid":{"rendered":"http:\/\/psol50.org.br\/arquivo\/2012\/01\/23\/a-vergonha-da-licitacao-do-transporte-coletivo-em-joinville\/"},"modified":"2012-01-23T00:00:00","modified_gmt":"2012-01-23T00:00:00","slug":"a-vergonha-da-licitacao-do-transporte-coletivo-em-joinville","status":"publish","type":"post","link":"https:\/\/psol50.org.br\/a-vergonha-da-licitacao-do-transporte-coletivo-em-joinville\/","title":{"rendered":"A vergonha da licita\u00e7\u00e3o do transporte coletivo em Joinville"},"content":{"rendered":"<div style=\"text-align: justify\"><strong><em><a href=\"http:\/\/psol50.org.br\/blog\/2012\/01\/23\/a-vergonha-da-licitacao-do-transporte-coletivo-em-joinville\/psol_joinville\/\" rel=\"attachment wp-att-13299\"><img loading=\"lazy\" decoding=\"async\" class=\"aligncenter size-full wp-image-13299\" src=\"http:\/\/psol50.org.br\/files\/2012\/01\/PSOL_Joinville.jpg\" alt=\"\" width=\"400\" height=\"111\" \/><\/a>*Por Ivan Rocha<\/em><\/strong><\/div>\n<div style=\"text-align: justify\">A democracia brasileira tem sua base na Constitui\u00e7\u00e3o Federal de 1988, e na divis\u00e3o dos tr\u00eas poderes, executivo, legislativo e judici\u00e1rio, onde cada poder tem tamb\u00e9m como tarefa fiscalizar os outros poderes, afim de evitar os excessos da concentra\u00e7\u00e3o de poder.<\/div>\n<div style=\"text-align: justify\">\u00c9 com base no artigo 175 da Constitui\u00e7\u00e3o Federal, que surgiu na Lei Org\u00e2nica do M\u00fanic\u00edpio de 1990 a obrigatoriedade de licita\u00e7\u00e3o para presta\u00e7\u00e3o de qualquer servi\u00e7o ou venda de produto por parte do \u00f3rg\u00e3o p\u00fablico no artigo 98, e a Lei Nacional de Licita\u00e7\u00e3o 8.666 de 1993.<\/div>\n<div style=\"text-align: justify\">As leis tem o intuito de garantir a concorr\u00eancia justa, sem favorecimentos, para bom uso do dinheiro p\u00fablico e s\u00e3o seguidas at\u00e9 hoje quando os governos fazem obras de constru\u00e7\u00e3o civil, compra de materiais, uniformes, equipamentos para delegacias, hospitais, medicamentos, etc.<\/div>\n<div style=\"text-align: justify\">Por\u00e9m, o servi\u00e7o de transporte coletivo de Joinville sempre foi prestado pelas mesmas empresas sem que durante todo esse per\u00edodo houvesse uma licita\u00e7\u00e3o sequer.<\/div>\n<div style=\"text-align: justify\">Tudo isto aconteceu porque em 1998 os vereadores (poder legislativo) criaram uma lei (3.806) para prorrogar por mais 15 anos a concess\u00e3o atual, sem realizar qualquer licita\u00e7\u00e3o para consultar concorr\u00eancia e melhores pre\u00e7os, fugindo totalmente das leis vigentes sobre concess\u00e3o de servi\u00e7os p\u00fablicos.<\/div>\n<div style=\"text-align: justify\">O ent\u00e3o prefeito Luiz Henrique da Silveira (poder executivo), em 1999, mesmo sabendo da inconstitucionalidade da lei, aprova em decreto no ano seguinte.<\/div>\n<div style=\"text-align: justify\">O Tribunal de justi\u00e7a do Estado pede em 2002 para o prefeito Marco Tebaldi acabar com o monop\u00f3lio ilegal e inconstitucional, onde existe uma ADIN (A\u00e7\u00e3o Direta de Inconstitucionalidade) aberta sobre o caso, por\u00e9m j\u00e1 estamos quase vencendo o prazo ilegal da concess\u00e3o e a Justi\u00e7a (poder judici\u00e1rio) nada fez de efetivo para acabar com a irregularidade.<\/div>\n<div style=\"text-align: justify\">O atual prefeito Carlito Mers, entrou em 2008 na prefeitura e apesar de estar por dentro de toda essa irregularidade desde 1995, quando entrou com a\u00e7\u00e3o p\u00fablica, acabou de dar o terceiro aumento da tarifa.<\/div>\n<div style=\"text-align: justify\">Agora, em seu \u00faltimo ano, ap\u00f3s enfrentar diversos protestos nas ruas, Carlito afirma estar preparando uma licita\u00e7\u00e3o para melhorar o transporte coletivo, tirando o controle das empresas, j\u00e1 que a atual concess\u00e3o ilegal termina em 8 de janeiro de 2014.<\/div>\n<div style=\"text-align: justify\">Por\u00e9m ap\u00f3s longos anos de omiss\u00e3o dos tr\u00eas poderes da nossa democracia, e a coniv\u00eancia com a explora\u00e7\u00e3o atrav\u00e9s dos sucessivos aumentos, como algu\u00e9m \u00e9 capaz de acreditar que teremos uma mudan\u00e7a no transporte coletivo com essa licita\u00e7\u00e3o?<\/div>\n<div style=\"text-align: justify\">Mesmo quando tiraram os cobradores, sobrecarregando os motoristas, gerando 2.000 demiss\u00f5es, os valores n\u00e3o pararam de subir acima da infla\u00e7\u00e3o.<\/div>\n<div style=\"text-align: justify\">O \u00faltimo meio democr\u00e1tico de acabar com toda essa lama de corrup\u00e7\u00e3o e explora\u00e7\u00e3o \u00e9 atrav\u00e9s da manifesta\u00e7\u00e3o pac\u00edfica.<\/div>\n<div style=\"text-align: justify\">Se junte a frente de luta pelo Transporte Coletivo, na defesa da democracia e da liberdade e na luta contra a corrup\u00e7\u00e3o.<\/div>\n<div style=\"text-align: justify\">Quando os bons cruzam os bra\u00e7os, os maus vencem.<\/div>\n<div style=\"text-align: justify\"><strong><em>*Ivan Rocha \u00e9 tecn\u00f3logo em marketing e ex-presidente do PSOL em Joinville. <\/em><\/strong><\/div>\n","protected":false},"excerpt":{"rendered":"<p>*Por Ivan Rocha A democracia brasileira tem sua base na Constitui\u00e7\u00e3o Federal de 1988, e na divis\u00e3o dos tr\u00eas poderes, executivo, legislativo e judici\u00e1rio, onde cada poder tem tamb\u00e9m como tarefa fiscalizar os outros poderes, afim de evitar os excessos da concentra\u00e7\u00e3o de poder. \u00c9 com base no artigo 175 da Constitui\u00e7\u00e3o Federal, que surgiu [&hellip;]<\/p>\n","protected":false},"author":2,"featured_media":0,"comment_status":"open","ping_status":"open","sticky":false,"template":"","format":"standard","meta":{"_acf_changed":false,"footnotes":""},"categories":[4766],"tags":[],"class_list":{"0":"post-1708","1":"post","2":"type-post","3":"status-publish","4":"format-standard","6":"category-arquivo"},"acf":[],"yoast_head":"<!-- This site is optimized with the Yoast SEO plugin v26.5 - https:\/\/yoast.com\/wordpress\/plugins\/seo\/ -->\n<title>A vergonha da licita\u00e7\u00e3o do transporte coletivo em Joinville - PSOL 50<\/title>\n<meta name=\"robots\" content=\"index, follow, max-snippet:-1, max-image-preview:large, max-video-preview:-1\" \/>\n<link rel=\"canonical\" href=\"https:\/\/psol50.org.br\/a-vergonha-da-licitacao-do-transporte-coletivo-em-joinville\/\" \/>\n<meta property=\"og:locale\" content=\"pt_BR\" \/>\n<meta property=\"og:type\" content=\"article\" \/>\n<meta property=\"og:title\" content=\"A vergonha da licita\u00e7\u00e3o do transporte coletivo em Joinville - PSOL 50\" \/>\n<meta property=\"og:description\" content=\"*Por Ivan Rocha A democracia brasileira tem sua base na Constitui\u00e7\u00e3o Federal de 1988, e na divis\u00e3o dos tr\u00eas poderes, executivo, legislativo e judici\u00e1rio, onde cada poder tem tamb\u00e9m como tarefa fiscalizar os outros poderes, afim de evitar os excessos da concentra\u00e7\u00e3o de poder. \u00c9 com base no artigo 175 da Constitui\u00e7\u00e3o Federal, que surgiu [&hellip;]\" \/>\n<meta property=\"og:url\" content=\"https:\/\/psol50.org.br\/a-vergonha-da-licitacao-do-transporte-coletivo-em-joinville\/\" \/>\n<meta property=\"og:site_name\" content=\"PSOL 50\" \/>\n<meta property=\"article:publisher\" content=\"https:\/\/www.facebook.com\/psol50\" \/>\n<meta property=\"article:published_time\" content=\"2012-01-23T00:00:00+00:00\" \/>\n<meta property=\"og:image\" content=\"http:\/\/psol50.org.br\/files\/2012\/01\/PSOL_Joinville.jpg\" \/>\n<meta name=\"author\" content=\"Comunica\u00e7\u00e3o PSOL\" \/>\n<meta name=\"twitter:card\" content=\"summary_large_image\" \/>\n<meta name=\"twitter:creator\" content=\"@psol50\" \/>\n<meta name=\"twitter:site\" content=\"@psol50\" \/>\n<meta name=\"twitter:label1\" content=\"Escrito por\" \/>\n\t<meta name=\"twitter:data1\" content=\"Comunica\u00e7\u00e3o PSOL\" \/>\n\t<meta name=\"twitter:label2\" content=\"Est. tempo de leitura\" \/>\n\t<meta name=\"twitter:data2\" content=\"3 minutos\" \/>\n<script type=\"application\/ld+json\" class=\"yoast-schema-graph\">{\"@context\":\"https:\/\/schema.org\",\"@graph\":[{\"@type\":\"Article\",\"@id\":\"https:\/\/psol50.org.br\/a-vergonha-da-licitacao-do-transporte-coletivo-em-joinville\/#article\",\"isPartOf\":{\"@id\":\"https:\/\/psol50.org.br\/a-vergonha-da-licitacao-do-transporte-coletivo-em-joinville\/\"},\"author\":{\"name\":\"Comunica\u00e7\u00e3o PSOL\",\"@id\":\"https:\/\/psol50.org.br\/#\/schema\/person\/475dfa57d0b815993c714c2e96491fcd\"},\"headline\":\"A vergonha da licita\u00e7\u00e3o do transporte coletivo em Joinville\",\"datePublished\":\"2012-01-23T00:00:00+00:00\",\"mainEntityOfPage\":{\"@id\":\"https:\/\/psol50.org.br\/a-vergonha-da-licitacao-do-transporte-coletivo-em-joinville\/\"},\"wordCount\":531,\"commentCount\":0,\"publisher\":{\"@id\":\"https:\/\/psol50.org.br\/#organization\"},\"image\":{\"@id\":\"https:\/\/psol50.org.br\/a-vergonha-da-licitacao-do-transporte-coletivo-em-joinville\/#primaryimage\"},\"thumbnailUrl\":\"http:\/\/psol50.org.br\/files\/2012\/01\/PSOL_Joinville.jpg\",\"articleSection\":[\"Arquivo\"],\"inLanguage\":\"pt-BR\",\"potentialAction\":[{\"@type\":\"CommentAction\",\"name\":\"Comment\",\"target\":[\"https:\/\/psol50.org.br\/a-vergonha-da-licitacao-do-transporte-coletivo-em-joinville\/#respond\"]}]},{\"@type\":\"WebPage\",\"@id\":\"https:\/\/psol50.org.br\/a-vergonha-da-licitacao-do-transporte-coletivo-em-joinville\/\",\"url\":\"https:\/\/psol50.org.br\/a-vergonha-da-licitacao-do-transporte-coletivo-em-joinville\/\",\"name\":\"A vergonha da licita\u00e7\u00e3o do transporte coletivo em Joinville - PSOL 50\",\"isPartOf\":{\"@id\":\"https:\/\/psol50.org.br\/#website\"},\"primaryImageOfPage\":{\"@id\":\"https:\/\/psol50.org.br\/a-vergonha-da-licitacao-do-transporte-coletivo-em-joinville\/#primaryimage\"},\"image\":{\"@id\":\"https:\/\/psol50.org.br\/a-vergonha-da-licitacao-do-transporte-coletivo-em-joinville\/#primaryimage\"},\"thumbnailUrl\":\"http:\/\/psol50.org.br\/files\/2012\/01\/PSOL_Joinville.jpg\",\"datePublished\":\"2012-01-23T00:00:00+00:00\",\"breadcrumb\":{\"@id\":\"https:\/\/psol50.org.br\/a-vergonha-da-licitacao-do-transporte-coletivo-em-joinville\/#breadcrumb\"},\"inLanguage\":\"pt-BR\",\"potentialAction\":[{\"@type\":\"ReadAction\",\"target\":[\"https:\/\/psol50.org.br\/a-vergonha-da-licitacao-do-transporte-coletivo-em-joinville\/\"]}]},{\"@type\":\"ImageObject\",\"inLanguage\":\"pt-BR\",\"@id\":\"https:\/\/psol50.org.br\/a-vergonha-da-licitacao-do-transporte-coletivo-em-joinville\/#primaryimage\",\"url\":\"http:\/\/psol50.org.br\/files\/2012\/01\/PSOL_Joinville.jpg\",\"contentUrl\":\"http:\/\/psol50.org.br\/files\/2012\/01\/PSOL_Joinville.jpg\"},{\"@type\":\"BreadcrumbList\",\"@id\":\"https:\/\/psol50.org.br\/a-vergonha-da-licitacao-do-transporte-coletivo-em-joinville\/#breadcrumb\",\"itemListElement\":[{\"@type\":\"ListItem\",\"position\":1,\"name\":\"In\u00edcio\",\"item\":\"https:\/\/psol50.org.br\/\"},{\"@type\":\"ListItem\",\"position\":2,\"name\":\"A vergonha da licita\u00e7\u00e3o do transporte coletivo em Joinville\"}]},{\"@type\":\"WebSite\",\"@id\":\"https:\/\/psol50.org.br\/#website\",\"url\":\"https:\/\/psol50.org.br\/\",\"name\":\"PSOL 50\",\"description\":\"Site oficial do Partido Socialismo e Liberdade\",\"publisher\":{\"@id\":\"https:\/\/psol50.org.br\/#organization\"},\"alternateName\":\"PSOL50\",\"potentialAction\":[{\"@type\":\"SearchAction\",\"target\":{\"@type\":\"EntryPoint\",\"urlTemplate\":\"https:\/\/psol50.org.br\/?s={search_term_string}\"},\"query-input\":{\"@type\":\"PropertyValueSpecification\",\"valueRequired\":true,\"valueName\":\"search_term_string\"}}],\"inLanguage\":\"pt-BR\"},{\"@type\":\"Organization\",\"@id\":\"https:\/\/psol50.org.br\/#organization\",\"name\":\"PSOL 50\",\"alternateName\":\"PSOL 50\",\"url\":\"https:\/\/psol50.org.br\/\",\"logo\":{\"@type\":\"ImageObject\",\"inLanguage\":\"pt-BR\",\"@id\":\"https:\/\/psol50.org.br\/#\/schema\/logo\/image\/\",\"url\":\"https:\/\/psol50.org.br\/inc\/uploads\/2018\/07\/capa.png\",\"contentUrl\":\"https:\/\/psol50.org.br\/inc\/uploads\/2018\/07\/capa.png\",\"width\":1350,\"height\":900,\"caption\":\"PSOL 50\"},\"image\":{\"@id\":\"https:\/\/psol50.org.br\/#\/schema\/logo\/image\/\"},\"sameAs\":[\"https:\/\/www.facebook.com\/psol50\",\"https:\/\/x.com\/psol50\",\"https:\/\/www.instagram.com\/psol50\/\",\"https:\/\/www.youtube.com\/channel\/UC7SnJS5o1os7a6CaiNabzcg\"]},{\"@type\":\"Person\",\"@id\":\"https:\/\/psol50.org.br\/#\/schema\/person\/475dfa57d0b815993c714c2e96491fcd\",\"name\":\"Comunica\u00e7\u00e3o PSOL\",\"image\":{\"@type\":\"ImageObject\",\"inLanguage\":\"pt-BR\",\"@id\":\"https:\/\/psol50.org.br\/#\/schema\/person\/image\/\",\"url\":\"https:\/\/secure.gravatar.com\/avatar\/b34fc4f4e468a4e51785917065a3db57b841f5c95dba6ad8c73aaf8f66f8f9bf?s=96&d=mm&r=g\",\"contentUrl\":\"https:\/\/secure.gravatar.com\/avatar\/b34fc4f4e468a4e51785917065a3db57b841f5c95dba6ad8c73aaf8f66f8f9bf?s=96&d=mm&r=g\",\"caption\":\"Comunica\u00e7\u00e3o PSOL\"}}]}<\/script>\n<!-- \/ Yoast SEO plugin. -->","yoast_head_json":{"title":"A vergonha da licita\u00e7\u00e3o do transporte coletivo em Joinville - PSOL 50","robots":{"index":"index","follow":"follow","max-snippet":"max-snippet:-1","max-image-preview":"max-image-preview:large","max-video-preview":"max-video-preview:-1"},"canonical":"https:\/\/psol50.org.br\/a-vergonha-da-licitacao-do-transporte-coletivo-em-joinville\/","og_locale":"pt_BR","og_type":"article","og_title":"A vergonha da licita\u00e7\u00e3o do transporte coletivo em Joinville - PSOL 50","og_description":"*Por Ivan Rocha A democracia brasileira tem sua base na Constitui\u00e7\u00e3o Federal de 1988, e na divis\u00e3o dos tr\u00eas poderes, executivo, legislativo e judici\u00e1rio, onde cada poder tem tamb\u00e9m como tarefa fiscalizar os outros poderes, afim de evitar os excessos da concentra\u00e7\u00e3o de poder. \u00c9 com base no artigo 175 da Constitui\u00e7\u00e3o Federal, que surgiu [&hellip;]","og_url":"https:\/\/psol50.org.br\/a-vergonha-da-licitacao-do-transporte-coletivo-em-joinville\/","og_site_name":"PSOL 50","article_publisher":"https:\/\/www.facebook.com\/psol50","article_published_time":"2012-01-23T00:00:00+00:00","og_image":[{"url":"http:\/\/psol50.org.br\/files\/2012\/01\/PSOL_Joinville.jpg","type":"","width":"","height":""}],"author":"Comunica\u00e7\u00e3o PSOL","twitter_card":"summary_large_image","twitter_creator":"@psol50","twitter_site":"@psol50","twitter_misc":{"Escrito por":"Comunica\u00e7\u00e3o PSOL","Est. tempo de leitura":"3 minutos"},"schema":{"@context":"https:\/\/schema.org","@graph":[{"@type":"Article","@id":"https:\/\/psol50.org.br\/a-vergonha-da-licitacao-do-transporte-coletivo-em-joinville\/#article","isPartOf":{"@id":"https:\/\/psol50.org.br\/a-vergonha-da-licitacao-do-transporte-coletivo-em-joinville\/"},"author":{"name":"Comunica\u00e7\u00e3o PSOL","@id":"https:\/\/psol50.org.br\/#\/schema\/person\/475dfa57d0b815993c714c2e96491fcd"},"headline":"A vergonha da licita\u00e7\u00e3o do transporte coletivo em Joinville","datePublished":"2012-01-23T00:00:00+00:00","mainEntityOfPage":{"@id":"https:\/\/psol50.org.br\/a-vergonha-da-licitacao-do-transporte-coletivo-em-joinville\/"},"wordCount":531,"commentCount":0,"publisher":{"@id":"https:\/\/psol50.org.br\/#organization"},"image":{"@id":"https:\/\/psol50.org.br\/a-vergonha-da-licitacao-do-transporte-coletivo-em-joinville\/#primaryimage"},"thumbnailUrl":"http:\/\/psol50.org.br\/files\/2012\/01\/PSOL_Joinville.jpg","articleSection":["Arquivo"],"inLanguage":"pt-BR","potentialAction":[{"@type":"CommentAction","name":"Comment","target":["https:\/\/psol50.org.br\/a-vergonha-da-licitacao-do-transporte-coletivo-em-joinville\/#respond"]}]},{"@type":"WebPage","@id":"https:\/\/psol50.org.br\/a-vergonha-da-licitacao-do-transporte-coletivo-em-joinville\/","url":"https:\/\/psol50.org.br\/a-vergonha-da-licitacao-do-transporte-coletivo-em-joinville\/","name":"A vergonha da licita\u00e7\u00e3o do transporte coletivo em Joinville - PSOL 50","isPartOf":{"@id":"https:\/\/psol50.org.br\/#website"},"primaryImageOfPage":{"@id":"https:\/\/psol50.org.br\/a-vergonha-da-licitacao-do-transporte-coletivo-em-joinville\/#primaryimage"},"image":{"@id":"https:\/\/psol50.org.br\/a-vergonha-da-licitacao-do-transporte-coletivo-em-joinville\/#primaryimage"},"thumbnailUrl":"http:\/\/psol50.org.br\/files\/2012\/01\/PSOL_Joinville.jpg","datePublished":"2012-01-23T00:00:00+00:00","breadcrumb":{"@id":"https:\/\/psol50.org.br\/a-vergonha-da-licitacao-do-transporte-coletivo-em-joinville\/#breadcrumb"},"inLanguage":"pt-BR","potentialAction":[{"@type":"ReadAction","target":["https:\/\/psol50.org.br\/a-vergonha-da-licitacao-do-transporte-coletivo-em-joinville\/"]}]},{"@type":"ImageObject","inLanguage":"pt-BR","@id":"https:\/\/psol50.org.br\/a-vergonha-da-licitacao-do-transporte-coletivo-em-joinville\/#primaryimage","url":"http:\/\/psol50.org.br\/files\/2012\/01\/PSOL_Joinville.jpg","contentUrl":"http:\/\/psol50.org.br\/files\/2012\/01\/PSOL_Joinville.jpg"},{"@type":"BreadcrumbList","@id":"https:\/\/psol50.org.br\/a-vergonha-da-licitacao-do-transporte-coletivo-em-joinville\/#breadcrumb","itemListElement":[{"@type":"ListItem","position":1,"name":"In\u00edcio","item":"https:\/\/psol50.org.br\/"},{"@type":"ListItem","position":2,"name":"A vergonha da licita\u00e7\u00e3o do transporte coletivo em Joinville"}]},{"@type":"WebSite","@id":"https:\/\/psol50.org.br\/#website","url":"https:\/\/psol50.org.br\/","name":"PSOL 50","description":"Site oficial do Partido Socialismo e Liberdade","publisher":{"@id":"https:\/\/psol50.org.br\/#organization"},"alternateName":"PSOL50","potentialAction":[{"@type":"SearchAction","target":{"@type":"EntryPoint","urlTemplate":"https:\/\/psol50.org.br\/?s={search_term_string}"},"query-input":{"@type":"PropertyValueSpecification","valueRequired":true,"valueName":"search_term_string"}}],"inLanguage":"pt-BR"},{"@type":"Organization","@id":"https:\/\/psol50.org.br\/#organization","name":"PSOL 50","alternateName":"PSOL 50","url":"https:\/\/psol50.org.br\/","logo":{"@type":"ImageObject","inLanguage":"pt-BR","@id":"https:\/\/psol50.org.br\/#\/schema\/logo\/image\/","url":"https:\/\/psol50.org.br\/inc\/uploads\/2018\/07\/capa.png","contentUrl":"https:\/\/psol50.org.br\/inc\/uploads\/2018\/07\/capa.png","width":1350,"height":900,"caption":"PSOL 50"},"image":{"@id":"https:\/\/psol50.org.br\/#\/schema\/logo\/image\/"},"sameAs":["https:\/\/www.facebook.com\/psol50","https:\/\/x.com\/psol50","https:\/\/www.instagram.com\/psol50\/","https:\/\/www.youtube.com\/channel\/UC7SnJS5o1os7a6CaiNabzcg"]},{"@type":"Person","@id":"https:\/\/psol50.org.br\/#\/schema\/person\/475dfa57d0b815993c714c2e96491fcd","name":"Comunica\u00e7\u00e3o PSOL","image":{"@type":"ImageObject","inLanguage":"pt-BR","@id":"https:\/\/psol50.org.br\/#\/schema\/person\/image\/","url":"https:\/\/secure.gravatar.com\/avatar\/b34fc4f4e468a4e51785917065a3db57b841f5c95dba6ad8c73aaf8f66f8f9bf?s=96&d=mm&r=g","contentUrl":"https:\/\/secure.gravatar.com\/avatar\/b34fc4f4e468a4e51785917065a3db57b841f5c95dba6ad8c73aaf8f66f8f9bf?s=96&d=mm&r=g","caption":"Comunica\u00e7\u00e3o PSOL"}}]}},"_links":{"self":[{"href":"https:\/\/psol50.org.br\/rest\/wp\/v2\/posts\/1708","targetHints":{"allow":["GET"]}}],"collection":[{"href":"https:\/\/psol50.org.br\/rest\/wp\/v2\/posts"}],"about":[{"href":"https:\/\/psol50.org.br\/rest\/wp\/v2\/types\/post"}],"author":[{"embeddable":true,"href":"https:\/\/psol50.org.br\/rest\/wp\/v2\/users\/2"}],"replies":[{"embeddable":true,"href":"https:\/\/psol50.org.br\/rest\/wp\/v2\/comments?post=1708"}],"version-history":[{"count":0,"href":"https:\/\/psol50.org.br\/rest\/wp\/v2\/posts\/1708\/revisions"}],"wp:attachment":[{"href":"https:\/\/psol50.org.br\/rest\/wp\/v2\/media?parent=1708"}],"wp:term":[{"taxonomy":"category","embeddable":true,"href":"https:\/\/psol50.org.br\/rest\/wp\/v2\/categories?post=1708"},{"taxonomy":"post_tag","embeddable":true,"href":"https:\/\/psol50.org.br\/rest\/wp\/v2\/tags?post=1708"}],"curies":[{"name":"wp","href":"https:\/\/api.w.org\/{rel}","templated":true}]}}