{"id":17081,"date":"2017-06-29T14:34:22","date_gmt":"2017-06-29T14:34:22","guid":{"rendered":"http:\/\/www.psol50.org.br\/?p=17081"},"modified":"2017-06-29T14:34:22","modified_gmt":"2017-06-29T14:34:22","slug":"denuncia-contra-temer-chega-a-camara-dos-deputados","status":"publish","type":"post","link":"https:\/\/psol50.org.br\/denuncia-contra-temer-chega-a-camara-dos-deputados\/","title":{"rendered":"Den\u00fancia contra Temer chega \u00e0 C\u00e2mara dos Deputados"},"content":{"rendered":"<p>A den\u00fancia por crime de corrup\u00e7\u00e3o passiva contra o presidente Michel Temer, <a href=\"http:\/\/www.psol50.org.br\/blog\/2017\/06\/27\/denuncia-de-janot-contra-temer-aumenta-possibilidade-de-derrotar-governo-e-suas-reformas\/\" target=\"_blank\" rel=\"noopener\"><span style=\"color: #0000ff;\"><strong>protocolada no Supremo Tribunal Federal (STF) na segunda-feira<\/strong><\/span><\/a> (26\/06) pelo Procurador-Geral da Rep\u00fablica (PGR), Rodrigo Janot, chegou na manh\u00e3 desta quinta-feira (29) \u00e0 C\u00e2mara dos Deputados. A presidente da corte, ministra C\u00e1rmen L\u00facia, enviou o processo para que os deputados fa\u00e7am a an\u00e1lise e decidam se o Supremo deve abrir inqu\u00e9rito para investigar Temer.<\/p>\n<p>Pelos ritos previstos na Constitui\u00e7\u00e3o Federal, a partir de agora, cabe ao presidente da C\u00e2mara, Rodrigo Maia (DEM-RJ), encaminhar a acusa\u00e7\u00e3o para a Comiss\u00e3o de Constitui\u00e7\u00e3o e Justi\u00e7a da Casa (CCJ ), que dar\u00e1 um parecer sobre o caso. No plen\u00e1rio, a den\u00fancia precisa de 342 votos dos 513 deputados para que o STF instaure o inqu\u00e9rito. Se o aval for dado e a corte a aceit\u00e1-la, \u00e9 aberto o processo, com o consequente afastamento de Temer do cargo<\/p>\n<p>A base aliada de Temer no Legislativo vai tentar barrar o andamento do processo, ainda mais com o apoio de peso de Rodrigo Maia, que mais parece l\u00edder do governo do que presidente da Casa. Al\u00e9m disso, l\u00edderes governistas pressionam o presidente da CCJ, Rodrigo Pacheco (PMDB-MG), para influenciar na escolha do deputado que vai relatar a den\u00fancia da PGR.<\/p>\n<p>Mat\u00e9ria divulgada hoje no jornal <a href=\"http:\/\/www1.folha.uol.com.br\/poder\/2017\/06\/1897009-stf-envia-denuncia-contra-temer-para-a-camara.shtml\" target=\"_blank\" rel=\"noopener\"><strong><span style=\"color: #0000ff;\">Folha de S\u00e3o Paulo<\/span><\/strong><\/a> informa que governo quer emplacar na fun\u00e7\u00e3o um peemedebista do Rio Grande do Sul &#8211; Alceu Moreira (PMDB) ou Jones Martins (PMDB, ou o deputado Laerte Bessa (PR-DF), todos eles aliados de Temer. Outros cotados s\u00e3o Marcos Rog\u00e9rio (DEM-RO), Sergio Sveiter (PMDB-RJ), Esperidi\u00e3o Amin (PP-SC) e Jos\u00e9 Foga\u00e7a (PMDB-RS), todos de partidos aliados ao Pal\u00e1cio do Planalto. Os governistas querem a indica\u00e7\u00e3o de um parlamentar alinhado com o Pal\u00e1cio do Planalto.<\/p>\n<p><strong>Julgamento com as mesmas regras do impeacment<\/strong><br \/>\nA bancada do PSOL na C\u00e2mara quer que o julgamento da den\u00fancia contra Michel Temer seja feito no plen\u00e1rio da Casa com as mesmas regras da sess\u00e3o que votou o impeachment de Dilma Rousseff. <a href=\"http:\/\/www.psol50.org.br\/blog\/2017\/06\/28\/maia-nao-quer-julgamento-de-temer-com-mesmas-regras-de-impeachment\/\" target=\"_blank\" rel=\"noopener\"><strong><span style=\"color: #0000ff;\">Em reuni\u00e3o com Rodrigo Maia na noite de ter\u00e7a-feira (26)<\/span><\/strong><\/a>, deputados do PSOL e de outros partidos da oposi\u00e7\u00e3o apresentaram o pedido. No entanto, Maia afirmou que n\u00e3o quer que a sess\u00e3o aconte\u00e7a em um fim de semana, conforme proposto pela bancada do PSOL.<\/p>\n<p>Na reuni\u00e3o, o deputado Glauber Braga (RJ), l\u00edder da bancada, solicitou que a sess\u00e3o no plen\u00e1rio da C\u00e2mara seja realizada em um domingo, com transmiss\u00e3o ao vivo para todo o pa\u00eds, chamada nominal de deputados e tempo de justificativa para cada voto. Segundo o deputado Ivan Valente (SP), presente \u00e0 reuni\u00e3o, o presidente da C\u00e2mara afirmou que \u201cuma ter\u00e7a ou quarta-feira\u201d bastaria para a vota\u00e7\u00e3o. O pedido do PSOL \u00e9 para que a vota\u00e7\u00e3o guarde simetria e igualdade com a que foi a da abertura do impeachment contra Dilma Rousseff, em 2016.<\/p>\n","protected":false},"excerpt":{"rendered":"<p>A den\u00fancia por crime de corrup\u00e7\u00e3o passiva contra o presidente Michel Temer, protocolada no Supremo Tribunal Federal (STF) na segunda-feira (26\/06) pelo Procurador-Geral da Rep\u00fablica (PGR), Rodrigo Janot, chegou na manh\u00e3 desta quinta-feira (29) \u00e0 C\u00e2mara dos Deputados. A presidente da corte, ministra C\u00e1rmen L\u00facia, enviou o processo para que os deputados fa\u00e7am a an\u00e1lise [&hellip;]<\/p>\n","protected":false},"author":2,"featured_media":17082,"comment_status":"open","ping_status":"open","sticky":false,"template":"","format":"standard","meta":{"_acf_changed":false,"footnotes":""},"categories":[10,1882,6],"tags":[709,1467,1813,2987,235,79,220,2180,1748,77,22,3093,64,45],"class_list":{"0":"post-17081","1":"post","2":"type-post","3":"status-publish","4":"format-standard","5":"has-post-thumbnail","7":"category-acao-parlamentares","8":"category-brasil","9":"category-noticias","10":"tag-camara-dos-deputados","11":"tag-carmen-lucia","12":"tag-ccj-da-camara","13":"tag-corrupcao-passiva","14":"tag-crime","15":"tag-denuncia","16":"tag-impeachment","17":"tag-julgamento","18":"tag-michel-temer","19":"tag-pgr","20":"tag-psol","21":"tag-rodrigo-janot","22":"tag-rodrigo-maia","23":"tag-stf"},"acf":[],"yoast_head":"<!-- This site is optimized with the Yoast SEO plugin v26.5 - https:\/\/yoast.com\/wordpress\/plugins\/seo\/ -->\n<title>Den\u00fancia contra Temer chega \u00e0 C\u00e2mara dos Deputados - PSOL 50<\/title>\n<meta name=\"robots\" content=\"index, follow, max-snippet:-1, max-image-preview:large, max-video-preview:-1\" \/>\n<link rel=\"canonical\" href=\"https:\/\/psol50.org.br\/denuncia-contra-temer-chega-a-camara-dos-deputados\/\" \/>\n<meta property=\"og:locale\" content=\"pt_BR\" \/>\n<meta property=\"og:type\" content=\"article\" \/>\n<meta property=\"og:title\" content=\"Den\u00fancia contra Temer chega \u00e0 C\u00e2mara dos Deputados - PSOL 50\" \/>\n<meta property=\"og:description\" content=\"A den\u00fancia por crime de corrup\u00e7\u00e3o passiva contra o presidente Michel Temer, protocolada no Supremo Tribunal Federal (STF) na segunda-feira (26\/06) pelo Procurador-Geral da Rep\u00fablica (PGR), Rodrigo Janot, chegou na manh\u00e3 desta quinta-feira (29) \u00e0 C\u00e2mara dos Deputados. A presidente da corte, ministra C\u00e1rmen L\u00facia, enviou o processo para que os deputados fa\u00e7am a an\u00e1lise [&hellip;]\" \/>\n<meta property=\"og:url\" content=\"https:\/\/psol50.org.br\/denuncia-contra-temer-chega-a-camara-dos-deputados\/\" \/>\n<meta property=\"og:site_name\" content=\"PSOL 50\" \/>\n<meta property=\"article:publisher\" content=\"https:\/\/www.facebook.com\/psol50\" \/>\n<meta property=\"article:published_time\" content=\"2017-06-29T14:34:22+00:00\" \/>\n<meta property=\"og:image\" content=\"https:\/\/psol50.org.br\/inc\/uploads\/2018\/07\/capa.png\" \/>\n\t<meta property=\"og:image:width\" content=\"1350\" \/>\n\t<meta property=\"og:image:height\" content=\"900\" \/>\n\t<meta property=\"og:image:type\" content=\"image\/png\" \/>\n<meta name=\"author\" content=\"Comunica\u00e7\u00e3o PSOL\" \/>\n<meta name=\"twitter:card\" content=\"summary_large_image\" \/>\n<meta name=\"twitter:creator\" content=\"@psol50\" \/>\n<meta name=\"twitter:site\" content=\"@psol50\" \/>\n<meta name=\"twitter:label1\" content=\"Escrito por\" \/>\n\t<meta name=\"twitter:data1\" content=\"Comunica\u00e7\u00e3o PSOL\" \/>\n\t<meta name=\"twitter:label2\" content=\"Est. tempo de leitura\" \/>\n\t<meta name=\"twitter:data2\" content=\"3 minutos\" \/>\n<script type=\"application\/ld+json\" class=\"yoast-schema-graph\">{\"@context\":\"https:\/\/schema.org\",\"@graph\":[{\"@type\":\"Article\",\"@id\":\"https:\/\/psol50.org.br\/denuncia-contra-temer-chega-a-camara-dos-deputados\/#article\",\"isPartOf\":{\"@id\":\"https:\/\/psol50.org.br\/denuncia-contra-temer-chega-a-camara-dos-deputados\/\"},\"author\":{\"name\":\"Comunica\u00e7\u00e3o PSOL\",\"@id\":\"https:\/\/psol50.org.br\/#\/schema\/person\/475dfa57d0b815993c714c2e96491fcd\"},\"headline\":\"Den\u00fancia contra Temer chega \u00e0 C\u00e2mara dos Deputados\",\"datePublished\":\"2017-06-29T14:34:22+00:00\",\"mainEntityOfPage\":{\"@id\":\"https:\/\/psol50.org.br\/denuncia-contra-temer-chega-a-camara-dos-deputados\/\"},\"wordCount\":515,\"commentCount\":0,\"publisher\":{\"@id\":\"https:\/\/psol50.org.br\/#organization\"},\"image\":{\"@id\":\"https:\/\/psol50.org.br\/denuncia-contra-temer-chega-a-camara-dos-deputados\/#primaryimage\"},\"thumbnailUrl\":\"\",\"keywords\":[\"C\u00e2mara dos Deputados\",\"Carmen L\u00facia\",\"CCJ da C\u00e2mara\",\"corrup\u00e7\u00e3o passiva\",\"crime\",\"den\u00fancia\",\"impeachment\",\"Julgamento\",\"Michel Temer\",\"PGR\",\"PSOL\",\"Rodrigo Janot\",\"Rodrigo Maia\",\"STF\"],\"articleSection\":[\"A\u00e7\u00e3o Parlamentar\",\"Brasil\",\"Not\u00edcias\"],\"inLanguage\":\"pt-BR\",\"potentialAction\":[{\"@type\":\"CommentAction\",\"name\":\"Comment\",\"target\":[\"https:\/\/psol50.org.br\/denuncia-contra-temer-chega-a-camara-dos-deputados\/#respond\"]}]},{\"@type\":\"WebPage\",\"@id\":\"https:\/\/psol50.org.br\/denuncia-contra-temer-chega-a-camara-dos-deputados\/\",\"url\":\"https:\/\/psol50.org.br\/denuncia-contra-temer-chega-a-camara-dos-deputados\/\",\"name\":\"Den\u00fancia contra Temer chega \u00e0 C\u00e2mara dos Deputados - PSOL 50\",\"isPartOf\":{\"@id\":\"https:\/\/psol50.org.br\/#website\"},\"primaryImageOfPage\":{\"@id\":\"https:\/\/psol50.org.br\/denuncia-contra-temer-chega-a-camara-dos-deputados\/#primaryimage\"},\"image\":{\"@id\":\"https:\/\/psol50.org.br\/denuncia-contra-temer-chega-a-camara-dos-deputados\/#primaryimage\"},\"thumbnailUrl\":\"\",\"datePublished\":\"2017-06-29T14:34:22+00:00\",\"breadcrumb\":{\"@id\":\"https:\/\/psol50.org.br\/denuncia-contra-temer-chega-a-camara-dos-deputados\/#breadcrumb\"},\"inLanguage\":\"pt-BR\",\"potentialAction\":[{\"@type\":\"ReadAction\",\"target\":[\"https:\/\/psol50.org.br\/denuncia-contra-temer-chega-a-camara-dos-deputados\/\"]}]},{\"@type\":\"ImageObject\",\"inLanguage\":\"pt-BR\",\"@id\":\"https:\/\/psol50.org.br\/denuncia-contra-temer-chega-a-camara-dos-deputados\/#primaryimage\",\"url\":\"\",\"contentUrl\":\"\"},{\"@type\":\"BreadcrumbList\",\"@id\":\"https:\/\/psol50.org.br\/denuncia-contra-temer-chega-a-camara-dos-deputados\/#breadcrumb\",\"itemListElement\":[{\"@type\":\"ListItem\",\"position\":1,\"name\":\"In\u00edcio\",\"item\":\"https:\/\/psol50.org.br\/\"},{\"@type\":\"ListItem\",\"position\":2,\"name\":\"Den\u00fancia contra Temer chega \u00e0 C\u00e2mara dos Deputados\"}]},{\"@type\":\"WebSite\",\"@id\":\"https:\/\/psol50.org.br\/#website\",\"url\":\"https:\/\/psol50.org.br\/\",\"name\":\"PSOL 50\",\"description\":\"Site oficial do Partido Socialismo e Liberdade\",\"publisher\":{\"@id\":\"https:\/\/psol50.org.br\/#organization\"},\"alternateName\":\"PSOL50\",\"potentialAction\":[{\"@type\":\"SearchAction\",\"target\":{\"@type\":\"EntryPoint\",\"urlTemplate\":\"https:\/\/psol50.org.br\/?s={search_term_string}\"},\"query-input\":{\"@type\":\"PropertyValueSpecification\",\"valueRequired\":true,\"valueName\":\"search_term_string\"}}],\"inLanguage\":\"pt-BR\"},{\"@type\":\"Organization\",\"@id\":\"https:\/\/psol50.org.br\/#organization\",\"name\":\"PSOL 50\",\"alternateName\":\"PSOL 50\",\"url\":\"https:\/\/psol50.org.br\/\",\"logo\":{\"@type\":\"ImageObject\",\"inLanguage\":\"pt-BR\",\"@id\":\"https:\/\/psol50.org.br\/#\/schema\/logo\/image\/\",\"url\":\"https:\/\/psol50.org.br\/inc\/uploads\/2018\/07\/capa.png\",\"contentUrl\":\"https:\/\/psol50.org.br\/inc\/uploads\/2018\/07\/capa.png\",\"width\":1350,\"height\":900,\"caption\":\"PSOL 50\"},\"image\":{\"@id\":\"https:\/\/psol50.org.br\/#\/schema\/logo\/image\/\"},\"sameAs\":[\"https:\/\/www.facebook.com\/psol50\",\"https:\/\/x.com\/psol50\",\"https:\/\/www.instagram.com\/psol50\/\",\"https:\/\/www.youtube.com\/channel\/UC7SnJS5o1os7a6CaiNabzcg\"]},{\"@type\":\"Person\",\"@id\":\"https:\/\/psol50.org.br\/#\/schema\/person\/475dfa57d0b815993c714c2e96491fcd\",\"name\":\"Comunica\u00e7\u00e3o PSOL\",\"image\":{\"@type\":\"ImageObject\",\"inLanguage\":\"pt-BR\",\"@id\":\"https:\/\/psol50.org.br\/#\/schema\/person\/image\/\",\"url\":\"https:\/\/secure.gravatar.com\/avatar\/b34fc4f4e468a4e51785917065a3db57b841f5c95dba6ad8c73aaf8f66f8f9bf?s=96&d=mm&r=g\",\"contentUrl\":\"https:\/\/secure.gravatar.com\/avatar\/b34fc4f4e468a4e51785917065a3db57b841f5c95dba6ad8c73aaf8f66f8f9bf?s=96&d=mm&r=g\",\"caption\":\"Comunica\u00e7\u00e3o PSOL\"}}]}<\/script>\n<!-- \/ Yoast SEO plugin. -->","yoast_head_json":{"title":"Den\u00fancia contra Temer chega \u00e0 C\u00e2mara dos Deputados - PSOL 50","robots":{"index":"index","follow":"follow","max-snippet":"max-snippet:-1","max-image-preview":"max-image-preview:large","max-video-preview":"max-video-preview:-1"},"canonical":"https:\/\/psol50.org.br\/denuncia-contra-temer-chega-a-camara-dos-deputados\/","og_locale":"pt_BR","og_type":"article","og_title":"Den\u00fancia contra Temer chega \u00e0 C\u00e2mara dos Deputados - PSOL 50","og_description":"A den\u00fancia por crime de corrup\u00e7\u00e3o passiva contra o presidente Michel Temer, protocolada no Supremo Tribunal Federal (STF) na segunda-feira (26\/06) pelo Procurador-Geral da Rep\u00fablica (PGR), Rodrigo Janot, chegou na manh\u00e3 desta quinta-feira (29) \u00e0 C\u00e2mara dos Deputados. A presidente da corte, ministra C\u00e1rmen L\u00facia, enviou o processo para que os deputados fa\u00e7am a an\u00e1lise [&hellip;]","og_url":"https:\/\/psol50.org.br\/denuncia-contra-temer-chega-a-camara-dos-deputados\/","og_site_name":"PSOL 50","article_publisher":"https:\/\/www.facebook.com\/psol50","article_published_time":"2017-06-29T14:34:22+00:00","og_image":[{"width":1350,"height":900,"url":"https:\/\/psol50.org.br\/inc\/uploads\/2018\/07\/capa.png","type":"image\/png"}],"author":"Comunica\u00e7\u00e3o PSOL","twitter_card":"summary_large_image","twitter_creator":"@psol50","twitter_site":"@psol50","twitter_misc":{"Escrito por":"Comunica\u00e7\u00e3o PSOL","Est. tempo de leitura":"3 minutos"},"schema":{"@context":"https:\/\/schema.org","@graph":[{"@type":"Article","@id":"https:\/\/psol50.org.br\/denuncia-contra-temer-chega-a-camara-dos-deputados\/#article","isPartOf":{"@id":"https:\/\/psol50.org.br\/denuncia-contra-temer-chega-a-camara-dos-deputados\/"},"author":{"name":"Comunica\u00e7\u00e3o PSOL","@id":"https:\/\/psol50.org.br\/#\/schema\/person\/475dfa57d0b815993c714c2e96491fcd"},"headline":"Den\u00fancia contra Temer chega \u00e0 C\u00e2mara dos Deputados","datePublished":"2017-06-29T14:34:22+00:00","mainEntityOfPage":{"@id":"https:\/\/psol50.org.br\/denuncia-contra-temer-chega-a-camara-dos-deputados\/"},"wordCount":515,"commentCount":0,"publisher":{"@id":"https:\/\/psol50.org.br\/#organization"},"image":{"@id":"https:\/\/psol50.org.br\/denuncia-contra-temer-chega-a-camara-dos-deputados\/#primaryimage"},"thumbnailUrl":"","keywords":["C\u00e2mara dos Deputados","Carmen L\u00facia","CCJ da C\u00e2mara","corrup\u00e7\u00e3o passiva","crime","den\u00fancia","impeachment","Julgamento","Michel Temer","PGR","PSOL","Rodrigo Janot","Rodrigo Maia","STF"],"articleSection":["A\u00e7\u00e3o Parlamentar","Brasil","Not\u00edcias"],"inLanguage":"pt-BR","potentialAction":[{"@type":"CommentAction","name":"Comment","target":["https:\/\/psol50.org.br\/denuncia-contra-temer-chega-a-camara-dos-deputados\/#respond"]}]},{"@type":"WebPage","@id":"https:\/\/psol50.org.br\/denuncia-contra-temer-chega-a-camara-dos-deputados\/","url":"https:\/\/psol50.org.br\/denuncia-contra-temer-chega-a-camara-dos-deputados\/","name":"Den\u00fancia contra Temer chega \u00e0 C\u00e2mara dos Deputados - PSOL 50","isPartOf":{"@id":"https:\/\/psol50.org.br\/#website"},"primaryImageOfPage":{"@id":"https:\/\/psol50.org.br\/denuncia-contra-temer-chega-a-camara-dos-deputados\/#primaryimage"},"image":{"@id":"https:\/\/psol50.org.br\/denuncia-contra-temer-chega-a-camara-dos-deputados\/#primaryimage"},"thumbnailUrl":"","datePublished":"2017-06-29T14:34:22+00:00","breadcrumb":{"@id":"https:\/\/psol50.org.br\/denuncia-contra-temer-chega-a-camara-dos-deputados\/#breadcrumb"},"inLanguage":"pt-BR","potentialAction":[{"@type":"ReadAction","target":["https:\/\/psol50.org.br\/denuncia-contra-temer-chega-a-camara-dos-deputados\/"]}]},{"@type":"ImageObject","inLanguage":"pt-BR","@id":"https:\/\/psol50.org.br\/denuncia-contra-temer-chega-a-camara-dos-deputados\/#primaryimage","url":"","contentUrl":""},{"@type":"BreadcrumbList","@id":"https:\/\/psol50.org.br\/denuncia-contra-temer-chega-a-camara-dos-deputados\/#breadcrumb","itemListElement":[{"@type":"ListItem","position":1,"name":"In\u00edcio","item":"https:\/\/psol50.org.br\/"},{"@type":"ListItem","position":2,"name":"Den\u00fancia contra Temer chega \u00e0 C\u00e2mara dos Deputados"}]},{"@type":"WebSite","@id":"https:\/\/psol50.org.br\/#website","url":"https:\/\/psol50.org.br\/","name":"PSOL 50","description":"Site oficial do Partido Socialismo e Liberdade","publisher":{"@id":"https:\/\/psol50.org.br\/#organization"},"alternateName":"PSOL50","potentialAction":[{"@type":"SearchAction","target":{"@type":"EntryPoint","urlTemplate":"https:\/\/psol50.org.br\/?s={search_term_string}"},"query-input":{"@type":"PropertyValueSpecification","valueRequired":true,"valueName":"search_term_string"}}],"inLanguage":"pt-BR"},{"@type":"Organization","@id":"https:\/\/psol50.org.br\/#organization","name":"PSOL 50","alternateName":"PSOL 50","url":"https:\/\/psol50.org.br\/","logo":{"@type":"ImageObject","inLanguage":"pt-BR","@id":"https:\/\/psol50.org.br\/#\/schema\/logo\/image\/","url":"https:\/\/psol50.org.br\/inc\/uploads\/2018\/07\/capa.png","contentUrl":"https:\/\/psol50.org.br\/inc\/uploads\/2018\/07\/capa.png","width":1350,"height":900,"caption":"PSOL 50"},"image":{"@id":"https:\/\/psol50.org.br\/#\/schema\/logo\/image\/"},"sameAs":["https:\/\/www.facebook.com\/psol50","https:\/\/x.com\/psol50","https:\/\/www.instagram.com\/psol50\/","https:\/\/www.youtube.com\/channel\/UC7SnJS5o1os7a6CaiNabzcg"]},{"@type":"Person","@id":"https:\/\/psol50.org.br\/#\/schema\/person\/475dfa57d0b815993c714c2e96491fcd","name":"Comunica\u00e7\u00e3o PSOL","image":{"@type":"ImageObject","inLanguage":"pt-BR","@id":"https:\/\/psol50.org.br\/#\/schema\/person\/image\/","url":"https:\/\/secure.gravatar.com\/avatar\/b34fc4f4e468a4e51785917065a3db57b841f5c95dba6ad8c73aaf8f66f8f9bf?s=96&d=mm&r=g","contentUrl":"https:\/\/secure.gravatar.com\/avatar\/b34fc4f4e468a4e51785917065a3db57b841f5c95dba6ad8c73aaf8f66f8f9bf?s=96&d=mm&r=g","caption":"Comunica\u00e7\u00e3o PSOL"}}]}},"_links":{"self":[{"href":"https:\/\/psol50.org.br\/rest\/wp\/v2\/posts\/17081","targetHints":{"allow":["GET"]}}],"collection":[{"href":"https:\/\/psol50.org.br\/rest\/wp\/v2\/posts"}],"about":[{"href":"https:\/\/psol50.org.br\/rest\/wp\/v2\/types\/post"}],"author":[{"embeddable":true,"href":"https:\/\/psol50.org.br\/rest\/wp\/v2\/users\/2"}],"replies":[{"embeddable":true,"href":"https:\/\/psol50.org.br\/rest\/wp\/v2\/comments?post=17081"}],"version-history":[{"count":0,"href":"https:\/\/psol50.org.br\/rest\/wp\/v2\/posts\/17081\/revisions"}],"wp:featuredmedia":[{"embeddable":true,"href":"https:\/\/psol50.org.br\/rest\/"}],"wp:attachment":[{"href":"https:\/\/psol50.org.br\/rest\/wp\/v2\/media?parent=17081"}],"wp:term":[{"taxonomy":"category","embeddable":true,"href":"https:\/\/psol50.org.br\/rest\/wp\/v2\/categories?post=17081"},{"taxonomy":"post_tag","embeddable":true,"href":"https:\/\/psol50.org.br\/rest\/wp\/v2\/tags?post=17081"}],"curies":[{"name":"wp","href":"https:\/\/api.w.org\/{rel}","templated":true}]}}