{"id":17084,"date":"2017-06-29T16:16:52","date_gmt":"2017-06-29T16:16:52","guid":{"rendered":"http:\/\/www.psol50.org.br\/?p=17084"},"modified":"2017-06-29T16:16:52","modified_gmt":"2017-06-29T16:16:52","slug":"sextatemgreve-confira-a-agenda-de-mobilizacao-deste-30-de-junho","status":"publish","type":"post","link":"https:\/\/psol50.org.br\/sextatemgreve-confira-a-agenda-de-mobilizacao-deste-30-de-junho\/","title":{"rendered":"#SextaTemGreve: Confira a agenda de mobiliza\u00e7\u00e3o deste 30 de junho"},"content":{"rendered":"<p id=\"8795\" class=\"graf graf--p graf-after--h3\">Nesta sexta-feira (30\/06), trabalhadores de todo o pa\u00eds ir\u00e3o paralisar suas atividades para, mais uma vez, denunciar as reformas em curso e exigir a imediata sa\u00edda de Michel Temer da Presid\u00eancia da Rep\u00fablica. <a href=\"http:\/\/www.psol50.org.br\/blog\/2017\/06\/22\/grevegeral-o-brasil-vai-parar-em-30-de-junho-contra-temer-e-as-reformas\/\" target=\"_blank\" rel=\"noopener\"><strong><span style=\"color: #0000ff;\">Convocada pelas centrais sindicais e os movimentos sociais<\/span><\/strong><\/a>, organizados nas frentes Povo Sem Medo e Bras\u00edlia Popular, a #GreveGeral tamb\u00e9m reivindicar\u00e1 a convoca\u00e7\u00e3o de elei\u00e7\u00f5es diretas.<\/p>\n<p>A mobiliza\u00e7\u00e3o segue um amplo calend\u00e1rio de lutas contra os retrocessos desde o in\u00edcio do ano, passando pela primeira greve geral, em 28 de abril, e o Ocupa Bras\u00edlia, em 24 de maio. O PSOL apoia e participa ativamente da constru\u00e7\u00e3o dessa greve geral e convoca a milit\u00e2ncia do partido para participar em suas cidades e locais de trabalho. <a href=\"http:\/\/www.psol50.org.br\/blog\/2017\/06\/29\/ccj-do-senado-aprova-desmonte-trabalhista-de-temer-e-projeto-vai-a-plenario\/\" target=\"_blank\" rel=\"noopener\"><strong><span style=\"color: #0000ff;\">Com a aprova\u00e7\u00e3o da reforma trabalhista na noite desta quarta-feira (28) na CCJ do Senado<\/span><\/strong><\/a>, mais do que nunca \u00e9 hora de intensificar as press\u00f5es para derrotar definitivamente Temer e suas propostas que amea\u00e7am direitos da popula\u00e7\u00e3o brasileira.<\/p>\n<p>Confira, abaixo, a agenda, sistematizada pela <a href=\"https:\/\/www.facebook.com\/MidiaNINJA\/\" target=\"_blank\" rel=\"noopener\"><span style=\"color: #0000ff;\"><strong>M\u00eddia Ninja<\/strong><\/span><\/a>, dos atos previstos para esta greve geral contra as reformas da previdenci\u00e1ria e trabalhista.<\/p>\n<p id=\"9512\" class=\"graf graf--p graf-after--p\">\ud83d\udccd PORTO ALEGRE<br \/>\n30\/06 \u00e0s 0:00 <a class=\"markup--anchor markup--p-anchor\" href=\"https:\/\/www.facebook.com\/events\/320268278410505\/\" target=\"_blank\" rel=\"noopener nofollow\" data-href=\"https:\/\/www.facebook.com\/events\/320268278410505\/\">GREVE GERAL em Porto Alegre\u00a0:: 30\/6<\/a><\/p>\n<p id=\"1a8d\" class=\"graf graf--p graf-after--p\">\ud83d\udccd CACHOEIRA PAULISTA<br \/>\n30\/6 \u00e0s 0:00 <a class=\"markup--anchor markup--p-anchor\" href=\"https:\/\/www.facebook.com\/events\/116286022306857\/\" target=\"_blank\" rel=\"nofollow noopener\" data-href=\"https:\/\/www.facebook.com\/events\/116286022306857\/\">Greve Geral em Cachoeira Paulistas\/SP<\/a><\/p>\n<p id=\"adee\" class=\"graf graf--p graf-after--p\">\ud83d\udccd PELOTAS<br \/>\n30\/6 \u00e0s 0:00 <a class=\"markup--anchor markup--p-anchor\" href=\"https:\/\/www.facebook.com\/events\/121407991789238\/\" target=\"_blank\" rel=\"nofollow noopener\" data-href=\"https:\/\/www.facebook.com\/events\/121407991789238\/\">GREVE GERAL em Pelotas RS<\/a><\/p>\n<p id=\"c648\" class=\"graf graf--p graf-after--p\">\ud83d\udccd S\u00c3O SEBASTI\u00c3O<br \/>\n30\/6 \u00e0s 6:30 <a class=\"markup--anchor markup--p-anchor\" href=\"https:\/\/www.facebook.com\/events\/115182639094612\/\" target=\"_blank\" rel=\"noopener nofollow\" data-href=\"https:\/\/www.facebook.com\/events\/115182639094612\/\">Greve Geral em S\u00e3o Sebasti\u00e3o\/SP<\/a><br \/>\nConcentra\u00e7\u00e3o: Terminal Transpetro\u200a\u2014\u200aTEBAR, S\u00e3o Sebasti\u00e3o\/SP<\/p>\n<p id=\"f61d\" class=\"graf graf--p graf-after--p\">\ud83d\udccd SALVADOR<br \/>\n30\/6 \u00e0s 7:00 <a class=\"markup--anchor markup--p-anchor\" href=\"https:\/\/www.facebook.com\/events\/1949979325277386\" target=\"_blank\" rel=\"noopener nofollow\" data-href=\"https:\/\/www.facebook.com\/events\/1949979325277386\">GREVE GERAL Salvador<\/a><br \/>\nConcentra\u00e7\u00e3o: Shopping Iguatemi, Salvador\/BA<\/p>\n<p id=\"aa31\" class=\"graf graf--p graf-after--p\">\ud83d\udccd PORTO VELHO<br \/>\n30\/06 \u00e0s 8:00 <a class=\"markup--anchor markup--p-anchor\" href=\"https:\/\/www.facebook.com\/events\/1290107917776082\/\" target=\"_blank\" rel=\"nofollow noopener\" data-href=\"https:\/\/www.facebook.com\/events\/1290107917776082\/\">GREVE GERAL Rond\u00f4nia<\/a><br \/>\nConcentra\u00e7\u00e3o: Pra\u00e7a das Tr\u00eas Caixas D\u2019\u00c1gua, Porto Velho\/RO<\/p>\n<p id=\"8bc7\" class=\"graf graf--p graf-after--p\">\ud83d\udccd FLORIAN\u00d3POLIS<br \/>\n30\/6 \u00e0s 8:00 <a class=\"markup--anchor markup--p-anchor\" href=\"https:\/\/www.facebook.com\/events\/1879036222419805\/\" target=\"_blank\" rel=\"noopener nofollow\" data-href=\"https:\/\/www.facebook.com\/events\/1879036222419805\/\">Greve Geral<\/a> <a class=\"markup--anchor markup--p-anchor\" href=\"https:\/\/www.facebook.com\/events\/349729458778022\" target=\"_blank\" rel=\"noopener nofollow\" data-href=\"https:\/\/www.facebook.com\/events\/349729458778022\">com os Estudantes!<\/a><br \/>\nConcentra\u00e7\u00e3o: TICEN\u200a\u2014\u200aTerminal de Integra\u00e7\u00e3o do Centro<\/p>\n<p id=\"ec65\" class=\"graf graf--p graf-after--p\">\ud83d\udccd FORMOSA<br \/>\n30\/6 \u00e0s 8:00 <a class=\"markup--anchor markup--p-anchor\" href=\"https:\/\/www.facebook.com\/events\/1572253439514516\" target=\"_blank\" rel=\"noopener nofollow\" data-href=\"https:\/\/www.facebook.com\/events\/1572253439514516\">Ato de Apoio \u00e0 Greve Geral\u200a\u2014\u200aFormosa<\/a><br \/>\nConcentra\u00e7\u00e3o: Pra\u00e7a An\u00edsio Lobo, Formosa\/GO<\/p>\n<p id=\"0501\" class=\"graf graf--p graf-after--p\">\ud83d\udccd FORTALEZA<br \/>\n30\/06 \u00e0s 9:00 <a class=\"markup--anchor markup--p-anchor\" href=\"https:\/\/www.facebook.com\/events\/432240367160812\/?ti=cl\" target=\"_blank\" rel=\"noopener nofollow\" data-href=\"https:\/\/www.facebook.com\/events\/432240367160812\/?ti=cl\">Ato da Greve Geral em Fortaleza<\/a><br \/>\nConcentra\u00e7\u00e3o: Pra\u00e7a Cl\u00f3vis Bevilaquia, Fortaleza\/CE<\/p>\n<p id=\"9ef3\" class=\"graf graf--p graf-after--p\">\ud83d\udccd BELO HORIZONTE<br \/>\n30\/6 \u00e0s 9:00 <a class=\"markup--anchor markup--p-anchor\" href=\"https:\/\/www.facebook.com\/events\/1446844025411890\" target=\"_blank\" rel=\"nofollow noopener\" data-href=\"https:\/\/www.facebook.com\/events\/1446844025411890\">Contra a Reforma Trabalhista e a Reforma da Previd\u00eancia e pelas Diretas J\u00e1<\/a>\u200a\u2014\u200aGreve Geral em BH<br \/>\nConcentra\u00e7\u00e3o: Pra\u00e7a da Esta\u00e7\u00e3o, Belo Horizonte\/MG<\/p>\n<p id=\"4f03\" class=\"graf graf--p graf-after--p\">\ud83d\udccd CURITIBA<br \/>\n30\/6 \u00e0s 9:00 <a class=\"markup--anchor markup--p-anchor\" href=\"https:\/\/www.facebook.com\/events\/200276413831015\/\" target=\"_blank\" rel=\"noopener nofollow\" data-href=\"https:\/\/www.facebook.com\/events\/200276413831015\/\">Greve Geral em Curitiba<\/a><br \/>\nConcentra\u00e7\u00e3o: APUFPR-SSind\u200a\u2014\u200aAssocia\u00e7\u00e3o dos Professores da UFPR<\/p>\n<p id=\"db51\" class=\"graf graf--p graf-after--p\">\ud83d\udccd JUIZ DE FORA<br \/>\n30\/6 \u00e0s 19:00 <a class=\"markup--anchor markup--p-anchor\" href=\"https:\/\/www.facebook.com\/events\/1701641153479180\/\" target=\"_blank\" rel=\"noopener nofollow\" data-href=\"https:\/\/www.facebook.com\/events\/1701641153479180\/\">30\/6: Greve Geral\u200a\u2014\u200aJF<\/a><br \/>\nConcentra\u00e7\u00e3o: Pra\u00e7a da Esta\u00e7\u00e3o, Juiz de Fora\/MG<\/p>\n<p id=\"237d\" class=\"graf graf--p graf-after--p\">\ud83d\udccd ARARUAMA<br \/>\n30\/6 \u00e0s 9:00 <a class=\"markup--anchor markup--p-anchor\" href=\"https:\/\/www.facebook.com\/events\/277691342703358\/\" target=\"_blank\" rel=\"noopener nofollow\" data-href=\"https:\/\/www.facebook.com\/events\/277691342703358\/\">Greve Geral! Araruama<\/a><br \/>\nConcentra\u00e7\u00e3o: Pra\u00e7a Da B\u00edblia, Araruama\/RJ<\/p>\n<p id=\"dd5c\" class=\"graf graf--p graf-after--p\">\ud83d\udccd SAQUAREMA<br \/>\n30\/6 \u00e0s 9:00 <a class=\"markup--anchor markup--p-anchor\" href=\"https:\/\/www.facebook.com\/events\/1842973765964604\/\" target=\"_blank\" rel=\"noopener nofollow\" data-href=\"https:\/\/www.facebook.com\/events\/1842973765964604\/\">Greve geral\u00a0:: ato Saquarema<\/a><br \/>\nPorto Alegre, Rio Grande do Sul<\/p>\n<p id=\"8e27\" class=\"graf graf--p graf-after--p\">\ud83d\udccd S\u00c3O CARLOS<br \/>\n30\/6 \u00e0s 9:00 <a class=\"markup--anchor markup--p-anchor\" href=\"https:\/\/www.facebook.com\/events\/696939340509933\/\" target=\"_blank\" rel=\"noopener nofollow\" data-href=\"https:\/\/www.facebook.com\/events\/696939340509933\/\">GREVE GERAL\u200a\u2014\u200a30 de Junho<\/a><br \/>\nConcentra\u00e7\u00e3o: Pra\u00e7a It\u00e1lia, S\u00e3o Carlos\/SP<\/p>\n<p id=\"071a\" class=\"graf graf--p graf-after--p\">\ud83d\udccd MACA\u00c9<br \/>\n30\/6 \u00e0s 9:00 <a class=\"markup--anchor markup--p-anchor\" href=\"https:\/\/www.facebook.com\/events\/129220580992628\/\" target=\"_blank\" rel=\"noopener nofollow\" data-href=\"https:\/\/www.facebook.com\/events\/129220580992628\/\">Greve Geral em Maca\u00e9<\/a><br \/>\nConcentra\u00e7\u00e3o: Pra\u00e7a Ver\u00edssimo de Melo, Maca\u00e9\/RJ<\/p>\n<p id=\"50c8\" class=\"graf graf--p graf-after--p\">\ud83d\udccd NATAL<br \/>\n30\/06 15:00 Greve Geral contra as Reformas<br \/>\nConcentra\u00e7\u00e3o: Midway, Natal\/RN<\/p>\n<p id=\"e565\" class=\"graf graf--p graf-after--p\">\ud83d\udccd UBERL\u00c2NDIA<br \/>\n30\/6 \u00e0s 15:00 <a class=\"markup--anchor markup--p-anchor\" href=\"https:\/\/www.facebook.com\/events\/1072056856261322\/\" target=\"_blank\" rel=\"noopener nofollow\" data-href=\"https:\/\/www.facebook.com\/events\/1072056856261322\/\">Uberl\u00e2ndia pelas Diretas J\u00e1\u200a\u2014\u200aAto-show pela democracia!<\/a><br \/>\nConcentra\u00e7\u00e3o: Pra\u00e7a Clarimundo Carneiro, Uberl\u00e2ndia\/MG<\/p>\n<p id=\"2ba3\" class=\"graf graf--p graf-after--p\">\ud83d\udccd MONTES CLAROS<br \/>\n30\/6 \u00e0s 15:00 <a class=\"markup--anchor markup--p-anchor\" href=\"https:\/\/www.facebook.com\/events\/1925474904399199\" target=\"_blank\" rel=\"noopener nofollow\" data-href=\"https:\/\/www.facebook.com\/events\/1925474904399199\">GREVE GERAL \/\/ Montes Claros<\/a><br \/>\nConcentra\u00e7\u00e3o: Pra\u00e7a Doutor Jo\u00e3o Alves, Montes Claros\/MG<\/p>\n<p id=\"1217\" class=\"graf graf--p graf-after--p\">\ud83d\udccd S\u00c3O PAULO<br \/>\n30\/06 \u00e0s 16:00 <a class=\"markup--anchor markup--p-anchor\" href=\"https:\/\/www.facebook.com\/events\/314685125610688\" target=\"_blank\" rel=\"noopener nofollow\" data-href=\"https:\/\/www.facebook.com\/events\/314685125610688\">Ato em defesa da aposentadoria e dos direitos trabalhistas<\/a><br \/>\nConcentra\u00e7\u00e3o: MASP na Av. Paulista, S\u00e3o Paulo\/SP<\/p>\n<p id=\"7891\" class=\"graf graf--p graf-after--p\">\ud83d\udccd PETR\u00d3POLIS<br \/>\n30\/06 \u00e0s 16:00 <a class=\"markup--anchor markup--p-anchor\" href=\"https:\/\/www.facebook.com\/events\/186691088530139\" target=\"_blank\" rel=\"noopener nofollow\" data-href=\"https:\/\/www.facebook.com\/events\/186691088530139\">Manifesta\u00e7\u00e3o e Ato cultural\u200a\u2014\u200aContra as Reformas!<\/a><br \/>\nConcentra\u00e7\u00e3o: Pra\u00e7a da Inconfid\u00eancia, Petr\u00f3polis\/RJ<\/p>\n<p id=\"50bb\" class=\"graf graf--p graf-after--p\">\ud83d\udccd TERES\u00d3POLIS<br \/>\n30\/6 \u00e0s 16:00 <a class=\"markup--anchor markup--p-anchor\" href=\"https:\/\/www.facebook.com\/events\/1563423867025091\/\" target=\"_blank\" rel=\"noopener nofollow\" data-href=\"https:\/\/www.facebook.com\/events\/1563423867025091\/\">Greve Geral Teres\u00f3polis<\/a><br \/>\nConcentra\u00e7\u00e3o: Pra\u00e7a Ol\u00edmpica, Teres\u00f3polis\/RJ<\/p>\n<p id=\"28f8\" class=\"graf graf--p graf-after--p\">\ud83d\udccd VI\u00c7OSA<br \/>\n30\/6 \u00e0s 16:00 <a class=\"markup--anchor markup--p-anchor\" href=\"https:\/\/www.facebook.com\/events\/191977711332581\/\" target=\"_blank\" rel=\"nofollow noopener\" data-href=\"https:\/\/www.facebook.com\/events\/191977711332581\/\">Greve Geral em Vi\u00e7osa<\/a><br \/>\nConcentra\u00e7\u00e3o: 4 Pilastras<\/p>\n<p id=\"7f37\" class=\"graf graf--p graf-after--p\">\ud83d\udccd RIO DE JANEIRO<br \/>\n30\/06 \u00e0s 17:00 <a class=\"markup--anchor markup--p-anchor\" href=\"https:\/\/www.facebook.com\/events\/110374152901305\" target=\"_blank\" rel=\"noopener nofollow\" data-href=\"https:\/\/www.facebook.com\/events\/110374152901305\">Rio Contra As Reformas\u00a0:: Rio na Greve Geral<\/a><br \/>\nConcentra\u00e7\u00e3o: Igreja de Nossa Senhora da Candel\u00e1ria, Rio de Janeiro\/RJ<\/p>\n<p id=\"6690\" class=\"graf graf--p graf-after--p\">\ud83d\udccd PARIS\/FRAN\u00c7A<br \/>\n30\/06 \u00e0s 18:00 <a class=\"markup--anchor markup--p-anchor\" href=\"https:\/\/www.facebook.com\/events\/1353681524669115\" target=\"_blank\" rel=\"nofollow noopener\" data-href=\"https:\/\/www.facebook.com\/events\/1353681524669115\">Paris Apoia Greve Geral 30\/06 Brasil!<\/a><br \/>\nConcentra\u00e7\u00e3o: Fontaine de Innocents, Paris\/FRA.<\/p>\n","protected":false},"excerpt":{"rendered":"<p>Nesta sexta-feira (30\/06), trabalhadores de todo o pa\u00eds ir\u00e3o paralisar suas atividades para, mais uma vez, denunciar as reformas em curso e exigir a imediata sa\u00edda de Michel Temer da Presid\u00eancia da Rep\u00fablica. Convocada pelas centrais sindicais e os movimentos sociais, organizados nas frentes Povo Sem Medo e Bras\u00edlia Popular, a #GreveGeral tamb\u00e9m reivindicar\u00e1 a [&hellip;]<\/p>\n","protected":false},"author":2,"featured_media":17085,"comment_status":"open","ping_status":"open","sticky":false,"template":"","format":"standard","meta":{"_acf_changed":false,"footnotes":""},"categories":[1882,1104,6],"tags":[3288,2336,1792,406,221,1748,2766,1835,22,3366,1669,222],"class_list":{"0":"post-17084","1":"post","2":"type-post","3":"status-publish","4":"format-standard","5":"has-post-thumbnail","7":"category-brasil","8":"category-movimento","9":"category-noticias","10":"tag-grevegeral","11":"tag-agenda","12":"tag-centrais-sindicais","13":"tag-direitos","14":"tag-greve","15":"tag-michel-temer","16":"tag-midia-ninja","17":"tag-mobilizacao","18":"tag-psol","19":"tag-reforma-previdenciaria","20":"tag-reforma-trabalhista","21":"tag-trabalhadores"},"acf":[],"yoast_head":"<!-- This site is optimized with the Yoast SEO plugin v26.5 - https:\/\/yoast.com\/wordpress\/plugins\/seo\/ -->\n<title>#SextaTemGreve: Confira a agenda de mobiliza\u00e7\u00e3o deste 30 de junho - PSOL 50<\/title>\n<meta name=\"robots\" content=\"index, follow, max-snippet:-1, max-image-preview:large, max-video-preview:-1\" \/>\n<link rel=\"canonical\" href=\"https:\/\/psol50.org.br\/sextatemgreve-confira-a-agenda-de-mobilizacao-deste-30-de-junho\/\" \/>\n<meta property=\"og:locale\" content=\"pt_BR\" \/>\n<meta property=\"og:type\" content=\"article\" \/>\n<meta property=\"og:title\" content=\"#SextaTemGreve: Confira a agenda de mobiliza\u00e7\u00e3o deste 30 de junho - PSOL 50\" \/>\n<meta property=\"og:description\" content=\"Nesta sexta-feira (30\/06), trabalhadores de todo o pa\u00eds ir\u00e3o paralisar suas atividades para, mais uma vez, denunciar as reformas em curso e exigir a imediata sa\u00edda de Michel Temer da Presid\u00eancia da Rep\u00fablica. Convocada pelas centrais sindicais e os movimentos sociais, organizados nas frentes Povo Sem Medo e Bras\u00edlia Popular, a #GreveGeral tamb\u00e9m reivindicar\u00e1 a [&hellip;]\" \/>\n<meta property=\"og:url\" content=\"https:\/\/psol50.org.br\/sextatemgreve-confira-a-agenda-de-mobilizacao-deste-30-de-junho\/\" \/>\n<meta property=\"og:site_name\" content=\"PSOL 50\" \/>\n<meta property=\"article:publisher\" content=\"https:\/\/www.facebook.com\/psol50\" \/>\n<meta property=\"article:published_time\" content=\"2017-06-29T16:16:52+00:00\" \/>\n<meta property=\"og:image\" content=\"https:\/\/psol50.org.br\/inc\/uploads\/2018\/07\/capa.png\" \/>\n\t<meta property=\"og:image:width\" content=\"1350\" \/>\n\t<meta property=\"og:image:height\" content=\"900\" \/>\n\t<meta property=\"og:image:type\" content=\"image\/png\" \/>\n<meta name=\"author\" content=\"Comunica\u00e7\u00e3o PSOL\" \/>\n<meta name=\"twitter:card\" content=\"summary_large_image\" \/>\n<meta name=\"twitter:creator\" content=\"@psol50\" \/>\n<meta name=\"twitter:site\" content=\"@psol50\" \/>\n<meta name=\"twitter:label1\" content=\"Escrito por\" \/>\n\t<meta name=\"twitter:data1\" content=\"Comunica\u00e7\u00e3o PSOL\" \/>\n\t<meta name=\"twitter:label2\" content=\"Est. tempo de leitura\" \/>\n\t<meta name=\"twitter:data2\" content=\"3 minutos\" \/>\n<script type=\"application\/ld+json\" class=\"yoast-schema-graph\">{\"@context\":\"https:\/\/schema.org\",\"@graph\":[{\"@type\":\"Article\",\"@id\":\"https:\/\/psol50.org.br\/sextatemgreve-confira-a-agenda-de-mobilizacao-deste-30-de-junho\/#article\",\"isPartOf\":{\"@id\":\"https:\/\/psol50.org.br\/sextatemgreve-confira-a-agenda-de-mobilizacao-deste-30-de-junho\/\"},\"author\":{\"name\":\"Comunica\u00e7\u00e3o PSOL\",\"@id\":\"https:\/\/psol50.org.br\/#\/schema\/person\/475dfa57d0b815993c714c2e96491fcd\"},\"headline\":\"#SextaTemGreve: Confira a agenda de mobiliza\u00e7\u00e3o deste 30 de junho\",\"datePublished\":\"2017-06-29T16:16:52+00:00\",\"mainEntityOfPage\":{\"@id\":\"https:\/\/psol50.org.br\/sextatemgreve-confira-a-agenda-de-mobilizacao-deste-30-de-junho\/\"},\"wordCount\":618,\"commentCount\":0,\"publisher\":{\"@id\":\"https:\/\/psol50.org.br\/#organization\"},\"image\":{\"@id\":\"https:\/\/psol50.org.br\/sextatemgreve-confira-a-agenda-de-mobilizacao-deste-30-de-junho\/#primaryimage\"},\"thumbnailUrl\":\"\",\"keywords\":[\"#GreveGeral\",\"agenda\",\"centrais sindicais\",\"direitos\",\"greve\",\"Michel Temer\",\"M\u00eddia NINJA\",\"mobiliza\u00e7\u00e3o\",\"PSOL\",\"reforma previdenci\u00e1ria\",\"reforma trabalhista\",\"trabalhadores\"],\"articleSection\":[\"Brasil\",\"Movimento\",\"Not\u00edcias\"],\"inLanguage\":\"pt-BR\",\"potentialAction\":[{\"@type\":\"CommentAction\",\"name\":\"Comment\",\"target\":[\"https:\/\/psol50.org.br\/sextatemgreve-confira-a-agenda-de-mobilizacao-deste-30-de-junho\/#respond\"]}]},{\"@type\":\"WebPage\",\"@id\":\"https:\/\/psol50.org.br\/sextatemgreve-confira-a-agenda-de-mobilizacao-deste-30-de-junho\/\",\"url\":\"https:\/\/psol50.org.br\/sextatemgreve-confira-a-agenda-de-mobilizacao-deste-30-de-junho\/\",\"name\":\"#SextaTemGreve: Confira a agenda de mobiliza\u00e7\u00e3o deste 30 de junho - PSOL 50\",\"isPartOf\":{\"@id\":\"https:\/\/psol50.org.br\/#website\"},\"primaryImageOfPage\":{\"@id\":\"https:\/\/psol50.org.br\/sextatemgreve-confira-a-agenda-de-mobilizacao-deste-30-de-junho\/#primaryimage\"},\"image\":{\"@id\":\"https:\/\/psol50.org.br\/sextatemgreve-confira-a-agenda-de-mobilizacao-deste-30-de-junho\/#primaryimage\"},\"thumbnailUrl\":\"\",\"datePublished\":\"2017-06-29T16:16:52+00:00\",\"breadcrumb\":{\"@id\":\"https:\/\/psol50.org.br\/sextatemgreve-confira-a-agenda-de-mobilizacao-deste-30-de-junho\/#breadcrumb\"},\"inLanguage\":\"pt-BR\",\"potentialAction\":[{\"@type\":\"ReadAction\",\"target\":[\"https:\/\/psol50.org.br\/sextatemgreve-confira-a-agenda-de-mobilizacao-deste-30-de-junho\/\"]}]},{\"@type\":\"ImageObject\",\"inLanguage\":\"pt-BR\",\"@id\":\"https:\/\/psol50.org.br\/sextatemgreve-confira-a-agenda-de-mobilizacao-deste-30-de-junho\/#primaryimage\",\"url\":\"\",\"contentUrl\":\"\"},{\"@type\":\"BreadcrumbList\",\"@id\":\"https:\/\/psol50.org.br\/sextatemgreve-confira-a-agenda-de-mobilizacao-deste-30-de-junho\/#breadcrumb\",\"itemListElement\":[{\"@type\":\"ListItem\",\"position\":1,\"name\":\"In\u00edcio\",\"item\":\"https:\/\/psol50.org.br\/\"},{\"@type\":\"ListItem\",\"position\":2,\"name\":\"#SextaTemGreve: Confira a agenda de mobiliza\u00e7\u00e3o deste 30 de junho\"}]},{\"@type\":\"WebSite\",\"@id\":\"https:\/\/psol50.org.br\/#website\",\"url\":\"https:\/\/psol50.org.br\/\",\"name\":\"PSOL 50\",\"description\":\"Site oficial do Partido Socialismo e Liberdade\",\"publisher\":{\"@id\":\"https:\/\/psol50.org.br\/#organization\"},\"alternateName\":\"PSOL50\",\"potentialAction\":[{\"@type\":\"SearchAction\",\"target\":{\"@type\":\"EntryPoint\",\"urlTemplate\":\"https:\/\/psol50.org.br\/?s={search_term_string}\"},\"query-input\":{\"@type\":\"PropertyValueSpecification\",\"valueRequired\":true,\"valueName\":\"search_term_string\"}}],\"inLanguage\":\"pt-BR\"},{\"@type\":\"Organization\",\"@id\":\"https:\/\/psol50.org.br\/#organization\",\"name\":\"PSOL 50\",\"alternateName\":\"PSOL 50\",\"url\":\"https:\/\/psol50.org.br\/\",\"logo\":{\"@type\":\"ImageObject\",\"inLanguage\":\"pt-BR\",\"@id\":\"https:\/\/psol50.org.br\/#\/schema\/logo\/image\/\",\"url\":\"https:\/\/psol50.org.br\/inc\/uploads\/2018\/07\/capa.png\",\"contentUrl\":\"https:\/\/psol50.org.br\/inc\/uploads\/2018\/07\/capa.png\",\"width\":1350,\"height\":900,\"caption\":\"PSOL 50\"},\"image\":{\"@id\":\"https:\/\/psol50.org.br\/#\/schema\/logo\/image\/\"},\"sameAs\":[\"https:\/\/www.facebook.com\/psol50\",\"https:\/\/x.com\/psol50\",\"https:\/\/www.instagram.com\/psol50\/\",\"https:\/\/www.youtube.com\/channel\/UC7SnJS5o1os7a6CaiNabzcg\"]},{\"@type\":\"Person\",\"@id\":\"https:\/\/psol50.org.br\/#\/schema\/person\/475dfa57d0b815993c714c2e96491fcd\",\"name\":\"Comunica\u00e7\u00e3o PSOL\",\"image\":{\"@type\":\"ImageObject\",\"inLanguage\":\"pt-BR\",\"@id\":\"https:\/\/psol50.org.br\/#\/schema\/person\/image\/\",\"url\":\"https:\/\/secure.gravatar.com\/avatar\/b34fc4f4e468a4e51785917065a3db57b841f5c95dba6ad8c73aaf8f66f8f9bf?s=96&d=mm&r=g\",\"contentUrl\":\"https:\/\/secure.gravatar.com\/avatar\/b34fc4f4e468a4e51785917065a3db57b841f5c95dba6ad8c73aaf8f66f8f9bf?s=96&d=mm&r=g\",\"caption\":\"Comunica\u00e7\u00e3o PSOL\"}}]}<\/script>\n<!-- \/ Yoast SEO plugin. -->","yoast_head_json":{"title":"#SextaTemGreve: Confira a agenda de mobiliza\u00e7\u00e3o deste 30 de junho - PSOL 50","robots":{"index":"index","follow":"follow","max-snippet":"max-snippet:-1","max-image-preview":"max-image-preview:large","max-video-preview":"max-video-preview:-1"},"canonical":"https:\/\/psol50.org.br\/sextatemgreve-confira-a-agenda-de-mobilizacao-deste-30-de-junho\/","og_locale":"pt_BR","og_type":"article","og_title":"#SextaTemGreve: Confira a agenda de mobiliza\u00e7\u00e3o deste 30 de junho - PSOL 50","og_description":"Nesta sexta-feira (30\/06), trabalhadores de todo o pa\u00eds ir\u00e3o paralisar suas atividades para, mais uma vez, denunciar as reformas em curso e exigir a imediata sa\u00edda de Michel Temer da Presid\u00eancia da Rep\u00fablica. Convocada pelas centrais sindicais e os movimentos sociais, organizados nas frentes Povo Sem Medo e Bras\u00edlia Popular, a #GreveGeral tamb\u00e9m reivindicar\u00e1 a [&hellip;]","og_url":"https:\/\/psol50.org.br\/sextatemgreve-confira-a-agenda-de-mobilizacao-deste-30-de-junho\/","og_site_name":"PSOL 50","article_publisher":"https:\/\/www.facebook.com\/psol50","article_published_time":"2017-06-29T16:16:52+00:00","og_image":[{"width":1350,"height":900,"url":"https:\/\/psol50.org.br\/inc\/uploads\/2018\/07\/capa.png","type":"image\/png"}],"author":"Comunica\u00e7\u00e3o PSOL","twitter_card":"summary_large_image","twitter_creator":"@psol50","twitter_site":"@psol50","twitter_misc":{"Escrito por":"Comunica\u00e7\u00e3o PSOL","Est. tempo de leitura":"3 minutos"},"schema":{"@context":"https:\/\/schema.org","@graph":[{"@type":"Article","@id":"https:\/\/psol50.org.br\/sextatemgreve-confira-a-agenda-de-mobilizacao-deste-30-de-junho\/#article","isPartOf":{"@id":"https:\/\/psol50.org.br\/sextatemgreve-confira-a-agenda-de-mobilizacao-deste-30-de-junho\/"},"author":{"name":"Comunica\u00e7\u00e3o PSOL","@id":"https:\/\/psol50.org.br\/#\/schema\/person\/475dfa57d0b815993c714c2e96491fcd"},"headline":"#SextaTemGreve: Confira a agenda de mobiliza\u00e7\u00e3o deste 30 de junho","datePublished":"2017-06-29T16:16:52+00:00","mainEntityOfPage":{"@id":"https:\/\/psol50.org.br\/sextatemgreve-confira-a-agenda-de-mobilizacao-deste-30-de-junho\/"},"wordCount":618,"commentCount":0,"publisher":{"@id":"https:\/\/psol50.org.br\/#organization"},"image":{"@id":"https:\/\/psol50.org.br\/sextatemgreve-confira-a-agenda-de-mobilizacao-deste-30-de-junho\/#primaryimage"},"thumbnailUrl":"","keywords":["#GreveGeral","agenda","centrais sindicais","direitos","greve","Michel Temer","M\u00eddia NINJA","mobiliza\u00e7\u00e3o","PSOL","reforma previdenci\u00e1ria","reforma trabalhista","trabalhadores"],"articleSection":["Brasil","Movimento","Not\u00edcias"],"inLanguage":"pt-BR","potentialAction":[{"@type":"CommentAction","name":"Comment","target":["https:\/\/psol50.org.br\/sextatemgreve-confira-a-agenda-de-mobilizacao-deste-30-de-junho\/#respond"]}]},{"@type":"WebPage","@id":"https:\/\/psol50.org.br\/sextatemgreve-confira-a-agenda-de-mobilizacao-deste-30-de-junho\/","url":"https:\/\/psol50.org.br\/sextatemgreve-confira-a-agenda-de-mobilizacao-deste-30-de-junho\/","name":"#SextaTemGreve: Confira a agenda de mobiliza\u00e7\u00e3o deste 30 de junho - PSOL 50","isPartOf":{"@id":"https:\/\/psol50.org.br\/#website"},"primaryImageOfPage":{"@id":"https:\/\/psol50.org.br\/sextatemgreve-confira-a-agenda-de-mobilizacao-deste-30-de-junho\/#primaryimage"},"image":{"@id":"https:\/\/psol50.org.br\/sextatemgreve-confira-a-agenda-de-mobilizacao-deste-30-de-junho\/#primaryimage"},"thumbnailUrl":"","datePublished":"2017-06-29T16:16:52+00:00","breadcrumb":{"@id":"https:\/\/psol50.org.br\/sextatemgreve-confira-a-agenda-de-mobilizacao-deste-30-de-junho\/#breadcrumb"},"inLanguage":"pt-BR","potentialAction":[{"@type":"ReadAction","target":["https:\/\/psol50.org.br\/sextatemgreve-confira-a-agenda-de-mobilizacao-deste-30-de-junho\/"]}]},{"@type":"ImageObject","inLanguage":"pt-BR","@id":"https:\/\/psol50.org.br\/sextatemgreve-confira-a-agenda-de-mobilizacao-deste-30-de-junho\/#primaryimage","url":"","contentUrl":""},{"@type":"BreadcrumbList","@id":"https:\/\/psol50.org.br\/sextatemgreve-confira-a-agenda-de-mobilizacao-deste-30-de-junho\/#breadcrumb","itemListElement":[{"@type":"ListItem","position":1,"name":"In\u00edcio","item":"https:\/\/psol50.org.br\/"},{"@type":"ListItem","position":2,"name":"#SextaTemGreve: Confira a agenda de mobiliza\u00e7\u00e3o deste 30 de junho"}]},{"@type":"WebSite","@id":"https:\/\/psol50.org.br\/#website","url":"https:\/\/psol50.org.br\/","name":"PSOL 50","description":"Site oficial do Partido Socialismo e Liberdade","publisher":{"@id":"https:\/\/psol50.org.br\/#organization"},"alternateName":"PSOL50","potentialAction":[{"@type":"SearchAction","target":{"@type":"EntryPoint","urlTemplate":"https:\/\/psol50.org.br\/?s={search_term_string}"},"query-input":{"@type":"PropertyValueSpecification","valueRequired":true,"valueName":"search_term_string"}}],"inLanguage":"pt-BR"},{"@type":"Organization","@id":"https:\/\/psol50.org.br\/#organization","name":"PSOL 50","alternateName":"PSOL 50","url":"https:\/\/psol50.org.br\/","logo":{"@type":"ImageObject","inLanguage":"pt-BR","@id":"https:\/\/psol50.org.br\/#\/schema\/logo\/image\/","url":"https:\/\/psol50.org.br\/inc\/uploads\/2018\/07\/capa.png","contentUrl":"https:\/\/psol50.org.br\/inc\/uploads\/2018\/07\/capa.png","width":1350,"height":900,"caption":"PSOL 50"},"image":{"@id":"https:\/\/psol50.org.br\/#\/schema\/logo\/image\/"},"sameAs":["https:\/\/www.facebook.com\/psol50","https:\/\/x.com\/psol50","https:\/\/www.instagram.com\/psol50\/","https:\/\/www.youtube.com\/channel\/UC7SnJS5o1os7a6CaiNabzcg"]},{"@type":"Person","@id":"https:\/\/psol50.org.br\/#\/schema\/person\/475dfa57d0b815993c714c2e96491fcd","name":"Comunica\u00e7\u00e3o PSOL","image":{"@type":"ImageObject","inLanguage":"pt-BR","@id":"https:\/\/psol50.org.br\/#\/schema\/person\/image\/","url":"https:\/\/secure.gravatar.com\/avatar\/b34fc4f4e468a4e51785917065a3db57b841f5c95dba6ad8c73aaf8f66f8f9bf?s=96&d=mm&r=g","contentUrl":"https:\/\/secure.gravatar.com\/avatar\/b34fc4f4e468a4e51785917065a3db57b841f5c95dba6ad8c73aaf8f66f8f9bf?s=96&d=mm&r=g","caption":"Comunica\u00e7\u00e3o PSOL"}}]}},"_links":{"self":[{"href":"https:\/\/psol50.org.br\/rest\/wp\/v2\/posts\/17084","targetHints":{"allow":["GET"]}}],"collection":[{"href":"https:\/\/psol50.org.br\/rest\/wp\/v2\/posts"}],"about":[{"href":"https:\/\/psol50.org.br\/rest\/wp\/v2\/types\/post"}],"author":[{"embeddable":true,"href":"https:\/\/psol50.org.br\/rest\/wp\/v2\/users\/2"}],"replies":[{"embeddable":true,"href":"https:\/\/psol50.org.br\/rest\/wp\/v2\/comments?post=17084"}],"version-history":[{"count":0,"href":"https:\/\/psol50.org.br\/rest\/wp\/v2\/posts\/17084\/revisions"}],"wp:featuredmedia":[{"embeddable":true,"href":"https:\/\/psol50.org.br\/rest\/"}],"wp:attachment":[{"href":"https:\/\/psol50.org.br\/rest\/wp\/v2\/media?parent=17084"}],"wp:term":[{"taxonomy":"category","embeddable":true,"href":"https:\/\/psol50.org.br\/rest\/wp\/v2\/categories?post=17084"},{"taxonomy":"post_tag","embeddable":true,"href":"https:\/\/psol50.org.br\/rest\/wp\/v2\/tags?post=17084"}],"curies":[{"name":"wp","href":"https:\/\/api.w.org\/{rel}","templated":true}]}}