{"id":17092,"date":"2017-07-03T13:42:26","date_gmt":"2017-07-03T13:42:26","guid":{"rendered":"http:\/\/www.psol50.org.br\/?p=17092"},"modified":"2017-07-03T13:42:26","modified_gmt":"2017-07-03T13:42:26","slug":"governo-se-empenha-para-acelerar-reformar-trabalhista-no-senado","status":"publish","type":"post","link":"https:\/\/psol50.org.br\/governo-se-empenha-para-acelerar-reformar-trabalhista-no-senado\/","title":{"rendered":"Governo se empenha para acelerar reformar trabalhista no Senado"},"content":{"rendered":"<p>Ap\u00f3s conseguir <a href=\"http:\/\/www.psol50.org.br\/blog\/2017\/06\/29\/ccj-do-senado-aprova-desmonte-trabalhista-de-temer-e-projeto-vai-a-plenario\/\" target=\"_blank\" rel=\"noopener\"><span style=\"color: #0000ff;\"><strong>aprovar a reforma trabalhista (PLC 38\/2017), na Comiss\u00e3o de Constitui\u00e7\u00e3o, Justi\u00e7a e Cidadania (CCJ) do Senado Federal<\/strong><\/span><\/a>, na \u00faltima quarta-feira (28\/06), a base aliada de Michel Temer quer acelerar a vota\u00e7\u00e3o da mat\u00e9ria no plen\u00e1rio da Casa. Um requerimento de urg\u00eancia dever\u00e1 ser analisado na sess\u00e3o de ter\u00e7a-feira (04). Se o pedido for aprovado, o <strong><a class=\"external-link\" href=\"http:\/\/www25.senado.leg.br\/web\/atividade\/materias\/-\/materia\/129049\">PLC 38\/2017<\/a><\/strong> entra na pauta ap\u00f3s duas sess\u00f5es ordin\u00e1rias.<\/p>\n<p>Um dia depois da vota\u00e7\u00e3o do parecer de Romero Juc\u00e1 (PMDB-RR) na CCJ, o presidente Eun\u00edcio Oliveira (PMDB-CE) chamou uma sess\u00e3o extraordin\u00e1ria do plen\u00e1rio, para tentar votar a urg\u00eancia ainda naquela manh\u00e3 de quinta-feira. No entanto, a falta de qu\u00f3rum e a press\u00e3o de senadores da oposi\u00e7\u00e3o for\u00e7aram que a pr\u00f3pria base do governo adiasse a vota\u00e7\u00e3o para esta semana. Mas a inten\u00e7\u00e3o era mesmo votar a urg\u00eancia um dia antes da greve geral, realizada na sexta-feira (30).<\/p>\n<p>A proposta, que altera mais de 100 itens da CLT (Consolida\u00e7\u00e3o das Leis Trabalhistas), divide inclusive o partido de Michel Temer. Maior bancada na Casa, o PMDB tem 17 senadores a favor e 5 contra o texto que veio da C\u00e2mara. Entre os cr\u00edticos, est\u00e3o os senadores Roberto Requi\u00e3o (PR) e Renan Calheiros (AL) que, na \u00faltima semana, deixou a base do governo para poder votar contra a proposta.<\/p>\n<p>Segundo informa\u00e7\u00f5es da <a href=\"http:\/\/www12.senado.leg.br\/noticias\/materias\/2017\/06\/30\/plenario-vota-urgencia-da-reforma-trabalhista?utm_source=hpsenado&amp;utm_medium=carousel_0&amp;utm_campaign=carousel\" target=\"_blank\" rel=\"noopener\"><strong><span style=\"color: #0000ff;\">Ag\u00eancia Senado<\/span><\/strong><\/a>, at\u00e9 a sexta-feira j\u00e1 havia 13 emendas de plen\u00e1rio, todas do senador Paulo Paim (PT-RS), que n\u00e3o precisam voltar para a an\u00e1lise das comiss\u00f5es, mas recebem parecer durante aprecia\u00e7\u00e3o da mat\u00e9ria em Plen\u00e1rio.<\/p>\n<p>&nbsp;<\/p>\n","protected":false},"excerpt":{"rendered":"<p>Ap\u00f3s conseguir aprovar a reforma trabalhista (PLC 38\/2017), na Comiss\u00e3o de Constitui\u00e7\u00e3o, Justi\u00e7a e Cidadania (CCJ) do Senado Federal, na \u00faltima quarta-feira (28\/06), a base aliada de Michel Temer quer acelerar a vota\u00e7\u00e3o da mat\u00e9ria no plen\u00e1rio da Casa. Um requerimento de urg\u00eancia dever\u00e1 ser analisado na sess\u00e3o de ter\u00e7a-feira (04). Se o pedido for [&hellip;]<\/p>\n","protected":false},"author":2,"featured_media":17093,"comment_status":"open","ping_status":"open","sticky":false,"template":"","format":"standard","meta":{"_acf_changed":false,"footnotes":""},"categories":[10,1882,6],"tags":[3370,1375,1709,387,1748,3262,3371,1669,3372,2431],"class_list":{"0":"post-17092","1":"post","2":"type-post","3":"status-publish","4":"format-standard","5":"has-post-thumbnail","7":"category-acao-parlamentares","8":"category-brasil","9":"category-noticias","10":"tag-base-aliada","11":"tag-ccj","12":"tag-clt","13":"tag-governo","14":"tag-michel-temer","15":"tag-plc-382017","16":"tag-plenario","17":"tag-reforma-trabalhista","18":"tag-requerimento-de-urgencia","19":"tag-senado-federal"},"acf":[],"yoast_head":"<!-- This site is optimized with the Yoast SEO plugin v26.5 - https:\/\/yoast.com\/wordpress\/plugins\/seo\/ -->\n<title>Governo se empenha para acelerar reformar trabalhista no Senado - PSOL 50<\/title>\n<meta name=\"robots\" content=\"index, follow, max-snippet:-1, max-image-preview:large, max-video-preview:-1\" \/>\n<link rel=\"canonical\" href=\"https:\/\/psol50.org.br\/governo-se-empenha-para-acelerar-reformar-trabalhista-no-senado\/\" \/>\n<meta property=\"og:locale\" content=\"pt_BR\" \/>\n<meta property=\"og:type\" content=\"article\" \/>\n<meta property=\"og:title\" content=\"Governo se empenha para acelerar reformar trabalhista no Senado - PSOL 50\" \/>\n<meta property=\"og:description\" content=\"Ap\u00f3s conseguir aprovar a reforma trabalhista (PLC 38\/2017), na Comiss\u00e3o de Constitui\u00e7\u00e3o, Justi\u00e7a e Cidadania (CCJ) do Senado Federal, na \u00faltima quarta-feira (28\/06), a base aliada de Michel Temer quer acelerar a vota\u00e7\u00e3o da mat\u00e9ria no plen\u00e1rio da Casa. Um requerimento de urg\u00eancia dever\u00e1 ser analisado na sess\u00e3o de ter\u00e7a-feira (04). Se o pedido for [&hellip;]\" \/>\n<meta property=\"og:url\" content=\"https:\/\/psol50.org.br\/governo-se-empenha-para-acelerar-reformar-trabalhista-no-senado\/\" \/>\n<meta property=\"og:site_name\" content=\"PSOL 50\" \/>\n<meta property=\"article:publisher\" content=\"https:\/\/www.facebook.com\/psol50\" \/>\n<meta property=\"article:published_time\" content=\"2017-07-03T13:42:26+00:00\" \/>\n<meta property=\"og:image\" content=\"https:\/\/psol50.org.br\/inc\/uploads\/2018\/07\/capa.png\" \/>\n\t<meta property=\"og:image:width\" content=\"1350\" \/>\n\t<meta property=\"og:image:height\" content=\"900\" \/>\n\t<meta property=\"og:image:type\" content=\"image\/png\" \/>\n<meta name=\"author\" content=\"Comunica\u00e7\u00e3o PSOL\" \/>\n<meta name=\"twitter:card\" content=\"summary_large_image\" \/>\n<meta name=\"twitter:creator\" content=\"@psol50\" \/>\n<meta name=\"twitter:site\" content=\"@psol50\" \/>\n<meta name=\"twitter:label1\" content=\"Escrito por\" \/>\n\t<meta name=\"twitter:data1\" content=\"Comunica\u00e7\u00e3o PSOL\" \/>\n\t<meta name=\"twitter:label2\" content=\"Est. tempo de leitura\" \/>\n\t<meta name=\"twitter:data2\" content=\"1 minuto\" \/>\n<script type=\"application\/ld+json\" class=\"yoast-schema-graph\">{\"@context\":\"https:\/\/schema.org\",\"@graph\":[{\"@type\":\"Article\",\"@id\":\"https:\/\/psol50.org.br\/governo-se-empenha-para-acelerar-reformar-trabalhista-no-senado\/#article\",\"isPartOf\":{\"@id\":\"https:\/\/psol50.org.br\/governo-se-empenha-para-acelerar-reformar-trabalhista-no-senado\/\"},\"author\":{\"name\":\"Comunica\u00e7\u00e3o PSOL\",\"@id\":\"https:\/\/psol50.org.br\/#\/schema\/person\/475dfa57d0b815993c714c2e96491fcd\"},\"headline\":\"Governo se empenha para acelerar reformar trabalhista no Senado\",\"datePublished\":\"2017-07-03T13:42:26+00:00\",\"mainEntityOfPage\":{\"@id\":\"https:\/\/psol50.org.br\/governo-se-empenha-para-acelerar-reformar-trabalhista-no-senado\/\"},\"wordCount\":293,\"commentCount\":0,\"publisher\":{\"@id\":\"https:\/\/psol50.org.br\/#organization\"},\"image\":{\"@id\":\"https:\/\/psol50.org.br\/governo-se-empenha-para-acelerar-reformar-trabalhista-no-senado\/#primaryimage\"},\"thumbnailUrl\":\"\",\"keywords\":[\"base aliada\",\"CCJ\",\"CLT\",\"governo\",\"Michel Temer\",\"PLC 38\/2017\",\"plen\u00e1rio\",\"reforma trabalhista\",\"requerimento de urg\u00eancia\",\"Senado Federal\"],\"articleSection\":[\"A\u00e7\u00e3o Parlamentar\",\"Brasil\",\"Not\u00edcias\"],\"inLanguage\":\"pt-BR\",\"potentialAction\":[{\"@type\":\"CommentAction\",\"name\":\"Comment\",\"target\":[\"https:\/\/psol50.org.br\/governo-se-empenha-para-acelerar-reformar-trabalhista-no-senado\/#respond\"]}]},{\"@type\":\"WebPage\",\"@id\":\"https:\/\/psol50.org.br\/governo-se-empenha-para-acelerar-reformar-trabalhista-no-senado\/\",\"url\":\"https:\/\/psol50.org.br\/governo-se-empenha-para-acelerar-reformar-trabalhista-no-senado\/\",\"name\":\"Governo se empenha para acelerar reformar trabalhista no Senado - PSOL 50\",\"isPartOf\":{\"@id\":\"https:\/\/psol50.org.br\/#website\"},\"primaryImageOfPage\":{\"@id\":\"https:\/\/psol50.org.br\/governo-se-empenha-para-acelerar-reformar-trabalhista-no-senado\/#primaryimage\"},\"image\":{\"@id\":\"https:\/\/psol50.org.br\/governo-se-empenha-para-acelerar-reformar-trabalhista-no-senado\/#primaryimage\"},\"thumbnailUrl\":\"\",\"datePublished\":\"2017-07-03T13:42:26+00:00\",\"breadcrumb\":{\"@id\":\"https:\/\/psol50.org.br\/governo-se-empenha-para-acelerar-reformar-trabalhista-no-senado\/#breadcrumb\"},\"inLanguage\":\"pt-BR\",\"potentialAction\":[{\"@type\":\"ReadAction\",\"target\":[\"https:\/\/psol50.org.br\/governo-se-empenha-para-acelerar-reformar-trabalhista-no-senado\/\"]}]},{\"@type\":\"ImageObject\",\"inLanguage\":\"pt-BR\",\"@id\":\"https:\/\/psol50.org.br\/governo-se-empenha-para-acelerar-reformar-trabalhista-no-senado\/#primaryimage\",\"url\":\"\",\"contentUrl\":\"\"},{\"@type\":\"BreadcrumbList\",\"@id\":\"https:\/\/psol50.org.br\/governo-se-empenha-para-acelerar-reformar-trabalhista-no-senado\/#breadcrumb\",\"itemListElement\":[{\"@type\":\"ListItem\",\"position\":1,\"name\":\"In\u00edcio\",\"item\":\"https:\/\/psol50.org.br\/\"},{\"@type\":\"ListItem\",\"position\":2,\"name\":\"Governo se empenha para acelerar reformar trabalhista no Senado\"}]},{\"@type\":\"WebSite\",\"@id\":\"https:\/\/psol50.org.br\/#website\",\"url\":\"https:\/\/psol50.org.br\/\",\"name\":\"PSOL 50\",\"description\":\"Site oficial do Partido Socialismo e Liberdade\",\"publisher\":{\"@id\":\"https:\/\/psol50.org.br\/#organization\"},\"alternateName\":\"PSOL50\",\"potentialAction\":[{\"@type\":\"SearchAction\",\"target\":{\"@type\":\"EntryPoint\",\"urlTemplate\":\"https:\/\/psol50.org.br\/?s={search_term_string}\"},\"query-input\":{\"@type\":\"PropertyValueSpecification\",\"valueRequired\":true,\"valueName\":\"search_term_string\"}}],\"inLanguage\":\"pt-BR\"},{\"@type\":\"Organization\",\"@id\":\"https:\/\/psol50.org.br\/#organization\",\"name\":\"PSOL 50\",\"alternateName\":\"PSOL 50\",\"url\":\"https:\/\/psol50.org.br\/\",\"logo\":{\"@type\":\"ImageObject\",\"inLanguage\":\"pt-BR\",\"@id\":\"https:\/\/psol50.org.br\/#\/schema\/logo\/image\/\",\"url\":\"https:\/\/psol50.org.br\/inc\/uploads\/2018\/07\/capa.png\",\"contentUrl\":\"https:\/\/psol50.org.br\/inc\/uploads\/2018\/07\/capa.png\",\"width\":1350,\"height\":900,\"caption\":\"PSOL 50\"},\"image\":{\"@id\":\"https:\/\/psol50.org.br\/#\/schema\/logo\/image\/\"},\"sameAs\":[\"https:\/\/www.facebook.com\/psol50\",\"https:\/\/x.com\/psol50\",\"https:\/\/www.instagram.com\/psol50\/\",\"https:\/\/www.youtube.com\/channel\/UC7SnJS5o1os7a6CaiNabzcg\"]},{\"@type\":\"Person\",\"@id\":\"https:\/\/psol50.org.br\/#\/schema\/person\/475dfa57d0b815993c714c2e96491fcd\",\"name\":\"Comunica\u00e7\u00e3o PSOL\",\"image\":{\"@type\":\"ImageObject\",\"inLanguage\":\"pt-BR\",\"@id\":\"https:\/\/psol50.org.br\/#\/schema\/person\/image\/\",\"url\":\"https:\/\/secure.gravatar.com\/avatar\/b34fc4f4e468a4e51785917065a3db57b841f5c95dba6ad8c73aaf8f66f8f9bf?s=96&d=mm&r=g\",\"contentUrl\":\"https:\/\/secure.gravatar.com\/avatar\/b34fc4f4e468a4e51785917065a3db57b841f5c95dba6ad8c73aaf8f66f8f9bf?s=96&d=mm&r=g\",\"caption\":\"Comunica\u00e7\u00e3o PSOL\"}}]}<\/script>\n<!-- \/ Yoast SEO plugin. -->","yoast_head_json":{"title":"Governo se empenha para acelerar reformar trabalhista no Senado - PSOL 50","robots":{"index":"index","follow":"follow","max-snippet":"max-snippet:-1","max-image-preview":"max-image-preview:large","max-video-preview":"max-video-preview:-1"},"canonical":"https:\/\/psol50.org.br\/governo-se-empenha-para-acelerar-reformar-trabalhista-no-senado\/","og_locale":"pt_BR","og_type":"article","og_title":"Governo se empenha para acelerar reformar trabalhista no Senado - PSOL 50","og_description":"Ap\u00f3s conseguir aprovar a reforma trabalhista (PLC 38\/2017), na Comiss\u00e3o de Constitui\u00e7\u00e3o, Justi\u00e7a e Cidadania (CCJ) do Senado Federal, na \u00faltima quarta-feira (28\/06), a base aliada de Michel Temer quer acelerar a vota\u00e7\u00e3o da mat\u00e9ria no plen\u00e1rio da Casa. Um requerimento de urg\u00eancia dever\u00e1 ser analisado na sess\u00e3o de ter\u00e7a-feira (04). Se o pedido for [&hellip;]","og_url":"https:\/\/psol50.org.br\/governo-se-empenha-para-acelerar-reformar-trabalhista-no-senado\/","og_site_name":"PSOL 50","article_publisher":"https:\/\/www.facebook.com\/psol50","article_published_time":"2017-07-03T13:42:26+00:00","og_image":[{"width":1350,"height":900,"url":"https:\/\/psol50.org.br\/inc\/uploads\/2018\/07\/capa.png","type":"image\/png"}],"author":"Comunica\u00e7\u00e3o PSOL","twitter_card":"summary_large_image","twitter_creator":"@psol50","twitter_site":"@psol50","twitter_misc":{"Escrito por":"Comunica\u00e7\u00e3o PSOL","Est. tempo de leitura":"1 minuto"},"schema":{"@context":"https:\/\/schema.org","@graph":[{"@type":"Article","@id":"https:\/\/psol50.org.br\/governo-se-empenha-para-acelerar-reformar-trabalhista-no-senado\/#article","isPartOf":{"@id":"https:\/\/psol50.org.br\/governo-se-empenha-para-acelerar-reformar-trabalhista-no-senado\/"},"author":{"name":"Comunica\u00e7\u00e3o PSOL","@id":"https:\/\/psol50.org.br\/#\/schema\/person\/475dfa57d0b815993c714c2e96491fcd"},"headline":"Governo se empenha para acelerar reformar trabalhista no Senado","datePublished":"2017-07-03T13:42:26+00:00","mainEntityOfPage":{"@id":"https:\/\/psol50.org.br\/governo-se-empenha-para-acelerar-reformar-trabalhista-no-senado\/"},"wordCount":293,"commentCount":0,"publisher":{"@id":"https:\/\/psol50.org.br\/#organization"},"image":{"@id":"https:\/\/psol50.org.br\/governo-se-empenha-para-acelerar-reformar-trabalhista-no-senado\/#primaryimage"},"thumbnailUrl":"","keywords":["base aliada","CCJ","CLT","governo","Michel Temer","PLC 38\/2017","plen\u00e1rio","reforma trabalhista","requerimento de urg\u00eancia","Senado Federal"],"articleSection":["A\u00e7\u00e3o Parlamentar","Brasil","Not\u00edcias"],"inLanguage":"pt-BR","potentialAction":[{"@type":"CommentAction","name":"Comment","target":["https:\/\/psol50.org.br\/governo-se-empenha-para-acelerar-reformar-trabalhista-no-senado\/#respond"]}]},{"@type":"WebPage","@id":"https:\/\/psol50.org.br\/governo-se-empenha-para-acelerar-reformar-trabalhista-no-senado\/","url":"https:\/\/psol50.org.br\/governo-se-empenha-para-acelerar-reformar-trabalhista-no-senado\/","name":"Governo se empenha para acelerar reformar trabalhista no Senado - PSOL 50","isPartOf":{"@id":"https:\/\/psol50.org.br\/#website"},"primaryImageOfPage":{"@id":"https:\/\/psol50.org.br\/governo-se-empenha-para-acelerar-reformar-trabalhista-no-senado\/#primaryimage"},"image":{"@id":"https:\/\/psol50.org.br\/governo-se-empenha-para-acelerar-reformar-trabalhista-no-senado\/#primaryimage"},"thumbnailUrl":"","datePublished":"2017-07-03T13:42:26+00:00","breadcrumb":{"@id":"https:\/\/psol50.org.br\/governo-se-empenha-para-acelerar-reformar-trabalhista-no-senado\/#breadcrumb"},"inLanguage":"pt-BR","potentialAction":[{"@type":"ReadAction","target":["https:\/\/psol50.org.br\/governo-se-empenha-para-acelerar-reformar-trabalhista-no-senado\/"]}]},{"@type":"ImageObject","inLanguage":"pt-BR","@id":"https:\/\/psol50.org.br\/governo-se-empenha-para-acelerar-reformar-trabalhista-no-senado\/#primaryimage","url":"","contentUrl":""},{"@type":"BreadcrumbList","@id":"https:\/\/psol50.org.br\/governo-se-empenha-para-acelerar-reformar-trabalhista-no-senado\/#breadcrumb","itemListElement":[{"@type":"ListItem","position":1,"name":"In\u00edcio","item":"https:\/\/psol50.org.br\/"},{"@type":"ListItem","position":2,"name":"Governo se empenha para acelerar reformar trabalhista no Senado"}]},{"@type":"WebSite","@id":"https:\/\/psol50.org.br\/#website","url":"https:\/\/psol50.org.br\/","name":"PSOL 50","description":"Site oficial do Partido Socialismo e Liberdade","publisher":{"@id":"https:\/\/psol50.org.br\/#organization"},"alternateName":"PSOL50","potentialAction":[{"@type":"SearchAction","target":{"@type":"EntryPoint","urlTemplate":"https:\/\/psol50.org.br\/?s={search_term_string}"},"query-input":{"@type":"PropertyValueSpecification","valueRequired":true,"valueName":"search_term_string"}}],"inLanguage":"pt-BR"},{"@type":"Organization","@id":"https:\/\/psol50.org.br\/#organization","name":"PSOL 50","alternateName":"PSOL 50","url":"https:\/\/psol50.org.br\/","logo":{"@type":"ImageObject","inLanguage":"pt-BR","@id":"https:\/\/psol50.org.br\/#\/schema\/logo\/image\/","url":"https:\/\/psol50.org.br\/inc\/uploads\/2018\/07\/capa.png","contentUrl":"https:\/\/psol50.org.br\/inc\/uploads\/2018\/07\/capa.png","width":1350,"height":900,"caption":"PSOL 50"},"image":{"@id":"https:\/\/psol50.org.br\/#\/schema\/logo\/image\/"},"sameAs":["https:\/\/www.facebook.com\/psol50","https:\/\/x.com\/psol50","https:\/\/www.instagram.com\/psol50\/","https:\/\/www.youtube.com\/channel\/UC7SnJS5o1os7a6CaiNabzcg"]},{"@type":"Person","@id":"https:\/\/psol50.org.br\/#\/schema\/person\/475dfa57d0b815993c714c2e96491fcd","name":"Comunica\u00e7\u00e3o PSOL","image":{"@type":"ImageObject","inLanguage":"pt-BR","@id":"https:\/\/psol50.org.br\/#\/schema\/person\/image\/","url":"https:\/\/secure.gravatar.com\/avatar\/b34fc4f4e468a4e51785917065a3db57b841f5c95dba6ad8c73aaf8f66f8f9bf?s=96&d=mm&r=g","contentUrl":"https:\/\/secure.gravatar.com\/avatar\/b34fc4f4e468a4e51785917065a3db57b841f5c95dba6ad8c73aaf8f66f8f9bf?s=96&d=mm&r=g","caption":"Comunica\u00e7\u00e3o PSOL"}}]}},"_links":{"self":[{"href":"https:\/\/psol50.org.br\/rest\/wp\/v2\/posts\/17092","targetHints":{"allow":["GET"]}}],"collection":[{"href":"https:\/\/psol50.org.br\/rest\/wp\/v2\/posts"}],"about":[{"href":"https:\/\/psol50.org.br\/rest\/wp\/v2\/types\/post"}],"author":[{"embeddable":true,"href":"https:\/\/psol50.org.br\/rest\/wp\/v2\/users\/2"}],"replies":[{"embeddable":true,"href":"https:\/\/psol50.org.br\/rest\/wp\/v2\/comments?post=17092"}],"version-history":[{"count":0,"href":"https:\/\/psol50.org.br\/rest\/wp\/v2\/posts\/17092\/revisions"}],"wp:featuredmedia":[{"embeddable":true,"href":"https:\/\/psol50.org.br\/rest\/"}],"wp:attachment":[{"href":"https:\/\/psol50.org.br\/rest\/wp\/v2\/media?parent=17092"}],"wp:term":[{"taxonomy":"category","embeddable":true,"href":"https:\/\/psol50.org.br\/rest\/wp\/v2\/categories?post=17092"},{"taxonomy":"post_tag","embeddable":true,"href":"https:\/\/psol50.org.br\/rest\/wp\/v2\/tags?post=17092"}],"curies":[{"name":"wp","href":"https:\/\/api.w.org\/{rel}","templated":true}]}}