{"id":17125,"date":"2017-07-05T15:50:08","date_gmt":"2017-07-05T15:50:08","guid":{"rendered":"http:\/\/www.psol50.org.br\/?p=17125"},"modified":"2017-07-05T15:50:08","modified_gmt":"2017-07-05T15:50:08","slug":"deputados-do-psol-orientam-pressao-sobre-relator-de-denuncia-contra-temer","status":"publish","type":"post","link":"https:\/\/psol50.org.br\/deputados-do-psol-orientam-pressao-sobre-relator-de-denuncia-contra-temer\/","title":{"rendered":"Deputados do PSOL orientam press\u00e3o sobre relator de den\u00facia contra Temer"},"content":{"rendered":"<p>O presidente da Comiss\u00e3o de Constitui\u00e7\u00e3o, Justi\u00e7a e Cidadania (CCJ) da C\u00e2mara dos Deputados, Rodrigo Pacheco (PMDB-MG), indicou, no final da tarde desta ter\u00e7a-feira (04\/07), um deputado do mesmo partido de Michel Temer para relatar a den\u00fancia enviada pelo Procurador-Geral da Rep\u00fablica, Rodrigo Janot, contra o presidente ileg\u00edtimo. Considerado mais neutro que os outros nomes mais cotados para o cargo, o fluminense S\u00e9rgio Zveiter (PMDB) \u00e9, no entanto, aliado de Rodrigo Maia (DEM-RJ), que comanda com m\u00e3o de ferro os trabalhos na C\u00e2mara em defesa das reformas impostas pelo Pal\u00e1cio do Planalto. Al\u00e9m disso, Maia \u00e9 um dos fortes candidatos do mercado e da base aliada a assumir o comando do pa\u00eds, na hip\u00f3tese de Temer cair.<\/p>\n<p>Mesmo que Zveiter n\u00e3o seja considerado 100% alinhado com o Pal\u00e1cio do Planalto, n\u00e3o \u00e9 pouca coisa ele ser do mesmo partido do personagem da investiga\u00e7\u00e3o. Aliados do governo avaliam, ainda, que haveria com o deputado fluminense margem de negocia\u00e7\u00e3o por um parecer pela inadmissibilidade da den\u00fancia, conforme explica mat\u00e9ria divulgada hoje pelo jornal <a href=\"http:\/\/politica.estadao.com.br\/noticias\/geral,escolha-de-relator-agrada-ao-governo-e-oposicao,70001877065\" target=\"_blank\" rel=\"noopener\"><strong><span style=\"color: #0000ff;\">Estad\u00e3o<\/span><\/strong><\/a>. Outros integrantes da base aliada, no entanto, consideraram negativa a indica\u00e7\u00e3o do deputado do Rio de Janeiro.<\/p>\n<p>Para o PSOL, o mais importante, no momento, \u00e9 pressionar para que os trabalhos na CCJ sejam os mai transparente poss\u00edvel e que o relat\u00f3rio indique a investiga\u00e7\u00e3o de Michel Temer. J\u00e1 como parte dessa atua\u00e7\u00e3o, ontem os deputados Chico Alencar (RJ) e Ivan Valente (SP) apresentaram, na CCJ, <a href=\"http:\/\/www.psol50.org.br\/blog\/2017\/07\/05\/psol-quer-que-citados-em-denuncia-contra-temer-sejam-chamados-a-ccj\/\" target=\"_blank\" rel=\"noopener\"><strong><span style=\"color: #0000ff;\">requerimento para que sejam realizadas oitivas das pessoas citadas no processo contra o presidente<\/span><\/strong><\/a>.<\/p>\n<p>O l\u00edder do PSOL, deputado Glauber Braga (RJ), avalia que o ideal \u00e9 que o relator n\u00e3o fosse do mesmo partido de Temer, mas disse que o fundamental, no momento, \u00e9 que a oposi\u00e7\u00e3o cobre que ele seja independente e imparcial na elabora\u00e7\u00e3o de seu parecer. &#8220;O que a gente espera \u00e9 que o relator apresente um relat\u00f3rio com um m\u00ednimo de isen\u00e7\u00e3o e com uma demonstra\u00e7\u00e3o concreta de que essa investiga\u00e7\u00e3o tem, sim, que ter continuidade. A gente n\u00e3o pode topar qualquer tipo de blindagem que est\u00e3o tentando fazer em rela\u00e7\u00e3o ao Temer, inclusive quanto \u00e0 data de vota\u00e7\u00e3o dessa den\u00fancia pelo plen\u00e1rio da C\u00e2mara dos Deputados&#8221;, disse Glauber, aponando poss\u00edveis manobras da base aliada em favor do presidente. &#8220;A possibilidade de uma articula\u00e7\u00e3o, inclusive, para que ela seja votada no per\u00edodo do recesso parlamentar \u00e9 para que tenha uma diminui\u00e7\u00e3o de qu\u00f3rum e eles consigam vencer a den\u00fancia. Esperamos que o relator tenha isen\u00e7\u00e3o na apresenta\u00e7\u00e3o de seu relat\u00f3rio, mas lamentamos que a escolha tenha sido de um deputado do mesmo partido do presidente, o que pode interferir nessa isen\u00e7\u00e3o&#8221;.<\/p>\n<p>Logo ap\u00f3s a indica\u00e7\u00e3o do relator, Chico Alencar tamb\u00e9m destacou o fato de Zveiter ser do mesmo partido de Temer e falou da import\u00e2ncia da press\u00e3o durante a tramita\u00e7\u00e3o da den\u00fancia na CCJ. &#8220;N\u00f3s temos um olhar cr\u00edtico para esta escolha, mas parece que alguns setores do governo n\u00e3o ficaram muito satisfeitos, pois eles queriam um pau mandado assumido. Agora, como o jogo do poder \u00e9 muito pesado, envolve cargos e tudo isso, \u00e9 de se esperar o que vai acontecer. Seja como for, n\u00f3s estaremos l\u00e1 atentos, vigilantes, com o esp\u00edrito cr\u00edtico e fazendo um profundo debate, como j\u00e1 come\u00e7amos hoje em rela\u00e7\u00e3o a essa den\u00fancia grav\u00edssima&#8221;, afirmou Chico, orientando que a popula\u00e7\u00e3o pressione os deputados e enviem e-mail para relator, cobrando que d\u00ea um parecer pela investiga\u00e7\u00e3o.<\/p>\n<p>https:\/\/www.facebook.com\/chicoalencar\/videos\/1159486797486903\/<\/p>\n<p>Para Ivan Valente, a expectativa \u00e9 que, diante de tantas provas materiais e de tanta corrup\u00e7\u00e3o exposta, o relat\u00f3rio indique a imediata investiga\u00e7\u00e3o contra Michel Temer. &#8220;O relator diz ter independ\u00eancia para decidir\u00a0 sobre esse relat\u00f3rio. Se ele tiver independ\u00eancia de fato e se ele n\u00e3o tiver comprometido com o PMDB do Rio de Janeiro, que tem seu S\u00e9rgio Cabral, Eduardo Cunha e tantos outros, ser\u00e1 bem vindo. Mas se ele fizer um relat\u00f3rio para defender Temer, impedir a continuidade das investiga\u00e7\u00f5es, ser\u00e1 uma grande decep\u00e7\u00e3o e haver\u00e1 grande mobiliza\u00e7\u00e3o social e popular. Temer n\u00e3o pode continuar. Esse governo n\u00e3o tem mais condi\u00e7\u00e3o de dirigir o pa\u00eds&#8221;, ressalta Ivan.<\/p>\n<p>https:\/\/www.facebook.com\/IvanValentePSOL\/videos\/1624823097562566\/<\/p>\n<p>Uma campanha tamb\u00e9m est\u00e1 sendo realizada nas redes do PSOL na C\u00e2mara para que o povo envie email ao relator pressionando para que ele apresente um relat\u00f3rio pela abertura das investiga\u00e7\u00f5es no STF.<\/p>\n<p><iframe loading=\"lazy\" style=\"border: none; overflow: hidden;\" src=\"https:\/\/www.facebook.com\/plugins\/post.php?href=https%3A%2F%2Fwww.facebook.com%2Fpsolnacamara%2Fposts%2F1148098068627756%3A0&amp;width=500\" width=\"500\" height=\"679\" frameborder=\"0\" scrolling=\"no\"><\/iframe><\/p>\n<p><strong>Prazos<\/strong><br \/>\nPelo Regimento Interno da C\u00e2mara, Temer tem at\u00e9 dez sess\u00f5es do Plen\u00e1rio para apresentar sua defesa \u00e0 CCJ, que come\u00e7ar\u00e1 analisar o caso. Ap\u00f3s isso, a CCJ tem at\u00e9 cinco sess\u00f5es para concluir an\u00e1lise que ser\u00e1 levada ao Plen\u00e1rio.<\/p>\n<p>Segundo a Constitui\u00e7\u00e3o, em caso da acusa\u00e7\u00e3o por crime comum, como corrup\u00e7\u00e3o passiva, o julgamento cabe ao STF,<strong> <span style=\"color: #0000ff;\"><a href=\"http:\/\/www2.camara.leg.br\/camaranoticias\/noticias\/POLITICA\/536925-CONSTITUICAO-PREVE-REGRAS-EM-CASO-DE-DENUNCIA-CONTRA-O-PRESIDENTE-DA-REPUBLICA.html\" target=\"_blank\" rel=\"noopener\"><span style=\"color: #0000ff;\">mas o processo s\u00f3 pode ser aberto se houver autoriza\u00e7\u00e3o do Plen\u00e1rio da C\u00e2mara<\/span><\/a><\/span><\/strong>. Nesse caso, \u00e9 necess\u00e1rio o apoio de pelo menos dois ter\u00e7os dos parlamentares (342 votos).<\/p>\n<p>O governo tem interesse em acelerar o tr\u00e2mite do caso e concluir a an\u00e1lise na C\u00e2mara antes do in\u00edcio do recesso legislativo, previsto para come\u00e7ar em 18 de julho. Por isso, a expectativa \u00e9 que o advogado do presidente, Ant\u00f4nio Claudio Mariz de Oliveira, apresente sua defesa na CCJ j\u00e1 nesta quarta-feira (5).<\/p>\n","protected":false},"excerpt":{"rendered":"<p>O presidente da Comiss\u00e3o de Constitui\u00e7\u00e3o, Justi\u00e7a e Cidadania (CCJ) da C\u00e2mara dos Deputados, Rodrigo Pacheco (PMDB-MG), indicou, no final da tarde desta ter\u00e7a-feira (04\/07), um deputado do mesmo partido de Michel Temer para relatar a den\u00fancia enviada pelo Procurador-Geral da Rep\u00fablica, Rodrigo Janot, contra o presidente ileg\u00edtimo. Considerado mais neutro que os outros nomes [&hellip;]<\/p>\n","protected":false},"author":2,"featured_media":17126,"comment_status":"open","ping_status":"open","sticky":false,"template":"","format":"standard","meta":{"_acf_changed":false,"footnotes":""},"categories":[10,1882,6],"tags":[709,1375,1680,2987,235,79,3376,552,1748,2152,3111,22,3124,64],"class_list":{"0":"post-17125","1":"post","2":"type-post","3":"status-publish","4":"format-standard","5":"has-post-thumbnail","7":"category-acao-parlamentares","8":"category-brasil","9":"category-noticias","10":"tag-camara-dos-deputados","11":"tag-ccj","12":"tag-chico-alencar","13":"tag-corrupcao-passiva","14":"tag-crime","15":"tag-denuncia","16":"tag-deputado-sergio-zveiter","17":"tag-ivan-valente","18":"tag-michel-temer","19":"tag-pmdb","20":"tag-pressao","21":"tag-psol","22":"tag-relator","23":"tag-rodrigo-maia"},"acf":[],"yoast_head":"<!-- This site is optimized with the Yoast SEO plugin v26.5 - https:\/\/yoast.com\/wordpress\/plugins\/seo\/ -->\n<title>Deputados do PSOL orientam press\u00e3o sobre relator de den\u00facia contra Temer - PSOL 50<\/title>\n<meta name=\"robots\" content=\"index, follow, max-snippet:-1, max-image-preview:large, max-video-preview:-1\" \/>\n<link rel=\"canonical\" href=\"https:\/\/psol50.org.br\/deputados-do-psol-orientam-pressao-sobre-relator-de-denuncia-contra-temer\/\" \/>\n<meta property=\"og:locale\" content=\"pt_BR\" \/>\n<meta property=\"og:type\" content=\"article\" \/>\n<meta property=\"og:title\" content=\"Deputados do PSOL orientam press\u00e3o sobre relator de den\u00facia contra Temer - PSOL 50\" \/>\n<meta property=\"og:description\" content=\"O presidente da Comiss\u00e3o de Constitui\u00e7\u00e3o, Justi\u00e7a e Cidadania (CCJ) da C\u00e2mara dos Deputados, Rodrigo Pacheco (PMDB-MG), indicou, no final da tarde desta ter\u00e7a-feira (04\/07), um deputado do mesmo partido de Michel Temer para relatar a den\u00fancia enviada pelo Procurador-Geral da Rep\u00fablica, Rodrigo Janot, contra o presidente ileg\u00edtimo. Considerado mais neutro que os outros nomes [&hellip;]\" \/>\n<meta property=\"og:url\" content=\"https:\/\/psol50.org.br\/deputados-do-psol-orientam-pressao-sobre-relator-de-denuncia-contra-temer\/\" \/>\n<meta property=\"og:site_name\" content=\"PSOL 50\" \/>\n<meta property=\"article:publisher\" content=\"https:\/\/www.facebook.com\/psol50\" \/>\n<meta property=\"article:published_time\" content=\"2017-07-05T15:50:08+00:00\" \/>\n<meta property=\"og:image\" content=\"https:\/\/psol50.org.br\/inc\/uploads\/2018\/07\/capa.png\" \/>\n\t<meta property=\"og:image:width\" content=\"1350\" \/>\n\t<meta property=\"og:image:height\" content=\"900\" \/>\n\t<meta property=\"og:image:type\" content=\"image\/png\" \/>\n<meta name=\"author\" content=\"Comunica\u00e7\u00e3o PSOL\" \/>\n<meta name=\"twitter:card\" content=\"summary_large_image\" \/>\n<meta name=\"twitter:creator\" content=\"@psol50\" \/>\n<meta name=\"twitter:site\" content=\"@psol50\" \/>\n<meta name=\"twitter:label1\" content=\"Escrito por\" \/>\n\t<meta name=\"twitter:data1\" content=\"Comunica\u00e7\u00e3o PSOL\" \/>\n\t<meta name=\"twitter:label2\" content=\"Est. tempo de leitura\" \/>\n\t<meta name=\"twitter:data2\" content=\"5 minutos\" \/>\n<script type=\"application\/ld+json\" class=\"yoast-schema-graph\">{\"@context\":\"https:\/\/schema.org\",\"@graph\":[{\"@type\":\"Article\",\"@id\":\"https:\/\/psol50.org.br\/deputados-do-psol-orientam-pressao-sobre-relator-de-denuncia-contra-temer\/#article\",\"isPartOf\":{\"@id\":\"https:\/\/psol50.org.br\/deputados-do-psol-orientam-pressao-sobre-relator-de-denuncia-contra-temer\/\"},\"author\":{\"name\":\"Comunica\u00e7\u00e3o PSOL\",\"@id\":\"https:\/\/psol50.org.br\/#\/schema\/person\/475dfa57d0b815993c714c2e96491fcd\"},\"headline\":\"Deputados do PSOL orientam press\u00e3o sobre relator de den\u00facia contra Temer\",\"datePublished\":\"2017-07-05T15:50:08+00:00\",\"mainEntityOfPage\":{\"@id\":\"https:\/\/psol50.org.br\/deputados-do-psol-orientam-pressao-sobre-relator-de-denuncia-contra-temer\/\"},\"wordCount\":965,\"commentCount\":0,\"publisher\":{\"@id\":\"https:\/\/psol50.org.br\/#organization\"},\"image\":{\"@id\":\"https:\/\/psol50.org.br\/deputados-do-psol-orientam-pressao-sobre-relator-de-denuncia-contra-temer\/#primaryimage\"},\"thumbnailUrl\":\"\",\"keywords\":[\"C\u00e2mara dos Deputados\",\"CCJ\",\"Chico Alencar\",\"corrup\u00e7\u00e3o passiva\",\"crime\",\"den\u00fancia\",\"deputado Sergio Zveiter\",\"Ivan Valente\",\"Michel Temer\",\"PMDB\",\"press\u00e3o\",\"PSOL\",\"relator\",\"Rodrigo Maia\"],\"articleSection\":[\"A\u00e7\u00e3o Parlamentar\",\"Brasil\",\"Not\u00edcias\"],\"inLanguage\":\"pt-BR\",\"potentialAction\":[{\"@type\":\"CommentAction\",\"name\":\"Comment\",\"target\":[\"https:\/\/psol50.org.br\/deputados-do-psol-orientam-pressao-sobre-relator-de-denuncia-contra-temer\/#respond\"]}]},{\"@type\":\"WebPage\",\"@id\":\"https:\/\/psol50.org.br\/deputados-do-psol-orientam-pressao-sobre-relator-de-denuncia-contra-temer\/\",\"url\":\"https:\/\/psol50.org.br\/deputados-do-psol-orientam-pressao-sobre-relator-de-denuncia-contra-temer\/\",\"name\":\"Deputados do PSOL orientam press\u00e3o sobre relator de den\u00facia contra Temer - PSOL 50\",\"isPartOf\":{\"@id\":\"https:\/\/psol50.org.br\/#website\"},\"primaryImageOfPage\":{\"@id\":\"https:\/\/psol50.org.br\/deputados-do-psol-orientam-pressao-sobre-relator-de-denuncia-contra-temer\/#primaryimage\"},\"image\":{\"@id\":\"https:\/\/psol50.org.br\/deputados-do-psol-orientam-pressao-sobre-relator-de-denuncia-contra-temer\/#primaryimage\"},\"thumbnailUrl\":\"\",\"datePublished\":\"2017-07-05T15:50:08+00:00\",\"breadcrumb\":{\"@id\":\"https:\/\/psol50.org.br\/deputados-do-psol-orientam-pressao-sobre-relator-de-denuncia-contra-temer\/#breadcrumb\"},\"inLanguage\":\"pt-BR\",\"potentialAction\":[{\"@type\":\"ReadAction\",\"target\":[\"https:\/\/psol50.org.br\/deputados-do-psol-orientam-pressao-sobre-relator-de-denuncia-contra-temer\/\"]}]},{\"@type\":\"ImageObject\",\"inLanguage\":\"pt-BR\",\"@id\":\"https:\/\/psol50.org.br\/deputados-do-psol-orientam-pressao-sobre-relator-de-denuncia-contra-temer\/#primaryimage\",\"url\":\"\",\"contentUrl\":\"\"},{\"@type\":\"BreadcrumbList\",\"@id\":\"https:\/\/psol50.org.br\/deputados-do-psol-orientam-pressao-sobre-relator-de-denuncia-contra-temer\/#breadcrumb\",\"itemListElement\":[{\"@type\":\"ListItem\",\"position\":1,\"name\":\"In\u00edcio\",\"item\":\"https:\/\/psol50.org.br\/\"},{\"@type\":\"ListItem\",\"position\":2,\"name\":\"Deputados do PSOL orientam press\u00e3o sobre relator de den\u00facia contra Temer\"}]},{\"@type\":\"WebSite\",\"@id\":\"https:\/\/psol50.org.br\/#website\",\"url\":\"https:\/\/psol50.org.br\/\",\"name\":\"PSOL 50\",\"description\":\"Site oficial do Partido Socialismo e Liberdade\",\"publisher\":{\"@id\":\"https:\/\/psol50.org.br\/#organization\"},\"alternateName\":\"PSOL50\",\"potentialAction\":[{\"@type\":\"SearchAction\",\"target\":{\"@type\":\"EntryPoint\",\"urlTemplate\":\"https:\/\/psol50.org.br\/?s={search_term_string}\"},\"query-input\":{\"@type\":\"PropertyValueSpecification\",\"valueRequired\":true,\"valueName\":\"search_term_string\"}}],\"inLanguage\":\"pt-BR\"},{\"@type\":\"Organization\",\"@id\":\"https:\/\/psol50.org.br\/#organization\",\"name\":\"PSOL 50\",\"alternateName\":\"PSOL 50\",\"url\":\"https:\/\/psol50.org.br\/\",\"logo\":{\"@type\":\"ImageObject\",\"inLanguage\":\"pt-BR\",\"@id\":\"https:\/\/psol50.org.br\/#\/schema\/logo\/image\/\",\"url\":\"https:\/\/psol50.org.br\/inc\/uploads\/2018\/07\/capa.png\",\"contentUrl\":\"https:\/\/psol50.org.br\/inc\/uploads\/2018\/07\/capa.png\",\"width\":1350,\"height\":900,\"caption\":\"PSOL 50\"},\"image\":{\"@id\":\"https:\/\/psol50.org.br\/#\/schema\/logo\/image\/\"},\"sameAs\":[\"https:\/\/www.facebook.com\/psol50\",\"https:\/\/x.com\/psol50\",\"https:\/\/www.instagram.com\/psol50\/\",\"https:\/\/www.youtube.com\/channel\/UC7SnJS5o1os7a6CaiNabzcg\"]},{\"@type\":\"Person\",\"@id\":\"https:\/\/psol50.org.br\/#\/schema\/person\/475dfa57d0b815993c714c2e96491fcd\",\"name\":\"Comunica\u00e7\u00e3o PSOL\",\"image\":{\"@type\":\"ImageObject\",\"inLanguage\":\"pt-BR\",\"@id\":\"https:\/\/psol50.org.br\/#\/schema\/person\/image\/\",\"url\":\"https:\/\/secure.gravatar.com\/avatar\/b34fc4f4e468a4e51785917065a3db57b841f5c95dba6ad8c73aaf8f66f8f9bf?s=96&d=mm&r=g\",\"contentUrl\":\"https:\/\/secure.gravatar.com\/avatar\/b34fc4f4e468a4e51785917065a3db57b841f5c95dba6ad8c73aaf8f66f8f9bf?s=96&d=mm&r=g\",\"caption\":\"Comunica\u00e7\u00e3o PSOL\"}}]}<\/script>\n<!-- \/ Yoast SEO plugin. -->","yoast_head_json":{"title":"Deputados do PSOL orientam press\u00e3o sobre relator de den\u00facia contra Temer - PSOL 50","robots":{"index":"index","follow":"follow","max-snippet":"max-snippet:-1","max-image-preview":"max-image-preview:large","max-video-preview":"max-video-preview:-1"},"canonical":"https:\/\/psol50.org.br\/deputados-do-psol-orientam-pressao-sobre-relator-de-denuncia-contra-temer\/","og_locale":"pt_BR","og_type":"article","og_title":"Deputados do PSOL orientam press\u00e3o sobre relator de den\u00facia contra Temer - PSOL 50","og_description":"O presidente da Comiss\u00e3o de Constitui\u00e7\u00e3o, Justi\u00e7a e Cidadania (CCJ) da C\u00e2mara dos Deputados, Rodrigo Pacheco (PMDB-MG), indicou, no final da tarde desta ter\u00e7a-feira (04\/07), um deputado do mesmo partido de Michel Temer para relatar a den\u00fancia enviada pelo Procurador-Geral da Rep\u00fablica, Rodrigo Janot, contra o presidente ileg\u00edtimo. Considerado mais neutro que os outros nomes [&hellip;]","og_url":"https:\/\/psol50.org.br\/deputados-do-psol-orientam-pressao-sobre-relator-de-denuncia-contra-temer\/","og_site_name":"PSOL 50","article_publisher":"https:\/\/www.facebook.com\/psol50","article_published_time":"2017-07-05T15:50:08+00:00","og_image":[{"width":1350,"height":900,"url":"https:\/\/psol50.org.br\/inc\/uploads\/2018\/07\/capa.png","type":"image\/png"}],"author":"Comunica\u00e7\u00e3o PSOL","twitter_card":"summary_large_image","twitter_creator":"@psol50","twitter_site":"@psol50","twitter_misc":{"Escrito por":"Comunica\u00e7\u00e3o PSOL","Est. tempo de leitura":"5 minutos"},"schema":{"@context":"https:\/\/schema.org","@graph":[{"@type":"Article","@id":"https:\/\/psol50.org.br\/deputados-do-psol-orientam-pressao-sobre-relator-de-denuncia-contra-temer\/#article","isPartOf":{"@id":"https:\/\/psol50.org.br\/deputados-do-psol-orientam-pressao-sobre-relator-de-denuncia-contra-temer\/"},"author":{"name":"Comunica\u00e7\u00e3o PSOL","@id":"https:\/\/psol50.org.br\/#\/schema\/person\/475dfa57d0b815993c714c2e96491fcd"},"headline":"Deputados do PSOL orientam press\u00e3o sobre relator de den\u00facia contra Temer","datePublished":"2017-07-05T15:50:08+00:00","mainEntityOfPage":{"@id":"https:\/\/psol50.org.br\/deputados-do-psol-orientam-pressao-sobre-relator-de-denuncia-contra-temer\/"},"wordCount":965,"commentCount":0,"publisher":{"@id":"https:\/\/psol50.org.br\/#organization"},"image":{"@id":"https:\/\/psol50.org.br\/deputados-do-psol-orientam-pressao-sobre-relator-de-denuncia-contra-temer\/#primaryimage"},"thumbnailUrl":"","keywords":["C\u00e2mara dos Deputados","CCJ","Chico Alencar","corrup\u00e7\u00e3o passiva","crime","den\u00fancia","deputado Sergio Zveiter","Ivan Valente","Michel Temer","PMDB","press\u00e3o","PSOL","relator","Rodrigo Maia"],"articleSection":["A\u00e7\u00e3o Parlamentar","Brasil","Not\u00edcias"],"inLanguage":"pt-BR","potentialAction":[{"@type":"CommentAction","name":"Comment","target":["https:\/\/psol50.org.br\/deputados-do-psol-orientam-pressao-sobre-relator-de-denuncia-contra-temer\/#respond"]}]},{"@type":"WebPage","@id":"https:\/\/psol50.org.br\/deputados-do-psol-orientam-pressao-sobre-relator-de-denuncia-contra-temer\/","url":"https:\/\/psol50.org.br\/deputados-do-psol-orientam-pressao-sobre-relator-de-denuncia-contra-temer\/","name":"Deputados do PSOL orientam press\u00e3o sobre relator de den\u00facia contra Temer - PSOL 50","isPartOf":{"@id":"https:\/\/psol50.org.br\/#website"},"primaryImageOfPage":{"@id":"https:\/\/psol50.org.br\/deputados-do-psol-orientam-pressao-sobre-relator-de-denuncia-contra-temer\/#primaryimage"},"image":{"@id":"https:\/\/psol50.org.br\/deputados-do-psol-orientam-pressao-sobre-relator-de-denuncia-contra-temer\/#primaryimage"},"thumbnailUrl":"","datePublished":"2017-07-05T15:50:08+00:00","breadcrumb":{"@id":"https:\/\/psol50.org.br\/deputados-do-psol-orientam-pressao-sobre-relator-de-denuncia-contra-temer\/#breadcrumb"},"inLanguage":"pt-BR","potentialAction":[{"@type":"ReadAction","target":["https:\/\/psol50.org.br\/deputados-do-psol-orientam-pressao-sobre-relator-de-denuncia-contra-temer\/"]}]},{"@type":"ImageObject","inLanguage":"pt-BR","@id":"https:\/\/psol50.org.br\/deputados-do-psol-orientam-pressao-sobre-relator-de-denuncia-contra-temer\/#primaryimage","url":"","contentUrl":""},{"@type":"BreadcrumbList","@id":"https:\/\/psol50.org.br\/deputados-do-psol-orientam-pressao-sobre-relator-de-denuncia-contra-temer\/#breadcrumb","itemListElement":[{"@type":"ListItem","position":1,"name":"In\u00edcio","item":"https:\/\/psol50.org.br\/"},{"@type":"ListItem","position":2,"name":"Deputados do PSOL orientam press\u00e3o sobre relator de den\u00facia contra Temer"}]},{"@type":"WebSite","@id":"https:\/\/psol50.org.br\/#website","url":"https:\/\/psol50.org.br\/","name":"PSOL 50","description":"Site oficial do Partido Socialismo e Liberdade","publisher":{"@id":"https:\/\/psol50.org.br\/#organization"},"alternateName":"PSOL50","potentialAction":[{"@type":"SearchAction","target":{"@type":"EntryPoint","urlTemplate":"https:\/\/psol50.org.br\/?s={search_term_string}"},"query-input":{"@type":"PropertyValueSpecification","valueRequired":true,"valueName":"search_term_string"}}],"inLanguage":"pt-BR"},{"@type":"Organization","@id":"https:\/\/psol50.org.br\/#organization","name":"PSOL 50","alternateName":"PSOL 50","url":"https:\/\/psol50.org.br\/","logo":{"@type":"ImageObject","inLanguage":"pt-BR","@id":"https:\/\/psol50.org.br\/#\/schema\/logo\/image\/","url":"https:\/\/psol50.org.br\/inc\/uploads\/2018\/07\/capa.png","contentUrl":"https:\/\/psol50.org.br\/inc\/uploads\/2018\/07\/capa.png","width":1350,"height":900,"caption":"PSOL 50"},"image":{"@id":"https:\/\/psol50.org.br\/#\/schema\/logo\/image\/"},"sameAs":["https:\/\/www.facebook.com\/psol50","https:\/\/x.com\/psol50","https:\/\/www.instagram.com\/psol50\/","https:\/\/www.youtube.com\/channel\/UC7SnJS5o1os7a6CaiNabzcg"]},{"@type":"Person","@id":"https:\/\/psol50.org.br\/#\/schema\/person\/475dfa57d0b815993c714c2e96491fcd","name":"Comunica\u00e7\u00e3o PSOL","image":{"@type":"ImageObject","inLanguage":"pt-BR","@id":"https:\/\/psol50.org.br\/#\/schema\/person\/image\/","url":"https:\/\/secure.gravatar.com\/avatar\/b34fc4f4e468a4e51785917065a3db57b841f5c95dba6ad8c73aaf8f66f8f9bf?s=96&d=mm&r=g","contentUrl":"https:\/\/secure.gravatar.com\/avatar\/b34fc4f4e468a4e51785917065a3db57b841f5c95dba6ad8c73aaf8f66f8f9bf?s=96&d=mm&r=g","caption":"Comunica\u00e7\u00e3o PSOL"}}]}},"_links":{"self":[{"href":"https:\/\/psol50.org.br\/rest\/wp\/v2\/posts\/17125","targetHints":{"allow":["GET"]}}],"collection":[{"href":"https:\/\/psol50.org.br\/rest\/wp\/v2\/posts"}],"about":[{"href":"https:\/\/psol50.org.br\/rest\/wp\/v2\/types\/post"}],"author":[{"embeddable":true,"href":"https:\/\/psol50.org.br\/rest\/wp\/v2\/users\/2"}],"replies":[{"embeddable":true,"href":"https:\/\/psol50.org.br\/rest\/wp\/v2\/comments?post=17125"}],"version-history":[{"count":0,"href":"https:\/\/psol50.org.br\/rest\/wp\/v2\/posts\/17125\/revisions"}],"wp:featuredmedia":[{"embeddable":true,"href":"https:\/\/psol50.org.br\/rest\/"}],"wp:attachment":[{"href":"https:\/\/psol50.org.br\/rest\/wp\/v2\/media?parent=17125"}],"wp:term":[{"taxonomy":"category","embeddable":true,"href":"https:\/\/psol50.org.br\/rest\/wp\/v2\/categories?post=17125"},{"taxonomy":"post_tag","embeddable":true,"href":"https:\/\/psol50.org.br\/rest\/wp\/v2\/tags?post=17125"}],"curies":[{"name":"wp","href":"https:\/\/api.w.org\/{rel}","templated":true}]}}