{"id":1714,"date":"2012-02-07T00:00:00","date_gmt":"2012-02-07T00:00:00","guid":{"rendered":"http:\/\/psol50.org.br\/arquivo\/2012\/02\/07\/psol-curitiba-contra-a-violencia-da-pm-em-defesa-do-carnaval-em-curitiba\/"},"modified":"2012-02-07T00:00:00","modified_gmt":"2012-02-07T00:00:00","slug":"psol-curitiba-contra-a-violencia-da-pm-em-defesa-do-carnaval-em-curitiba","status":"publish","type":"post","link":"https:\/\/psol50.org.br\/psol-curitiba-contra-a-violencia-da-pm-em-defesa-do-carnaval-em-curitiba\/","title":{"rendered":"PSOL Curitiba: Contra a viol\u00eancia da PM, em defesa do Carnaval em Curitiba!"},"content":{"rendered":"<p><a href=\"http:\/\/psol50.org.br\/blog\/2012\/02\/07\/psol-curitiba-contra-a-violencia-da-pm-em-defesa-do-carnaval-em-curitiba\/psolcuritiba-2\/\" rel=\"attachment wp-att-13539\"><img loading=\"lazy\" decoding=\"async\" class=\"alignleft size-full wp-image-13539\" src=\"http:\/\/psol50.org.br\/files\/2012\/02\/psolCuritiba.jpg\" alt=\"\" width=\"169\" height=\"180\" \/><\/a>O PSOL (Partido Socialismo e Liberdade) de Curitiba expressa sua mais alta indigna\u00e7\u00e3o e rep\u00fadio ao b\u00e1rbaro epis\u00f3dio de viol\u00eancia policial contra as milhares de pessoas que haviam acompanhado o desfile de pr\u00e9-carnaval do bloco Garibaldis e Sacis, no Largo da Ordem, neste domingo, 5 de fevereiro de 2012.<\/p>\n<p>O fato explicita os muitos equ\u00edvocos da propaganda oficial do governo Beto Richa sobre os temas de justi\u00e7a e seguran\u00e7a p\u00fablica. H\u00e1 v\u00e1rios anos, Curitiba tem apresentado altos \u00edndices de viol\u00eancia. Segundo dados divulgados em 13 de janeiro de 2012 pela ONG mexicana Conselho Cidad\u00e3o para a Seguran\u00e7a P\u00fablica e Justi\u00e7a Penal, os cerca de 50 homic\u00eddios para 100 mil habitantes (quase mil homic\u00eddios por ano) colocam nossa cidade como uma das 50 mais violentas em todo o mundo. O dado \u00e9 coerente com o relat\u00f3rio apresentado pela Organiza\u00e7\u00e3o das Na\u00e7\u00f5es Unidas (ONU), em 19 de mar\u00e7o de 2010, que aponta Curitiba como a 17\u00aa cidade mais desigual do mundo, isto \u00e9, uma das que apresentam a maior diferen\u00e7a entre ricos e pobres.<\/p>\n<p>Entretanto, no lugar de fazer valer seu lema institucional \u2013 \u201cSua prote\u00e7\u00e3o \u00e9 o nosso compromisso\u201d \u2013, a Pol\u00edcia Militar do Paran\u00e1 se perde no revoltante emprego de cassetetes, balas de borracha e bombas de g\u00e1s contra pessoas que exerciam um direito elementar de cidadania.<\/p>\n<p>N\u00e3o \u00e9 a primeira vez, infelizmente. Por exemplo, em 23 de outubro de 2008 \u2013 quando Roberto Requi\u00e3o era governador e Beto Richa, prefeito \u2013, mais de mil policiais militares protagonizaram violento despejo contra centenas de fam\u00edlias que ocupavam imensa \u00e1rea ociosa no bairro do Campo Comprido, nas proximidades da Fazendinha. Em 5 de novembro, com 15 tiros, foi assassinado o ocupante Celso Eidt, em crime at\u00e9 hoje n\u00e3o esclarecido. Oito meses depois, cerca de cem fam\u00edlias foram novamente despejadas, agora da cal\u00e7ada em frente \u00e0 \u00e1rea, na rua Theodoro Locker, sem que a prefeitura ou o governo do Estado lhes oferecesse qualquer op\u00e7\u00e3o de moradia, al\u00e9m do cadastro entre as mais de sessenta mil fam\u00edlias inscritas na intermin\u00e1vel fila da COHAB.<\/p>\n<p>Em novembro do ano passado, ap\u00f3s admitir rela\u00e7\u00f5es com o jogo do bicho (Gazeta do Povo, 23\/11\/2011), o coronel Marcos Theodoro Scheremeta foi substitu\u00eddo no comando da Pol\u00edcia Militar do Paran\u00e1 pelo tamb\u00e9m coronel Roberson Bondaruk. A indica\u00e7\u00e3o alimentou<\/p>\n<p>expectativa favor\u00e1vel em setores ligados \u00e0 luta pelos direitos humanos, dado o hist\u00f3rico do coronel Bondaruk, policial com origem na classe trabalhadora (de fam\u00edlia ucraniana, nascido no bairro do Parolin), especialista no Estatuto da Crian\u00e7a e do Adolescente, autor<\/p>\n<p>de pesquisa sobre meninos e meninas em situa\u00e7\u00e3o de rua. A trucul\u00eancia do \u00faltimo domingo flagrantemente contrasta com tal discurso e o p\u00f5e em xeque, levantando d\u00favidas sobre a integridade de comando na Pol\u00edcia Militar e a autenticidade dos compromissos p\u00fablicos do governo estadual com pr\u00e1ticas republicanas de respeito aos direitos humanos.<\/p>\n<p>Entre os livros do coronel Bondaruk encontra-se A preven\u00e7\u00e3o do crime atrav\u00e9s do desenho urbano, obra que, como observou o jornalista Jos\u00e9 Carlos Fernandes, mostra \u201cas rela\u00e7\u00f5es entre arquitetura, espa\u00e7o e criminalidade\u201d (Gazeta do Povo, 25\/11\/2011). Tal reflex\u00e3o \u00e9 particularmente adequada quando se volta justamente sobre Curitiba, celebrizada nacionalmente, desde os anos 1970, como \u201ccidade-modelo\u201d, mas que, como reconhecido at\u00e9 mesmo pela ONU, configura-se mais propriamente como modelo de desigualdade e exclus\u00e3o social.<\/p>\n<p>Entre os v\u00e1rios momentos da cria\u00e7\u00e3o desse mito, tivemos, em meados dos anos 1970, a \u201crevitaliza\u00e7\u00e3o\u201d do Largo da Ordem, que a propaganda apresentou como o primeiro centro hist\u00f3rico brasileiro a ter seus pr\u00e9dios restaurados, suas ruas transformadas em cal\u00e7ad\u00e3o e, pretensamente, em espa\u00e7o para o lazer, a cidadania e as manifesta\u00e7\u00f5es culturais. Agora, ap\u00f3s os cassetetes, as bombas e as balas de borracha da truculenta e desmedida a\u00e7\u00e3o policial, fala-se em transferir o desfile dos Garibaldis e Sacis para outro local, alegadamente \u201cmais adequado\u201d, o que sacramentaria ainda mais a vis\u00e3o excludente e antipopular que o poder p\u00fablico tem sobre as regi\u00f5es centrais da cidade.<\/p>\n<p>Nesse contexto, o PSOL de Curitiba se posiciona<\/p>\n<p>\u2022 contra todo o uso de for\u00e7a policial para reprimir trabalhadores e cidad\u00e3os;<\/p>\n<p>\u2022 contra a transfer\u00eancia dos desfiles de pr\u00e9-carnaval do Largo da Ordem;<\/p>\n<p>\u2022 contra o modelo urban\u00edstico que promove a desigualdade;<\/p>\n<p>\u2022 em favor das manifesta\u00e7\u00f5es culturais e populares;<\/p>\n<p>\u2022 em favor do uso livre dos espa\u00e7os p\u00fablicos;<\/p>\n<p>\u2022 e, enfim, em favor de uma<strong> Curitiba sem catracas<\/strong>.<\/p>\n<p><strong>**PSOL Curitiba<\/strong><\/p>\n","protected":false},"excerpt":{"rendered":"<p>O PSOL (Partido Socialismo e Liberdade) de Curitiba expressa sua mais alta indigna\u00e7\u00e3o e rep\u00fadio ao b\u00e1rbaro epis\u00f3dio de viol\u00eancia policial contra as milhares de pessoas que haviam acompanhado o desfile de pr\u00e9-carnaval do bloco Garibaldis e Sacis, no Largo da Ordem, neste domingo, 5 de fevereiro de 2012. O fato explicita os muitos equ\u00edvocos [&hellip;]<\/p>\n","protected":false},"author":2,"featured_media":0,"comment_status":"open","ping_status":"open","sticky":false,"template":"","format":"standard","meta":{"_acf_changed":false,"footnotes":""},"categories":[4766],"tags":[22],"class_list":{"0":"post-1714","1":"post","2":"type-post","3":"status-publish","4":"format-standard","6":"category-arquivo","7":"tag-psol"},"acf":[],"yoast_head":"<!-- This site is optimized with the Yoast SEO plugin v26.5 - https:\/\/yoast.com\/wordpress\/plugins\/seo\/ -->\n<title>PSOL Curitiba: Contra a viol\u00eancia da PM, em defesa do Carnaval em Curitiba! - PSOL 50<\/title>\n<meta name=\"robots\" content=\"index, follow, max-snippet:-1, max-image-preview:large, max-video-preview:-1\" \/>\n<link rel=\"canonical\" href=\"https:\/\/psol50.org.br\/psol-curitiba-contra-a-violencia-da-pm-em-defesa-do-carnaval-em-curitiba\/\" \/>\n<meta property=\"og:locale\" content=\"pt_BR\" \/>\n<meta property=\"og:type\" content=\"article\" \/>\n<meta property=\"og:title\" content=\"PSOL Curitiba: Contra a viol\u00eancia da PM, em defesa do Carnaval em Curitiba! - PSOL 50\" \/>\n<meta property=\"og:description\" content=\"O PSOL (Partido Socialismo e Liberdade) de Curitiba expressa sua mais alta indigna\u00e7\u00e3o e rep\u00fadio ao b\u00e1rbaro epis\u00f3dio de viol\u00eancia policial contra as milhares de pessoas que haviam acompanhado o desfile de pr\u00e9-carnaval do bloco Garibaldis e Sacis, no Largo da Ordem, neste domingo, 5 de fevereiro de 2012. O fato explicita os muitos equ\u00edvocos [&hellip;]\" \/>\n<meta property=\"og:url\" content=\"https:\/\/psol50.org.br\/psol-curitiba-contra-a-violencia-da-pm-em-defesa-do-carnaval-em-curitiba\/\" \/>\n<meta property=\"og:site_name\" content=\"PSOL 50\" \/>\n<meta property=\"article:publisher\" content=\"https:\/\/www.facebook.com\/psol50\" \/>\n<meta property=\"article:published_time\" content=\"2012-02-07T00:00:00+00:00\" \/>\n<meta property=\"og:image\" content=\"http:\/\/psol50.org.br\/files\/2012\/02\/psolCuritiba.jpg\" \/>\n<meta name=\"author\" content=\"Comunica\u00e7\u00e3o PSOL\" \/>\n<meta name=\"twitter:card\" content=\"summary_large_image\" \/>\n<meta name=\"twitter:creator\" content=\"@psol50\" \/>\n<meta name=\"twitter:site\" content=\"@psol50\" \/>\n<meta name=\"twitter:label1\" content=\"Escrito por\" \/>\n\t<meta name=\"twitter:data1\" content=\"Comunica\u00e7\u00e3o PSOL\" \/>\n\t<meta name=\"twitter:label2\" content=\"Est. tempo de leitura\" \/>\n\t<meta name=\"twitter:data2\" content=\"4 minutos\" \/>\n<script type=\"application\/ld+json\" class=\"yoast-schema-graph\">{\"@context\":\"https:\/\/schema.org\",\"@graph\":[{\"@type\":\"Article\",\"@id\":\"https:\/\/psol50.org.br\/psol-curitiba-contra-a-violencia-da-pm-em-defesa-do-carnaval-em-curitiba\/#article\",\"isPartOf\":{\"@id\":\"https:\/\/psol50.org.br\/psol-curitiba-contra-a-violencia-da-pm-em-defesa-do-carnaval-em-curitiba\/\"},\"author\":{\"name\":\"Comunica\u00e7\u00e3o PSOL\",\"@id\":\"https:\/\/psol50.org.br\/#\/schema\/person\/475dfa57d0b815993c714c2e96491fcd\"},\"headline\":\"PSOL Curitiba: Contra a viol\u00eancia da PM, em defesa do Carnaval em Curitiba!\",\"datePublished\":\"2012-02-07T00:00:00+00:00\",\"mainEntityOfPage\":{\"@id\":\"https:\/\/psol50.org.br\/psol-curitiba-contra-a-violencia-da-pm-em-defesa-do-carnaval-em-curitiba\/\"},\"wordCount\":779,\"commentCount\":0,\"publisher\":{\"@id\":\"https:\/\/psol50.org.br\/#organization\"},\"image\":{\"@id\":\"https:\/\/psol50.org.br\/psol-curitiba-contra-a-violencia-da-pm-em-defesa-do-carnaval-em-curitiba\/#primaryimage\"},\"thumbnailUrl\":\"http:\/\/psol50.org.br\/files\/2012\/02\/psolCuritiba.jpg\",\"keywords\":[\"PSOL\"],\"articleSection\":[\"Arquivo\"],\"inLanguage\":\"pt-BR\",\"potentialAction\":[{\"@type\":\"CommentAction\",\"name\":\"Comment\",\"target\":[\"https:\/\/psol50.org.br\/psol-curitiba-contra-a-violencia-da-pm-em-defesa-do-carnaval-em-curitiba\/#respond\"]}]},{\"@type\":\"WebPage\",\"@id\":\"https:\/\/psol50.org.br\/psol-curitiba-contra-a-violencia-da-pm-em-defesa-do-carnaval-em-curitiba\/\",\"url\":\"https:\/\/psol50.org.br\/psol-curitiba-contra-a-violencia-da-pm-em-defesa-do-carnaval-em-curitiba\/\",\"name\":\"PSOL Curitiba: Contra a viol\u00eancia da PM, em defesa do Carnaval em Curitiba! - PSOL 50\",\"isPartOf\":{\"@id\":\"https:\/\/psol50.org.br\/#website\"},\"primaryImageOfPage\":{\"@id\":\"https:\/\/psol50.org.br\/psol-curitiba-contra-a-violencia-da-pm-em-defesa-do-carnaval-em-curitiba\/#primaryimage\"},\"image\":{\"@id\":\"https:\/\/psol50.org.br\/psol-curitiba-contra-a-violencia-da-pm-em-defesa-do-carnaval-em-curitiba\/#primaryimage\"},\"thumbnailUrl\":\"http:\/\/psol50.org.br\/files\/2012\/02\/psolCuritiba.jpg\",\"datePublished\":\"2012-02-07T00:00:00+00:00\",\"breadcrumb\":{\"@id\":\"https:\/\/psol50.org.br\/psol-curitiba-contra-a-violencia-da-pm-em-defesa-do-carnaval-em-curitiba\/#breadcrumb\"},\"inLanguage\":\"pt-BR\",\"potentialAction\":[{\"@type\":\"ReadAction\",\"target\":[\"https:\/\/psol50.org.br\/psol-curitiba-contra-a-violencia-da-pm-em-defesa-do-carnaval-em-curitiba\/\"]}]},{\"@type\":\"ImageObject\",\"inLanguage\":\"pt-BR\",\"@id\":\"https:\/\/psol50.org.br\/psol-curitiba-contra-a-violencia-da-pm-em-defesa-do-carnaval-em-curitiba\/#primaryimage\",\"url\":\"http:\/\/psol50.org.br\/files\/2012\/02\/psolCuritiba.jpg\",\"contentUrl\":\"http:\/\/psol50.org.br\/files\/2012\/02\/psolCuritiba.jpg\"},{\"@type\":\"BreadcrumbList\",\"@id\":\"https:\/\/psol50.org.br\/psol-curitiba-contra-a-violencia-da-pm-em-defesa-do-carnaval-em-curitiba\/#breadcrumb\",\"itemListElement\":[{\"@type\":\"ListItem\",\"position\":1,\"name\":\"In\u00edcio\",\"item\":\"https:\/\/psol50.org.br\/\"},{\"@type\":\"ListItem\",\"position\":2,\"name\":\"PSOL Curitiba: Contra a viol\u00eancia da PM, em defesa do Carnaval em Curitiba!\"}]},{\"@type\":\"WebSite\",\"@id\":\"https:\/\/psol50.org.br\/#website\",\"url\":\"https:\/\/psol50.org.br\/\",\"name\":\"PSOL 50\",\"description\":\"Site oficial do Partido Socialismo e Liberdade\",\"publisher\":{\"@id\":\"https:\/\/psol50.org.br\/#organization\"},\"alternateName\":\"PSOL50\",\"potentialAction\":[{\"@type\":\"SearchAction\",\"target\":{\"@type\":\"EntryPoint\",\"urlTemplate\":\"https:\/\/psol50.org.br\/?s={search_term_string}\"},\"query-input\":{\"@type\":\"PropertyValueSpecification\",\"valueRequired\":true,\"valueName\":\"search_term_string\"}}],\"inLanguage\":\"pt-BR\"},{\"@type\":\"Organization\",\"@id\":\"https:\/\/psol50.org.br\/#organization\",\"name\":\"PSOL 50\",\"alternateName\":\"PSOL 50\",\"url\":\"https:\/\/psol50.org.br\/\",\"logo\":{\"@type\":\"ImageObject\",\"inLanguage\":\"pt-BR\",\"@id\":\"https:\/\/psol50.org.br\/#\/schema\/logo\/image\/\",\"url\":\"https:\/\/psol50.org.br\/inc\/uploads\/2018\/07\/capa.png\",\"contentUrl\":\"https:\/\/psol50.org.br\/inc\/uploads\/2018\/07\/capa.png\",\"width\":1350,\"height\":900,\"caption\":\"PSOL 50\"},\"image\":{\"@id\":\"https:\/\/psol50.org.br\/#\/schema\/logo\/image\/\"},\"sameAs\":[\"https:\/\/www.facebook.com\/psol50\",\"https:\/\/x.com\/psol50\",\"https:\/\/www.instagram.com\/psol50\/\",\"https:\/\/www.youtube.com\/channel\/UC7SnJS5o1os7a6CaiNabzcg\"]},{\"@type\":\"Person\",\"@id\":\"https:\/\/psol50.org.br\/#\/schema\/person\/475dfa57d0b815993c714c2e96491fcd\",\"name\":\"Comunica\u00e7\u00e3o PSOL\",\"image\":{\"@type\":\"ImageObject\",\"inLanguage\":\"pt-BR\",\"@id\":\"https:\/\/psol50.org.br\/#\/schema\/person\/image\/\",\"url\":\"https:\/\/secure.gravatar.com\/avatar\/b34fc4f4e468a4e51785917065a3db57b841f5c95dba6ad8c73aaf8f66f8f9bf?s=96&d=mm&r=g\",\"contentUrl\":\"https:\/\/secure.gravatar.com\/avatar\/b34fc4f4e468a4e51785917065a3db57b841f5c95dba6ad8c73aaf8f66f8f9bf?s=96&d=mm&r=g\",\"caption\":\"Comunica\u00e7\u00e3o PSOL\"}}]}<\/script>\n<!-- \/ Yoast SEO plugin. -->","yoast_head_json":{"title":"PSOL Curitiba: Contra a viol\u00eancia da PM, em defesa do Carnaval em Curitiba! - PSOL 50","robots":{"index":"index","follow":"follow","max-snippet":"max-snippet:-1","max-image-preview":"max-image-preview:large","max-video-preview":"max-video-preview:-1"},"canonical":"https:\/\/psol50.org.br\/psol-curitiba-contra-a-violencia-da-pm-em-defesa-do-carnaval-em-curitiba\/","og_locale":"pt_BR","og_type":"article","og_title":"PSOL Curitiba: Contra a viol\u00eancia da PM, em defesa do Carnaval em Curitiba! - PSOL 50","og_description":"O PSOL (Partido Socialismo e Liberdade) de Curitiba expressa sua mais alta indigna\u00e7\u00e3o e rep\u00fadio ao b\u00e1rbaro epis\u00f3dio de viol\u00eancia policial contra as milhares de pessoas que haviam acompanhado o desfile de pr\u00e9-carnaval do bloco Garibaldis e Sacis, no Largo da Ordem, neste domingo, 5 de fevereiro de 2012. O fato explicita os muitos equ\u00edvocos [&hellip;]","og_url":"https:\/\/psol50.org.br\/psol-curitiba-contra-a-violencia-da-pm-em-defesa-do-carnaval-em-curitiba\/","og_site_name":"PSOL 50","article_publisher":"https:\/\/www.facebook.com\/psol50","article_published_time":"2012-02-07T00:00:00+00:00","og_image":[{"url":"http:\/\/psol50.org.br\/files\/2012\/02\/psolCuritiba.jpg","type":"","width":"","height":""}],"author":"Comunica\u00e7\u00e3o PSOL","twitter_card":"summary_large_image","twitter_creator":"@psol50","twitter_site":"@psol50","twitter_misc":{"Escrito por":"Comunica\u00e7\u00e3o PSOL","Est. tempo de leitura":"4 minutos"},"schema":{"@context":"https:\/\/schema.org","@graph":[{"@type":"Article","@id":"https:\/\/psol50.org.br\/psol-curitiba-contra-a-violencia-da-pm-em-defesa-do-carnaval-em-curitiba\/#article","isPartOf":{"@id":"https:\/\/psol50.org.br\/psol-curitiba-contra-a-violencia-da-pm-em-defesa-do-carnaval-em-curitiba\/"},"author":{"name":"Comunica\u00e7\u00e3o PSOL","@id":"https:\/\/psol50.org.br\/#\/schema\/person\/475dfa57d0b815993c714c2e96491fcd"},"headline":"PSOL Curitiba: Contra a viol\u00eancia da PM, em defesa do Carnaval em Curitiba!","datePublished":"2012-02-07T00:00:00+00:00","mainEntityOfPage":{"@id":"https:\/\/psol50.org.br\/psol-curitiba-contra-a-violencia-da-pm-em-defesa-do-carnaval-em-curitiba\/"},"wordCount":779,"commentCount":0,"publisher":{"@id":"https:\/\/psol50.org.br\/#organization"},"image":{"@id":"https:\/\/psol50.org.br\/psol-curitiba-contra-a-violencia-da-pm-em-defesa-do-carnaval-em-curitiba\/#primaryimage"},"thumbnailUrl":"http:\/\/psol50.org.br\/files\/2012\/02\/psolCuritiba.jpg","keywords":["PSOL"],"articleSection":["Arquivo"],"inLanguage":"pt-BR","potentialAction":[{"@type":"CommentAction","name":"Comment","target":["https:\/\/psol50.org.br\/psol-curitiba-contra-a-violencia-da-pm-em-defesa-do-carnaval-em-curitiba\/#respond"]}]},{"@type":"WebPage","@id":"https:\/\/psol50.org.br\/psol-curitiba-contra-a-violencia-da-pm-em-defesa-do-carnaval-em-curitiba\/","url":"https:\/\/psol50.org.br\/psol-curitiba-contra-a-violencia-da-pm-em-defesa-do-carnaval-em-curitiba\/","name":"PSOL Curitiba: Contra a viol\u00eancia da PM, em defesa do Carnaval em Curitiba! - PSOL 50","isPartOf":{"@id":"https:\/\/psol50.org.br\/#website"},"primaryImageOfPage":{"@id":"https:\/\/psol50.org.br\/psol-curitiba-contra-a-violencia-da-pm-em-defesa-do-carnaval-em-curitiba\/#primaryimage"},"image":{"@id":"https:\/\/psol50.org.br\/psol-curitiba-contra-a-violencia-da-pm-em-defesa-do-carnaval-em-curitiba\/#primaryimage"},"thumbnailUrl":"http:\/\/psol50.org.br\/files\/2012\/02\/psolCuritiba.jpg","datePublished":"2012-02-07T00:00:00+00:00","breadcrumb":{"@id":"https:\/\/psol50.org.br\/psol-curitiba-contra-a-violencia-da-pm-em-defesa-do-carnaval-em-curitiba\/#breadcrumb"},"inLanguage":"pt-BR","potentialAction":[{"@type":"ReadAction","target":["https:\/\/psol50.org.br\/psol-curitiba-contra-a-violencia-da-pm-em-defesa-do-carnaval-em-curitiba\/"]}]},{"@type":"ImageObject","inLanguage":"pt-BR","@id":"https:\/\/psol50.org.br\/psol-curitiba-contra-a-violencia-da-pm-em-defesa-do-carnaval-em-curitiba\/#primaryimage","url":"http:\/\/psol50.org.br\/files\/2012\/02\/psolCuritiba.jpg","contentUrl":"http:\/\/psol50.org.br\/files\/2012\/02\/psolCuritiba.jpg"},{"@type":"BreadcrumbList","@id":"https:\/\/psol50.org.br\/psol-curitiba-contra-a-violencia-da-pm-em-defesa-do-carnaval-em-curitiba\/#breadcrumb","itemListElement":[{"@type":"ListItem","position":1,"name":"In\u00edcio","item":"https:\/\/psol50.org.br\/"},{"@type":"ListItem","position":2,"name":"PSOL Curitiba: Contra a viol\u00eancia da PM, em defesa do Carnaval em Curitiba!"}]},{"@type":"WebSite","@id":"https:\/\/psol50.org.br\/#website","url":"https:\/\/psol50.org.br\/","name":"PSOL 50","description":"Site oficial do Partido Socialismo e Liberdade","publisher":{"@id":"https:\/\/psol50.org.br\/#organization"},"alternateName":"PSOL50","potentialAction":[{"@type":"SearchAction","target":{"@type":"EntryPoint","urlTemplate":"https:\/\/psol50.org.br\/?s={search_term_string}"},"query-input":{"@type":"PropertyValueSpecification","valueRequired":true,"valueName":"search_term_string"}}],"inLanguage":"pt-BR"},{"@type":"Organization","@id":"https:\/\/psol50.org.br\/#organization","name":"PSOL 50","alternateName":"PSOL 50","url":"https:\/\/psol50.org.br\/","logo":{"@type":"ImageObject","inLanguage":"pt-BR","@id":"https:\/\/psol50.org.br\/#\/schema\/logo\/image\/","url":"https:\/\/psol50.org.br\/inc\/uploads\/2018\/07\/capa.png","contentUrl":"https:\/\/psol50.org.br\/inc\/uploads\/2018\/07\/capa.png","width":1350,"height":900,"caption":"PSOL 50"},"image":{"@id":"https:\/\/psol50.org.br\/#\/schema\/logo\/image\/"},"sameAs":["https:\/\/www.facebook.com\/psol50","https:\/\/x.com\/psol50","https:\/\/www.instagram.com\/psol50\/","https:\/\/www.youtube.com\/channel\/UC7SnJS5o1os7a6CaiNabzcg"]},{"@type":"Person","@id":"https:\/\/psol50.org.br\/#\/schema\/person\/475dfa57d0b815993c714c2e96491fcd","name":"Comunica\u00e7\u00e3o PSOL","image":{"@type":"ImageObject","inLanguage":"pt-BR","@id":"https:\/\/psol50.org.br\/#\/schema\/person\/image\/","url":"https:\/\/secure.gravatar.com\/avatar\/b34fc4f4e468a4e51785917065a3db57b841f5c95dba6ad8c73aaf8f66f8f9bf?s=96&d=mm&r=g","contentUrl":"https:\/\/secure.gravatar.com\/avatar\/b34fc4f4e468a4e51785917065a3db57b841f5c95dba6ad8c73aaf8f66f8f9bf?s=96&d=mm&r=g","caption":"Comunica\u00e7\u00e3o PSOL"}}]}},"_links":{"self":[{"href":"https:\/\/psol50.org.br\/rest\/wp\/v2\/posts\/1714","targetHints":{"allow":["GET"]}}],"collection":[{"href":"https:\/\/psol50.org.br\/rest\/wp\/v2\/posts"}],"about":[{"href":"https:\/\/psol50.org.br\/rest\/wp\/v2\/types\/post"}],"author":[{"embeddable":true,"href":"https:\/\/psol50.org.br\/rest\/wp\/v2\/users\/2"}],"replies":[{"embeddable":true,"href":"https:\/\/psol50.org.br\/rest\/wp\/v2\/comments?post=1714"}],"version-history":[{"count":0,"href":"https:\/\/psol50.org.br\/rest\/wp\/v2\/posts\/1714\/revisions"}],"wp:attachment":[{"href":"https:\/\/psol50.org.br\/rest\/wp\/v2\/media?parent=1714"}],"wp:term":[{"taxonomy":"category","embeddable":true,"href":"https:\/\/psol50.org.br\/rest\/wp\/v2\/categories?post=1714"},{"taxonomy":"post_tag","embeddable":true,"href":"https:\/\/psol50.org.br\/rest\/wp\/v2\/tags?post=1714"}],"curies":[{"name":"wp","href":"https:\/\/api.w.org\/{rel}","templated":true}]}}