{"id":17140,"date":"2017-07-06T12:44:23","date_gmt":"2017-07-06T12:44:23","guid":{"rendered":"http:\/\/www.psol50.org.br\/?p=17140"},"modified":"2017-07-06T12:44:23","modified_gmt":"2017-07-06T12:44:23","slug":"edmilson-revela-fatos-que-podem-desvendar-chacina-de-pau-darco","status":"publish","type":"post","link":"https:\/\/psol50.org.br\/edmilson-revela-fatos-que-podem-desvendar-chacina-de-pau-darco\/","title":{"rendered":"Edmilson revela fatos que podem desvendar chacina de Pau D&#8217;Arco"},"content":{"rendered":"<div>\n<p>H\u00e1 ind\u00edcios de que o Tenente-Coronel Artur Daniel Dias da Silva, da Pol\u00edcia Militar do Par\u00e1, lotado na Companhia de Policiamento Regional V (CPR V), em Reden\u00e7\u00e3o, foi o principal respons\u00e1vel pela opera\u00e7\u00e3o desastrosa que deveria cumprir mandados de pris\u00e3o em vez de matar dez posseiros na Fazenda Santa L\u00facia, em Pau D&#8217;Arco, no Sul do estado, \u00faltimo dia 24 de maio. De posse de documentos que at\u00e9 ent\u00e3o eram de conhecimento exclusivo das autoridades que apuram o caso, o deputado Edmilson Rodrigues (PSOL) revelou nesta quarta-feira (05\/07), na C\u00e2mara Federal, que Daniel atropelou o rito da PM ao autorizar a opera\u00e7\u00e3o sem o aval do Comando Geral e ainda cometeu os crimes militares de omiss\u00e3o de efici\u00eancia de for\u00e7a devido ao n\u00e3o planejamento pr\u00e9vio obrigat\u00f3rio, e falsidade ideol\u00f3gica por ter inserido no Sistema Integrado de Gest\u00e3o Policial (Sigpol), no dia seguinte \u00e0 chacina, a Ordem de Servi\u00e7o 031\/2017- P\/3 que poderia legalizar a opera\u00e7\u00e3o.<\/p>\n<p>Os antecedentes do tenente-coronel refor\u00e7am a suspeita de que os assassinatos tenham sido patrocinados pelos fazendeiros. No ano passado, ele foi denunciado duas vezes pela Promotoria de Justi\u00e7a Militar por desviar o efetivo da PM para prestar seguran\u00e7a privada \u00e0 mineradora Reinarda, em Floresta do Araguaia, e tamb\u00e9m por autorizar o funcionamento de um cursinho particular no interior do quartel do 22o Batalh\u00e3o da PM, em Concei\u00e7\u00e3o do Araguaia. A primeira den\u00fancia, sobre a mineradora, teve o recebimento aprovado pela Justi\u00e7a Militar. Apesar desses processos, Daniel foi promovido de major a tenente-coronel pelo governador Sim\u00e3o Jatene (PSDB), em abril deste ano.<\/p>\n<p>O \u00fanico documento inserido no Sigpol com data anterior \u00e0 opera\u00e7\u00e3o \u00e9 o Of\u00edcio 086\/2017, em que o delegado Valdivino Miranda da Silva J\u00fanior, da Delegacia de Crimes Agr\u00e1rios (DECA) de Reden\u00e7\u00e3o, requer a cess\u00e3o de policiais para a opera\u00e7\u00e3o. O of\u00edcio \u00e9 datado da v\u00e9spera da opera\u00e7\u00e3o e teve o protocolo de recebimento assinado por um soldado de plant\u00e3o da Companhia de Policiamento Regional V, \u00e0s 15 horas do mesmo dia. Na oportunidade, o comandante da CPR V, Coronel Marco Ant\u00f4nio Oliveira Cidon, tinha se ausentado para comparecer \u00e0 posse do novo comandante geral, Hilton Benigno, ocorrifada no dia 22, em Bel\u00e9m.<\/p>\n<p>O of\u00edcio do delegado foi inclu\u00eddo no Sigpol pelo pr\u00f3prio Daniel como anexo da OS 031, somente \u00e0s 9h40 da manh\u00e3 do dia seguinte ao crime. Ou seja, mesmo sem autoriza\u00e7\u00e3o expressa dos superiores, sem qualquer registro no sistema da pol\u00edcia e sem o planejamento determinado no C\u00f3digo Policial Militar, a opera\u00e7\u00e3o foi deflagrada \u00e0s 5 horas da manh\u00e3 do dia 24 de maio, portanto, 14 horas ap\u00f3s o recebimento do pedido de Valdivino.<\/p>\n<p>O Tenente-Coronel Kennedy, que comandou a opera\u00e7\u00e3o em campo, tamb\u00e9m poder\u00e1 ser responsabilizado pela omiss\u00e3o de planejamento. Fontes que conhecem o rito da corpora\u00e7\u00e3o afirmam que o planejamento da opera\u00e7\u00e3o levaria de uma a suas semanas para ser conclu\u00eddo. Seria necess\u00e1rio verificar antecipadamente na fazenda quantas pessoas estavam no acampamento, as condi\u00e7\u00f5es do local e as armas que possu\u00edam.<\/p>\n<p>No pronunciamento protocolado na C\u00e2mara, Edmilson cobrou a conclus\u00e3o dos inqu\u00e9ritos que apuram o caso. Ele, que reivindicou a investiga\u00e7\u00e3o paralela pela Pol\u00edcia Federal, lembrou que o prazo de 40 dias para o t\u00e9rmino do inqu\u00e9rito a Corregedoria da PM findou sem que os autos tenham sido enviados \u00e0s autoridades judiciais. &#8220;Urge que se tornem conhecidos os verdadeiros fatos e os nomes dos respons\u00e1veis por essa chacina, que desmantelou fam\u00edlias, que acirrou o conflito agr\u00e1rio, que mais uma vez manchou a imagem do Par\u00e1 no Brasil e no exterior como uma terra sem lei&#8221;.<\/p>\n<div><\/div>\n<\/div>\n","protected":false},"excerpt":{"rendered":"<p>H\u00e1 ind\u00edcios de que o Tenente-Coronel Artur Daniel Dias da Silva, da Pol\u00edcia Militar do Par\u00e1, lotado na Companhia de Policiamento Regional V (CPR V), em Reden\u00e7\u00e3o, foi o principal respons\u00e1vel pela opera\u00e7\u00e3o desastrosa que deveria cumprir mandados de pris\u00e3o em vez de matar dez posseiros na Fazenda Santa L\u00facia, em Pau D&#8217;Arco, no Sul [&hellip;]<\/p>\n","protected":false},"author":2,"featured_media":17144,"comment_status":"open","ping_status":"open","sticky":false,"template":"","format":"standard","meta":{"_acf_changed":false,"footnotes":""},"categories":[10,1882,6],"tags":[643,1232,3383,3384,3283,115,3385,3386,2844,3387],"class_list":{"0":"post-17140","1":"post","2":"type-post","3":"status-publish","4":"format-standard","5":"has-post-thumbnail","7":"category-acao-parlamentares","8":"category-brasil","9":"category-noticias","10":"tag-belem","11":"tag-chacina","12":"tag-fazenda-santa-lucia","13":"tag-fazendeiros","14":"tag-pau-darco","15":"tag-policia-militar","16":"tag-posseiros","17":"tag-redencao","18":"tag-simao-jatene","19":"tag-tenente-coronel-artur-daniel-dias-da-silva"},"acf":[],"yoast_head":"<!-- This site is optimized with the Yoast SEO plugin v26.5 - https:\/\/yoast.com\/wordpress\/plugins\/seo\/ -->\n<title>Edmilson revela fatos que podem desvendar chacina de Pau D&#039;Arco - PSOL 50<\/title>\n<meta name=\"robots\" content=\"index, follow, max-snippet:-1, max-image-preview:large, max-video-preview:-1\" \/>\n<link rel=\"canonical\" href=\"https:\/\/psol50.org.br\/edmilson-revela-fatos-que-podem-desvendar-chacina-de-pau-darco\/\" \/>\n<meta property=\"og:locale\" content=\"pt_BR\" \/>\n<meta property=\"og:type\" content=\"article\" \/>\n<meta property=\"og:title\" content=\"Edmilson revela fatos que podem desvendar chacina de Pau D&#039;Arco - PSOL 50\" \/>\n<meta property=\"og:description\" content=\"H\u00e1 ind\u00edcios de que o Tenente-Coronel Artur Daniel Dias da Silva, da Pol\u00edcia Militar do Par\u00e1, lotado na Companhia de Policiamento Regional V (CPR V), em Reden\u00e7\u00e3o, foi o principal respons\u00e1vel pela opera\u00e7\u00e3o desastrosa que deveria cumprir mandados de pris\u00e3o em vez de matar dez posseiros na Fazenda Santa L\u00facia, em Pau D&#8217;Arco, no Sul [&hellip;]\" \/>\n<meta property=\"og:url\" content=\"https:\/\/psol50.org.br\/edmilson-revela-fatos-que-podem-desvendar-chacina-de-pau-darco\/\" \/>\n<meta property=\"og:site_name\" content=\"PSOL 50\" \/>\n<meta property=\"article:publisher\" content=\"https:\/\/www.facebook.com\/psol50\" \/>\n<meta property=\"article:published_time\" content=\"2017-07-06T12:44:23+00:00\" \/>\n<meta property=\"og:image\" content=\"https:\/\/psol50.org.br\/inc\/uploads\/2018\/07\/capa.png\" \/>\n\t<meta property=\"og:image:width\" content=\"1350\" \/>\n\t<meta property=\"og:image:height\" content=\"900\" \/>\n\t<meta property=\"og:image:type\" content=\"image\/png\" \/>\n<meta name=\"author\" content=\"Comunica\u00e7\u00e3o PSOL\" \/>\n<meta name=\"twitter:card\" content=\"summary_large_image\" \/>\n<meta name=\"twitter:creator\" content=\"@psol50\" \/>\n<meta name=\"twitter:site\" content=\"@psol50\" \/>\n<meta name=\"twitter:label1\" content=\"Escrito por\" \/>\n\t<meta name=\"twitter:data1\" content=\"Comunica\u00e7\u00e3o PSOL\" \/>\n\t<meta name=\"twitter:label2\" content=\"Est. tempo de leitura\" \/>\n\t<meta name=\"twitter:data2\" content=\"3 minutos\" \/>\n<script type=\"application\/ld+json\" class=\"yoast-schema-graph\">{\"@context\":\"https:\/\/schema.org\",\"@graph\":[{\"@type\":\"Article\",\"@id\":\"https:\/\/psol50.org.br\/edmilson-revela-fatos-que-podem-desvendar-chacina-de-pau-darco\/#article\",\"isPartOf\":{\"@id\":\"https:\/\/psol50.org.br\/edmilson-revela-fatos-que-podem-desvendar-chacina-de-pau-darco\/\"},\"author\":{\"name\":\"Comunica\u00e7\u00e3o PSOL\",\"@id\":\"https:\/\/psol50.org.br\/#\/schema\/person\/475dfa57d0b815993c714c2e96491fcd\"},\"headline\":\"Edmilson revela fatos que podem desvendar chacina de Pau D&#8217;Arco\",\"datePublished\":\"2017-07-06T12:44:23+00:00\",\"mainEntityOfPage\":{\"@id\":\"https:\/\/psol50.org.br\/edmilson-revela-fatos-que-podem-desvendar-chacina-de-pau-darco\/\"},\"wordCount\":651,\"commentCount\":0,\"publisher\":{\"@id\":\"https:\/\/psol50.org.br\/#organization\"},\"image\":{\"@id\":\"https:\/\/psol50.org.br\/edmilson-revela-fatos-que-podem-desvendar-chacina-de-pau-darco\/#primaryimage\"},\"thumbnailUrl\":\"\",\"keywords\":[\"Bel\u00e9m\",\"chacina\",\"Fazenda Santa L\u00facia\",\"fazendeiros\",\"Pau D'Arco\",\"Pol\u00edcia Militar\",\"posseiros\",\"Reden\u00e7\u00e3o\",\"Sim\u00e3o Jatene\",\"Tenente-Coronel Artur Daniel Dias da Silva\"],\"articleSection\":[\"A\u00e7\u00e3o Parlamentar\",\"Brasil\",\"Not\u00edcias\"],\"inLanguage\":\"pt-BR\",\"potentialAction\":[{\"@type\":\"CommentAction\",\"name\":\"Comment\",\"target\":[\"https:\/\/psol50.org.br\/edmilson-revela-fatos-que-podem-desvendar-chacina-de-pau-darco\/#respond\"]}]},{\"@type\":\"WebPage\",\"@id\":\"https:\/\/psol50.org.br\/edmilson-revela-fatos-que-podem-desvendar-chacina-de-pau-darco\/\",\"url\":\"https:\/\/psol50.org.br\/edmilson-revela-fatos-que-podem-desvendar-chacina-de-pau-darco\/\",\"name\":\"Edmilson revela fatos que podem desvendar chacina de Pau D'Arco - PSOL 50\",\"isPartOf\":{\"@id\":\"https:\/\/psol50.org.br\/#website\"},\"primaryImageOfPage\":{\"@id\":\"https:\/\/psol50.org.br\/edmilson-revela-fatos-que-podem-desvendar-chacina-de-pau-darco\/#primaryimage\"},\"image\":{\"@id\":\"https:\/\/psol50.org.br\/edmilson-revela-fatos-que-podem-desvendar-chacina-de-pau-darco\/#primaryimage\"},\"thumbnailUrl\":\"\",\"datePublished\":\"2017-07-06T12:44:23+00:00\",\"breadcrumb\":{\"@id\":\"https:\/\/psol50.org.br\/edmilson-revela-fatos-que-podem-desvendar-chacina-de-pau-darco\/#breadcrumb\"},\"inLanguage\":\"pt-BR\",\"potentialAction\":[{\"@type\":\"ReadAction\",\"target\":[\"https:\/\/psol50.org.br\/edmilson-revela-fatos-que-podem-desvendar-chacina-de-pau-darco\/\"]}]},{\"@type\":\"ImageObject\",\"inLanguage\":\"pt-BR\",\"@id\":\"https:\/\/psol50.org.br\/edmilson-revela-fatos-que-podem-desvendar-chacina-de-pau-darco\/#primaryimage\",\"url\":\"\",\"contentUrl\":\"\"},{\"@type\":\"BreadcrumbList\",\"@id\":\"https:\/\/psol50.org.br\/edmilson-revela-fatos-que-podem-desvendar-chacina-de-pau-darco\/#breadcrumb\",\"itemListElement\":[{\"@type\":\"ListItem\",\"position\":1,\"name\":\"In\u00edcio\",\"item\":\"https:\/\/psol50.org.br\/\"},{\"@type\":\"ListItem\",\"position\":2,\"name\":\"Edmilson revela fatos que podem desvendar chacina de Pau D&#8217;Arco\"}]},{\"@type\":\"WebSite\",\"@id\":\"https:\/\/psol50.org.br\/#website\",\"url\":\"https:\/\/psol50.org.br\/\",\"name\":\"PSOL 50\",\"description\":\"Site oficial do Partido Socialismo e Liberdade\",\"publisher\":{\"@id\":\"https:\/\/psol50.org.br\/#organization\"},\"alternateName\":\"PSOL50\",\"potentialAction\":[{\"@type\":\"SearchAction\",\"target\":{\"@type\":\"EntryPoint\",\"urlTemplate\":\"https:\/\/psol50.org.br\/?s={search_term_string}\"},\"query-input\":{\"@type\":\"PropertyValueSpecification\",\"valueRequired\":true,\"valueName\":\"search_term_string\"}}],\"inLanguage\":\"pt-BR\"},{\"@type\":\"Organization\",\"@id\":\"https:\/\/psol50.org.br\/#organization\",\"name\":\"PSOL 50\",\"alternateName\":\"PSOL 50\",\"url\":\"https:\/\/psol50.org.br\/\",\"logo\":{\"@type\":\"ImageObject\",\"inLanguage\":\"pt-BR\",\"@id\":\"https:\/\/psol50.org.br\/#\/schema\/logo\/image\/\",\"url\":\"https:\/\/psol50.org.br\/inc\/uploads\/2018\/07\/capa.png\",\"contentUrl\":\"https:\/\/psol50.org.br\/inc\/uploads\/2018\/07\/capa.png\",\"width\":1350,\"height\":900,\"caption\":\"PSOL 50\"},\"image\":{\"@id\":\"https:\/\/psol50.org.br\/#\/schema\/logo\/image\/\"},\"sameAs\":[\"https:\/\/www.facebook.com\/psol50\",\"https:\/\/x.com\/psol50\",\"https:\/\/www.instagram.com\/psol50\/\",\"https:\/\/www.youtube.com\/channel\/UC7SnJS5o1os7a6CaiNabzcg\"]},{\"@type\":\"Person\",\"@id\":\"https:\/\/psol50.org.br\/#\/schema\/person\/475dfa57d0b815993c714c2e96491fcd\",\"name\":\"Comunica\u00e7\u00e3o PSOL\",\"image\":{\"@type\":\"ImageObject\",\"inLanguage\":\"pt-BR\",\"@id\":\"https:\/\/psol50.org.br\/#\/schema\/person\/image\/\",\"url\":\"https:\/\/secure.gravatar.com\/avatar\/b34fc4f4e468a4e51785917065a3db57b841f5c95dba6ad8c73aaf8f66f8f9bf?s=96&d=mm&r=g\",\"contentUrl\":\"https:\/\/secure.gravatar.com\/avatar\/b34fc4f4e468a4e51785917065a3db57b841f5c95dba6ad8c73aaf8f66f8f9bf?s=96&d=mm&r=g\",\"caption\":\"Comunica\u00e7\u00e3o PSOL\"}}]}<\/script>\n<!-- \/ Yoast SEO plugin. -->","yoast_head_json":{"title":"Edmilson revela fatos que podem desvendar chacina de Pau D'Arco - PSOL 50","robots":{"index":"index","follow":"follow","max-snippet":"max-snippet:-1","max-image-preview":"max-image-preview:large","max-video-preview":"max-video-preview:-1"},"canonical":"https:\/\/psol50.org.br\/edmilson-revela-fatos-que-podem-desvendar-chacina-de-pau-darco\/","og_locale":"pt_BR","og_type":"article","og_title":"Edmilson revela fatos que podem desvendar chacina de Pau D'Arco - PSOL 50","og_description":"H\u00e1 ind\u00edcios de que o Tenente-Coronel Artur Daniel Dias da Silva, da Pol\u00edcia Militar do Par\u00e1, lotado na Companhia de Policiamento Regional V (CPR V), em Reden\u00e7\u00e3o, foi o principal respons\u00e1vel pela opera\u00e7\u00e3o desastrosa que deveria cumprir mandados de pris\u00e3o em vez de matar dez posseiros na Fazenda Santa L\u00facia, em Pau D&#8217;Arco, no Sul [&hellip;]","og_url":"https:\/\/psol50.org.br\/edmilson-revela-fatos-que-podem-desvendar-chacina-de-pau-darco\/","og_site_name":"PSOL 50","article_publisher":"https:\/\/www.facebook.com\/psol50","article_published_time":"2017-07-06T12:44:23+00:00","og_image":[{"width":1350,"height":900,"url":"https:\/\/psol50.org.br\/inc\/uploads\/2018\/07\/capa.png","type":"image\/png"}],"author":"Comunica\u00e7\u00e3o PSOL","twitter_card":"summary_large_image","twitter_creator":"@psol50","twitter_site":"@psol50","twitter_misc":{"Escrito por":"Comunica\u00e7\u00e3o PSOL","Est. tempo de leitura":"3 minutos"},"schema":{"@context":"https:\/\/schema.org","@graph":[{"@type":"Article","@id":"https:\/\/psol50.org.br\/edmilson-revela-fatos-que-podem-desvendar-chacina-de-pau-darco\/#article","isPartOf":{"@id":"https:\/\/psol50.org.br\/edmilson-revela-fatos-que-podem-desvendar-chacina-de-pau-darco\/"},"author":{"name":"Comunica\u00e7\u00e3o PSOL","@id":"https:\/\/psol50.org.br\/#\/schema\/person\/475dfa57d0b815993c714c2e96491fcd"},"headline":"Edmilson revela fatos que podem desvendar chacina de Pau D&#8217;Arco","datePublished":"2017-07-06T12:44:23+00:00","mainEntityOfPage":{"@id":"https:\/\/psol50.org.br\/edmilson-revela-fatos-que-podem-desvendar-chacina-de-pau-darco\/"},"wordCount":651,"commentCount":0,"publisher":{"@id":"https:\/\/psol50.org.br\/#organization"},"image":{"@id":"https:\/\/psol50.org.br\/edmilson-revela-fatos-que-podem-desvendar-chacina-de-pau-darco\/#primaryimage"},"thumbnailUrl":"","keywords":["Bel\u00e9m","chacina","Fazenda Santa L\u00facia","fazendeiros","Pau D'Arco","Pol\u00edcia Militar","posseiros","Reden\u00e7\u00e3o","Sim\u00e3o Jatene","Tenente-Coronel Artur Daniel Dias da Silva"],"articleSection":["A\u00e7\u00e3o Parlamentar","Brasil","Not\u00edcias"],"inLanguage":"pt-BR","potentialAction":[{"@type":"CommentAction","name":"Comment","target":["https:\/\/psol50.org.br\/edmilson-revela-fatos-que-podem-desvendar-chacina-de-pau-darco\/#respond"]}]},{"@type":"WebPage","@id":"https:\/\/psol50.org.br\/edmilson-revela-fatos-que-podem-desvendar-chacina-de-pau-darco\/","url":"https:\/\/psol50.org.br\/edmilson-revela-fatos-que-podem-desvendar-chacina-de-pau-darco\/","name":"Edmilson revela fatos que podem desvendar chacina de Pau D'Arco - PSOL 50","isPartOf":{"@id":"https:\/\/psol50.org.br\/#website"},"primaryImageOfPage":{"@id":"https:\/\/psol50.org.br\/edmilson-revela-fatos-que-podem-desvendar-chacina-de-pau-darco\/#primaryimage"},"image":{"@id":"https:\/\/psol50.org.br\/edmilson-revela-fatos-que-podem-desvendar-chacina-de-pau-darco\/#primaryimage"},"thumbnailUrl":"","datePublished":"2017-07-06T12:44:23+00:00","breadcrumb":{"@id":"https:\/\/psol50.org.br\/edmilson-revela-fatos-que-podem-desvendar-chacina-de-pau-darco\/#breadcrumb"},"inLanguage":"pt-BR","potentialAction":[{"@type":"ReadAction","target":["https:\/\/psol50.org.br\/edmilson-revela-fatos-que-podem-desvendar-chacina-de-pau-darco\/"]}]},{"@type":"ImageObject","inLanguage":"pt-BR","@id":"https:\/\/psol50.org.br\/edmilson-revela-fatos-que-podem-desvendar-chacina-de-pau-darco\/#primaryimage","url":"","contentUrl":""},{"@type":"BreadcrumbList","@id":"https:\/\/psol50.org.br\/edmilson-revela-fatos-que-podem-desvendar-chacina-de-pau-darco\/#breadcrumb","itemListElement":[{"@type":"ListItem","position":1,"name":"In\u00edcio","item":"https:\/\/psol50.org.br\/"},{"@type":"ListItem","position":2,"name":"Edmilson revela fatos que podem desvendar chacina de Pau D&#8217;Arco"}]},{"@type":"WebSite","@id":"https:\/\/psol50.org.br\/#website","url":"https:\/\/psol50.org.br\/","name":"PSOL 50","description":"Site oficial do Partido Socialismo e Liberdade","publisher":{"@id":"https:\/\/psol50.org.br\/#organization"},"alternateName":"PSOL50","potentialAction":[{"@type":"SearchAction","target":{"@type":"EntryPoint","urlTemplate":"https:\/\/psol50.org.br\/?s={search_term_string}"},"query-input":{"@type":"PropertyValueSpecification","valueRequired":true,"valueName":"search_term_string"}}],"inLanguage":"pt-BR"},{"@type":"Organization","@id":"https:\/\/psol50.org.br\/#organization","name":"PSOL 50","alternateName":"PSOL 50","url":"https:\/\/psol50.org.br\/","logo":{"@type":"ImageObject","inLanguage":"pt-BR","@id":"https:\/\/psol50.org.br\/#\/schema\/logo\/image\/","url":"https:\/\/psol50.org.br\/inc\/uploads\/2018\/07\/capa.png","contentUrl":"https:\/\/psol50.org.br\/inc\/uploads\/2018\/07\/capa.png","width":1350,"height":900,"caption":"PSOL 50"},"image":{"@id":"https:\/\/psol50.org.br\/#\/schema\/logo\/image\/"},"sameAs":["https:\/\/www.facebook.com\/psol50","https:\/\/x.com\/psol50","https:\/\/www.instagram.com\/psol50\/","https:\/\/www.youtube.com\/channel\/UC7SnJS5o1os7a6CaiNabzcg"]},{"@type":"Person","@id":"https:\/\/psol50.org.br\/#\/schema\/person\/475dfa57d0b815993c714c2e96491fcd","name":"Comunica\u00e7\u00e3o PSOL","image":{"@type":"ImageObject","inLanguage":"pt-BR","@id":"https:\/\/psol50.org.br\/#\/schema\/person\/image\/","url":"https:\/\/secure.gravatar.com\/avatar\/b34fc4f4e468a4e51785917065a3db57b841f5c95dba6ad8c73aaf8f66f8f9bf?s=96&d=mm&r=g","contentUrl":"https:\/\/secure.gravatar.com\/avatar\/b34fc4f4e468a4e51785917065a3db57b841f5c95dba6ad8c73aaf8f66f8f9bf?s=96&d=mm&r=g","caption":"Comunica\u00e7\u00e3o PSOL"}}]}},"_links":{"self":[{"href":"https:\/\/psol50.org.br\/rest\/wp\/v2\/posts\/17140","targetHints":{"allow":["GET"]}}],"collection":[{"href":"https:\/\/psol50.org.br\/rest\/wp\/v2\/posts"}],"about":[{"href":"https:\/\/psol50.org.br\/rest\/wp\/v2\/types\/post"}],"author":[{"embeddable":true,"href":"https:\/\/psol50.org.br\/rest\/wp\/v2\/users\/2"}],"replies":[{"embeddable":true,"href":"https:\/\/psol50.org.br\/rest\/wp\/v2\/comments?post=17140"}],"version-history":[{"count":0,"href":"https:\/\/psol50.org.br\/rest\/wp\/v2\/posts\/17140\/revisions"}],"wp:featuredmedia":[{"embeddable":true,"href":"https:\/\/psol50.org.br\/rest\/"}],"wp:attachment":[{"href":"https:\/\/psol50.org.br\/rest\/wp\/v2\/media?parent=17140"}],"wp:term":[{"taxonomy":"category","embeddable":true,"href":"https:\/\/psol50.org.br\/rest\/wp\/v2\/categories?post=17140"},{"taxonomy":"post_tag","embeddable":true,"href":"https:\/\/psol50.org.br\/rest\/wp\/v2\/tags?post=17140"}],"curies":[{"name":"wp","href":"https:\/\/api.w.org\/{rel}","templated":true}]}}