{"id":17145,"date":"2017-07-06T13:47:26","date_gmt":"2017-07-06T13:47:26","guid":{"rendered":"http:\/\/www.psol50.org.br\/?p=17145"},"modified":"2017-07-06T13:47:26","modified_gmt":"2017-07-06T13:47:26","slug":"joselicio-junior-cotas-raciais-na-usp-finalmente-um-inicio-de-democracia","status":"publish","type":"post","link":"https:\/\/psol50.org.br\/joselicio-junior-cotas-raciais-na-usp-finalmente-um-inicio-de-democracia\/","title":{"rendered":"Josel\u00edcio J\u00fanior | Cotas Raciais na USP! Finalmente um in\u00edcio de democracia"},"content":{"rendered":"<p><span style=\"font-size: 13px;\"><em>Artigo publicado originalmente na revista <a href=\"http:\/\/www.revistaforum.com.br\/2017\/07\/05\/cotas-raciais-na-usp-finalmente-um-inicio-de-democracia\/\" target=\"_blank\" rel=\"noopener\"><span style=\"color: #0000ff;\">F\u00f3rum<\/span><\/a><\/em><\/span><\/p>\n<p>O dia 4 de julho de 2017 entrar\u00e1 para hist\u00f3ria como o dia que a maior universidade brasileira inicia o seu processo de democratiza\u00e7\u00e3o. Ap\u00f3s mais de um d\u00e9cada e meia de implementa\u00e7\u00e3o do sistema de reservas de vagas nas mais diversas universidades do pa\u00eds, 5 anos ap\u00f3s o STF declarar como constitucional as cotas raciais, finalmente a USP aprovou no seu Conselho Universit\u00e1rio a ado\u00e7\u00e3o de cotas sociais e raciais para o vestibular de 2018.<\/p>\n<p>Mesmo com dados abundantes comprovando que a pol\u00edtica de reserva de vagas n\u00e3o rebaixa a qualidade de ensino, que os estudantes cotistas sempre tiveram desempenho igual ou melhor aos demais estudantes, que a ideia de meritocracia \u00e9 imposs\u00edvel de ser alcan\u00e7ada em uma sociedade profundamente desigual \u2013 mostrando que o vestibular \u00e9 um grande funil social \u2013 a maior universidade do pa\u00eds se recusava a fazer esse debate.<\/p>\n<p>A resist\u00eancia da USP em discutir cotas tem um significado hist\u00f3rico. O seu surgimento em 1934 foi uma estrat\u00e9gia da elite paulista cafeeira que acabava de perder sua hegemonia na pol\u00edtica nacional para Get\u00falio Vargas, com o objetivo de formar uma nova elite intelectual capaz de retomar o seu protagonismo. De l\u00e1 para c\u00e1, diversos ministros do STF, desembargadores, jornalistas da grande m\u00eddia, grandes empres\u00e1rios, economistas e m\u00e9dicos se formaram l\u00e1, sem contar as in\u00fameras pesquisas da medicina, biologia, qu\u00edmica, engenharia, arquitetura e nas mais vastas \u00e1reas que sempre atenderam os interesses da elite. Esse \u00e9 o ponto para tanta resist\u00eancia.<\/p>\n<p>A implanta\u00e7\u00e3o de cotas raciais na USP \u00e9 a sua primeira abertura verdadeiramente democr\u00e1tica, pois \u00e9 a primeira fissura que se abre dessa barreira que parecia intranspon\u00edvel e que rompe o cord\u00e3o umbilical com a elite cafeeira 8 d\u00e9cadas depois do seu surgimento, fruto de uma luta hist\u00f3rica do movimento social negro que nunca deixou apagar o hist\u00f3rico de escravismo, o racismo estrutural e a necessidade de repara\u00e7\u00f5es.<\/p>\n<p>Para os desavisados de plant\u00e3o que falar\u00e3o que cotas \u00e9 migalha vale, destacar que a USP \u00e9 uma universidade p\u00fablica e financiada pela maioria da popula\u00e7\u00e3o que n\u00e3o est\u00e1 representada na composi\u00e7\u00e3o de estudantes. 5% do ICMS (Imposto Sobre Circula\u00e7\u00e3o de Mercadorias e Servi\u00e7os) do Estado de S\u00e3o Paulo s\u00e3o para financiar a USP, como todos os produtos e servi\u00e7os que consumimos possui este imposto. Como os tributos no Brasil se concentram no consumo e n\u00e3o na renda, os pobres s\u00e3o os que proporcionalmente mais pagam impostos. Se fizermos um recorte \u00e9tnico\u2013racial veremos como \u00e9 desproporcional o quanto que a popula\u00e7\u00e3o negra em S\u00e3o Paulo financia a universidade e o seu percentual dentro dela.<\/p>\n<p>V\u00e1rios estudos apontam o quanto o acesso ao ensino superior \u00e9 um canal de ascens\u00e3o social das fam\u00edlias mais pobres. Portanto, ampliar o acesso a universidade \u00e9 uma forma bastante eficiente de combater a viol\u00eancia e enfrentar outros problemas sociais derivados da profunda desigualdade em nosso pa\u00eds.<\/p>\n<p>O ingresso \u00e9 apenas o primeiro passo, ainda teremos o debate de perman\u00eancia, do curr\u00edculo, do acesso a p\u00f3s-gradua\u00e7\u00e3o. Vale destacar que dos 6 mil professores da universidade apenas 120 s\u00e3o negros, sendo sua ampla maioria no campo das ci\u00eancias exatas. Diversificar a universidade tamb\u00e9m significa diversificar a produ\u00e7\u00e3o de conhecimento, possibilitar m\u00faltiplos olhares e colocar o conhecimento a servi\u00e7o da sociedade e n\u00e3o apenas de uma elite.<\/p>\n","protected":false},"excerpt":{"rendered":"<p>Artigo publicado originalmente na revista F\u00f3rum O dia 4 de julho de 2017 entrar\u00e1 para hist\u00f3ria como o dia que a maior universidade brasileira inicia o seu processo de democratiza\u00e7\u00e3o. Ap\u00f3s mais de um d\u00e9cada e meia de implementa\u00e7\u00e3o do sistema de reservas de vagas nas mais diversas universidades do pa\u00eds, 5 anos ap\u00f3s o [&hellip;]<\/p>\n","protected":false},"author":2,"featured_media":17146,"comment_status":"open","ping_status":"open","sticky":false,"template":"","format":"standard","meta":{"_acf_changed":false,"footnotes":""},"categories":[3,1882,2208],"tags":[3388,2436,1816,12,2275,5,765,3379,2501],"class_list":{"0":"post-17145","1":"post","2":"type-post","3":"status-publish","4":"format-standard","5":"has-post-thumbnail","7":"category-artigos-e-entrevistas","8":"category-brasil","9":"category-educacao","10":"tag-comunidades-indigenas","11":"tag-cotas-raciais","12":"tag-estudantes","13":"tag-indigenas","14":"tag-joselicio-junior","15":"tag-negras","16":"tag-negros","17":"tag-pardos","18":"tag-usp"},"acf":[],"yoast_head":"<!-- This site is optimized with the Yoast SEO plugin v26.5 - https:\/\/yoast.com\/wordpress\/plugins\/seo\/ -->\n<title>Josel\u00edcio J\u00fanior | Cotas Raciais na USP! Finalmente um in\u00edcio de democracia - PSOL 50<\/title>\n<meta name=\"robots\" content=\"index, follow, max-snippet:-1, max-image-preview:large, max-video-preview:-1\" \/>\n<link rel=\"canonical\" href=\"https:\/\/psol50.org.br\/joselicio-junior-cotas-raciais-na-usp-finalmente-um-inicio-de-democracia\/\" \/>\n<meta property=\"og:locale\" content=\"pt_BR\" \/>\n<meta property=\"og:type\" content=\"article\" \/>\n<meta property=\"og:title\" content=\"Josel\u00edcio J\u00fanior | Cotas Raciais na USP! Finalmente um in\u00edcio de democracia - PSOL 50\" \/>\n<meta property=\"og:description\" content=\"Artigo publicado originalmente na revista F\u00f3rum O dia 4 de julho de 2017 entrar\u00e1 para hist\u00f3ria como o dia que a maior universidade brasileira inicia o seu processo de democratiza\u00e7\u00e3o. Ap\u00f3s mais de um d\u00e9cada e meia de implementa\u00e7\u00e3o do sistema de reservas de vagas nas mais diversas universidades do pa\u00eds, 5 anos ap\u00f3s o [&hellip;]\" \/>\n<meta property=\"og:url\" content=\"https:\/\/psol50.org.br\/joselicio-junior-cotas-raciais-na-usp-finalmente-um-inicio-de-democracia\/\" \/>\n<meta property=\"og:site_name\" content=\"PSOL 50\" \/>\n<meta property=\"article:publisher\" content=\"https:\/\/www.facebook.com\/psol50\" \/>\n<meta property=\"article:published_time\" content=\"2017-07-06T13:47:26+00:00\" \/>\n<meta property=\"og:image\" content=\"https:\/\/psol50.org.br\/inc\/uploads\/2018\/07\/capa.png\" \/>\n\t<meta property=\"og:image:width\" content=\"1350\" \/>\n\t<meta property=\"og:image:height\" content=\"900\" \/>\n\t<meta property=\"og:image:type\" content=\"image\/png\" \/>\n<meta name=\"author\" content=\"Comunica\u00e7\u00e3o PSOL\" \/>\n<meta name=\"twitter:card\" content=\"summary_large_image\" \/>\n<meta name=\"twitter:creator\" content=\"@psol50\" \/>\n<meta name=\"twitter:site\" content=\"@psol50\" \/>\n<meta name=\"twitter:label1\" content=\"Escrito por\" \/>\n\t<meta name=\"twitter:data1\" content=\"Comunica\u00e7\u00e3o PSOL\" \/>\n\t<meta name=\"twitter:label2\" content=\"Est. tempo de leitura\" \/>\n\t<meta name=\"twitter:data2\" content=\"3 minutos\" \/>\n<script type=\"application\/ld+json\" class=\"yoast-schema-graph\">{\"@context\":\"https:\/\/schema.org\",\"@graph\":[{\"@type\":\"Article\",\"@id\":\"https:\/\/psol50.org.br\/joselicio-junior-cotas-raciais-na-usp-finalmente-um-inicio-de-democracia\/#article\",\"isPartOf\":{\"@id\":\"https:\/\/psol50.org.br\/joselicio-junior-cotas-raciais-na-usp-finalmente-um-inicio-de-democracia\/\"},\"author\":{\"name\":\"Comunica\u00e7\u00e3o PSOL\",\"@id\":\"https:\/\/psol50.org.br\/#\/schema\/person\/475dfa57d0b815993c714c2e96491fcd\"},\"headline\":\"Josel\u00edcio J\u00fanior | Cotas Raciais na USP! Finalmente um in\u00edcio de democracia\",\"datePublished\":\"2017-07-06T13:47:26+00:00\",\"mainEntityOfPage\":{\"@id\":\"https:\/\/psol50.org.br\/joselicio-junior-cotas-raciais-na-usp-finalmente-um-inicio-de-democracia\/\"},\"wordCount\":606,\"commentCount\":0,\"publisher\":{\"@id\":\"https:\/\/psol50.org.br\/#organization\"},\"image\":{\"@id\":\"https:\/\/psol50.org.br\/joselicio-junior-cotas-raciais-na-usp-finalmente-um-inicio-de-democracia\/#primaryimage\"},\"thumbnailUrl\":\"\",\"keywords\":[\"comunidades ind\u00edgenas\",\"cotas raciais\",\"estudantes\",\"Ind\u00edgenas\",\"Joselicio Junior\",\"negras\",\"negros\",\"pardos\",\"USP\"],\"articleSection\":[\"Artigos\",\"Brasil\",\"Educa\u00e7\u00e3o\"],\"inLanguage\":\"pt-BR\",\"potentialAction\":[{\"@type\":\"CommentAction\",\"name\":\"Comment\",\"target\":[\"https:\/\/psol50.org.br\/joselicio-junior-cotas-raciais-na-usp-finalmente-um-inicio-de-democracia\/#respond\"]}]},{\"@type\":\"WebPage\",\"@id\":\"https:\/\/psol50.org.br\/joselicio-junior-cotas-raciais-na-usp-finalmente-um-inicio-de-democracia\/\",\"url\":\"https:\/\/psol50.org.br\/joselicio-junior-cotas-raciais-na-usp-finalmente-um-inicio-de-democracia\/\",\"name\":\"Josel\u00edcio J\u00fanior | Cotas Raciais na USP! Finalmente um in\u00edcio de democracia - PSOL 50\",\"isPartOf\":{\"@id\":\"https:\/\/psol50.org.br\/#website\"},\"primaryImageOfPage\":{\"@id\":\"https:\/\/psol50.org.br\/joselicio-junior-cotas-raciais-na-usp-finalmente-um-inicio-de-democracia\/#primaryimage\"},\"image\":{\"@id\":\"https:\/\/psol50.org.br\/joselicio-junior-cotas-raciais-na-usp-finalmente-um-inicio-de-democracia\/#primaryimage\"},\"thumbnailUrl\":\"\",\"datePublished\":\"2017-07-06T13:47:26+00:00\",\"breadcrumb\":{\"@id\":\"https:\/\/psol50.org.br\/joselicio-junior-cotas-raciais-na-usp-finalmente-um-inicio-de-democracia\/#breadcrumb\"},\"inLanguage\":\"pt-BR\",\"potentialAction\":[{\"@type\":\"ReadAction\",\"target\":[\"https:\/\/psol50.org.br\/joselicio-junior-cotas-raciais-na-usp-finalmente-um-inicio-de-democracia\/\"]}]},{\"@type\":\"ImageObject\",\"inLanguage\":\"pt-BR\",\"@id\":\"https:\/\/psol50.org.br\/joselicio-junior-cotas-raciais-na-usp-finalmente-um-inicio-de-democracia\/#primaryimage\",\"url\":\"\",\"contentUrl\":\"\"},{\"@type\":\"BreadcrumbList\",\"@id\":\"https:\/\/psol50.org.br\/joselicio-junior-cotas-raciais-na-usp-finalmente-um-inicio-de-democracia\/#breadcrumb\",\"itemListElement\":[{\"@type\":\"ListItem\",\"position\":1,\"name\":\"In\u00edcio\",\"item\":\"https:\/\/psol50.org.br\/\"},{\"@type\":\"ListItem\",\"position\":2,\"name\":\"Josel\u00edcio J\u00fanior | Cotas Raciais na USP! Finalmente um in\u00edcio de democracia\"}]},{\"@type\":\"WebSite\",\"@id\":\"https:\/\/psol50.org.br\/#website\",\"url\":\"https:\/\/psol50.org.br\/\",\"name\":\"PSOL 50\",\"description\":\"Site oficial do Partido Socialismo e Liberdade\",\"publisher\":{\"@id\":\"https:\/\/psol50.org.br\/#organization\"},\"alternateName\":\"PSOL50\",\"potentialAction\":[{\"@type\":\"SearchAction\",\"target\":{\"@type\":\"EntryPoint\",\"urlTemplate\":\"https:\/\/psol50.org.br\/?s={search_term_string}\"},\"query-input\":{\"@type\":\"PropertyValueSpecification\",\"valueRequired\":true,\"valueName\":\"search_term_string\"}}],\"inLanguage\":\"pt-BR\"},{\"@type\":\"Organization\",\"@id\":\"https:\/\/psol50.org.br\/#organization\",\"name\":\"PSOL 50\",\"alternateName\":\"PSOL 50\",\"url\":\"https:\/\/psol50.org.br\/\",\"logo\":{\"@type\":\"ImageObject\",\"inLanguage\":\"pt-BR\",\"@id\":\"https:\/\/psol50.org.br\/#\/schema\/logo\/image\/\",\"url\":\"https:\/\/psol50.org.br\/inc\/uploads\/2018\/07\/capa.png\",\"contentUrl\":\"https:\/\/psol50.org.br\/inc\/uploads\/2018\/07\/capa.png\",\"width\":1350,\"height\":900,\"caption\":\"PSOL 50\"},\"image\":{\"@id\":\"https:\/\/psol50.org.br\/#\/schema\/logo\/image\/\"},\"sameAs\":[\"https:\/\/www.facebook.com\/psol50\",\"https:\/\/x.com\/psol50\",\"https:\/\/www.instagram.com\/psol50\/\",\"https:\/\/www.youtube.com\/channel\/UC7SnJS5o1os7a6CaiNabzcg\"]},{\"@type\":\"Person\",\"@id\":\"https:\/\/psol50.org.br\/#\/schema\/person\/475dfa57d0b815993c714c2e96491fcd\",\"name\":\"Comunica\u00e7\u00e3o PSOL\",\"image\":{\"@type\":\"ImageObject\",\"inLanguage\":\"pt-BR\",\"@id\":\"https:\/\/psol50.org.br\/#\/schema\/person\/image\/\",\"url\":\"https:\/\/secure.gravatar.com\/avatar\/b34fc4f4e468a4e51785917065a3db57b841f5c95dba6ad8c73aaf8f66f8f9bf?s=96&d=mm&r=g\",\"contentUrl\":\"https:\/\/secure.gravatar.com\/avatar\/b34fc4f4e468a4e51785917065a3db57b841f5c95dba6ad8c73aaf8f66f8f9bf?s=96&d=mm&r=g\",\"caption\":\"Comunica\u00e7\u00e3o PSOL\"}}]}<\/script>\n<!-- \/ Yoast SEO plugin. -->","yoast_head_json":{"title":"Josel\u00edcio J\u00fanior | Cotas Raciais na USP! Finalmente um in\u00edcio de democracia - PSOL 50","robots":{"index":"index","follow":"follow","max-snippet":"max-snippet:-1","max-image-preview":"max-image-preview:large","max-video-preview":"max-video-preview:-1"},"canonical":"https:\/\/psol50.org.br\/joselicio-junior-cotas-raciais-na-usp-finalmente-um-inicio-de-democracia\/","og_locale":"pt_BR","og_type":"article","og_title":"Josel\u00edcio J\u00fanior | Cotas Raciais na USP! Finalmente um in\u00edcio de democracia - PSOL 50","og_description":"Artigo publicado originalmente na revista F\u00f3rum O dia 4 de julho de 2017 entrar\u00e1 para hist\u00f3ria como o dia que a maior universidade brasileira inicia o seu processo de democratiza\u00e7\u00e3o. Ap\u00f3s mais de um d\u00e9cada e meia de implementa\u00e7\u00e3o do sistema de reservas de vagas nas mais diversas universidades do pa\u00eds, 5 anos ap\u00f3s o [&hellip;]","og_url":"https:\/\/psol50.org.br\/joselicio-junior-cotas-raciais-na-usp-finalmente-um-inicio-de-democracia\/","og_site_name":"PSOL 50","article_publisher":"https:\/\/www.facebook.com\/psol50","article_published_time":"2017-07-06T13:47:26+00:00","og_image":[{"width":1350,"height":900,"url":"https:\/\/psol50.org.br\/inc\/uploads\/2018\/07\/capa.png","type":"image\/png"}],"author":"Comunica\u00e7\u00e3o PSOL","twitter_card":"summary_large_image","twitter_creator":"@psol50","twitter_site":"@psol50","twitter_misc":{"Escrito por":"Comunica\u00e7\u00e3o PSOL","Est. tempo de leitura":"3 minutos"},"schema":{"@context":"https:\/\/schema.org","@graph":[{"@type":"Article","@id":"https:\/\/psol50.org.br\/joselicio-junior-cotas-raciais-na-usp-finalmente-um-inicio-de-democracia\/#article","isPartOf":{"@id":"https:\/\/psol50.org.br\/joselicio-junior-cotas-raciais-na-usp-finalmente-um-inicio-de-democracia\/"},"author":{"name":"Comunica\u00e7\u00e3o PSOL","@id":"https:\/\/psol50.org.br\/#\/schema\/person\/475dfa57d0b815993c714c2e96491fcd"},"headline":"Josel\u00edcio J\u00fanior | Cotas Raciais na USP! Finalmente um in\u00edcio de democracia","datePublished":"2017-07-06T13:47:26+00:00","mainEntityOfPage":{"@id":"https:\/\/psol50.org.br\/joselicio-junior-cotas-raciais-na-usp-finalmente-um-inicio-de-democracia\/"},"wordCount":606,"commentCount":0,"publisher":{"@id":"https:\/\/psol50.org.br\/#organization"},"image":{"@id":"https:\/\/psol50.org.br\/joselicio-junior-cotas-raciais-na-usp-finalmente-um-inicio-de-democracia\/#primaryimage"},"thumbnailUrl":"","keywords":["comunidades ind\u00edgenas","cotas raciais","estudantes","Ind\u00edgenas","Joselicio Junior","negras","negros","pardos","USP"],"articleSection":["Artigos","Brasil","Educa\u00e7\u00e3o"],"inLanguage":"pt-BR","potentialAction":[{"@type":"CommentAction","name":"Comment","target":["https:\/\/psol50.org.br\/joselicio-junior-cotas-raciais-na-usp-finalmente-um-inicio-de-democracia\/#respond"]}]},{"@type":"WebPage","@id":"https:\/\/psol50.org.br\/joselicio-junior-cotas-raciais-na-usp-finalmente-um-inicio-de-democracia\/","url":"https:\/\/psol50.org.br\/joselicio-junior-cotas-raciais-na-usp-finalmente-um-inicio-de-democracia\/","name":"Josel\u00edcio J\u00fanior | Cotas Raciais na USP! Finalmente um in\u00edcio de democracia - PSOL 50","isPartOf":{"@id":"https:\/\/psol50.org.br\/#website"},"primaryImageOfPage":{"@id":"https:\/\/psol50.org.br\/joselicio-junior-cotas-raciais-na-usp-finalmente-um-inicio-de-democracia\/#primaryimage"},"image":{"@id":"https:\/\/psol50.org.br\/joselicio-junior-cotas-raciais-na-usp-finalmente-um-inicio-de-democracia\/#primaryimage"},"thumbnailUrl":"","datePublished":"2017-07-06T13:47:26+00:00","breadcrumb":{"@id":"https:\/\/psol50.org.br\/joselicio-junior-cotas-raciais-na-usp-finalmente-um-inicio-de-democracia\/#breadcrumb"},"inLanguage":"pt-BR","potentialAction":[{"@type":"ReadAction","target":["https:\/\/psol50.org.br\/joselicio-junior-cotas-raciais-na-usp-finalmente-um-inicio-de-democracia\/"]}]},{"@type":"ImageObject","inLanguage":"pt-BR","@id":"https:\/\/psol50.org.br\/joselicio-junior-cotas-raciais-na-usp-finalmente-um-inicio-de-democracia\/#primaryimage","url":"","contentUrl":""},{"@type":"BreadcrumbList","@id":"https:\/\/psol50.org.br\/joselicio-junior-cotas-raciais-na-usp-finalmente-um-inicio-de-democracia\/#breadcrumb","itemListElement":[{"@type":"ListItem","position":1,"name":"In\u00edcio","item":"https:\/\/psol50.org.br\/"},{"@type":"ListItem","position":2,"name":"Josel\u00edcio J\u00fanior | Cotas Raciais na USP! Finalmente um in\u00edcio de democracia"}]},{"@type":"WebSite","@id":"https:\/\/psol50.org.br\/#website","url":"https:\/\/psol50.org.br\/","name":"PSOL 50","description":"Site oficial do Partido Socialismo e Liberdade","publisher":{"@id":"https:\/\/psol50.org.br\/#organization"},"alternateName":"PSOL50","potentialAction":[{"@type":"SearchAction","target":{"@type":"EntryPoint","urlTemplate":"https:\/\/psol50.org.br\/?s={search_term_string}"},"query-input":{"@type":"PropertyValueSpecification","valueRequired":true,"valueName":"search_term_string"}}],"inLanguage":"pt-BR"},{"@type":"Organization","@id":"https:\/\/psol50.org.br\/#organization","name":"PSOL 50","alternateName":"PSOL 50","url":"https:\/\/psol50.org.br\/","logo":{"@type":"ImageObject","inLanguage":"pt-BR","@id":"https:\/\/psol50.org.br\/#\/schema\/logo\/image\/","url":"https:\/\/psol50.org.br\/inc\/uploads\/2018\/07\/capa.png","contentUrl":"https:\/\/psol50.org.br\/inc\/uploads\/2018\/07\/capa.png","width":1350,"height":900,"caption":"PSOL 50"},"image":{"@id":"https:\/\/psol50.org.br\/#\/schema\/logo\/image\/"},"sameAs":["https:\/\/www.facebook.com\/psol50","https:\/\/x.com\/psol50","https:\/\/www.instagram.com\/psol50\/","https:\/\/www.youtube.com\/channel\/UC7SnJS5o1os7a6CaiNabzcg"]},{"@type":"Person","@id":"https:\/\/psol50.org.br\/#\/schema\/person\/475dfa57d0b815993c714c2e96491fcd","name":"Comunica\u00e7\u00e3o PSOL","image":{"@type":"ImageObject","inLanguage":"pt-BR","@id":"https:\/\/psol50.org.br\/#\/schema\/person\/image\/","url":"https:\/\/secure.gravatar.com\/avatar\/b34fc4f4e468a4e51785917065a3db57b841f5c95dba6ad8c73aaf8f66f8f9bf?s=96&d=mm&r=g","contentUrl":"https:\/\/secure.gravatar.com\/avatar\/b34fc4f4e468a4e51785917065a3db57b841f5c95dba6ad8c73aaf8f66f8f9bf?s=96&d=mm&r=g","caption":"Comunica\u00e7\u00e3o PSOL"}}]}},"_links":{"self":[{"href":"https:\/\/psol50.org.br\/rest\/wp\/v2\/posts\/17145","targetHints":{"allow":["GET"]}}],"collection":[{"href":"https:\/\/psol50.org.br\/rest\/wp\/v2\/posts"}],"about":[{"href":"https:\/\/psol50.org.br\/rest\/wp\/v2\/types\/post"}],"author":[{"embeddable":true,"href":"https:\/\/psol50.org.br\/rest\/wp\/v2\/users\/2"}],"replies":[{"embeddable":true,"href":"https:\/\/psol50.org.br\/rest\/wp\/v2\/comments?post=17145"}],"version-history":[{"count":0,"href":"https:\/\/psol50.org.br\/rest\/wp\/v2\/posts\/17145\/revisions"}],"wp:featuredmedia":[{"embeddable":true,"href":"https:\/\/psol50.org.br\/rest\/"}],"wp:attachment":[{"href":"https:\/\/psol50.org.br\/rest\/wp\/v2\/media?parent=17145"}],"wp:term":[{"taxonomy":"category","embeddable":true,"href":"https:\/\/psol50.org.br\/rest\/wp\/v2\/categories?post=17145"},{"taxonomy":"post_tag","embeddable":true,"href":"https:\/\/psol50.org.br\/rest\/wp\/v2\/tags?post=17145"}],"curies":[{"name":"wp","href":"https:\/\/api.w.org\/{rel}","templated":true}]}}