{"id":17148,"date":"2017-07-06T16:25:59","date_gmt":"2017-07-06T16:25:59","guid":{"rendered":"http:\/\/www.psol50.org.br\/?p=17148"},"modified":"2017-07-06T16:25:59","modified_gmt":"2017-07-06T16:25:59","slug":"conselho-de-etica-do-senado-aprova-arquivamento-definitivo-de-processo-contra-aecio","status":"publish","type":"post","link":"https:\/\/psol50.org.br\/conselho-de-etica-do-senado-aprova-arquivamento-definitivo-de-processo-contra-aecio\/","title":{"rendered":"Conselho de \u00c9tica do Senado aprova arquivamento definitivo de processo contra A\u00e9cio"},"content":{"rendered":"<p>Em reuni\u00e3o realizada nesta quinta-feira (06\/07), o Conselho de \u00c9tica do Senado decidiu arquivar, em definitivo, o processo que pede a cassa\u00e7\u00e3o do senador A\u00e9cio Neves (PSDB-MG). Por 11 votos a 4, o colegiado decidiu n\u00e3o aceitar o recurso contra o arquivamento do pedido, <a href=\"http:\/\/www.psol50.org.br\/blog\/2017\/05\/19\/psol-e-rede-pedem-cassacao-de-aecio-neves\/\" target=\"_blank\" rel=\"noopener\"><strong><span style=\"color: #0000ff;\">protocolado em maio pelo PSOL e pela Rede<\/span><\/strong><\/a>.<\/p>\n<p>No processo, os dois partidos consideravam o fato de o ex-presidente nacional do PSDB ter sido gravado\u00a0 <strong><a href=\"http:\/\/www.psol50.org.br\/blog\/2017\/05\/18\/psol-defende-imediata-prisao-de-aecio-neves-ja-afastado-do-mandato-de-senador\/\"><span style=\"color: #0000ff;\">pedindo R$2 milh\u00f5es para os operadores da JBS<\/span><\/a><\/strong>, empresa dona de uma das maiores ind\u00fastrias aliment\u00edcias do mundo. No \u00e1udio de\u00a0Joesley Batista, um dos donos da JBS, A\u00e9cio justifica o pedido dizendo que precisava da quantia para pagar sua defesa na Lava Jato. O tucano j\u00e1 \u00e9 alvo de seis inqu\u00e9ritos no Supremo Tribunal Federal (STF) relacionados \u00e0 opera\u00e7\u00e3o.<\/p>\n<p>A decis\u00e3o de hoje confirma a atitude do presidente do Conselho de \u00c9tica , senador\u00a0Jo\u00e3o Alberto Souza (PMDB-MA), que h\u00e1 duas semanas resolveu arquivar, em decis\u00e3o monocr\u00e1tica, a a\u00e7\u00e3o por quebra de decoro parlamentar contra o senador tucano. Ap\u00f3s a medida de Souza, senadores da oposi\u00e7\u00e3o apresentaram recurso pedindo a reabertura do processo.<\/p>\n<p>A\u00e9cio ficou afastado do seu mandato de senador por 46 dias, a mando do ministro do Supremo, Edson Fachin, relator da Lava Jato. Mas uma decis\u00e3o do ministro Marco Aur\u00e9lio Mello, do STF, na semana passada, determinou o retorno de A\u00e9cio ao seu cargo.<\/p>\n<p>O l\u00edder do PSOL na C\u00e2mara, Glauber Braga, disse, \u00e0 \u00e9poca do protocolo do processo no Senado, que a cassa\u00e7\u00e3o do parlamentar \u00e9 a \u00fanica alternativa que o Senado t\u00eam para que efetivamente se tenham respostas jur\u00eddicas e pol\u00edticas sobre as den\u00fancias contra ele. \u201cV\u00e1rios componentes do di\u00e1logo entre A\u00e9cio e Joesley t\u00eam que ser esclarecidos\u201d, afirmou Glauber, na ocasi\u00e3o.<\/p>\n<p>Hoje, ao saber da vota\u00e7\u00e3o do Conselho, Glauber criticou o arquivamento e destacou que os aliados de A\u00e9cio querem abafar as investiga\u00e7\u00f5es. &#8220;Voc\u00eas lembram quando a gente dizia que essa turma do PMDB e do PSDB n\u00e3o estava lutando coisa nenhuma contra a corrup\u00e7\u00e3o? Olha a\u00ed. O Conselho de \u00c9tica do Senado aprovou, agora pouco, que o senador A\u00e9cio n\u00e3o vai ser sequer investigado&#8221;.<\/p>\n<p>Assista ao coment\u00e1rio do deputado:<\/p>\n<p><a href=\"https:\/\/www.facebook.com\/glauber.braga1\/videos\/834081323415557\/\">https:\/\/www.facebook.com\/glauber.braga1\/videos\/834081323415557\/<\/a><\/p>\n<p>O PSOL continuar\u00e1 denunciando os abusos de poder e desvios de \u00e9tica cometidos na pol\u00edtica brasileira, comprovados, escancaradamente, em casos como esses, do arquivamento do processo pela cassa\u00e7\u00e3o de A\u00e9cio Neves.<\/p>\n","protected":false},"excerpt":{"rendered":"<p>Em reuni\u00e3o realizada nesta quinta-feira (06\/07), o Conselho de \u00c9tica do Senado decidiu arquivar, em definitivo, o processo que pede a cassa\u00e7\u00e3o do senador A\u00e9cio Neves (PSDB-MG). Por 11 votos a 4, o colegiado decidiu n\u00e3o aceitar o recurso contra o arquivamento do pedido, protocolado em maio pelo PSOL e pela Rede. No processo, os [&hellip;]<\/p>\n","protected":false},"author":2,"featured_media":16608,"comment_status":"open","ping_status":"open","sticky":false,"template":"","format":"standard","meta":{"_acf_changed":false,"footnotes":""},"categories":[10,1882,6],"tags":[3063,278,3389,2345,3221,3244,1030,1590,22,924],"class_list":{"0":"post-17148","1":"post","2":"type-post","3":"status-publish","4":"format-standard","5":"has-post-thumbnail","7":"category-acao-parlamentares","8":"category-brasil","9":"category-noticias","10":"tag-aecio-neves","11":"tag-cassacao","12":"tag-conselho-de-etica-do-senado","13":"tag-decoro-parlamentar","14":"tag-jbs","15":"tag-joesley-batista","16":"tag-processo","17":"tag-psdb","18":"tag-psol","19":"tag-rede"},"acf":[],"yoast_head":"<!-- This site is optimized with the Yoast SEO plugin v26.5 - https:\/\/yoast.com\/wordpress\/plugins\/seo\/ -->\n<title>Conselho de \u00c9tica do Senado aprova arquivamento definitivo de processo contra A\u00e9cio - PSOL 50<\/title>\n<meta name=\"robots\" content=\"index, follow, max-snippet:-1, max-image-preview:large, max-video-preview:-1\" \/>\n<link rel=\"canonical\" href=\"https:\/\/psol50.org.br\/conselho-de-etica-do-senado-aprova-arquivamento-definitivo-de-processo-contra-aecio\/\" \/>\n<meta property=\"og:locale\" content=\"pt_BR\" \/>\n<meta property=\"og:type\" content=\"article\" \/>\n<meta property=\"og:title\" content=\"Conselho de \u00c9tica do Senado aprova arquivamento definitivo de processo contra A\u00e9cio - PSOL 50\" \/>\n<meta property=\"og:description\" content=\"Em reuni\u00e3o realizada nesta quinta-feira (06\/07), o Conselho de \u00c9tica do Senado decidiu arquivar, em definitivo, o processo que pede a cassa\u00e7\u00e3o do senador A\u00e9cio Neves (PSDB-MG). Por 11 votos a 4, o colegiado decidiu n\u00e3o aceitar o recurso contra o arquivamento do pedido, protocolado em maio pelo PSOL e pela Rede. No processo, os [&hellip;]\" \/>\n<meta property=\"og:url\" content=\"https:\/\/psol50.org.br\/conselho-de-etica-do-senado-aprova-arquivamento-definitivo-de-processo-contra-aecio\/\" \/>\n<meta property=\"og:site_name\" content=\"PSOL 50\" \/>\n<meta property=\"article:publisher\" content=\"https:\/\/www.facebook.com\/psol50\" \/>\n<meta property=\"article:published_time\" content=\"2017-07-06T16:25:59+00:00\" \/>\n<meta property=\"og:image\" content=\"https:\/\/psol50.org.br\/inc\/uploads\/2018\/07\/capa.png\" \/>\n\t<meta property=\"og:image:width\" content=\"1350\" \/>\n\t<meta property=\"og:image:height\" content=\"900\" \/>\n\t<meta property=\"og:image:type\" content=\"image\/png\" \/>\n<meta name=\"author\" content=\"Comunica\u00e7\u00e3o PSOL\" \/>\n<meta name=\"twitter:card\" content=\"summary_large_image\" \/>\n<meta name=\"twitter:creator\" content=\"@psol50\" \/>\n<meta name=\"twitter:site\" content=\"@psol50\" \/>\n<meta name=\"twitter:label1\" content=\"Escrito por\" \/>\n\t<meta name=\"twitter:data1\" content=\"Comunica\u00e7\u00e3o PSOL\" \/>\n\t<meta name=\"twitter:label2\" content=\"Est. tempo de leitura\" \/>\n\t<meta name=\"twitter:data2\" content=\"2 minutos\" \/>\n<script type=\"application\/ld+json\" class=\"yoast-schema-graph\">{\"@context\":\"https:\/\/schema.org\",\"@graph\":[{\"@type\":\"Article\",\"@id\":\"https:\/\/psol50.org.br\/conselho-de-etica-do-senado-aprova-arquivamento-definitivo-de-processo-contra-aecio\/#article\",\"isPartOf\":{\"@id\":\"https:\/\/psol50.org.br\/conselho-de-etica-do-senado-aprova-arquivamento-definitivo-de-processo-contra-aecio\/\"},\"author\":{\"name\":\"Comunica\u00e7\u00e3o PSOL\",\"@id\":\"https:\/\/psol50.org.br\/#\/schema\/person\/475dfa57d0b815993c714c2e96491fcd\"},\"headline\":\"Conselho de \u00c9tica do Senado aprova arquivamento definitivo de processo contra A\u00e9cio\",\"datePublished\":\"2017-07-06T16:25:59+00:00\",\"mainEntityOfPage\":{\"@id\":\"https:\/\/psol50.org.br\/conselho-de-etica-do-senado-aprova-arquivamento-definitivo-de-processo-contra-aecio\/\"},\"wordCount\":445,\"commentCount\":0,\"publisher\":{\"@id\":\"https:\/\/psol50.org.br\/#organization\"},\"image\":{\"@id\":\"https:\/\/psol50.org.br\/conselho-de-etica-do-senado-aprova-arquivamento-definitivo-de-processo-contra-aecio\/#primaryimage\"},\"thumbnailUrl\":\"\",\"keywords\":[\"A\u00e9cio Neves\",\"cassa\u00e7\u00e3o\",\"Conselho de \u00c9tica do Senado\",\"decoro parlamentar\",\"JBS\",\"Joesley Batista\",\"processo\",\"PSDB\",\"PSOL\",\"Rede\"],\"articleSection\":[\"A\u00e7\u00e3o Parlamentar\",\"Brasil\",\"Not\u00edcias\"],\"inLanguage\":\"pt-BR\",\"potentialAction\":[{\"@type\":\"CommentAction\",\"name\":\"Comment\",\"target\":[\"https:\/\/psol50.org.br\/conselho-de-etica-do-senado-aprova-arquivamento-definitivo-de-processo-contra-aecio\/#respond\"]}]},{\"@type\":\"WebPage\",\"@id\":\"https:\/\/psol50.org.br\/conselho-de-etica-do-senado-aprova-arquivamento-definitivo-de-processo-contra-aecio\/\",\"url\":\"https:\/\/psol50.org.br\/conselho-de-etica-do-senado-aprova-arquivamento-definitivo-de-processo-contra-aecio\/\",\"name\":\"Conselho de \u00c9tica do Senado aprova arquivamento definitivo de processo contra A\u00e9cio - PSOL 50\",\"isPartOf\":{\"@id\":\"https:\/\/psol50.org.br\/#website\"},\"primaryImageOfPage\":{\"@id\":\"https:\/\/psol50.org.br\/conselho-de-etica-do-senado-aprova-arquivamento-definitivo-de-processo-contra-aecio\/#primaryimage\"},\"image\":{\"@id\":\"https:\/\/psol50.org.br\/conselho-de-etica-do-senado-aprova-arquivamento-definitivo-de-processo-contra-aecio\/#primaryimage\"},\"thumbnailUrl\":\"\",\"datePublished\":\"2017-07-06T16:25:59+00:00\",\"breadcrumb\":{\"@id\":\"https:\/\/psol50.org.br\/conselho-de-etica-do-senado-aprova-arquivamento-definitivo-de-processo-contra-aecio\/#breadcrumb\"},\"inLanguage\":\"pt-BR\",\"potentialAction\":[{\"@type\":\"ReadAction\",\"target\":[\"https:\/\/psol50.org.br\/conselho-de-etica-do-senado-aprova-arquivamento-definitivo-de-processo-contra-aecio\/\"]}]},{\"@type\":\"ImageObject\",\"inLanguage\":\"pt-BR\",\"@id\":\"https:\/\/psol50.org.br\/conselho-de-etica-do-senado-aprova-arquivamento-definitivo-de-processo-contra-aecio\/#primaryimage\",\"url\":\"\",\"contentUrl\":\"\"},{\"@type\":\"BreadcrumbList\",\"@id\":\"https:\/\/psol50.org.br\/conselho-de-etica-do-senado-aprova-arquivamento-definitivo-de-processo-contra-aecio\/#breadcrumb\",\"itemListElement\":[{\"@type\":\"ListItem\",\"position\":1,\"name\":\"In\u00edcio\",\"item\":\"https:\/\/psol50.org.br\/\"},{\"@type\":\"ListItem\",\"position\":2,\"name\":\"Conselho de \u00c9tica do Senado aprova arquivamento definitivo de processo contra A\u00e9cio\"}]},{\"@type\":\"WebSite\",\"@id\":\"https:\/\/psol50.org.br\/#website\",\"url\":\"https:\/\/psol50.org.br\/\",\"name\":\"PSOL 50\",\"description\":\"Site oficial do Partido Socialismo e Liberdade\",\"publisher\":{\"@id\":\"https:\/\/psol50.org.br\/#organization\"},\"alternateName\":\"PSOL50\",\"potentialAction\":[{\"@type\":\"SearchAction\",\"target\":{\"@type\":\"EntryPoint\",\"urlTemplate\":\"https:\/\/psol50.org.br\/?s={search_term_string}\"},\"query-input\":{\"@type\":\"PropertyValueSpecification\",\"valueRequired\":true,\"valueName\":\"search_term_string\"}}],\"inLanguage\":\"pt-BR\"},{\"@type\":\"Organization\",\"@id\":\"https:\/\/psol50.org.br\/#organization\",\"name\":\"PSOL 50\",\"alternateName\":\"PSOL 50\",\"url\":\"https:\/\/psol50.org.br\/\",\"logo\":{\"@type\":\"ImageObject\",\"inLanguage\":\"pt-BR\",\"@id\":\"https:\/\/psol50.org.br\/#\/schema\/logo\/image\/\",\"url\":\"https:\/\/psol50.org.br\/inc\/uploads\/2018\/07\/capa.png\",\"contentUrl\":\"https:\/\/psol50.org.br\/inc\/uploads\/2018\/07\/capa.png\",\"width\":1350,\"height\":900,\"caption\":\"PSOL 50\"},\"image\":{\"@id\":\"https:\/\/psol50.org.br\/#\/schema\/logo\/image\/\"},\"sameAs\":[\"https:\/\/www.facebook.com\/psol50\",\"https:\/\/x.com\/psol50\",\"https:\/\/www.instagram.com\/psol50\/\",\"https:\/\/www.youtube.com\/channel\/UC7SnJS5o1os7a6CaiNabzcg\"]},{\"@type\":\"Person\",\"@id\":\"https:\/\/psol50.org.br\/#\/schema\/person\/475dfa57d0b815993c714c2e96491fcd\",\"name\":\"Comunica\u00e7\u00e3o PSOL\",\"image\":{\"@type\":\"ImageObject\",\"inLanguage\":\"pt-BR\",\"@id\":\"https:\/\/psol50.org.br\/#\/schema\/person\/image\/\",\"url\":\"https:\/\/secure.gravatar.com\/avatar\/b34fc4f4e468a4e51785917065a3db57b841f5c95dba6ad8c73aaf8f66f8f9bf?s=96&d=mm&r=g\",\"contentUrl\":\"https:\/\/secure.gravatar.com\/avatar\/b34fc4f4e468a4e51785917065a3db57b841f5c95dba6ad8c73aaf8f66f8f9bf?s=96&d=mm&r=g\",\"caption\":\"Comunica\u00e7\u00e3o PSOL\"}}]}<\/script>\n<!-- \/ Yoast SEO plugin. -->","yoast_head_json":{"title":"Conselho de \u00c9tica do Senado aprova arquivamento definitivo de processo contra A\u00e9cio - PSOL 50","robots":{"index":"index","follow":"follow","max-snippet":"max-snippet:-1","max-image-preview":"max-image-preview:large","max-video-preview":"max-video-preview:-1"},"canonical":"https:\/\/psol50.org.br\/conselho-de-etica-do-senado-aprova-arquivamento-definitivo-de-processo-contra-aecio\/","og_locale":"pt_BR","og_type":"article","og_title":"Conselho de \u00c9tica do Senado aprova arquivamento definitivo de processo contra A\u00e9cio - PSOL 50","og_description":"Em reuni\u00e3o realizada nesta quinta-feira (06\/07), o Conselho de \u00c9tica do Senado decidiu arquivar, em definitivo, o processo que pede a cassa\u00e7\u00e3o do senador A\u00e9cio Neves (PSDB-MG). Por 11 votos a 4, o colegiado decidiu n\u00e3o aceitar o recurso contra o arquivamento do pedido, protocolado em maio pelo PSOL e pela Rede. No processo, os [&hellip;]","og_url":"https:\/\/psol50.org.br\/conselho-de-etica-do-senado-aprova-arquivamento-definitivo-de-processo-contra-aecio\/","og_site_name":"PSOL 50","article_publisher":"https:\/\/www.facebook.com\/psol50","article_published_time":"2017-07-06T16:25:59+00:00","og_image":[{"width":1350,"height":900,"url":"https:\/\/psol50.org.br\/inc\/uploads\/2018\/07\/capa.png","type":"image\/png"}],"author":"Comunica\u00e7\u00e3o PSOL","twitter_card":"summary_large_image","twitter_creator":"@psol50","twitter_site":"@psol50","twitter_misc":{"Escrito por":"Comunica\u00e7\u00e3o PSOL","Est. tempo de leitura":"2 minutos"},"schema":{"@context":"https:\/\/schema.org","@graph":[{"@type":"Article","@id":"https:\/\/psol50.org.br\/conselho-de-etica-do-senado-aprova-arquivamento-definitivo-de-processo-contra-aecio\/#article","isPartOf":{"@id":"https:\/\/psol50.org.br\/conselho-de-etica-do-senado-aprova-arquivamento-definitivo-de-processo-contra-aecio\/"},"author":{"name":"Comunica\u00e7\u00e3o PSOL","@id":"https:\/\/psol50.org.br\/#\/schema\/person\/475dfa57d0b815993c714c2e96491fcd"},"headline":"Conselho de \u00c9tica do Senado aprova arquivamento definitivo de processo contra A\u00e9cio","datePublished":"2017-07-06T16:25:59+00:00","mainEntityOfPage":{"@id":"https:\/\/psol50.org.br\/conselho-de-etica-do-senado-aprova-arquivamento-definitivo-de-processo-contra-aecio\/"},"wordCount":445,"commentCount":0,"publisher":{"@id":"https:\/\/psol50.org.br\/#organization"},"image":{"@id":"https:\/\/psol50.org.br\/conselho-de-etica-do-senado-aprova-arquivamento-definitivo-de-processo-contra-aecio\/#primaryimage"},"thumbnailUrl":"","keywords":["A\u00e9cio Neves","cassa\u00e7\u00e3o","Conselho de \u00c9tica do Senado","decoro parlamentar","JBS","Joesley Batista","processo","PSDB","PSOL","Rede"],"articleSection":["A\u00e7\u00e3o Parlamentar","Brasil","Not\u00edcias"],"inLanguage":"pt-BR","potentialAction":[{"@type":"CommentAction","name":"Comment","target":["https:\/\/psol50.org.br\/conselho-de-etica-do-senado-aprova-arquivamento-definitivo-de-processo-contra-aecio\/#respond"]}]},{"@type":"WebPage","@id":"https:\/\/psol50.org.br\/conselho-de-etica-do-senado-aprova-arquivamento-definitivo-de-processo-contra-aecio\/","url":"https:\/\/psol50.org.br\/conselho-de-etica-do-senado-aprova-arquivamento-definitivo-de-processo-contra-aecio\/","name":"Conselho de \u00c9tica do Senado aprova arquivamento definitivo de processo contra A\u00e9cio - PSOL 50","isPartOf":{"@id":"https:\/\/psol50.org.br\/#website"},"primaryImageOfPage":{"@id":"https:\/\/psol50.org.br\/conselho-de-etica-do-senado-aprova-arquivamento-definitivo-de-processo-contra-aecio\/#primaryimage"},"image":{"@id":"https:\/\/psol50.org.br\/conselho-de-etica-do-senado-aprova-arquivamento-definitivo-de-processo-contra-aecio\/#primaryimage"},"thumbnailUrl":"","datePublished":"2017-07-06T16:25:59+00:00","breadcrumb":{"@id":"https:\/\/psol50.org.br\/conselho-de-etica-do-senado-aprova-arquivamento-definitivo-de-processo-contra-aecio\/#breadcrumb"},"inLanguage":"pt-BR","potentialAction":[{"@type":"ReadAction","target":["https:\/\/psol50.org.br\/conselho-de-etica-do-senado-aprova-arquivamento-definitivo-de-processo-contra-aecio\/"]}]},{"@type":"ImageObject","inLanguage":"pt-BR","@id":"https:\/\/psol50.org.br\/conselho-de-etica-do-senado-aprova-arquivamento-definitivo-de-processo-contra-aecio\/#primaryimage","url":"","contentUrl":""},{"@type":"BreadcrumbList","@id":"https:\/\/psol50.org.br\/conselho-de-etica-do-senado-aprova-arquivamento-definitivo-de-processo-contra-aecio\/#breadcrumb","itemListElement":[{"@type":"ListItem","position":1,"name":"In\u00edcio","item":"https:\/\/psol50.org.br\/"},{"@type":"ListItem","position":2,"name":"Conselho de \u00c9tica do Senado aprova arquivamento definitivo de processo contra A\u00e9cio"}]},{"@type":"WebSite","@id":"https:\/\/psol50.org.br\/#website","url":"https:\/\/psol50.org.br\/","name":"PSOL 50","description":"Site oficial do Partido Socialismo e Liberdade","publisher":{"@id":"https:\/\/psol50.org.br\/#organization"},"alternateName":"PSOL50","potentialAction":[{"@type":"SearchAction","target":{"@type":"EntryPoint","urlTemplate":"https:\/\/psol50.org.br\/?s={search_term_string}"},"query-input":{"@type":"PropertyValueSpecification","valueRequired":true,"valueName":"search_term_string"}}],"inLanguage":"pt-BR"},{"@type":"Organization","@id":"https:\/\/psol50.org.br\/#organization","name":"PSOL 50","alternateName":"PSOL 50","url":"https:\/\/psol50.org.br\/","logo":{"@type":"ImageObject","inLanguage":"pt-BR","@id":"https:\/\/psol50.org.br\/#\/schema\/logo\/image\/","url":"https:\/\/psol50.org.br\/inc\/uploads\/2018\/07\/capa.png","contentUrl":"https:\/\/psol50.org.br\/inc\/uploads\/2018\/07\/capa.png","width":1350,"height":900,"caption":"PSOL 50"},"image":{"@id":"https:\/\/psol50.org.br\/#\/schema\/logo\/image\/"},"sameAs":["https:\/\/www.facebook.com\/psol50","https:\/\/x.com\/psol50","https:\/\/www.instagram.com\/psol50\/","https:\/\/www.youtube.com\/channel\/UC7SnJS5o1os7a6CaiNabzcg"]},{"@type":"Person","@id":"https:\/\/psol50.org.br\/#\/schema\/person\/475dfa57d0b815993c714c2e96491fcd","name":"Comunica\u00e7\u00e3o PSOL","image":{"@type":"ImageObject","inLanguage":"pt-BR","@id":"https:\/\/psol50.org.br\/#\/schema\/person\/image\/","url":"https:\/\/secure.gravatar.com\/avatar\/b34fc4f4e468a4e51785917065a3db57b841f5c95dba6ad8c73aaf8f66f8f9bf?s=96&d=mm&r=g","contentUrl":"https:\/\/secure.gravatar.com\/avatar\/b34fc4f4e468a4e51785917065a3db57b841f5c95dba6ad8c73aaf8f66f8f9bf?s=96&d=mm&r=g","caption":"Comunica\u00e7\u00e3o PSOL"}}]}},"_links":{"self":[{"href":"https:\/\/psol50.org.br\/rest\/wp\/v2\/posts\/17148","targetHints":{"allow":["GET"]}}],"collection":[{"href":"https:\/\/psol50.org.br\/rest\/wp\/v2\/posts"}],"about":[{"href":"https:\/\/psol50.org.br\/rest\/wp\/v2\/types\/post"}],"author":[{"embeddable":true,"href":"https:\/\/psol50.org.br\/rest\/wp\/v2\/users\/2"}],"replies":[{"embeddable":true,"href":"https:\/\/psol50.org.br\/rest\/wp\/v2\/comments?post=17148"}],"version-history":[{"count":0,"href":"https:\/\/psol50.org.br\/rest\/wp\/v2\/posts\/17148\/revisions"}],"wp:featuredmedia":[{"embeddable":true,"href":"https:\/\/psol50.org.br\/rest\/"}],"wp:attachment":[{"href":"https:\/\/psol50.org.br\/rest\/wp\/v2\/media?parent=17148"}],"wp:term":[{"taxonomy":"category","embeddable":true,"href":"https:\/\/psol50.org.br\/rest\/wp\/v2\/categories?post=17148"},{"taxonomy":"post_tag","embeddable":true,"href":"https:\/\/psol50.org.br\/rest\/wp\/v2\/tags?post=17148"}],"curies":[{"name":"wp","href":"https:\/\/api.w.org\/{rel}","templated":true}]}}