{"id":1715,"date":"2012-02-08T00:00:00","date_gmt":"2012-02-08T00:00:00","guid":{"rendered":"http:\/\/psol50.org.br\/arquivo\/2012\/02\/08\/psol-ap-esclarece-especulacoes-e-reafirma-candidatura-propria-em-2012\/"},"modified":"2012-02-08T00:00:00","modified_gmt":"2012-02-08T00:00:00","slug":"psol-ap-esclarece-especulacoes-e-reafirma-candidatura-propria-em-2012","status":"publish","type":"post","link":"https:\/\/psol50.org.br\/psol-ap-esclarece-especulacoes-e-reafirma-candidatura-propria-em-2012\/","title":{"rendered":"PSOL-AP esclarece especula\u00e7\u00f5es e reafirma candidatura pr\u00f3pria em 2012"},"content":{"rendered":"<p style=\"text-align: justify\"><a href=\"http:\/\/psol50.org.br\/blog\/2012\/02\/08\/psol-ap-esclarece-especulacoes-e-reafirma-candidatura-propria-em-2012\/clecio_marca-2\/\" rel=\"attachment wp-att-13549\"><img loading=\"lazy\" decoding=\"async\" class=\"alignleft size-medium wp-image-13549\" src=\"http:\/\/psol50.org.br\/files\/2012\/02\/cl%C3%A9cio_marca-300x168.jpg\" alt=\"\" width=\"300\" height=\"168\" \/><\/a>Acerca das informa\u00e7\u00f5es divulgadas nesta segunda-feira, 06, a respeito de poss\u00edvel alian\u00e7a para as elei\u00e7\u00f5es 2012 entre os partidos PSOL, PSDB e PPS, a dire\u00e7\u00e3o Estadual esclarece que esteve reunido durante um almo\u00e7o, o vereador Cl\u00e9cio Lu\u00eds, presidente do Diret\u00f3rio Municipal do PSOL, os deputados estaduais Michel JK e Jaci Amanaj\u00e1s, o ex-deputado Jorge Amanaj\u00e1s e o presidente do PPS Alan Sales, al\u00e9m do senador Randolfe Rodrigues.<\/p>\n<p style=\"text-align: justify\">Essa foi mais uma das in\u00fameras reuni\u00f5es que os parlamentares do PSOL est\u00e3o fazendo para dialogar sobre as elei\u00e7\u00f5es 2012. As conversas com os demais partidos fazem parte do esfor\u00e7o do PSOL em propor para as demais for\u00e7as pol\u00edticas uma campanha \u00e9tica, democr\u00e1tica, pautada pelos interesses reais da popula\u00e7\u00e3o e de alto n\u00edvel no debate pol\u00edtico.<\/p>\n<p style=\"text-align: justify\">O que h\u00e1 de fato \u00e9 a pr\u00e9-candidatura do vereador Cl\u00e9cio Lu\u00eds \u00e0 prefeitura de Macap\u00e1, deliberada pelo PSOL. Em seu Congresso Nacional, ocorrido em dezembro passado, o partido aprovou importante resolu\u00e7\u00e3o sobre pol\u00edtica de alian\u00e7as, optando pela amplia\u00e7\u00e3o do \u00e2mbito da frente de esquerda, cabendo aos diret\u00f3rios municipais as conversas com os partidos aliados, e ao Diret\u00f3rio Nacional avaliar caso a caso essas alian\u00e7as pol\u00edticas e sociais.<\/p>\n<p style=\"text-align: justify\">Coliga\u00e7\u00e3o com o PSDB n\u00e3o est\u00e1 contemplada nesse leque de alian\u00e7as, por\u00e9m o di\u00e1logo com todas as express\u00f5es da pol\u00edtica \u00e9 democr\u00e1tico e faz parte da conduta civilizada na pol\u00edtica. \u00c9 importante para Macap\u00e1 e para o PSOL ampliar o arco de alian\u00e7as com partidos que possam se aproximar de seu programa, com todos os setores que tenham como base um programa de transforma\u00e7\u00f5es que a popula\u00e7\u00e3o macapaense anseia. As especula\u00e7\u00f5es a respeito de alian\u00e7as s\u00e3o naturais, uma vez que a disputa pela prefeitura de Macap\u00e1 envolve v\u00e1rios atores.<\/p>\n<p style=\"text-align: justify\"><em><strong>Macap\u00e1, 07\/02\/2012<\/strong><\/em><\/p>\n<p style=\"text-align: justify\"><em><strong>Executiva Estadual do PSOL-AP<\/strong><\/em><\/p>\n<ul style=\"text-align: justify\">\n<li><strong>Dejalma do Espirito Santo \u2013 Presidente<\/strong><\/li>\n<li><strong>Renato Ata\u00edde &#8211; Secretario Geral<\/strong><\/li>\n<li><strong>Gilmar Tendes &#8211; Secretario de Finan\u00e7as<\/strong><\/li>\n<li><strong>Yosseffi Lima &#8211; Secretario de Organiza\u00e7\u00e3o<\/strong><\/li>\n<li><strong>Aroldo Rabelo &#8211; Secretario Sindical<\/strong><\/li>\n<li><strong>Bruno Ribeiro &#8211; Secretario de Mov.Sociais<\/strong><\/li>\n<li><strong>Emilio Fa\u00e7anha &#8211; Secretario de Comunica\u00e7\u00e3o<\/strong><\/li>\n<li><strong>Maykom Magalh\u00e3es -Secretario de Interior<\/strong><\/li>\n<li><strong>Janaina Carvalho &#8211; Secretaria de Direitos Humanos<\/strong><\/li>\n<li><strong>Carliendell Magalh\u00e3es &#8211; Secretario de Juventude<\/strong><\/li>\n<\/ul>\n<p style=\"text-align: justify\">\n","protected":false},"excerpt":{"rendered":"<p>Acerca das informa\u00e7\u00f5es divulgadas nesta segunda-feira, 06, a respeito de poss\u00edvel alian\u00e7a para as elei\u00e7\u00f5es 2012 entre os partidos PSOL, PSDB e PPS, a dire\u00e7\u00e3o Estadual esclarece que esteve reunido durante um almo\u00e7o, o vereador Cl\u00e9cio Lu\u00eds, presidente do Diret\u00f3rio Municipal do PSOL, os deputados estaduais Michel JK e Jaci Amanaj\u00e1s, o ex-deputado Jorge Amanaj\u00e1s [&hellip;]<\/p>\n","protected":false},"author":2,"featured_media":0,"comment_status":"open","ping_status":"open","sticky":false,"template":"","format":"standard","meta":{"_acf_changed":false,"footnotes":""},"categories":[4766],"tags":[22],"class_list":{"0":"post-1715","1":"post","2":"type-post","3":"status-publish","4":"format-standard","6":"category-arquivo","7":"tag-psol"},"acf":[],"yoast_head":"<!-- This site is optimized with the Yoast SEO plugin v26.5 - https:\/\/yoast.com\/wordpress\/plugins\/seo\/ -->\n<title>PSOL-AP esclarece especula\u00e7\u00f5es e reafirma candidatura pr\u00f3pria em 2012 - PSOL 50<\/title>\n<meta name=\"robots\" content=\"index, follow, max-snippet:-1, max-image-preview:large, max-video-preview:-1\" \/>\n<link rel=\"canonical\" href=\"https:\/\/psol50.org.br\/psol-ap-esclarece-especulacoes-e-reafirma-candidatura-propria-em-2012\/\" \/>\n<meta property=\"og:locale\" content=\"pt_BR\" \/>\n<meta property=\"og:type\" content=\"article\" \/>\n<meta property=\"og:title\" content=\"PSOL-AP esclarece especula\u00e7\u00f5es e reafirma candidatura pr\u00f3pria em 2012 - PSOL 50\" \/>\n<meta property=\"og:description\" content=\"Acerca das informa\u00e7\u00f5es divulgadas nesta segunda-feira, 06, a respeito de poss\u00edvel alian\u00e7a para as elei\u00e7\u00f5es 2012 entre os partidos PSOL, PSDB e PPS, a dire\u00e7\u00e3o Estadual esclarece que esteve reunido durante um almo\u00e7o, o vereador Cl\u00e9cio Lu\u00eds, presidente do Diret\u00f3rio Municipal do PSOL, os deputados estaduais Michel JK e Jaci Amanaj\u00e1s, o ex-deputado Jorge Amanaj\u00e1s [&hellip;]\" \/>\n<meta property=\"og:url\" content=\"https:\/\/psol50.org.br\/psol-ap-esclarece-especulacoes-e-reafirma-candidatura-propria-em-2012\/\" \/>\n<meta property=\"og:site_name\" content=\"PSOL 50\" \/>\n<meta property=\"article:publisher\" content=\"https:\/\/www.facebook.com\/psol50\" \/>\n<meta property=\"article:published_time\" content=\"2012-02-08T00:00:00+00:00\" \/>\n<meta property=\"og:image\" content=\"http:\/\/psol50.org.br\/files\/2012\/02\/cl%C3%A9cio_marca-300x168.jpg\" \/>\n<meta name=\"author\" content=\"Comunica\u00e7\u00e3o PSOL\" \/>\n<meta name=\"twitter:card\" content=\"summary_large_image\" \/>\n<meta name=\"twitter:creator\" content=\"@psol50\" \/>\n<meta name=\"twitter:site\" content=\"@psol50\" \/>\n<meta name=\"twitter:label1\" content=\"Escrito por\" \/>\n\t<meta name=\"twitter:data1\" content=\"Comunica\u00e7\u00e3o PSOL\" \/>\n\t<meta name=\"twitter:label2\" content=\"Est. tempo de leitura\" \/>\n\t<meta name=\"twitter:data2\" content=\"2 minutos\" \/>\n<script type=\"application\/ld+json\" class=\"yoast-schema-graph\">{\"@context\":\"https:\/\/schema.org\",\"@graph\":[{\"@type\":\"Article\",\"@id\":\"https:\/\/psol50.org.br\/psol-ap-esclarece-especulacoes-e-reafirma-candidatura-propria-em-2012\/#article\",\"isPartOf\":{\"@id\":\"https:\/\/psol50.org.br\/psol-ap-esclarece-especulacoes-e-reafirma-candidatura-propria-em-2012\/\"},\"author\":{\"name\":\"Comunica\u00e7\u00e3o PSOL\",\"@id\":\"https:\/\/psol50.org.br\/#\/schema\/person\/475dfa57d0b815993c714c2e96491fcd\"},\"headline\":\"PSOL-AP esclarece especula\u00e7\u00f5es e reafirma candidatura pr\u00f3pria em 2012\",\"datePublished\":\"2012-02-08T00:00:00+00:00\",\"mainEntityOfPage\":{\"@id\":\"https:\/\/psol50.org.br\/psol-ap-esclarece-especulacoes-e-reafirma-candidatura-propria-em-2012\/\"},\"wordCount\":403,\"commentCount\":0,\"publisher\":{\"@id\":\"https:\/\/psol50.org.br\/#organization\"},\"image\":{\"@id\":\"https:\/\/psol50.org.br\/psol-ap-esclarece-especulacoes-e-reafirma-candidatura-propria-em-2012\/#primaryimage\"},\"thumbnailUrl\":\"http:\/\/psol50.org.br\/files\/2012\/02\/cl%C3%A9cio_marca-300x168.jpg\",\"keywords\":[\"PSOL\"],\"articleSection\":[\"Arquivo\"],\"inLanguage\":\"pt-BR\",\"potentialAction\":[{\"@type\":\"CommentAction\",\"name\":\"Comment\",\"target\":[\"https:\/\/psol50.org.br\/psol-ap-esclarece-especulacoes-e-reafirma-candidatura-propria-em-2012\/#respond\"]}]},{\"@type\":\"WebPage\",\"@id\":\"https:\/\/psol50.org.br\/psol-ap-esclarece-especulacoes-e-reafirma-candidatura-propria-em-2012\/\",\"url\":\"https:\/\/psol50.org.br\/psol-ap-esclarece-especulacoes-e-reafirma-candidatura-propria-em-2012\/\",\"name\":\"PSOL-AP esclarece especula\u00e7\u00f5es e reafirma candidatura pr\u00f3pria em 2012 - PSOL 50\",\"isPartOf\":{\"@id\":\"https:\/\/psol50.org.br\/#website\"},\"primaryImageOfPage\":{\"@id\":\"https:\/\/psol50.org.br\/psol-ap-esclarece-especulacoes-e-reafirma-candidatura-propria-em-2012\/#primaryimage\"},\"image\":{\"@id\":\"https:\/\/psol50.org.br\/psol-ap-esclarece-especulacoes-e-reafirma-candidatura-propria-em-2012\/#primaryimage\"},\"thumbnailUrl\":\"http:\/\/psol50.org.br\/files\/2012\/02\/cl%C3%A9cio_marca-300x168.jpg\",\"datePublished\":\"2012-02-08T00:00:00+00:00\",\"breadcrumb\":{\"@id\":\"https:\/\/psol50.org.br\/psol-ap-esclarece-especulacoes-e-reafirma-candidatura-propria-em-2012\/#breadcrumb\"},\"inLanguage\":\"pt-BR\",\"potentialAction\":[{\"@type\":\"ReadAction\",\"target\":[\"https:\/\/psol50.org.br\/psol-ap-esclarece-especulacoes-e-reafirma-candidatura-propria-em-2012\/\"]}]},{\"@type\":\"ImageObject\",\"inLanguage\":\"pt-BR\",\"@id\":\"https:\/\/psol50.org.br\/psol-ap-esclarece-especulacoes-e-reafirma-candidatura-propria-em-2012\/#primaryimage\",\"url\":\"http:\/\/psol50.org.br\/files\/2012\/02\/cl%C3%A9cio_marca-300x168.jpg\",\"contentUrl\":\"http:\/\/psol50.org.br\/files\/2012\/02\/cl%C3%A9cio_marca-300x168.jpg\"},{\"@type\":\"BreadcrumbList\",\"@id\":\"https:\/\/psol50.org.br\/psol-ap-esclarece-especulacoes-e-reafirma-candidatura-propria-em-2012\/#breadcrumb\",\"itemListElement\":[{\"@type\":\"ListItem\",\"position\":1,\"name\":\"In\u00edcio\",\"item\":\"https:\/\/psol50.org.br\/\"},{\"@type\":\"ListItem\",\"position\":2,\"name\":\"PSOL-AP esclarece especula\u00e7\u00f5es e reafirma candidatura pr\u00f3pria em 2012\"}]},{\"@type\":\"WebSite\",\"@id\":\"https:\/\/psol50.org.br\/#website\",\"url\":\"https:\/\/psol50.org.br\/\",\"name\":\"PSOL 50\",\"description\":\"Site oficial do Partido Socialismo e Liberdade\",\"publisher\":{\"@id\":\"https:\/\/psol50.org.br\/#organization\"},\"alternateName\":\"PSOL50\",\"potentialAction\":[{\"@type\":\"SearchAction\",\"target\":{\"@type\":\"EntryPoint\",\"urlTemplate\":\"https:\/\/psol50.org.br\/?s={search_term_string}\"},\"query-input\":{\"@type\":\"PropertyValueSpecification\",\"valueRequired\":true,\"valueName\":\"search_term_string\"}}],\"inLanguage\":\"pt-BR\"},{\"@type\":\"Organization\",\"@id\":\"https:\/\/psol50.org.br\/#organization\",\"name\":\"PSOL 50\",\"alternateName\":\"PSOL 50\",\"url\":\"https:\/\/psol50.org.br\/\",\"logo\":{\"@type\":\"ImageObject\",\"inLanguage\":\"pt-BR\",\"@id\":\"https:\/\/psol50.org.br\/#\/schema\/logo\/image\/\",\"url\":\"https:\/\/psol50.org.br\/inc\/uploads\/2018\/07\/capa.png\",\"contentUrl\":\"https:\/\/psol50.org.br\/inc\/uploads\/2018\/07\/capa.png\",\"width\":1350,\"height\":900,\"caption\":\"PSOL 50\"},\"image\":{\"@id\":\"https:\/\/psol50.org.br\/#\/schema\/logo\/image\/\"},\"sameAs\":[\"https:\/\/www.facebook.com\/psol50\",\"https:\/\/x.com\/psol50\",\"https:\/\/www.instagram.com\/psol50\/\",\"https:\/\/www.youtube.com\/channel\/UC7SnJS5o1os7a6CaiNabzcg\"]},{\"@type\":\"Person\",\"@id\":\"https:\/\/psol50.org.br\/#\/schema\/person\/475dfa57d0b815993c714c2e96491fcd\",\"name\":\"Comunica\u00e7\u00e3o PSOL\",\"image\":{\"@type\":\"ImageObject\",\"inLanguage\":\"pt-BR\",\"@id\":\"https:\/\/psol50.org.br\/#\/schema\/person\/image\/\",\"url\":\"https:\/\/secure.gravatar.com\/avatar\/b34fc4f4e468a4e51785917065a3db57b841f5c95dba6ad8c73aaf8f66f8f9bf?s=96&d=mm&r=g\",\"contentUrl\":\"https:\/\/secure.gravatar.com\/avatar\/b34fc4f4e468a4e51785917065a3db57b841f5c95dba6ad8c73aaf8f66f8f9bf?s=96&d=mm&r=g\",\"caption\":\"Comunica\u00e7\u00e3o PSOL\"}}]}<\/script>\n<!-- \/ Yoast SEO plugin. -->","yoast_head_json":{"title":"PSOL-AP esclarece especula\u00e7\u00f5es e reafirma candidatura pr\u00f3pria em 2012 - PSOL 50","robots":{"index":"index","follow":"follow","max-snippet":"max-snippet:-1","max-image-preview":"max-image-preview:large","max-video-preview":"max-video-preview:-1"},"canonical":"https:\/\/psol50.org.br\/psol-ap-esclarece-especulacoes-e-reafirma-candidatura-propria-em-2012\/","og_locale":"pt_BR","og_type":"article","og_title":"PSOL-AP esclarece especula\u00e7\u00f5es e reafirma candidatura pr\u00f3pria em 2012 - PSOL 50","og_description":"Acerca das informa\u00e7\u00f5es divulgadas nesta segunda-feira, 06, a respeito de poss\u00edvel alian\u00e7a para as elei\u00e7\u00f5es 2012 entre os partidos PSOL, PSDB e PPS, a dire\u00e7\u00e3o Estadual esclarece que esteve reunido durante um almo\u00e7o, o vereador Cl\u00e9cio Lu\u00eds, presidente do Diret\u00f3rio Municipal do PSOL, os deputados estaduais Michel JK e Jaci Amanaj\u00e1s, o ex-deputado Jorge Amanaj\u00e1s [&hellip;]","og_url":"https:\/\/psol50.org.br\/psol-ap-esclarece-especulacoes-e-reafirma-candidatura-propria-em-2012\/","og_site_name":"PSOL 50","article_publisher":"https:\/\/www.facebook.com\/psol50","article_published_time":"2012-02-08T00:00:00+00:00","og_image":[{"url":"http:\/\/psol50.org.br\/files\/2012\/02\/cl%C3%A9cio_marca-300x168.jpg","type":"","width":"","height":""}],"author":"Comunica\u00e7\u00e3o PSOL","twitter_card":"summary_large_image","twitter_creator":"@psol50","twitter_site":"@psol50","twitter_misc":{"Escrito por":"Comunica\u00e7\u00e3o PSOL","Est. tempo de leitura":"2 minutos"},"schema":{"@context":"https:\/\/schema.org","@graph":[{"@type":"Article","@id":"https:\/\/psol50.org.br\/psol-ap-esclarece-especulacoes-e-reafirma-candidatura-propria-em-2012\/#article","isPartOf":{"@id":"https:\/\/psol50.org.br\/psol-ap-esclarece-especulacoes-e-reafirma-candidatura-propria-em-2012\/"},"author":{"name":"Comunica\u00e7\u00e3o PSOL","@id":"https:\/\/psol50.org.br\/#\/schema\/person\/475dfa57d0b815993c714c2e96491fcd"},"headline":"PSOL-AP esclarece especula\u00e7\u00f5es e reafirma candidatura pr\u00f3pria em 2012","datePublished":"2012-02-08T00:00:00+00:00","mainEntityOfPage":{"@id":"https:\/\/psol50.org.br\/psol-ap-esclarece-especulacoes-e-reafirma-candidatura-propria-em-2012\/"},"wordCount":403,"commentCount":0,"publisher":{"@id":"https:\/\/psol50.org.br\/#organization"},"image":{"@id":"https:\/\/psol50.org.br\/psol-ap-esclarece-especulacoes-e-reafirma-candidatura-propria-em-2012\/#primaryimage"},"thumbnailUrl":"http:\/\/psol50.org.br\/files\/2012\/02\/cl%C3%A9cio_marca-300x168.jpg","keywords":["PSOL"],"articleSection":["Arquivo"],"inLanguage":"pt-BR","potentialAction":[{"@type":"CommentAction","name":"Comment","target":["https:\/\/psol50.org.br\/psol-ap-esclarece-especulacoes-e-reafirma-candidatura-propria-em-2012\/#respond"]}]},{"@type":"WebPage","@id":"https:\/\/psol50.org.br\/psol-ap-esclarece-especulacoes-e-reafirma-candidatura-propria-em-2012\/","url":"https:\/\/psol50.org.br\/psol-ap-esclarece-especulacoes-e-reafirma-candidatura-propria-em-2012\/","name":"PSOL-AP esclarece especula\u00e7\u00f5es e reafirma candidatura pr\u00f3pria em 2012 - PSOL 50","isPartOf":{"@id":"https:\/\/psol50.org.br\/#website"},"primaryImageOfPage":{"@id":"https:\/\/psol50.org.br\/psol-ap-esclarece-especulacoes-e-reafirma-candidatura-propria-em-2012\/#primaryimage"},"image":{"@id":"https:\/\/psol50.org.br\/psol-ap-esclarece-especulacoes-e-reafirma-candidatura-propria-em-2012\/#primaryimage"},"thumbnailUrl":"http:\/\/psol50.org.br\/files\/2012\/02\/cl%C3%A9cio_marca-300x168.jpg","datePublished":"2012-02-08T00:00:00+00:00","breadcrumb":{"@id":"https:\/\/psol50.org.br\/psol-ap-esclarece-especulacoes-e-reafirma-candidatura-propria-em-2012\/#breadcrumb"},"inLanguage":"pt-BR","potentialAction":[{"@type":"ReadAction","target":["https:\/\/psol50.org.br\/psol-ap-esclarece-especulacoes-e-reafirma-candidatura-propria-em-2012\/"]}]},{"@type":"ImageObject","inLanguage":"pt-BR","@id":"https:\/\/psol50.org.br\/psol-ap-esclarece-especulacoes-e-reafirma-candidatura-propria-em-2012\/#primaryimage","url":"http:\/\/psol50.org.br\/files\/2012\/02\/cl%C3%A9cio_marca-300x168.jpg","contentUrl":"http:\/\/psol50.org.br\/files\/2012\/02\/cl%C3%A9cio_marca-300x168.jpg"},{"@type":"BreadcrumbList","@id":"https:\/\/psol50.org.br\/psol-ap-esclarece-especulacoes-e-reafirma-candidatura-propria-em-2012\/#breadcrumb","itemListElement":[{"@type":"ListItem","position":1,"name":"In\u00edcio","item":"https:\/\/psol50.org.br\/"},{"@type":"ListItem","position":2,"name":"PSOL-AP esclarece especula\u00e7\u00f5es e reafirma candidatura pr\u00f3pria em 2012"}]},{"@type":"WebSite","@id":"https:\/\/psol50.org.br\/#website","url":"https:\/\/psol50.org.br\/","name":"PSOL 50","description":"Site oficial do Partido Socialismo e Liberdade","publisher":{"@id":"https:\/\/psol50.org.br\/#organization"},"alternateName":"PSOL50","potentialAction":[{"@type":"SearchAction","target":{"@type":"EntryPoint","urlTemplate":"https:\/\/psol50.org.br\/?s={search_term_string}"},"query-input":{"@type":"PropertyValueSpecification","valueRequired":true,"valueName":"search_term_string"}}],"inLanguage":"pt-BR"},{"@type":"Organization","@id":"https:\/\/psol50.org.br\/#organization","name":"PSOL 50","alternateName":"PSOL 50","url":"https:\/\/psol50.org.br\/","logo":{"@type":"ImageObject","inLanguage":"pt-BR","@id":"https:\/\/psol50.org.br\/#\/schema\/logo\/image\/","url":"https:\/\/psol50.org.br\/inc\/uploads\/2018\/07\/capa.png","contentUrl":"https:\/\/psol50.org.br\/inc\/uploads\/2018\/07\/capa.png","width":1350,"height":900,"caption":"PSOL 50"},"image":{"@id":"https:\/\/psol50.org.br\/#\/schema\/logo\/image\/"},"sameAs":["https:\/\/www.facebook.com\/psol50","https:\/\/x.com\/psol50","https:\/\/www.instagram.com\/psol50\/","https:\/\/www.youtube.com\/channel\/UC7SnJS5o1os7a6CaiNabzcg"]},{"@type":"Person","@id":"https:\/\/psol50.org.br\/#\/schema\/person\/475dfa57d0b815993c714c2e96491fcd","name":"Comunica\u00e7\u00e3o PSOL","image":{"@type":"ImageObject","inLanguage":"pt-BR","@id":"https:\/\/psol50.org.br\/#\/schema\/person\/image\/","url":"https:\/\/secure.gravatar.com\/avatar\/b34fc4f4e468a4e51785917065a3db57b841f5c95dba6ad8c73aaf8f66f8f9bf?s=96&d=mm&r=g","contentUrl":"https:\/\/secure.gravatar.com\/avatar\/b34fc4f4e468a4e51785917065a3db57b841f5c95dba6ad8c73aaf8f66f8f9bf?s=96&d=mm&r=g","caption":"Comunica\u00e7\u00e3o PSOL"}}]}},"_links":{"self":[{"href":"https:\/\/psol50.org.br\/rest\/wp\/v2\/posts\/1715","targetHints":{"allow":["GET"]}}],"collection":[{"href":"https:\/\/psol50.org.br\/rest\/wp\/v2\/posts"}],"about":[{"href":"https:\/\/psol50.org.br\/rest\/wp\/v2\/types\/post"}],"author":[{"embeddable":true,"href":"https:\/\/psol50.org.br\/rest\/wp\/v2\/users\/2"}],"replies":[{"embeddable":true,"href":"https:\/\/psol50.org.br\/rest\/wp\/v2\/comments?post=1715"}],"version-history":[{"count":0,"href":"https:\/\/psol50.org.br\/rest\/wp\/v2\/posts\/1715\/revisions"}],"wp:attachment":[{"href":"https:\/\/psol50.org.br\/rest\/wp\/v2\/media?parent=1715"}],"wp:term":[{"taxonomy":"category","embeddable":true,"href":"https:\/\/psol50.org.br\/rest\/wp\/v2\/categories?post=1715"},{"taxonomy":"post_tag","embeddable":true,"href":"https:\/\/psol50.org.br\/rest\/wp\/v2\/tags?post=1715"}],"curies":[{"name":"wp","href":"https:\/\/api.w.org\/{rel}","templated":true}]}}