{"id":17152,"date":"2017-07-06T20:25:10","date_gmt":"2017-07-06T20:25:10","guid":{"rendered":"http:\/\/www.psol50.org.br\/?p=17152"},"modified":"2017-07-06T20:25:10","modified_gmt":"2017-07-06T20:25:10","slug":"contra-manobras-psol-quer-votacao-de-processo-contra-temer-depois-do-recesso-parlamentar","status":"publish","type":"post","link":"https:\/\/psol50.org.br\/contra-manobras-psol-quer-votacao-de-processo-contra-temer-depois-do-recesso-parlamentar\/","title":{"rendered":"Contra manobras, PSOL quer vota\u00e7\u00e3o de processo contra Temer depois do recesso parlamentar"},"content":{"rendered":"<p>A bancada do PSOL na C\u00e2mara dos Deputados denunciou, em coletiva de imprensa nesta quinta-feira (06\/07), as manobras da base governista para livrar Michel Temer das den\u00fancias da Procuradoria-Geral da Rep\u00fablica (PGR) por corrup\u00e7\u00e3o passiva no caso da JBS.<\/p>\n<p>Os deputados da base governista articulam para que a vota\u00e7\u00e3o aconte\u00e7a durante o recesso parlamentar, quando o qu\u00f3rum da Casa ser\u00e1 muito baixo. Isso faria com que as chances de Temer aumentassem, j\u00e1 que s\u00e3o necess\u00e1rios ao menos 342 votos para que seja autorizado o in\u00edcio da investiga\u00e7\u00e3o contra o presidente.<\/p>\n<p>J\u00e1 o PSOL luta para garantir transpar\u00eancia e equidade ao processo. A proposta da bancada \u00e9 que a discuss\u00e3o sobre a den\u00fancia aconte\u00e7a durante o recesso, mas a vota\u00e7\u00e3o apenas em agosto, quando todos os deputados estar\u00e3o de volta em Bras\u00edlia.<\/p>\n<p>Al\u00e9m disso, o PSOL quer que vota\u00e7\u00e3o ocorra <a href=\"http:\/\/www.psol50.org.br\/blog\/2017\/06\/27\/psol-quer-sessao-do-julgamento-de-temer-na-camara-com-mesmas-regras-de-votacao-do-impeachment\/\" target=\"_blank\" rel=\"noopener\"><span style=\"color: #3366ff;\"><strong>nos mesmos moldes da sess\u00e3o que abriu o processo de impeachment<\/strong><\/span><\/a> em 2016: em um domingo, com transmiss\u00e3o ao vivo para todo o pa\u00eds e chamada nominal dos deputados.<\/p>\n<p>O l\u00edder do PSOL,\u00a0Glauber Braga, criticou a declara\u00e7\u00e3o do presidente Rodrigo Maia de que abriria a\u00a0 a vota\u00e7\u00e3o quando atingisse o qu\u00f3rum de 342 deputados. \u201cQue hist\u00f3ria \u00e9 essa? Num dia sem qu\u00f3rum alto qualquer vota\u00e7\u00e3o \u00e9 temer\u00e1ria\u201d.<\/p>\n<p>Na coletiva, a bancada do PSOL tamb\u00e9m afirmou que seguir\u00e1 cobrando para que sejam realizadas oitivas na Comiss\u00e3o de Constitui\u00e7\u00e3o e Justi\u00e7a (CCJ) do Procurador-Geral da Rep\u00fablica, Rodrigo Janot, do ex-deputado Rodrigo Rocha Loures e\u00a0de especialista do Instituto Nacional de Criminal\u00edstica para legitimar a grava\u00e7\u00e3o feita pelo empres\u00e1rio Joesley Batista.<\/p>\n<p>Membro da comiss\u00e3o, Chico Alencar afirmou que a defesa apresentada por Temer \u00e9 &#8220;prof\u00edcua em adjetivos e ret\u00f3ricas&#8221;, mas inconsistente por tentar defender o indefens\u00e1vel.\u00a0\u201cA defesa \u00e9 uma pe\u00e7a acusat\u00f3ria ao Minist\u00e9rio P\u00fablico, a Procuradoria Geral da Rep\u00fablica e ao Supremo Tribunal Federal, parte do argumento de que tudo seria fic\u00e7\u00e3o e segue na linha do irreal e fant\u00e1stico\u201d, avaliou o deputado.<\/p>\n<p>A assessoria jur\u00eddica da bancada do PSOL montou uma an\u00e1lise sobre a defesa de Temer, apresentada nesta quarta-feira (05\/07) na C\u00e2mara. <a href=\"http:\/\/www.psolnacamara.org.br\/index.php?option=com_content&amp;view=article&amp;id=3600:psol-denuncia-manobra-da-base-para-tentar-salvar-temer&amp;catid=17&amp;Itemid=71\" target=\"_blank\" rel=\"noopener\"><span style=\"color: #3366ff;\"><strong>Clique aqui para ler<\/strong><\/span><\/a>.<\/p>\n<p>Assista \u00e0 transmiss\u00e3o da coletiva de imprensa da bancada do PSOL na C\u00e2mara:<\/p>\n<p><a href=\"https:\/\/www.facebook.com\/psolnacamara\/videos\/1149180011852895\/\">https:\/\/www.facebook.com\/psolnacamara\/videos\/1149180011852895\/<\/a><\/p>\n<p>&nbsp;<\/p>\n","protected":false},"excerpt":{"rendered":"<p>A bancada do PSOL na C\u00e2mara dos Deputados denunciou, em coletiva de imprensa nesta quinta-feira (06\/07), as manobras da base governista para livrar Michel Temer das den\u00fancias da Procuradoria-Geral da Rep\u00fablica (PGR) por corrup\u00e7\u00e3o passiva no caso da JBS. Os deputados da base governista articulam para que a vota\u00e7\u00e3o aconte\u00e7a durante o recesso parlamentar, quando [&hellip;]<\/p>\n","protected":false},"author":2,"featured_media":17154,"comment_status":"open","ping_status":"open","sticky":false,"template":"","format":"standard","meta":{"_acf_changed":false,"footnotes":""},"categories":[10,1882,6],"tags":[1680,58,79,2169,1191,552,3390,553,1748,1722,417],"class_list":{"0":"post-17152","1":"post","2":"type-post","3":"status-publish","4":"format-standard","5":"has-post-thumbnail","7":"category-acao-parlamentares","8":"category-brasil","9":"category-noticias","10":"tag-chico-alencar","11":"tag-corrupcao","12":"tag-denuncia","13":"tag-fora-temer","14":"tag-glauber-braga","15":"tag-ivan-valente","16":"tag-lideranca-do-psol","17":"tag-luiza-erundina","18":"tag-michel-temer","19":"tag-procuradoria-geral-da-republica","20":"tag-psol-na-camara"},"acf":[],"yoast_head":"<!-- This site is optimized with the Yoast SEO plugin v26.5 - https:\/\/yoast.com\/wordpress\/plugins\/seo\/ -->\n<title>Contra manobras, PSOL quer vota\u00e7\u00e3o de processo contra Temer depois do recesso parlamentar - PSOL 50<\/title>\n<meta name=\"robots\" content=\"index, follow, max-snippet:-1, max-image-preview:large, max-video-preview:-1\" \/>\n<link rel=\"canonical\" href=\"https:\/\/psol50.org.br\/contra-manobras-psol-quer-votacao-de-processo-contra-temer-depois-do-recesso-parlamentar\/\" \/>\n<meta property=\"og:locale\" content=\"pt_BR\" \/>\n<meta property=\"og:type\" content=\"article\" \/>\n<meta property=\"og:title\" content=\"Contra manobras, PSOL quer vota\u00e7\u00e3o de processo contra Temer depois do recesso parlamentar - PSOL 50\" \/>\n<meta property=\"og:description\" content=\"A bancada do PSOL na C\u00e2mara dos Deputados denunciou, em coletiva de imprensa nesta quinta-feira (06\/07), as manobras da base governista para livrar Michel Temer das den\u00fancias da Procuradoria-Geral da Rep\u00fablica (PGR) por corrup\u00e7\u00e3o passiva no caso da JBS. Os deputados da base governista articulam para que a vota\u00e7\u00e3o aconte\u00e7a durante o recesso parlamentar, quando [&hellip;]\" \/>\n<meta property=\"og:url\" content=\"https:\/\/psol50.org.br\/contra-manobras-psol-quer-votacao-de-processo-contra-temer-depois-do-recesso-parlamentar\/\" \/>\n<meta property=\"og:site_name\" content=\"PSOL 50\" \/>\n<meta property=\"article:publisher\" content=\"https:\/\/www.facebook.com\/psol50\" \/>\n<meta property=\"article:published_time\" content=\"2017-07-06T20:25:10+00:00\" \/>\n<meta property=\"og:image\" content=\"https:\/\/psol50.org.br\/inc\/uploads\/2018\/07\/capa.png\" \/>\n\t<meta property=\"og:image:width\" content=\"1350\" \/>\n\t<meta property=\"og:image:height\" content=\"900\" \/>\n\t<meta property=\"og:image:type\" content=\"image\/png\" \/>\n<meta name=\"author\" content=\"Comunica\u00e7\u00e3o PSOL\" \/>\n<meta name=\"twitter:card\" content=\"summary_large_image\" \/>\n<meta name=\"twitter:creator\" content=\"@psol50\" \/>\n<meta name=\"twitter:site\" content=\"@psol50\" \/>\n<meta name=\"twitter:label1\" content=\"Escrito por\" \/>\n\t<meta name=\"twitter:data1\" content=\"Comunica\u00e7\u00e3o PSOL\" \/>\n\t<meta name=\"twitter:label2\" content=\"Est. tempo de leitura\" \/>\n\t<meta name=\"twitter:data2\" content=\"2 minutos\" \/>\n<script type=\"application\/ld+json\" class=\"yoast-schema-graph\">{\"@context\":\"https:\/\/schema.org\",\"@graph\":[{\"@type\":\"Article\",\"@id\":\"https:\/\/psol50.org.br\/contra-manobras-psol-quer-votacao-de-processo-contra-temer-depois-do-recesso-parlamentar\/#article\",\"isPartOf\":{\"@id\":\"https:\/\/psol50.org.br\/contra-manobras-psol-quer-votacao-de-processo-contra-temer-depois-do-recesso-parlamentar\/\"},\"author\":{\"name\":\"Comunica\u00e7\u00e3o PSOL\",\"@id\":\"https:\/\/psol50.org.br\/#\/schema\/person\/475dfa57d0b815993c714c2e96491fcd\"},\"headline\":\"Contra manobras, PSOL quer vota\u00e7\u00e3o de processo contra Temer depois do recesso parlamentar\",\"datePublished\":\"2017-07-06T20:25:10+00:00\",\"mainEntityOfPage\":{\"@id\":\"https:\/\/psol50.org.br\/contra-manobras-psol-quer-votacao-de-processo-contra-temer-depois-do-recesso-parlamentar\/\"},\"wordCount\":426,\"commentCount\":0,\"publisher\":{\"@id\":\"https:\/\/psol50.org.br\/#organization\"},\"image\":{\"@id\":\"https:\/\/psol50.org.br\/contra-manobras-psol-quer-votacao-de-processo-contra-temer-depois-do-recesso-parlamentar\/#primaryimage\"},\"thumbnailUrl\":\"\",\"keywords\":[\"Chico Alencar\",\"corrup\u00e7\u00e3o\",\"den\u00fancia\",\"Fora Temer\",\"Glauber Braga\",\"Ivan Valente\",\"Lideran\u00e7a do PSOL\",\"Luiza Erundina\",\"Michel Temer\",\"Procuradoria Geral da Rep\u00fablica\",\"PSOL na C\u00e2mara\"],\"articleSection\":[\"A\u00e7\u00e3o Parlamentar\",\"Brasil\",\"Not\u00edcias\"],\"inLanguage\":\"pt-BR\",\"potentialAction\":[{\"@type\":\"CommentAction\",\"name\":\"Comment\",\"target\":[\"https:\/\/psol50.org.br\/contra-manobras-psol-quer-votacao-de-processo-contra-temer-depois-do-recesso-parlamentar\/#respond\"]}]},{\"@type\":\"WebPage\",\"@id\":\"https:\/\/psol50.org.br\/contra-manobras-psol-quer-votacao-de-processo-contra-temer-depois-do-recesso-parlamentar\/\",\"url\":\"https:\/\/psol50.org.br\/contra-manobras-psol-quer-votacao-de-processo-contra-temer-depois-do-recesso-parlamentar\/\",\"name\":\"Contra manobras, PSOL quer vota\u00e7\u00e3o de processo contra Temer depois do recesso parlamentar - PSOL 50\",\"isPartOf\":{\"@id\":\"https:\/\/psol50.org.br\/#website\"},\"primaryImageOfPage\":{\"@id\":\"https:\/\/psol50.org.br\/contra-manobras-psol-quer-votacao-de-processo-contra-temer-depois-do-recesso-parlamentar\/#primaryimage\"},\"image\":{\"@id\":\"https:\/\/psol50.org.br\/contra-manobras-psol-quer-votacao-de-processo-contra-temer-depois-do-recesso-parlamentar\/#primaryimage\"},\"thumbnailUrl\":\"\",\"datePublished\":\"2017-07-06T20:25:10+00:00\",\"breadcrumb\":{\"@id\":\"https:\/\/psol50.org.br\/contra-manobras-psol-quer-votacao-de-processo-contra-temer-depois-do-recesso-parlamentar\/#breadcrumb\"},\"inLanguage\":\"pt-BR\",\"potentialAction\":[{\"@type\":\"ReadAction\",\"target\":[\"https:\/\/psol50.org.br\/contra-manobras-psol-quer-votacao-de-processo-contra-temer-depois-do-recesso-parlamentar\/\"]}]},{\"@type\":\"ImageObject\",\"inLanguage\":\"pt-BR\",\"@id\":\"https:\/\/psol50.org.br\/contra-manobras-psol-quer-votacao-de-processo-contra-temer-depois-do-recesso-parlamentar\/#primaryimage\",\"url\":\"\",\"contentUrl\":\"\"},{\"@type\":\"BreadcrumbList\",\"@id\":\"https:\/\/psol50.org.br\/contra-manobras-psol-quer-votacao-de-processo-contra-temer-depois-do-recesso-parlamentar\/#breadcrumb\",\"itemListElement\":[{\"@type\":\"ListItem\",\"position\":1,\"name\":\"In\u00edcio\",\"item\":\"https:\/\/psol50.org.br\/\"},{\"@type\":\"ListItem\",\"position\":2,\"name\":\"Contra manobras, PSOL quer vota\u00e7\u00e3o de processo contra Temer depois do recesso parlamentar\"}]},{\"@type\":\"WebSite\",\"@id\":\"https:\/\/psol50.org.br\/#website\",\"url\":\"https:\/\/psol50.org.br\/\",\"name\":\"PSOL 50\",\"description\":\"Site oficial do Partido Socialismo e Liberdade\",\"publisher\":{\"@id\":\"https:\/\/psol50.org.br\/#organization\"},\"alternateName\":\"PSOL50\",\"potentialAction\":[{\"@type\":\"SearchAction\",\"target\":{\"@type\":\"EntryPoint\",\"urlTemplate\":\"https:\/\/psol50.org.br\/?s={search_term_string}\"},\"query-input\":{\"@type\":\"PropertyValueSpecification\",\"valueRequired\":true,\"valueName\":\"search_term_string\"}}],\"inLanguage\":\"pt-BR\"},{\"@type\":\"Organization\",\"@id\":\"https:\/\/psol50.org.br\/#organization\",\"name\":\"PSOL 50\",\"alternateName\":\"PSOL 50\",\"url\":\"https:\/\/psol50.org.br\/\",\"logo\":{\"@type\":\"ImageObject\",\"inLanguage\":\"pt-BR\",\"@id\":\"https:\/\/psol50.org.br\/#\/schema\/logo\/image\/\",\"url\":\"https:\/\/psol50.org.br\/inc\/uploads\/2018\/07\/capa.png\",\"contentUrl\":\"https:\/\/psol50.org.br\/inc\/uploads\/2018\/07\/capa.png\",\"width\":1350,\"height\":900,\"caption\":\"PSOL 50\"},\"image\":{\"@id\":\"https:\/\/psol50.org.br\/#\/schema\/logo\/image\/\"},\"sameAs\":[\"https:\/\/www.facebook.com\/psol50\",\"https:\/\/x.com\/psol50\",\"https:\/\/www.instagram.com\/psol50\/\",\"https:\/\/www.youtube.com\/channel\/UC7SnJS5o1os7a6CaiNabzcg\"]},{\"@type\":\"Person\",\"@id\":\"https:\/\/psol50.org.br\/#\/schema\/person\/475dfa57d0b815993c714c2e96491fcd\",\"name\":\"Comunica\u00e7\u00e3o PSOL\",\"image\":{\"@type\":\"ImageObject\",\"inLanguage\":\"pt-BR\",\"@id\":\"https:\/\/psol50.org.br\/#\/schema\/person\/image\/\",\"url\":\"https:\/\/secure.gravatar.com\/avatar\/b34fc4f4e468a4e51785917065a3db57b841f5c95dba6ad8c73aaf8f66f8f9bf?s=96&d=mm&r=g\",\"contentUrl\":\"https:\/\/secure.gravatar.com\/avatar\/b34fc4f4e468a4e51785917065a3db57b841f5c95dba6ad8c73aaf8f66f8f9bf?s=96&d=mm&r=g\",\"caption\":\"Comunica\u00e7\u00e3o PSOL\"}}]}<\/script>\n<!-- \/ Yoast SEO plugin. -->","yoast_head_json":{"title":"Contra manobras, PSOL quer vota\u00e7\u00e3o de processo contra Temer depois do recesso parlamentar - PSOL 50","robots":{"index":"index","follow":"follow","max-snippet":"max-snippet:-1","max-image-preview":"max-image-preview:large","max-video-preview":"max-video-preview:-1"},"canonical":"https:\/\/psol50.org.br\/contra-manobras-psol-quer-votacao-de-processo-contra-temer-depois-do-recesso-parlamentar\/","og_locale":"pt_BR","og_type":"article","og_title":"Contra manobras, PSOL quer vota\u00e7\u00e3o de processo contra Temer depois do recesso parlamentar - PSOL 50","og_description":"A bancada do PSOL na C\u00e2mara dos Deputados denunciou, em coletiva de imprensa nesta quinta-feira (06\/07), as manobras da base governista para livrar Michel Temer das den\u00fancias da Procuradoria-Geral da Rep\u00fablica (PGR) por corrup\u00e7\u00e3o passiva no caso da JBS. Os deputados da base governista articulam para que a vota\u00e7\u00e3o aconte\u00e7a durante o recesso parlamentar, quando [&hellip;]","og_url":"https:\/\/psol50.org.br\/contra-manobras-psol-quer-votacao-de-processo-contra-temer-depois-do-recesso-parlamentar\/","og_site_name":"PSOL 50","article_publisher":"https:\/\/www.facebook.com\/psol50","article_published_time":"2017-07-06T20:25:10+00:00","og_image":[{"width":1350,"height":900,"url":"https:\/\/psol50.org.br\/inc\/uploads\/2018\/07\/capa.png","type":"image\/png"}],"author":"Comunica\u00e7\u00e3o PSOL","twitter_card":"summary_large_image","twitter_creator":"@psol50","twitter_site":"@psol50","twitter_misc":{"Escrito por":"Comunica\u00e7\u00e3o PSOL","Est. tempo de leitura":"2 minutos"},"schema":{"@context":"https:\/\/schema.org","@graph":[{"@type":"Article","@id":"https:\/\/psol50.org.br\/contra-manobras-psol-quer-votacao-de-processo-contra-temer-depois-do-recesso-parlamentar\/#article","isPartOf":{"@id":"https:\/\/psol50.org.br\/contra-manobras-psol-quer-votacao-de-processo-contra-temer-depois-do-recesso-parlamentar\/"},"author":{"name":"Comunica\u00e7\u00e3o PSOL","@id":"https:\/\/psol50.org.br\/#\/schema\/person\/475dfa57d0b815993c714c2e96491fcd"},"headline":"Contra manobras, PSOL quer vota\u00e7\u00e3o de processo contra Temer depois do recesso parlamentar","datePublished":"2017-07-06T20:25:10+00:00","mainEntityOfPage":{"@id":"https:\/\/psol50.org.br\/contra-manobras-psol-quer-votacao-de-processo-contra-temer-depois-do-recesso-parlamentar\/"},"wordCount":426,"commentCount":0,"publisher":{"@id":"https:\/\/psol50.org.br\/#organization"},"image":{"@id":"https:\/\/psol50.org.br\/contra-manobras-psol-quer-votacao-de-processo-contra-temer-depois-do-recesso-parlamentar\/#primaryimage"},"thumbnailUrl":"","keywords":["Chico Alencar","corrup\u00e7\u00e3o","den\u00fancia","Fora Temer","Glauber Braga","Ivan Valente","Lideran\u00e7a do PSOL","Luiza Erundina","Michel Temer","Procuradoria Geral da Rep\u00fablica","PSOL na C\u00e2mara"],"articleSection":["A\u00e7\u00e3o Parlamentar","Brasil","Not\u00edcias"],"inLanguage":"pt-BR","potentialAction":[{"@type":"CommentAction","name":"Comment","target":["https:\/\/psol50.org.br\/contra-manobras-psol-quer-votacao-de-processo-contra-temer-depois-do-recesso-parlamentar\/#respond"]}]},{"@type":"WebPage","@id":"https:\/\/psol50.org.br\/contra-manobras-psol-quer-votacao-de-processo-contra-temer-depois-do-recesso-parlamentar\/","url":"https:\/\/psol50.org.br\/contra-manobras-psol-quer-votacao-de-processo-contra-temer-depois-do-recesso-parlamentar\/","name":"Contra manobras, PSOL quer vota\u00e7\u00e3o de processo contra Temer depois do recesso parlamentar - PSOL 50","isPartOf":{"@id":"https:\/\/psol50.org.br\/#website"},"primaryImageOfPage":{"@id":"https:\/\/psol50.org.br\/contra-manobras-psol-quer-votacao-de-processo-contra-temer-depois-do-recesso-parlamentar\/#primaryimage"},"image":{"@id":"https:\/\/psol50.org.br\/contra-manobras-psol-quer-votacao-de-processo-contra-temer-depois-do-recesso-parlamentar\/#primaryimage"},"thumbnailUrl":"","datePublished":"2017-07-06T20:25:10+00:00","breadcrumb":{"@id":"https:\/\/psol50.org.br\/contra-manobras-psol-quer-votacao-de-processo-contra-temer-depois-do-recesso-parlamentar\/#breadcrumb"},"inLanguage":"pt-BR","potentialAction":[{"@type":"ReadAction","target":["https:\/\/psol50.org.br\/contra-manobras-psol-quer-votacao-de-processo-contra-temer-depois-do-recesso-parlamentar\/"]}]},{"@type":"ImageObject","inLanguage":"pt-BR","@id":"https:\/\/psol50.org.br\/contra-manobras-psol-quer-votacao-de-processo-contra-temer-depois-do-recesso-parlamentar\/#primaryimage","url":"","contentUrl":""},{"@type":"BreadcrumbList","@id":"https:\/\/psol50.org.br\/contra-manobras-psol-quer-votacao-de-processo-contra-temer-depois-do-recesso-parlamentar\/#breadcrumb","itemListElement":[{"@type":"ListItem","position":1,"name":"In\u00edcio","item":"https:\/\/psol50.org.br\/"},{"@type":"ListItem","position":2,"name":"Contra manobras, PSOL quer vota\u00e7\u00e3o de processo contra Temer depois do recesso parlamentar"}]},{"@type":"WebSite","@id":"https:\/\/psol50.org.br\/#website","url":"https:\/\/psol50.org.br\/","name":"PSOL 50","description":"Site oficial do Partido Socialismo e Liberdade","publisher":{"@id":"https:\/\/psol50.org.br\/#organization"},"alternateName":"PSOL50","potentialAction":[{"@type":"SearchAction","target":{"@type":"EntryPoint","urlTemplate":"https:\/\/psol50.org.br\/?s={search_term_string}"},"query-input":{"@type":"PropertyValueSpecification","valueRequired":true,"valueName":"search_term_string"}}],"inLanguage":"pt-BR"},{"@type":"Organization","@id":"https:\/\/psol50.org.br\/#organization","name":"PSOL 50","alternateName":"PSOL 50","url":"https:\/\/psol50.org.br\/","logo":{"@type":"ImageObject","inLanguage":"pt-BR","@id":"https:\/\/psol50.org.br\/#\/schema\/logo\/image\/","url":"https:\/\/psol50.org.br\/inc\/uploads\/2018\/07\/capa.png","contentUrl":"https:\/\/psol50.org.br\/inc\/uploads\/2018\/07\/capa.png","width":1350,"height":900,"caption":"PSOL 50"},"image":{"@id":"https:\/\/psol50.org.br\/#\/schema\/logo\/image\/"},"sameAs":["https:\/\/www.facebook.com\/psol50","https:\/\/x.com\/psol50","https:\/\/www.instagram.com\/psol50\/","https:\/\/www.youtube.com\/channel\/UC7SnJS5o1os7a6CaiNabzcg"]},{"@type":"Person","@id":"https:\/\/psol50.org.br\/#\/schema\/person\/475dfa57d0b815993c714c2e96491fcd","name":"Comunica\u00e7\u00e3o PSOL","image":{"@type":"ImageObject","inLanguage":"pt-BR","@id":"https:\/\/psol50.org.br\/#\/schema\/person\/image\/","url":"https:\/\/secure.gravatar.com\/avatar\/b34fc4f4e468a4e51785917065a3db57b841f5c95dba6ad8c73aaf8f66f8f9bf?s=96&d=mm&r=g","contentUrl":"https:\/\/secure.gravatar.com\/avatar\/b34fc4f4e468a4e51785917065a3db57b841f5c95dba6ad8c73aaf8f66f8f9bf?s=96&d=mm&r=g","caption":"Comunica\u00e7\u00e3o PSOL"}}]}},"_links":{"self":[{"href":"https:\/\/psol50.org.br\/rest\/wp\/v2\/posts\/17152","targetHints":{"allow":["GET"]}}],"collection":[{"href":"https:\/\/psol50.org.br\/rest\/wp\/v2\/posts"}],"about":[{"href":"https:\/\/psol50.org.br\/rest\/wp\/v2\/types\/post"}],"author":[{"embeddable":true,"href":"https:\/\/psol50.org.br\/rest\/wp\/v2\/users\/2"}],"replies":[{"embeddable":true,"href":"https:\/\/psol50.org.br\/rest\/wp\/v2\/comments?post=17152"}],"version-history":[{"count":0,"href":"https:\/\/psol50.org.br\/rest\/wp\/v2\/posts\/17152\/revisions"}],"wp:featuredmedia":[{"embeddable":true,"href":"https:\/\/psol50.org.br\/rest\/"}],"wp:attachment":[{"href":"https:\/\/psol50.org.br\/rest\/wp\/v2\/media?parent=17152"}],"wp:term":[{"taxonomy":"category","embeddable":true,"href":"https:\/\/psol50.org.br\/rest\/wp\/v2\/categories?post=17152"},{"taxonomy":"post_tag","embeddable":true,"href":"https:\/\/psol50.org.br\/rest\/wp\/v2\/tags?post=17152"}],"curies":[{"name":"wp","href":"https:\/\/api.w.org\/{rel}","templated":true}]}}