{"id":17156,"date":"2017-07-10T13:54:34","date_gmt":"2017-07-10T13:54:34","guid":{"rendered":"http:\/\/www.psol50.org.br\/?p=17156"},"modified":"2017-07-10T13:54:34","modified_gmt":"2017-07-10T13:54:34","slug":"governo-pretende-concluir-esta-semana-votacao-do-desmonte-trabalhista","status":"publish","type":"post","link":"https:\/\/psol50.org.br\/governo-pretende-concluir-esta-semana-votacao-do-desmonte-trabalhista\/","title":{"rendered":"Governo pretende concluir esta semana vota\u00e7\u00e3o do desmonte trabalhista"},"content":{"rendered":"<p>O governo de Michel Temer e sua base aliada no Senado Federal querem encerrar esta semana a vota\u00e7\u00e3o da reforma trabalhista (PLC 38\/2017). <a href=\"http:\/\/www.psol50.org.br\/blog\/2017\/07\/04\/senado-aprova-urgencia-para-reforma-trabalhista\/\" target=\"_blank\" rel=\"noopener\"><span style=\"color: #0000ff;\"><strong>Ap\u00f3s ter a sua urg\u00eancia aprovada na \u00faltima ter\u00e7a-feira (04\/07)<\/strong><\/span><\/a>, a proposta ser\u00e1 apreciada em sess\u00e3o do plen\u00e1rio marcada para esta ter\u00e7a-feira (11), a partir das 11h.<\/p>\n<p>Mesmo com intensos protestos, o projeto, que altera mais de cem itens da CLT (Consolida\u00e7\u00e3o das Leis Trabalhistas), ser\u00e1 votado na forma do texto aprovado pela C\u00e2mara dos Deputados, pois os relatores Ricardo Ferra\u00e7o (PSDB-ES) e Romero Juc\u00e1 (PMDB-RR) n\u00e3o aceitaram qualquer uma das sugest\u00f5es de mudan\u00e7a defendidas por senadores n\u00e3o s\u00f3 da oposi\u00e7\u00e3o, mas tamb\u00e9m da base governista.<\/p>\n<p>A inten\u00e7\u00e3o do governo em encerrar esta semana a vota\u00e7\u00e3o foi confirmada nas palavras do presidente do Senado, Eun\u00edcio Oliveira (PMDB-CE), que, na quinta-feira (6), pouco antes de assumir a Presid\u00eancia da Rep\u00fablica interinamente, disse que a discuss\u00e3o do projeto j\u00e1 foi encerrada. Segundo ele, somente os l\u00edderes ir\u00e3o falar durante a sess\u00e3o, enfatizando a pressa em votar a mat\u00e9ria.<\/p>\n<p>\u00c9 not\u00f3rio que o Pal\u00e1cio do Planalto quer agilizar a vota\u00e7\u00e3o da reforma antes que a den\u00fancia contra Temer, elaborada pelo Procurador-Geral da Rep\u00fablica, Rodrigo Janot, avance na C\u00e2mara e atrapalhe os planos do setor empresarial e do governo. O processo est\u00e1 na Comiss\u00e3o de Constitui\u00e7\u00e3o Justi\u00e7a e Cidadania (CCJ) da C\u00e2mara, <a href=\"http:\/\/www.psol50.org.br\/blog\/2017\/07\/05\/deputados-do-psol-orientam-pressao-sobre-relator-de-denuncia-contra-temer\/\" target=\"_blank\" rel=\"noopener\"><strong><span style=\"color: #0000ff;\">onde o relator, deputado S\u00e9rgio Zveiter (PMDB-RJ) dar\u00e1 seu parecer se o STF deve ou n\u00e3o investigar Temer<\/span><\/strong><\/a>, acusado de corrup\u00e7\u00e3o passiva e obstru\u00e7\u00e3o de justi\u00e7a no esquema delatado pelo empres\u00e1rio da J&amp;S, Josley Batista.<\/p>\n<p>A frente Povo Sem Medo realizada hoje (10), <a href=\"https:\/\/www.facebook.com\/events\/379181359146840\/\" target=\"_blank\" rel=\"noopener\"><strong><span style=\"color: #0000ff;\">um ato p\u00fablico em S\u00e3o Paulo, contra a reforma trabalhist<\/span><\/strong><\/a>a. A concentra\u00e7\u00e3o ser\u00e1 \u00e0s 18h, no V\u00e3o Livre do Masp.<\/p>\n<p>&nbsp;<\/p>\n","protected":false},"excerpt":{"rendered":"<p>O governo de Michel Temer e sua base aliada no Senado Federal querem encerrar esta semana a vota\u00e7\u00e3o da reforma trabalhista (PLC 38\/2017). Ap\u00f3s ter a sua urg\u00eancia aprovada na \u00faltima ter\u00e7a-feira (04\/07), a proposta ser\u00e1 apreciada em sess\u00e3o do plen\u00e1rio marcada para esta ter\u00e7a-feira (11), a partir das 11h. Mesmo com intensos protestos, o [&hellip;]<\/p>\n","protected":false},"author":2,"featured_media":17157,"comment_status":"open","ping_status":"open","sticky":false,"template":"","format":"standard","meta":{"_acf_changed":false,"footnotes":""},"categories":[10,1882,6],"tags":[1709,3308,387,1748,3262,1669,3372,2431],"class_list":{"0":"post-17156","1":"post","2":"type-post","3":"status-publish","4":"format-standard","5":"has-post-thumbnail","7":"category-acao-parlamentares","8":"category-brasil","9":"category-noticias","10":"tag-clt","11":"tag-desmonte-trabalhista","12":"tag-governo","13":"tag-michel-temer","14":"tag-plc-382017","15":"tag-reforma-trabalhista","16":"tag-requerimento-de-urgencia","17":"tag-senado-federal"},"acf":[],"yoast_head":"<!-- This site is optimized with the Yoast SEO plugin v26.5 - https:\/\/yoast.com\/wordpress\/plugins\/seo\/ -->\n<title>Governo pretende concluir esta semana vota\u00e7\u00e3o do desmonte trabalhista - PSOL 50<\/title>\n<meta name=\"robots\" content=\"index, follow, max-snippet:-1, max-image-preview:large, max-video-preview:-1\" \/>\n<link rel=\"canonical\" href=\"https:\/\/psol50.org.br\/governo-pretende-concluir-esta-semana-votacao-do-desmonte-trabalhista\/\" \/>\n<meta property=\"og:locale\" content=\"pt_BR\" \/>\n<meta property=\"og:type\" content=\"article\" \/>\n<meta property=\"og:title\" content=\"Governo pretende concluir esta semana vota\u00e7\u00e3o do desmonte trabalhista - PSOL 50\" \/>\n<meta property=\"og:description\" content=\"O governo de Michel Temer e sua base aliada no Senado Federal querem encerrar esta semana a vota\u00e7\u00e3o da reforma trabalhista (PLC 38\/2017). Ap\u00f3s ter a sua urg\u00eancia aprovada na \u00faltima ter\u00e7a-feira (04\/07), a proposta ser\u00e1 apreciada em sess\u00e3o do plen\u00e1rio marcada para esta ter\u00e7a-feira (11), a partir das 11h. Mesmo com intensos protestos, o [&hellip;]\" \/>\n<meta property=\"og:url\" content=\"https:\/\/psol50.org.br\/governo-pretende-concluir-esta-semana-votacao-do-desmonte-trabalhista\/\" \/>\n<meta property=\"og:site_name\" content=\"PSOL 50\" \/>\n<meta property=\"article:publisher\" content=\"https:\/\/www.facebook.com\/psol50\" \/>\n<meta property=\"article:published_time\" content=\"2017-07-10T13:54:34+00:00\" \/>\n<meta property=\"og:image\" content=\"https:\/\/psol50.org.br\/inc\/uploads\/2018\/07\/capa.png\" \/>\n\t<meta property=\"og:image:width\" content=\"1350\" \/>\n\t<meta property=\"og:image:height\" content=\"900\" \/>\n\t<meta property=\"og:image:type\" content=\"image\/png\" \/>\n<meta name=\"author\" content=\"Comunica\u00e7\u00e3o PSOL\" \/>\n<meta name=\"twitter:card\" content=\"summary_large_image\" \/>\n<meta name=\"twitter:creator\" content=\"@psol50\" \/>\n<meta name=\"twitter:site\" content=\"@psol50\" \/>\n<meta name=\"twitter:label1\" content=\"Escrito por\" \/>\n\t<meta name=\"twitter:data1\" content=\"Comunica\u00e7\u00e3o PSOL\" \/>\n\t<meta name=\"twitter:label2\" content=\"Est. tempo de leitura\" \/>\n\t<meta name=\"twitter:data2\" content=\"2 minutos\" \/>\n<script type=\"application\/ld+json\" class=\"yoast-schema-graph\">{\"@context\":\"https:\/\/schema.org\",\"@graph\":[{\"@type\":\"Article\",\"@id\":\"https:\/\/psol50.org.br\/governo-pretende-concluir-esta-semana-votacao-do-desmonte-trabalhista\/#article\",\"isPartOf\":{\"@id\":\"https:\/\/psol50.org.br\/governo-pretende-concluir-esta-semana-votacao-do-desmonte-trabalhista\/\"},\"author\":{\"name\":\"Comunica\u00e7\u00e3o PSOL\",\"@id\":\"https:\/\/psol50.org.br\/#\/schema\/person\/475dfa57d0b815993c714c2e96491fcd\"},\"headline\":\"Governo pretende concluir esta semana vota\u00e7\u00e3o do desmonte trabalhista\",\"datePublished\":\"2017-07-10T13:54:34+00:00\",\"mainEntityOfPage\":{\"@id\":\"https:\/\/psol50.org.br\/governo-pretende-concluir-esta-semana-votacao-do-desmonte-trabalhista\/\"},\"wordCount\":338,\"commentCount\":0,\"publisher\":{\"@id\":\"https:\/\/psol50.org.br\/#organization\"},\"image\":{\"@id\":\"https:\/\/psol50.org.br\/governo-pretende-concluir-esta-semana-votacao-do-desmonte-trabalhista\/#primaryimage\"},\"thumbnailUrl\":\"\",\"keywords\":[\"CLT\",\"desmonte trabalhista\",\"governo\",\"Michel Temer\",\"PLC 38\/2017\",\"reforma trabalhista\",\"requerimento de urg\u00eancia\",\"Senado Federal\"],\"articleSection\":[\"A\u00e7\u00e3o Parlamentar\",\"Brasil\",\"Not\u00edcias\"],\"inLanguage\":\"pt-BR\",\"potentialAction\":[{\"@type\":\"CommentAction\",\"name\":\"Comment\",\"target\":[\"https:\/\/psol50.org.br\/governo-pretende-concluir-esta-semana-votacao-do-desmonte-trabalhista\/#respond\"]}]},{\"@type\":\"WebPage\",\"@id\":\"https:\/\/psol50.org.br\/governo-pretende-concluir-esta-semana-votacao-do-desmonte-trabalhista\/\",\"url\":\"https:\/\/psol50.org.br\/governo-pretende-concluir-esta-semana-votacao-do-desmonte-trabalhista\/\",\"name\":\"Governo pretende concluir esta semana vota\u00e7\u00e3o do desmonte trabalhista - PSOL 50\",\"isPartOf\":{\"@id\":\"https:\/\/psol50.org.br\/#website\"},\"primaryImageOfPage\":{\"@id\":\"https:\/\/psol50.org.br\/governo-pretende-concluir-esta-semana-votacao-do-desmonte-trabalhista\/#primaryimage\"},\"image\":{\"@id\":\"https:\/\/psol50.org.br\/governo-pretende-concluir-esta-semana-votacao-do-desmonte-trabalhista\/#primaryimage\"},\"thumbnailUrl\":\"\",\"datePublished\":\"2017-07-10T13:54:34+00:00\",\"breadcrumb\":{\"@id\":\"https:\/\/psol50.org.br\/governo-pretende-concluir-esta-semana-votacao-do-desmonte-trabalhista\/#breadcrumb\"},\"inLanguage\":\"pt-BR\",\"potentialAction\":[{\"@type\":\"ReadAction\",\"target\":[\"https:\/\/psol50.org.br\/governo-pretende-concluir-esta-semana-votacao-do-desmonte-trabalhista\/\"]}]},{\"@type\":\"ImageObject\",\"inLanguage\":\"pt-BR\",\"@id\":\"https:\/\/psol50.org.br\/governo-pretende-concluir-esta-semana-votacao-do-desmonte-trabalhista\/#primaryimage\",\"url\":\"\",\"contentUrl\":\"\"},{\"@type\":\"BreadcrumbList\",\"@id\":\"https:\/\/psol50.org.br\/governo-pretende-concluir-esta-semana-votacao-do-desmonte-trabalhista\/#breadcrumb\",\"itemListElement\":[{\"@type\":\"ListItem\",\"position\":1,\"name\":\"In\u00edcio\",\"item\":\"https:\/\/psol50.org.br\/\"},{\"@type\":\"ListItem\",\"position\":2,\"name\":\"Governo pretende concluir esta semana vota\u00e7\u00e3o do desmonte trabalhista\"}]},{\"@type\":\"WebSite\",\"@id\":\"https:\/\/psol50.org.br\/#website\",\"url\":\"https:\/\/psol50.org.br\/\",\"name\":\"PSOL 50\",\"description\":\"Site oficial do Partido Socialismo e Liberdade\",\"publisher\":{\"@id\":\"https:\/\/psol50.org.br\/#organization\"},\"alternateName\":\"PSOL50\",\"potentialAction\":[{\"@type\":\"SearchAction\",\"target\":{\"@type\":\"EntryPoint\",\"urlTemplate\":\"https:\/\/psol50.org.br\/?s={search_term_string}\"},\"query-input\":{\"@type\":\"PropertyValueSpecification\",\"valueRequired\":true,\"valueName\":\"search_term_string\"}}],\"inLanguage\":\"pt-BR\"},{\"@type\":\"Organization\",\"@id\":\"https:\/\/psol50.org.br\/#organization\",\"name\":\"PSOL 50\",\"alternateName\":\"PSOL 50\",\"url\":\"https:\/\/psol50.org.br\/\",\"logo\":{\"@type\":\"ImageObject\",\"inLanguage\":\"pt-BR\",\"@id\":\"https:\/\/psol50.org.br\/#\/schema\/logo\/image\/\",\"url\":\"https:\/\/psol50.org.br\/inc\/uploads\/2018\/07\/capa.png\",\"contentUrl\":\"https:\/\/psol50.org.br\/inc\/uploads\/2018\/07\/capa.png\",\"width\":1350,\"height\":900,\"caption\":\"PSOL 50\"},\"image\":{\"@id\":\"https:\/\/psol50.org.br\/#\/schema\/logo\/image\/\"},\"sameAs\":[\"https:\/\/www.facebook.com\/psol50\",\"https:\/\/x.com\/psol50\",\"https:\/\/www.instagram.com\/psol50\/\",\"https:\/\/www.youtube.com\/channel\/UC7SnJS5o1os7a6CaiNabzcg\"]},{\"@type\":\"Person\",\"@id\":\"https:\/\/psol50.org.br\/#\/schema\/person\/475dfa57d0b815993c714c2e96491fcd\",\"name\":\"Comunica\u00e7\u00e3o PSOL\",\"image\":{\"@type\":\"ImageObject\",\"inLanguage\":\"pt-BR\",\"@id\":\"https:\/\/psol50.org.br\/#\/schema\/person\/image\/\",\"url\":\"https:\/\/secure.gravatar.com\/avatar\/b34fc4f4e468a4e51785917065a3db57b841f5c95dba6ad8c73aaf8f66f8f9bf?s=96&d=mm&r=g\",\"contentUrl\":\"https:\/\/secure.gravatar.com\/avatar\/b34fc4f4e468a4e51785917065a3db57b841f5c95dba6ad8c73aaf8f66f8f9bf?s=96&d=mm&r=g\",\"caption\":\"Comunica\u00e7\u00e3o PSOL\"}}]}<\/script>\n<!-- \/ Yoast SEO plugin. -->","yoast_head_json":{"title":"Governo pretende concluir esta semana vota\u00e7\u00e3o do desmonte trabalhista - PSOL 50","robots":{"index":"index","follow":"follow","max-snippet":"max-snippet:-1","max-image-preview":"max-image-preview:large","max-video-preview":"max-video-preview:-1"},"canonical":"https:\/\/psol50.org.br\/governo-pretende-concluir-esta-semana-votacao-do-desmonte-trabalhista\/","og_locale":"pt_BR","og_type":"article","og_title":"Governo pretende concluir esta semana vota\u00e7\u00e3o do desmonte trabalhista - PSOL 50","og_description":"O governo de Michel Temer e sua base aliada no Senado Federal querem encerrar esta semana a vota\u00e7\u00e3o da reforma trabalhista (PLC 38\/2017). Ap\u00f3s ter a sua urg\u00eancia aprovada na \u00faltima ter\u00e7a-feira (04\/07), a proposta ser\u00e1 apreciada em sess\u00e3o do plen\u00e1rio marcada para esta ter\u00e7a-feira (11), a partir das 11h. Mesmo com intensos protestos, o [&hellip;]","og_url":"https:\/\/psol50.org.br\/governo-pretende-concluir-esta-semana-votacao-do-desmonte-trabalhista\/","og_site_name":"PSOL 50","article_publisher":"https:\/\/www.facebook.com\/psol50","article_published_time":"2017-07-10T13:54:34+00:00","og_image":[{"width":1350,"height":900,"url":"https:\/\/psol50.org.br\/inc\/uploads\/2018\/07\/capa.png","type":"image\/png"}],"author":"Comunica\u00e7\u00e3o PSOL","twitter_card":"summary_large_image","twitter_creator":"@psol50","twitter_site":"@psol50","twitter_misc":{"Escrito por":"Comunica\u00e7\u00e3o PSOL","Est. tempo de leitura":"2 minutos"},"schema":{"@context":"https:\/\/schema.org","@graph":[{"@type":"Article","@id":"https:\/\/psol50.org.br\/governo-pretende-concluir-esta-semana-votacao-do-desmonte-trabalhista\/#article","isPartOf":{"@id":"https:\/\/psol50.org.br\/governo-pretende-concluir-esta-semana-votacao-do-desmonte-trabalhista\/"},"author":{"name":"Comunica\u00e7\u00e3o PSOL","@id":"https:\/\/psol50.org.br\/#\/schema\/person\/475dfa57d0b815993c714c2e96491fcd"},"headline":"Governo pretende concluir esta semana vota\u00e7\u00e3o do desmonte trabalhista","datePublished":"2017-07-10T13:54:34+00:00","mainEntityOfPage":{"@id":"https:\/\/psol50.org.br\/governo-pretende-concluir-esta-semana-votacao-do-desmonte-trabalhista\/"},"wordCount":338,"commentCount":0,"publisher":{"@id":"https:\/\/psol50.org.br\/#organization"},"image":{"@id":"https:\/\/psol50.org.br\/governo-pretende-concluir-esta-semana-votacao-do-desmonte-trabalhista\/#primaryimage"},"thumbnailUrl":"","keywords":["CLT","desmonte trabalhista","governo","Michel Temer","PLC 38\/2017","reforma trabalhista","requerimento de urg\u00eancia","Senado Federal"],"articleSection":["A\u00e7\u00e3o Parlamentar","Brasil","Not\u00edcias"],"inLanguage":"pt-BR","potentialAction":[{"@type":"CommentAction","name":"Comment","target":["https:\/\/psol50.org.br\/governo-pretende-concluir-esta-semana-votacao-do-desmonte-trabalhista\/#respond"]}]},{"@type":"WebPage","@id":"https:\/\/psol50.org.br\/governo-pretende-concluir-esta-semana-votacao-do-desmonte-trabalhista\/","url":"https:\/\/psol50.org.br\/governo-pretende-concluir-esta-semana-votacao-do-desmonte-trabalhista\/","name":"Governo pretende concluir esta semana vota\u00e7\u00e3o do desmonte trabalhista - PSOL 50","isPartOf":{"@id":"https:\/\/psol50.org.br\/#website"},"primaryImageOfPage":{"@id":"https:\/\/psol50.org.br\/governo-pretende-concluir-esta-semana-votacao-do-desmonte-trabalhista\/#primaryimage"},"image":{"@id":"https:\/\/psol50.org.br\/governo-pretende-concluir-esta-semana-votacao-do-desmonte-trabalhista\/#primaryimage"},"thumbnailUrl":"","datePublished":"2017-07-10T13:54:34+00:00","breadcrumb":{"@id":"https:\/\/psol50.org.br\/governo-pretende-concluir-esta-semana-votacao-do-desmonte-trabalhista\/#breadcrumb"},"inLanguage":"pt-BR","potentialAction":[{"@type":"ReadAction","target":["https:\/\/psol50.org.br\/governo-pretende-concluir-esta-semana-votacao-do-desmonte-trabalhista\/"]}]},{"@type":"ImageObject","inLanguage":"pt-BR","@id":"https:\/\/psol50.org.br\/governo-pretende-concluir-esta-semana-votacao-do-desmonte-trabalhista\/#primaryimage","url":"","contentUrl":""},{"@type":"BreadcrumbList","@id":"https:\/\/psol50.org.br\/governo-pretende-concluir-esta-semana-votacao-do-desmonte-trabalhista\/#breadcrumb","itemListElement":[{"@type":"ListItem","position":1,"name":"In\u00edcio","item":"https:\/\/psol50.org.br\/"},{"@type":"ListItem","position":2,"name":"Governo pretende concluir esta semana vota\u00e7\u00e3o do desmonte trabalhista"}]},{"@type":"WebSite","@id":"https:\/\/psol50.org.br\/#website","url":"https:\/\/psol50.org.br\/","name":"PSOL 50","description":"Site oficial do Partido Socialismo e Liberdade","publisher":{"@id":"https:\/\/psol50.org.br\/#organization"},"alternateName":"PSOL50","potentialAction":[{"@type":"SearchAction","target":{"@type":"EntryPoint","urlTemplate":"https:\/\/psol50.org.br\/?s={search_term_string}"},"query-input":{"@type":"PropertyValueSpecification","valueRequired":true,"valueName":"search_term_string"}}],"inLanguage":"pt-BR"},{"@type":"Organization","@id":"https:\/\/psol50.org.br\/#organization","name":"PSOL 50","alternateName":"PSOL 50","url":"https:\/\/psol50.org.br\/","logo":{"@type":"ImageObject","inLanguage":"pt-BR","@id":"https:\/\/psol50.org.br\/#\/schema\/logo\/image\/","url":"https:\/\/psol50.org.br\/inc\/uploads\/2018\/07\/capa.png","contentUrl":"https:\/\/psol50.org.br\/inc\/uploads\/2018\/07\/capa.png","width":1350,"height":900,"caption":"PSOL 50"},"image":{"@id":"https:\/\/psol50.org.br\/#\/schema\/logo\/image\/"},"sameAs":["https:\/\/www.facebook.com\/psol50","https:\/\/x.com\/psol50","https:\/\/www.instagram.com\/psol50\/","https:\/\/www.youtube.com\/channel\/UC7SnJS5o1os7a6CaiNabzcg"]},{"@type":"Person","@id":"https:\/\/psol50.org.br\/#\/schema\/person\/475dfa57d0b815993c714c2e96491fcd","name":"Comunica\u00e7\u00e3o PSOL","image":{"@type":"ImageObject","inLanguage":"pt-BR","@id":"https:\/\/psol50.org.br\/#\/schema\/person\/image\/","url":"https:\/\/secure.gravatar.com\/avatar\/b34fc4f4e468a4e51785917065a3db57b841f5c95dba6ad8c73aaf8f66f8f9bf?s=96&d=mm&r=g","contentUrl":"https:\/\/secure.gravatar.com\/avatar\/b34fc4f4e468a4e51785917065a3db57b841f5c95dba6ad8c73aaf8f66f8f9bf?s=96&d=mm&r=g","caption":"Comunica\u00e7\u00e3o PSOL"}}]}},"_links":{"self":[{"href":"https:\/\/psol50.org.br\/rest\/wp\/v2\/posts\/17156","targetHints":{"allow":["GET"]}}],"collection":[{"href":"https:\/\/psol50.org.br\/rest\/wp\/v2\/posts"}],"about":[{"href":"https:\/\/psol50.org.br\/rest\/wp\/v2\/types\/post"}],"author":[{"embeddable":true,"href":"https:\/\/psol50.org.br\/rest\/wp\/v2\/users\/2"}],"replies":[{"embeddable":true,"href":"https:\/\/psol50.org.br\/rest\/wp\/v2\/comments?post=17156"}],"version-history":[{"count":0,"href":"https:\/\/psol50.org.br\/rest\/wp\/v2\/posts\/17156\/revisions"}],"wp:featuredmedia":[{"embeddable":true,"href":"https:\/\/psol50.org.br\/rest\/"}],"wp:attachment":[{"href":"https:\/\/psol50.org.br\/rest\/wp\/v2\/media?parent=17156"}],"wp:term":[{"taxonomy":"category","embeddable":true,"href":"https:\/\/psol50.org.br\/rest\/wp\/v2\/categories?post=17156"},{"taxonomy":"post_tag","embeddable":true,"href":"https:\/\/psol50.org.br\/rest\/wp\/v2\/tags?post=17156"}],"curies":[{"name":"wp","href":"https:\/\/api.w.org\/{rel}","templated":true}]}}