{"id":17160,"date":"2017-07-11T22:54:11","date_gmt":"2017-07-11T22:54:11","guid":{"rendered":"http:\/\/www.psol50.org.br\/?p=17160"},"modified":"2017-07-11T22:54:11","modified_gmt":"2017-07-11T22:54:11","slug":"senado-aprova-desmonte-trabalhista-no-plenario","status":"publish","type":"post","link":"https:\/\/psol50.org.br\/senado-aprova-desmonte-trabalhista-no-plenario\/","title":{"rendered":"Senado aprova desmonte trabalhista no plen\u00e1rio"},"content":{"rendered":"<p>O Senado aprovou, na noite desta ter\u00e7a-feira (11\/07), o projeto de reforma trabalhista do governo Michel Temer. Foram 50 votos favor\u00e1veis e 26 contr\u00e1rios. Todos os destaques e emendas foram rejeitados.<\/p>\n<p>O projeto, que agora vai \u00e0 san\u00e7\u00e3o de Temer, desmonta direitos trabalhistas conquistados ao longo de d\u00e9cadas e altera mais de 100 pontos da Consolida\u00e7\u00e3o das Leis do Trabalho (CLT).<\/p>\n<p>A sess\u00e3o come\u00e7ou \u00e0s 11h sob grande protesto de senadoras da oposi\u00e7\u00e3o, que ocuparam a Mesa-Diretora, impedindo at\u00e9 quase 19h a vota\u00e7\u00e3o da reforma. Os deputados do PSOL, como Glauber Braga, Luiza Erundina e Ivan Valente, foram ao Senado prestar solidariedade.<\/p>\n<p>O PSOL, os demais partidos da oposi\u00e7\u00e3o e diversos movimentos sociais v\u00eam denunciando, nos \u00faltimos meses, o projeto do governo Michel Temer, que visa apenas aumentar os lucros das grandes empresas ao custo da retirada de direitos sociais e trabalhistas.<\/p>\n<p>A aprova\u00e7\u00e3o do projeto feita \u00e0s pressas, sem aceitar nenhuma das emendas propostas pelos senadores, \u00e9 uma clara tentativa de mostrar for\u00e7a do governo \u00e0s v\u00e9speras da vota\u00e7\u00e3o, na C\u00e2mara, da autoriza\u00e7\u00e3o para que o STF investigue formalmente Temer por corrup\u00e7\u00e3o passiva no caso da JBS.<\/p>\n<p>Al\u00e9m disso, o projeto \u00e9 considerado um &#8220;pagamento&#8221; de Temer aos grandes empres\u00e1rios que patrocinaram o golpe parlamentar de 2016, que o levou de forma ileg\u00edtima \u00e0 Presid\u00eancia da Rep\u00fablica.<\/p>\n<p>O desmonte das leis trabalhistas prev\u00ea, por exemplo, que o negociado prevale\u00e7a sobre o legislado em casos de negocia\u00e7\u00f5es entre patr\u00f5es e empregados. Assim, abre a ampla possibilidade de que empres\u00e1rios desconsiderem direitos consolidados ao negociar com trabalhadores, que sempre t\u00eam menos poder em momentos de negocia\u00e7\u00e3o.<\/p>\n<p>O projeto tamb\u00e9m prev\u00ea a possibilidade de trabalho intermitente e, tamb\u00e9m, que mulheres gr\u00e1vidas possam trabalhar em locais insalubres.<\/p>\n<p>Assista \u00e0 fala do l\u00edder do PSOL na C\u00e2mara dos Deputados, Glauber Braga, sobre a reforma trabalhista:<\/p>\n<div class=\"youtube-embed\" data-video_id=\"SD3wNzVhkBI\"><iframe loading=\"lazy\" title=\"N\u00e3o mintam para o povo brasileiro, essas reformas s\u00e3o um desmonte de direitos\" width=\"696\" height=\"392\" src=\"https:\/\/www.youtube.com\/embed\/SD3wNzVhkBI?feature=oembed&#038;enablejsapi=1\" frameborder=\"0\" allow=\"accelerometer; autoplay; clipboard-write; encrypted-media; gyroscope; picture-in-picture\" allowfullscreen><\/iframe><\/div>\n<p>&nbsp;<\/p>\n","protected":false},"excerpt":{"rendered":"<p>O Senado aprovou, na noite desta ter\u00e7a-feira (11\/07), o projeto de reforma trabalhista do governo Michel Temer. Foram 50 votos favor\u00e1veis e 26 contr\u00e1rios. Todos os destaques e emendas foram rejeitados. O projeto, que agora vai \u00e0 san\u00e7\u00e3o de Temer, desmonta direitos trabalhistas conquistados ao longo de d\u00e9cadas e altera mais de 100 pontos da [&hellip;]<\/p>\n","protected":false},"author":2,"featured_media":17178,"comment_status":"open","ping_status":"open","sticky":false,"template":"","format":"standard","meta":{"_acf_changed":false,"footnotes":""},"categories":[10,1882,6],"tags":[409,2169,1191,1748,417,1669,703],"class_list":{"0":"post-17160","1":"post","2":"type-post","3":"status-publish","4":"format-standard","5":"has-post-thumbnail","7":"category-acao-parlamentares","8":"category-brasil","9":"category-noticias","10":"tag-aprovacao","11":"tag-fora-temer","12":"tag-glauber-braga","13":"tag-michel-temer","14":"tag-psol-na-camara","15":"tag-reforma-trabalhista","16":"tag-senado"},"acf":[],"yoast_head":"<!-- This site is optimized with the Yoast SEO plugin v26.5 - https:\/\/yoast.com\/wordpress\/plugins\/seo\/ -->\n<title>Senado aprova desmonte trabalhista no plen\u00e1rio - PSOL 50<\/title>\n<meta name=\"robots\" content=\"index, follow, max-snippet:-1, max-image-preview:large, max-video-preview:-1\" \/>\n<link rel=\"canonical\" href=\"https:\/\/psol50.org.br\/senado-aprova-desmonte-trabalhista-no-plenario\/\" \/>\n<meta property=\"og:locale\" content=\"pt_BR\" \/>\n<meta property=\"og:type\" content=\"article\" \/>\n<meta property=\"og:title\" content=\"Senado aprova desmonte trabalhista no plen\u00e1rio - PSOL 50\" \/>\n<meta property=\"og:description\" content=\"O Senado aprovou, na noite desta ter\u00e7a-feira (11\/07), o projeto de reforma trabalhista do governo Michel Temer. Foram 50 votos favor\u00e1veis e 26 contr\u00e1rios. Todos os destaques e emendas foram rejeitados. O projeto, que agora vai \u00e0 san\u00e7\u00e3o de Temer, desmonta direitos trabalhistas conquistados ao longo de d\u00e9cadas e altera mais de 100 pontos da [&hellip;]\" \/>\n<meta property=\"og:url\" content=\"https:\/\/psol50.org.br\/senado-aprova-desmonte-trabalhista-no-plenario\/\" \/>\n<meta property=\"og:site_name\" content=\"PSOL 50\" \/>\n<meta property=\"article:publisher\" content=\"https:\/\/www.facebook.com\/psol50\" \/>\n<meta property=\"article:published_time\" content=\"2017-07-11T22:54:11+00:00\" \/>\n<meta property=\"og:image\" content=\"https:\/\/psol50.org.br\/inc\/uploads\/2018\/07\/capa.png\" \/>\n\t<meta property=\"og:image:width\" content=\"1350\" \/>\n\t<meta property=\"og:image:height\" content=\"900\" \/>\n\t<meta property=\"og:image:type\" content=\"image\/png\" \/>\n<meta name=\"author\" content=\"Comunica\u00e7\u00e3o PSOL\" \/>\n<meta name=\"twitter:card\" content=\"summary_large_image\" \/>\n<meta name=\"twitter:creator\" content=\"@psol50\" \/>\n<meta name=\"twitter:site\" content=\"@psol50\" \/>\n<meta name=\"twitter:label1\" content=\"Escrito por\" \/>\n\t<meta name=\"twitter:data1\" content=\"Comunica\u00e7\u00e3o PSOL\" \/>\n\t<meta name=\"twitter:label2\" content=\"Est. tempo de leitura\" \/>\n\t<meta name=\"twitter:data2\" content=\"2 minutos\" \/>\n<script type=\"application\/ld+json\" class=\"yoast-schema-graph\">{\"@context\":\"https:\/\/schema.org\",\"@graph\":[{\"@type\":\"Article\",\"@id\":\"https:\/\/psol50.org.br\/senado-aprova-desmonte-trabalhista-no-plenario\/#article\",\"isPartOf\":{\"@id\":\"https:\/\/psol50.org.br\/senado-aprova-desmonte-trabalhista-no-plenario\/\"},\"author\":{\"name\":\"Comunica\u00e7\u00e3o PSOL\",\"@id\":\"https:\/\/psol50.org.br\/#\/schema\/person\/475dfa57d0b815993c714c2e96491fcd\"},\"headline\":\"Senado aprova desmonte trabalhista no plen\u00e1rio\",\"datePublished\":\"2017-07-11T22:54:11+00:00\",\"mainEntityOfPage\":{\"@id\":\"https:\/\/psol50.org.br\/senado-aprova-desmonte-trabalhista-no-plenario\/\"},\"wordCount\":344,\"commentCount\":0,\"publisher\":{\"@id\":\"https:\/\/psol50.org.br\/#organization\"},\"image\":{\"@id\":\"https:\/\/psol50.org.br\/senado-aprova-desmonte-trabalhista-no-plenario\/#primaryimage\"},\"thumbnailUrl\":\"\",\"keywords\":[\"aprova\u00e7\u00e3o\",\"Fora Temer\",\"Glauber Braga\",\"Michel Temer\",\"PSOL na C\u00e2mara\",\"reforma trabalhista\",\"Senado\"],\"articleSection\":[\"A\u00e7\u00e3o Parlamentar\",\"Brasil\",\"Not\u00edcias\"],\"inLanguage\":\"pt-BR\",\"potentialAction\":[{\"@type\":\"CommentAction\",\"name\":\"Comment\",\"target\":[\"https:\/\/psol50.org.br\/senado-aprova-desmonte-trabalhista-no-plenario\/#respond\"]}]},{\"@type\":\"WebPage\",\"@id\":\"https:\/\/psol50.org.br\/senado-aprova-desmonte-trabalhista-no-plenario\/\",\"url\":\"https:\/\/psol50.org.br\/senado-aprova-desmonte-trabalhista-no-plenario\/\",\"name\":\"Senado aprova desmonte trabalhista no plen\u00e1rio - PSOL 50\",\"isPartOf\":{\"@id\":\"https:\/\/psol50.org.br\/#website\"},\"primaryImageOfPage\":{\"@id\":\"https:\/\/psol50.org.br\/senado-aprova-desmonte-trabalhista-no-plenario\/#primaryimage\"},\"image\":{\"@id\":\"https:\/\/psol50.org.br\/senado-aprova-desmonte-trabalhista-no-plenario\/#primaryimage\"},\"thumbnailUrl\":\"\",\"datePublished\":\"2017-07-11T22:54:11+00:00\",\"breadcrumb\":{\"@id\":\"https:\/\/psol50.org.br\/senado-aprova-desmonte-trabalhista-no-plenario\/#breadcrumb\"},\"inLanguage\":\"pt-BR\",\"potentialAction\":[{\"@type\":\"ReadAction\",\"target\":[\"https:\/\/psol50.org.br\/senado-aprova-desmonte-trabalhista-no-plenario\/\"]}]},{\"@type\":\"ImageObject\",\"inLanguage\":\"pt-BR\",\"@id\":\"https:\/\/psol50.org.br\/senado-aprova-desmonte-trabalhista-no-plenario\/#primaryimage\",\"url\":\"\",\"contentUrl\":\"\"},{\"@type\":\"BreadcrumbList\",\"@id\":\"https:\/\/psol50.org.br\/senado-aprova-desmonte-trabalhista-no-plenario\/#breadcrumb\",\"itemListElement\":[{\"@type\":\"ListItem\",\"position\":1,\"name\":\"In\u00edcio\",\"item\":\"https:\/\/psol50.org.br\/\"},{\"@type\":\"ListItem\",\"position\":2,\"name\":\"Senado aprova desmonte trabalhista no plen\u00e1rio\"}]},{\"@type\":\"WebSite\",\"@id\":\"https:\/\/psol50.org.br\/#website\",\"url\":\"https:\/\/psol50.org.br\/\",\"name\":\"PSOL 50\",\"description\":\"Site oficial do Partido Socialismo e Liberdade\",\"publisher\":{\"@id\":\"https:\/\/psol50.org.br\/#organization\"},\"alternateName\":\"PSOL50\",\"potentialAction\":[{\"@type\":\"SearchAction\",\"target\":{\"@type\":\"EntryPoint\",\"urlTemplate\":\"https:\/\/psol50.org.br\/?s={search_term_string}\"},\"query-input\":{\"@type\":\"PropertyValueSpecification\",\"valueRequired\":true,\"valueName\":\"search_term_string\"}}],\"inLanguage\":\"pt-BR\"},{\"@type\":\"Organization\",\"@id\":\"https:\/\/psol50.org.br\/#organization\",\"name\":\"PSOL 50\",\"alternateName\":\"PSOL 50\",\"url\":\"https:\/\/psol50.org.br\/\",\"logo\":{\"@type\":\"ImageObject\",\"inLanguage\":\"pt-BR\",\"@id\":\"https:\/\/psol50.org.br\/#\/schema\/logo\/image\/\",\"url\":\"https:\/\/psol50.org.br\/inc\/uploads\/2018\/07\/capa.png\",\"contentUrl\":\"https:\/\/psol50.org.br\/inc\/uploads\/2018\/07\/capa.png\",\"width\":1350,\"height\":900,\"caption\":\"PSOL 50\"},\"image\":{\"@id\":\"https:\/\/psol50.org.br\/#\/schema\/logo\/image\/\"},\"sameAs\":[\"https:\/\/www.facebook.com\/psol50\",\"https:\/\/x.com\/psol50\",\"https:\/\/www.instagram.com\/psol50\/\",\"https:\/\/www.youtube.com\/channel\/UC7SnJS5o1os7a6CaiNabzcg\"]},{\"@type\":\"Person\",\"@id\":\"https:\/\/psol50.org.br\/#\/schema\/person\/475dfa57d0b815993c714c2e96491fcd\",\"name\":\"Comunica\u00e7\u00e3o PSOL\",\"image\":{\"@type\":\"ImageObject\",\"inLanguage\":\"pt-BR\",\"@id\":\"https:\/\/psol50.org.br\/#\/schema\/person\/image\/\",\"url\":\"https:\/\/secure.gravatar.com\/avatar\/b34fc4f4e468a4e51785917065a3db57b841f5c95dba6ad8c73aaf8f66f8f9bf?s=96&d=mm&r=g\",\"contentUrl\":\"https:\/\/secure.gravatar.com\/avatar\/b34fc4f4e468a4e51785917065a3db57b841f5c95dba6ad8c73aaf8f66f8f9bf?s=96&d=mm&r=g\",\"caption\":\"Comunica\u00e7\u00e3o PSOL\"}}]}<\/script>\n<!-- \/ Yoast SEO plugin. -->","yoast_head_json":{"title":"Senado aprova desmonte trabalhista no plen\u00e1rio - PSOL 50","robots":{"index":"index","follow":"follow","max-snippet":"max-snippet:-1","max-image-preview":"max-image-preview:large","max-video-preview":"max-video-preview:-1"},"canonical":"https:\/\/psol50.org.br\/senado-aprova-desmonte-trabalhista-no-plenario\/","og_locale":"pt_BR","og_type":"article","og_title":"Senado aprova desmonte trabalhista no plen\u00e1rio - PSOL 50","og_description":"O Senado aprovou, na noite desta ter\u00e7a-feira (11\/07), o projeto de reforma trabalhista do governo Michel Temer. Foram 50 votos favor\u00e1veis e 26 contr\u00e1rios. Todos os destaques e emendas foram rejeitados. O projeto, que agora vai \u00e0 san\u00e7\u00e3o de Temer, desmonta direitos trabalhistas conquistados ao longo de d\u00e9cadas e altera mais de 100 pontos da [&hellip;]","og_url":"https:\/\/psol50.org.br\/senado-aprova-desmonte-trabalhista-no-plenario\/","og_site_name":"PSOL 50","article_publisher":"https:\/\/www.facebook.com\/psol50","article_published_time":"2017-07-11T22:54:11+00:00","og_image":[{"width":1350,"height":900,"url":"https:\/\/psol50.org.br\/inc\/uploads\/2018\/07\/capa.png","type":"image\/png"}],"author":"Comunica\u00e7\u00e3o PSOL","twitter_card":"summary_large_image","twitter_creator":"@psol50","twitter_site":"@psol50","twitter_misc":{"Escrito por":"Comunica\u00e7\u00e3o PSOL","Est. tempo de leitura":"2 minutos"},"schema":{"@context":"https:\/\/schema.org","@graph":[{"@type":"Article","@id":"https:\/\/psol50.org.br\/senado-aprova-desmonte-trabalhista-no-plenario\/#article","isPartOf":{"@id":"https:\/\/psol50.org.br\/senado-aprova-desmonte-trabalhista-no-plenario\/"},"author":{"name":"Comunica\u00e7\u00e3o PSOL","@id":"https:\/\/psol50.org.br\/#\/schema\/person\/475dfa57d0b815993c714c2e96491fcd"},"headline":"Senado aprova desmonte trabalhista no plen\u00e1rio","datePublished":"2017-07-11T22:54:11+00:00","mainEntityOfPage":{"@id":"https:\/\/psol50.org.br\/senado-aprova-desmonte-trabalhista-no-plenario\/"},"wordCount":344,"commentCount":0,"publisher":{"@id":"https:\/\/psol50.org.br\/#organization"},"image":{"@id":"https:\/\/psol50.org.br\/senado-aprova-desmonte-trabalhista-no-plenario\/#primaryimage"},"thumbnailUrl":"","keywords":["aprova\u00e7\u00e3o","Fora Temer","Glauber Braga","Michel Temer","PSOL na C\u00e2mara","reforma trabalhista","Senado"],"articleSection":["A\u00e7\u00e3o Parlamentar","Brasil","Not\u00edcias"],"inLanguage":"pt-BR","potentialAction":[{"@type":"CommentAction","name":"Comment","target":["https:\/\/psol50.org.br\/senado-aprova-desmonte-trabalhista-no-plenario\/#respond"]}]},{"@type":"WebPage","@id":"https:\/\/psol50.org.br\/senado-aprova-desmonte-trabalhista-no-plenario\/","url":"https:\/\/psol50.org.br\/senado-aprova-desmonte-trabalhista-no-plenario\/","name":"Senado aprova desmonte trabalhista no plen\u00e1rio - PSOL 50","isPartOf":{"@id":"https:\/\/psol50.org.br\/#website"},"primaryImageOfPage":{"@id":"https:\/\/psol50.org.br\/senado-aprova-desmonte-trabalhista-no-plenario\/#primaryimage"},"image":{"@id":"https:\/\/psol50.org.br\/senado-aprova-desmonte-trabalhista-no-plenario\/#primaryimage"},"thumbnailUrl":"","datePublished":"2017-07-11T22:54:11+00:00","breadcrumb":{"@id":"https:\/\/psol50.org.br\/senado-aprova-desmonte-trabalhista-no-plenario\/#breadcrumb"},"inLanguage":"pt-BR","potentialAction":[{"@type":"ReadAction","target":["https:\/\/psol50.org.br\/senado-aprova-desmonte-trabalhista-no-plenario\/"]}]},{"@type":"ImageObject","inLanguage":"pt-BR","@id":"https:\/\/psol50.org.br\/senado-aprova-desmonte-trabalhista-no-plenario\/#primaryimage","url":"","contentUrl":""},{"@type":"BreadcrumbList","@id":"https:\/\/psol50.org.br\/senado-aprova-desmonte-trabalhista-no-plenario\/#breadcrumb","itemListElement":[{"@type":"ListItem","position":1,"name":"In\u00edcio","item":"https:\/\/psol50.org.br\/"},{"@type":"ListItem","position":2,"name":"Senado aprova desmonte trabalhista no plen\u00e1rio"}]},{"@type":"WebSite","@id":"https:\/\/psol50.org.br\/#website","url":"https:\/\/psol50.org.br\/","name":"PSOL 50","description":"Site oficial do Partido Socialismo e Liberdade","publisher":{"@id":"https:\/\/psol50.org.br\/#organization"},"alternateName":"PSOL50","potentialAction":[{"@type":"SearchAction","target":{"@type":"EntryPoint","urlTemplate":"https:\/\/psol50.org.br\/?s={search_term_string}"},"query-input":{"@type":"PropertyValueSpecification","valueRequired":true,"valueName":"search_term_string"}}],"inLanguage":"pt-BR"},{"@type":"Organization","@id":"https:\/\/psol50.org.br\/#organization","name":"PSOL 50","alternateName":"PSOL 50","url":"https:\/\/psol50.org.br\/","logo":{"@type":"ImageObject","inLanguage":"pt-BR","@id":"https:\/\/psol50.org.br\/#\/schema\/logo\/image\/","url":"https:\/\/psol50.org.br\/inc\/uploads\/2018\/07\/capa.png","contentUrl":"https:\/\/psol50.org.br\/inc\/uploads\/2018\/07\/capa.png","width":1350,"height":900,"caption":"PSOL 50"},"image":{"@id":"https:\/\/psol50.org.br\/#\/schema\/logo\/image\/"},"sameAs":["https:\/\/www.facebook.com\/psol50","https:\/\/x.com\/psol50","https:\/\/www.instagram.com\/psol50\/","https:\/\/www.youtube.com\/channel\/UC7SnJS5o1os7a6CaiNabzcg"]},{"@type":"Person","@id":"https:\/\/psol50.org.br\/#\/schema\/person\/475dfa57d0b815993c714c2e96491fcd","name":"Comunica\u00e7\u00e3o PSOL","image":{"@type":"ImageObject","inLanguage":"pt-BR","@id":"https:\/\/psol50.org.br\/#\/schema\/person\/image\/","url":"https:\/\/secure.gravatar.com\/avatar\/b34fc4f4e468a4e51785917065a3db57b841f5c95dba6ad8c73aaf8f66f8f9bf?s=96&d=mm&r=g","contentUrl":"https:\/\/secure.gravatar.com\/avatar\/b34fc4f4e468a4e51785917065a3db57b841f5c95dba6ad8c73aaf8f66f8f9bf?s=96&d=mm&r=g","caption":"Comunica\u00e7\u00e3o PSOL"}}]}},"_links":{"self":[{"href":"https:\/\/psol50.org.br\/rest\/wp\/v2\/posts\/17160","targetHints":{"allow":["GET"]}}],"collection":[{"href":"https:\/\/psol50.org.br\/rest\/wp\/v2\/posts"}],"about":[{"href":"https:\/\/psol50.org.br\/rest\/wp\/v2\/types\/post"}],"author":[{"embeddable":true,"href":"https:\/\/psol50.org.br\/rest\/wp\/v2\/users\/2"}],"replies":[{"embeddable":true,"href":"https:\/\/psol50.org.br\/rest\/wp\/v2\/comments?post=17160"}],"version-history":[{"count":0,"href":"https:\/\/psol50.org.br\/rest\/wp\/v2\/posts\/17160\/revisions"}],"wp:featuredmedia":[{"embeddable":true,"href":"https:\/\/psol50.org.br\/rest\/"}],"wp:attachment":[{"href":"https:\/\/psol50.org.br\/rest\/wp\/v2\/media?parent=17160"}],"wp:term":[{"taxonomy":"category","embeddable":true,"href":"https:\/\/psol50.org.br\/rest\/wp\/v2\/categories?post=17160"},{"taxonomy":"post_tag","embeddable":true,"href":"https:\/\/psol50.org.br\/rest\/wp\/v2\/tags?post=17160"}],"curies":[{"name":"wp","href":"https:\/\/api.w.org\/{rel}","templated":true}]}}