{"id":17165,"date":"2017-07-10T21:33:11","date_gmt":"2017-07-10T21:33:11","guid":{"rendered":"http:\/\/www.psol50.org.br\/?p=17165"},"modified":"2017-07-10T21:33:11","modified_gmt":"2017-07-10T21:33:11","slug":"relator-apresenta-parecer-na-ccj-pela-investigacao-de-temer","status":"publish","type":"post","link":"https:\/\/psol50.org.br\/relator-apresenta-parecer-na-ccj-pela-investigacao-de-temer\/","title":{"rendered":"Relator apresenta parecer na CCJ pela investiga\u00e7\u00e3o de Temer"},"content":{"rendered":"<p>O deputado S\u00e9rgio Zveiter (PMDB\/RJ) apresentou nesta segunda-feira (10\/07), na Comiss\u00e3o de Constitui\u00e7\u00e3o e Justi\u00e7a (CCJ) da C\u00e2mara, o relat\u00f3rio sobre a investiga\u00e7\u00e3o de Temer pelo STF e recomendou o prosseguimento da den\u00fancia.<\/p>\n<p>Os deputados v\u00e3o decidir se autorizam o Supremo a investigar formalmente Michel Temer, a partir da den\u00fancia apresentada pela Procuradoria-Geral da Rep\u00fablica (PGR) de corrup\u00e7\u00e3o passiva do presidente no caso da JBS.<\/p>\n<p>A discuss\u00e3o sobre o tema, na comiss\u00e3o, deve come\u00e7ar nesta quarta-feira (12\/07).<\/p>\n<p>Ap\u00f3s a an\u00e1lise da CCJ, independente do resultado, a decis\u00e3o vai para o plen\u00e1rio da C\u00e2mara dos Deputados, onde s\u00e3o necess\u00e1rios ao menos 342 votos favor\u00e1veis para que a investiga\u00e7\u00e3o seja autorizada.<\/p>\n<p>Zveiter classificou como &#8220;fortes&#8221; os ind\u00edcios do envolvimento de Temer em &#8220;pr\u00e1tica delituosa&#8221; e afirmou ser &#8220;invi\u00e1vel&#8221; o n\u00e3o prosseguimento da den\u00fancia.<\/p>\n<p>&#8220;Recomendo aos colegas desta comiss\u00e3o e, em \u00faltima an\u00e1lise, ao plen\u00e1rio da C\u00e2mara, o deferimento de autoriza\u00e7\u00e3o com a tranquilidade que este caminho n\u00e3o representa qualquer risco para o estado democr\u00e1tico de direito&#8221;, afirmou o relator.<\/p>\n<p>Veja a repercuss\u00e3o com deputados do PSOL:<\/p>\n<p><strong>Glauber Braga:<\/strong><\/p>\n<p><a href=\"https:\/\/www.facebook.com\/glauber.braga1\/videos\/836521289838227\/\">https:\/\/www.facebook.com\/glauber.braga1\/videos\/836521289838227\/<\/a><\/p>\n<p>.<\/p>\n<p><strong>Chico Alencar:<\/strong><\/p>\n<p><a href=\"https:\/\/www.facebook.com\/chicoalencar\/videos\/1164708746964708\/\">https:\/\/www.facebook.com\/chicoalencar\/videos\/1164708746964708\/<\/a><\/p>\n<p>.<\/p>\n<p><strong>Ivan Valente:<\/strong><\/p>\n<p><a href=\"https:\/\/www.facebook.com\/IvanValentePSOL\/videos\/1631079043603638\/\">https:\/\/www.facebook.com\/IvanValentePSOL\/videos\/1631079043603638\/<\/a><\/p>\n","protected":false},"excerpt":{"rendered":"<p>O deputado S\u00e9rgio Zveiter (PMDB\/RJ) apresentou nesta segunda-feira (10\/07), na Comiss\u00e3o de Constitui\u00e7\u00e3o e Justi\u00e7a (CCJ) da C\u00e2mara, o relat\u00f3rio sobre a investiga\u00e7\u00e3o de Temer pelo STF e recomendou o prosseguimento da den\u00fancia. Os deputados v\u00e3o decidir se autorizam o Supremo a investigar formalmente Michel Temer, a partir da den\u00fancia apresentada pela Procuradoria-Geral da Rep\u00fablica [&hellip;]<\/p>\n","protected":false},"author":2,"featured_media":17166,"comment_status":"open","ping_status":"open","sticky":false,"template":"","format":"standard","meta":{"_acf_changed":false,"footnotes":""},"categories":[10,1882,6],"tags":[709,1375,1680,79,2169,1191,61,552,3221,77,417,3392,45],"class_list":{"0":"post-17165","1":"post","2":"type-post","3":"status-publish","4":"format-standard","5":"has-post-thumbnail","7":"category-acao-parlamentares","8":"category-brasil","9":"category-noticias","10":"tag-camara-dos-deputados","11":"tag-ccj","12":"tag-chico-alencar","13":"tag-denuncia","14":"tag-fora-temer","15":"tag-glauber-braga","16":"tag-investigacao","17":"tag-ivan-valente","18":"tag-jbs","19":"tag-pgr","20":"tag-psol-na-camara","21":"tag-sergio-zveiter","22":"tag-stf"},"acf":[],"yoast_head":"<!-- This site is optimized with the Yoast SEO plugin v26.5 - https:\/\/yoast.com\/wordpress\/plugins\/seo\/ -->\n<title>Relator apresenta parecer na CCJ pela investiga\u00e7\u00e3o de Temer - PSOL 50<\/title>\n<meta name=\"robots\" content=\"index, follow, max-snippet:-1, max-image-preview:large, max-video-preview:-1\" \/>\n<link rel=\"canonical\" href=\"https:\/\/psol50.org.br\/relator-apresenta-parecer-na-ccj-pela-investigacao-de-temer\/\" \/>\n<meta property=\"og:locale\" content=\"pt_BR\" \/>\n<meta property=\"og:type\" content=\"article\" \/>\n<meta property=\"og:title\" content=\"Relator apresenta parecer na CCJ pela investiga\u00e7\u00e3o de Temer - PSOL 50\" \/>\n<meta property=\"og:description\" content=\"O deputado S\u00e9rgio Zveiter (PMDB\/RJ) apresentou nesta segunda-feira (10\/07), na Comiss\u00e3o de Constitui\u00e7\u00e3o e Justi\u00e7a (CCJ) da C\u00e2mara, o relat\u00f3rio sobre a investiga\u00e7\u00e3o de Temer pelo STF e recomendou o prosseguimento da den\u00fancia. Os deputados v\u00e3o decidir se autorizam o Supremo a investigar formalmente Michel Temer, a partir da den\u00fancia apresentada pela Procuradoria-Geral da Rep\u00fablica [&hellip;]\" \/>\n<meta property=\"og:url\" content=\"https:\/\/psol50.org.br\/relator-apresenta-parecer-na-ccj-pela-investigacao-de-temer\/\" \/>\n<meta property=\"og:site_name\" content=\"PSOL 50\" \/>\n<meta property=\"article:publisher\" content=\"https:\/\/www.facebook.com\/psol50\" \/>\n<meta property=\"article:published_time\" content=\"2017-07-10T21:33:11+00:00\" \/>\n<meta property=\"og:image\" content=\"https:\/\/psol50.org.br\/inc\/uploads\/2018\/07\/capa.png\" \/>\n\t<meta property=\"og:image:width\" content=\"1350\" \/>\n\t<meta property=\"og:image:height\" content=\"900\" \/>\n\t<meta property=\"og:image:type\" content=\"image\/png\" \/>\n<meta name=\"author\" content=\"Comunica\u00e7\u00e3o PSOL\" \/>\n<meta name=\"twitter:card\" content=\"summary_large_image\" \/>\n<meta name=\"twitter:creator\" content=\"@psol50\" \/>\n<meta name=\"twitter:site\" content=\"@psol50\" \/>\n<meta name=\"twitter:label1\" content=\"Escrito por\" \/>\n\t<meta name=\"twitter:data1\" content=\"Comunica\u00e7\u00e3o PSOL\" \/>\n\t<meta name=\"twitter:label2\" content=\"Est. tempo de leitura\" \/>\n\t<meta name=\"twitter:data2\" content=\"1 minuto\" \/>\n<script type=\"application\/ld+json\" class=\"yoast-schema-graph\">{\"@context\":\"https:\/\/schema.org\",\"@graph\":[{\"@type\":\"Article\",\"@id\":\"https:\/\/psol50.org.br\/relator-apresenta-parecer-na-ccj-pela-investigacao-de-temer\/#article\",\"isPartOf\":{\"@id\":\"https:\/\/psol50.org.br\/relator-apresenta-parecer-na-ccj-pela-investigacao-de-temer\/\"},\"author\":{\"name\":\"Comunica\u00e7\u00e3o PSOL\",\"@id\":\"https:\/\/psol50.org.br\/#\/schema\/person\/475dfa57d0b815993c714c2e96491fcd\"},\"headline\":\"Relator apresenta parecer na CCJ pela investiga\u00e7\u00e3o de Temer\",\"datePublished\":\"2017-07-10T21:33:11+00:00\",\"mainEntityOfPage\":{\"@id\":\"https:\/\/psol50.org.br\/relator-apresenta-parecer-na-ccj-pela-investigacao-de-temer\/\"},\"wordCount\":250,\"commentCount\":0,\"publisher\":{\"@id\":\"https:\/\/psol50.org.br\/#organization\"},\"image\":{\"@id\":\"https:\/\/psol50.org.br\/relator-apresenta-parecer-na-ccj-pela-investigacao-de-temer\/#primaryimage\"},\"thumbnailUrl\":\"\",\"keywords\":[\"C\u00e2mara dos Deputados\",\"CCJ\",\"Chico Alencar\",\"den\u00fancia\",\"Fora Temer\",\"Glauber Braga\",\"investiga\u00e7\u00e3o\",\"Ivan Valente\",\"JBS\",\"PGR\",\"PSOL na C\u00e2mara\",\"S\u00e9rgio Zveiter\",\"STF\"],\"articleSection\":[\"A\u00e7\u00e3o Parlamentar\",\"Brasil\",\"Not\u00edcias\"],\"inLanguage\":\"pt-BR\",\"potentialAction\":[{\"@type\":\"CommentAction\",\"name\":\"Comment\",\"target\":[\"https:\/\/psol50.org.br\/relator-apresenta-parecer-na-ccj-pela-investigacao-de-temer\/#respond\"]}]},{\"@type\":\"WebPage\",\"@id\":\"https:\/\/psol50.org.br\/relator-apresenta-parecer-na-ccj-pela-investigacao-de-temer\/\",\"url\":\"https:\/\/psol50.org.br\/relator-apresenta-parecer-na-ccj-pela-investigacao-de-temer\/\",\"name\":\"Relator apresenta parecer na CCJ pela investiga\u00e7\u00e3o de Temer - PSOL 50\",\"isPartOf\":{\"@id\":\"https:\/\/psol50.org.br\/#website\"},\"primaryImageOfPage\":{\"@id\":\"https:\/\/psol50.org.br\/relator-apresenta-parecer-na-ccj-pela-investigacao-de-temer\/#primaryimage\"},\"image\":{\"@id\":\"https:\/\/psol50.org.br\/relator-apresenta-parecer-na-ccj-pela-investigacao-de-temer\/#primaryimage\"},\"thumbnailUrl\":\"\",\"datePublished\":\"2017-07-10T21:33:11+00:00\",\"breadcrumb\":{\"@id\":\"https:\/\/psol50.org.br\/relator-apresenta-parecer-na-ccj-pela-investigacao-de-temer\/#breadcrumb\"},\"inLanguage\":\"pt-BR\",\"potentialAction\":[{\"@type\":\"ReadAction\",\"target\":[\"https:\/\/psol50.org.br\/relator-apresenta-parecer-na-ccj-pela-investigacao-de-temer\/\"]}]},{\"@type\":\"ImageObject\",\"inLanguage\":\"pt-BR\",\"@id\":\"https:\/\/psol50.org.br\/relator-apresenta-parecer-na-ccj-pela-investigacao-de-temer\/#primaryimage\",\"url\":\"\",\"contentUrl\":\"\"},{\"@type\":\"BreadcrumbList\",\"@id\":\"https:\/\/psol50.org.br\/relator-apresenta-parecer-na-ccj-pela-investigacao-de-temer\/#breadcrumb\",\"itemListElement\":[{\"@type\":\"ListItem\",\"position\":1,\"name\":\"In\u00edcio\",\"item\":\"https:\/\/psol50.org.br\/\"},{\"@type\":\"ListItem\",\"position\":2,\"name\":\"Relator apresenta parecer na CCJ pela investiga\u00e7\u00e3o de Temer\"}]},{\"@type\":\"WebSite\",\"@id\":\"https:\/\/psol50.org.br\/#website\",\"url\":\"https:\/\/psol50.org.br\/\",\"name\":\"PSOL 50\",\"description\":\"Site oficial do Partido Socialismo e Liberdade\",\"publisher\":{\"@id\":\"https:\/\/psol50.org.br\/#organization\"},\"alternateName\":\"PSOL50\",\"potentialAction\":[{\"@type\":\"SearchAction\",\"target\":{\"@type\":\"EntryPoint\",\"urlTemplate\":\"https:\/\/psol50.org.br\/?s={search_term_string}\"},\"query-input\":{\"@type\":\"PropertyValueSpecification\",\"valueRequired\":true,\"valueName\":\"search_term_string\"}}],\"inLanguage\":\"pt-BR\"},{\"@type\":\"Organization\",\"@id\":\"https:\/\/psol50.org.br\/#organization\",\"name\":\"PSOL 50\",\"alternateName\":\"PSOL 50\",\"url\":\"https:\/\/psol50.org.br\/\",\"logo\":{\"@type\":\"ImageObject\",\"inLanguage\":\"pt-BR\",\"@id\":\"https:\/\/psol50.org.br\/#\/schema\/logo\/image\/\",\"url\":\"https:\/\/psol50.org.br\/inc\/uploads\/2018\/07\/capa.png\",\"contentUrl\":\"https:\/\/psol50.org.br\/inc\/uploads\/2018\/07\/capa.png\",\"width\":1350,\"height\":900,\"caption\":\"PSOL 50\"},\"image\":{\"@id\":\"https:\/\/psol50.org.br\/#\/schema\/logo\/image\/\"},\"sameAs\":[\"https:\/\/www.facebook.com\/psol50\",\"https:\/\/x.com\/psol50\",\"https:\/\/www.instagram.com\/psol50\/\",\"https:\/\/www.youtube.com\/channel\/UC7SnJS5o1os7a6CaiNabzcg\"]},{\"@type\":\"Person\",\"@id\":\"https:\/\/psol50.org.br\/#\/schema\/person\/475dfa57d0b815993c714c2e96491fcd\",\"name\":\"Comunica\u00e7\u00e3o PSOL\",\"image\":{\"@type\":\"ImageObject\",\"inLanguage\":\"pt-BR\",\"@id\":\"https:\/\/psol50.org.br\/#\/schema\/person\/image\/\",\"url\":\"https:\/\/secure.gravatar.com\/avatar\/b34fc4f4e468a4e51785917065a3db57b841f5c95dba6ad8c73aaf8f66f8f9bf?s=96&d=mm&r=g\",\"contentUrl\":\"https:\/\/secure.gravatar.com\/avatar\/b34fc4f4e468a4e51785917065a3db57b841f5c95dba6ad8c73aaf8f66f8f9bf?s=96&d=mm&r=g\",\"caption\":\"Comunica\u00e7\u00e3o PSOL\"}}]}<\/script>\n<!-- \/ Yoast SEO plugin. -->","yoast_head_json":{"title":"Relator apresenta parecer na CCJ pela investiga\u00e7\u00e3o de Temer - PSOL 50","robots":{"index":"index","follow":"follow","max-snippet":"max-snippet:-1","max-image-preview":"max-image-preview:large","max-video-preview":"max-video-preview:-1"},"canonical":"https:\/\/psol50.org.br\/relator-apresenta-parecer-na-ccj-pela-investigacao-de-temer\/","og_locale":"pt_BR","og_type":"article","og_title":"Relator apresenta parecer na CCJ pela investiga\u00e7\u00e3o de Temer - PSOL 50","og_description":"O deputado S\u00e9rgio Zveiter (PMDB\/RJ) apresentou nesta segunda-feira (10\/07), na Comiss\u00e3o de Constitui\u00e7\u00e3o e Justi\u00e7a (CCJ) da C\u00e2mara, o relat\u00f3rio sobre a investiga\u00e7\u00e3o de Temer pelo STF e recomendou o prosseguimento da den\u00fancia. Os deputados v\u00e3o decidir se autorizam o Supremo a investigar formalmente Michel Temer, a partir da den\u00fancia apresentada pela Procuradoria-Geral da Rep\u00fablica [&hellip;]","og_url":"https:\/\/psol50.org.br\/relator-apresenta-parecer-na-ccj-pela-investigacao-de-temer\/","og_site_name":"PSOL 50","article_publisher":"https:\/\/www.facebook.com\/psol50","article_published_time":"2017-07-10T21:33:11+00:00","og_image":[{"width":1350,"height":900,"url":"https:\/\/psol50.org.br\/inc\/uploads\/2018\/07\/capa.png","type":"image\/png"}],"author":"Comunica\u00e7\u00e3o PSOL","twitter_card":"summary_large_image","twitter_creator":"@psol50","twitter_site":"@psol50","twitter_misc":{"Escrito por":"Comunica\u00e7\u00e3o PSOL","Est. tempo de leitura":"1 minuto"},"schema":{"@context":"https:\/\/schema.org","@graph":[{"@type":"Article","@id":"https:\/\/psol50.org.br\/relator-apresenta-parecer-na-ccj-pela-investigacao-de-temer\/#article","isPartOf":{"@id":"https:\/\/psol50.org.br\/relator-apresenta-parecer-na-ccj-pela-investigacao-de-temer\/"},"author":{"name":"Comunica\u00e7\u00e3o PSOL","@id":"https:\/\/psol50.org.br\/#\/schema\/person\/475dfa57d0b815993c714c2e96491fcd"},"headline":"Relator apresenta parecer na CCJ pela investiga\u00e7\u00e3o de Temer","datePublished":"2017-07-10T21:33:11+00:00","mainEntityOfPage":{"@id":"https:\/\/psol50.org.br\/relator-apresenta-parecer-na-ccj-pela-investigacao-de-temer\/"},"wordCount":250,"commentCount":0,"publisher":{"@id":"https:\/\/psol50.org.br\/#organization"},"image":{"@id":"https:\/\/psol50.org.br\/relator-apresenta-parecer-na-ccj-pela-investigacao-de-temer\/#primaryimage"},"thumbnailUrl":"","keywords":["C\u00e2mara dos Deputados","CCJ","Chico Alencar","den\u00fancia","Fora Temer","Glauber Braga","investiga\u00e7\u00e3o","Ivan Valente","JBS","PGR","PSOL na C\u00e2mara","S\u00e9rgio Zveiter","STF"],"articleSection":["A\u00e7\u00e3o Parlamentar","Brasil","Not\u00edcias"],"inLanguage":"pt-BR","potentialAction":[{"@type":"CommentAction","name":"Comment","target":["https:\/\/psol50.org.br\/relator-apresenta-parecer-na-ccj-pela-investigacao-de-temer\/#respond"]}]},{"@type":"WebPage","@id":"https:\/\/psol50.org.br\/relator-apresenta-parecer-na-ccj-pela-investigacao-de-temer\/","url":"https:\/\/psol50.org.br\/relator-apresenta-parecer-na-ccj-pela-investigacao-de-temer\/","name":"Relator apresenta parecer na CCJ pela investiga\u00e7\u00e3o de Temer - PSOL 50","isPartOf":{"@id":"https:\/\/psol50.org.br\/#website"},"primaryImageOfPage":{"@id":"https:\/\/psol50.org.br\/relator-apresenta-parecer-na-ccj-pela-investigacao-de-temer\/#primaryimage"},"image":{"@id":"https:\/\/psol50.org.br\/relator-apresenta-parecer-na-ccj-pela-investigacao-de-temer\/#primaryimage"},"thumbnailUrl":"","datePublished":"2017-07-10T21:33:11+00:00","breadcrumb":{"@id":"https:\/\/psol50.org.br\/relator-apresenta-parecer-na-ccj-pela-investigacao-de-temer\/#breadcrumb"},"inLanguage":"pt-BR","potentialAction":[{"@type":"ReadAction","target":["https:\/\/psol50.org.br\/relator-apresenta-parecer-na-ccj-pela-investigacao-de-temer\/"]}]},{"@type":"ImageObject","inLanguage":"pt-BR","@id":"https:\/\/psol50.org.br\/relator-apresenta-parecer-na-ccj-pela-investigacao-de-temer\/#primaryimage","url":"","contentUrl":""},{"@type":"BreadcrumbList","@id":"https:\/\/psol50.org.br\/relator-apresenta-parecer-na-ccj-pela-investigacao-de-temer\/#breadcrumb","itemListElement":[{"@type":"ListItem","position":1,"name":"In\u00edcio","item":"https:\/\/psol50.org.br\/"},{"@type":"ListItem","position":2,"name":"Relator apresenta parecer na CCJ pela investiga\u00e7\u00e3o de Temer"}]},{"@type":"WebSite","@id":"https:\/\/psol50.org.br\/#website","url":"https:\/\/psol50.org.br\/","name":"PSOL 50","description":"Site oficial do Partido Socialismo e Liberdade","publisher":{"@id":"https:\/\/psol50.org.br\/#organization"},"alternateName":"PSOL50","potentialAction":[{"@type":"SearchAction","target":{"@type":"EntryPoint","urlTemplate":"https:\/\/psol50.org.br\/?s={search_term_string}"},"query-input":{"@type":"PropertyValueSpecification","valueRequired":true,"valueName":"search_term_string"}}],"inLanguage":"pt-BR"},{"@type":"Organization","@id":"https:\/\/psol50.org.br\/#organization","name":"PSOL 50","alternateName":"PSOL 50","url":"https:\/\/psol50.org.br\/","logo":{"@type":"ImageObject","inLanguage":"pt-BR","@id":"https:\/\/psol50.org.br\/#\/schema\/logo\/image\/","url":"https:\/\/psol50.org.br\/inc\/uploads\/2018\/07\/capa.png","contentUrl":"https:\/\/psol50.org.br\/inc\/uploads\/2018\/07\/capa.png","width":1350,"height":900,"caption":"PSOL 50"},"image":{"@id":"https:\/\/psol50.org.br\/#\/schema\/logo\/image\/"},"sameAs":["https:\/\/www.facebook.com\/psol50","https:\/\/x.com\/psol50","https:\/\/www.instagram.com\/psol50\/","https:\/\/www.youtube.com\/channel\/UC7SnJS5o1os7a6CaiNabzcg"]},{"@type":"Person","@id":"https:\/\/psol50.org.br\/#\/schema\/person\/475dfa57d0b815993c714c2e96491fcd","name":"Comunica\u00e7\u00e3o PSOL","image":{"@type":"ImageObject","inLanguage":"pt-BR","@id":"https:\/\/psol50.org.br\/#\/schema\/person\/image\/","url":"https:\/\/secure.gravatar.com\/avatar\/b34fc4f4e468a4e51785917065a3db57b841f5c95dba6ad8c73aaf8f66f8f9bf?s=96&d=mm&r=g","contentUrl":"https:\/\/secure.gravatar.com\/avatar\/b34fc4f4e468a4e51785917065a3db57b841f5c95dba6ad8c73aaf8f66f8f9bf?s=96&d=mm&r=g","caption":"Comunica\u00e7\u00e3o PSOL"}}]}},"_links":{"self":[{"href":"https:\/\/psol50.org.br\/rest\/wp\/v2\/posts\/17165","targetHints":{"allow":["GET"]}}],"collection":[{"href":"https:\/\/psol50.org.br\/rest\/wp\/v2\/posts"}],"about":[{"href":"https:\/\/psol50.org.br\/rest\/wp\/v2\/types\/post"}],"author":[{"embeddable":true,"href":"https:\/\/psol50.org.br\/rest\/wp\/v2\/users\/2"}],"replies":[{"embeddable":true,"href":"https:\/\/psol50.org.br\/rest\/wp\/v2\/comments?post=17165"}],"version-history":[{"count":0,"href":"https:\/\/psol50.org.br\/rest\/wp\/v2\/posts\/17165\/revisions"}],"wp:featuredmedia":[{"embeddable":true,"href":"https:\/\/psol50.org.br\/rest\/"}],"wp:attachment":[{"href":"https:\/\/psol50.org.br\/rest\/wp\/v2\/media?parent=17165"}],"wp:term":[{"taxonomy":"category","embeddable":true,"href":"https:\/\/psol50.org.br\/rest\/wp\/v2\/categories?post=17165"},{"taxonomy":"post_tag","embeddable":true,"href":"https:\/\/psol50.org.br\/rest\/wp\/v2\/tags?post=17165"}],"curies":[{"name":"wp","href":"https:\/\/api.w.org\/{rel}","templated":true}]}}