{"id":17183,"date":"2017-07-12T13:34:02","date_gmt":"2017-07-12T13:34:02","guid":{"rendered":"http:\/\/www.psol50.org.br\/?p=17183"},"modified":"2017-07-12T13:34:02","modified_gmt":"2017-07-12T13:34:02","slug":"dossie-mostra-o-que-os-trabalhadores-perderao-com-o-desmonte-aprovado-no-senado","status":"publish","type":"post","link":"https:\/\/psol50.org.br\/dossie-mostra-o-que-os-trabalhadores-perderao-com-o-desmonte-aprovado-no-senado\/","title":{"rendered":"Dossi\u00ea mostra o que os trabalhadores perder\u00e3o com o desmonte aprovado no Senado"},"content":{"rendered":"<p>Um dossi\u00ea preparado pelo <a href=\"http:\/\/www.cesit.net.br\/\" target=\"_blank\" rel=\"noopener\"><span style=\"color: #0000ff;\"><strong>Centro de Estudos Sindicais e de Economia do Trabalho<\/strong><\/span><\/a> (Cesit), da Unicamp, analisa as principais altera\u00e7\u00f5es da legisla\u00e7\u00e3o trabalhista, <a href=\"http:\/\/www.psol50.org.br\/blog\/2017\/07\/11\/senado-aprova-desmonte-trabalhista-no-plenario\/\" target=\"_blank\" rel=\"noopener\"><strong><span style=\"color: #0000ff;\">aprovadas na noite desta ter\u00e7a-feira (11\/07)<\/span><\/strong><\/a>, no plen\u00e1rio do Senado Federal. O documento oferece amplo contraponto aos argumentos utilizados pelo governo e pelo setor empresarial para justificar a reforma trabalhista, que representa um verdadeiro desmonte dos direitos previstos na CLT (Consolida\u00e7\u00e3o das Leis Trabalhistas).<\/p>\n<p>&#8220;A globaliza\u00e7\u00e3o imp\u00f5e uma intrincada rede de rela\u00e7\u00f5es de poder e domina\u00e7\u00e3o que questiona o papel dos Estados e fragiliza as pol\u00edticas de prote\u00e7\u00e3o social e de direitos, diferentemente do que afirmam os defensores da reforma, sustentamos que est\u00e1 em quest\u00e3o um processo de desmonte da tela de prote\u00e7\u00e3o social constru\u00edda sistematicamente a partir de 1930, concomitante ao processo de industrializa\u00e7\u00e3o do pa\u00eds. Para demonstrar essa tese, \u00e9 importante discutir o processo de constitui\u00e7\u00e3o dos direitos em perspectiva hist\u00f3rica para, dessa forma, desvendar os aspectos econ\u00f4micos, pol\u00edticos e ideol\u00f3gicos que fundamentam a reforma&#8221;, afirmam os organizadores do dossi\u00ea.<\/p>\n<p>Dividido em duas partes, o documento avalia a reforma com base na perspectiva de ser um equ\u00edvoco associar a dinamiza\u00e7\u00e3o da economia \u00e0 regulamenta\u00e7\u00e3o do trabalho, defendendo que os direitos trabalhistas e as institui\u00e7\u00f5es p\u00fablicas n\u00e3o podem sucumbir \u00e0 competi\u00e7\u00e3o internacional dos mercados.<\/p>\n<p>A primeira parte problematiza os argumentos que embasam o PLC 38\/17, aprovado pelos senadores, que promove a revis\u00e3o de mais de uma centena de itens da CLT. O material da Unicamp explica que v\u00e1rios dos argumentos que subsidiam tanto a vers\u00e3o original, de autoria do Executivo, quanto o texto substitutivo, aprovado ainda na C\u00e2mara dos Deputados e mantido no Senado, podem ser encontrados nas formula\u00e7\u00f5es de entidades patronais como, CNI (Confedera\u00e7\u00e3o Nacional da Ind\u00fastria) e CNA (Confedera\u00e7\u00e3o Nacional da Agricultura). As formula\u00e7\u00f5es dessas entidades foram, em boa parte, incorporadas pelo programa lan\u00e7ado pelo PMDB em 2015 &#8220;Uma Ponte para o Futuro&#8221; e pelas emendas apresentadas ao PL na C\u00e2mara, em grande maioria acolhidas pelo relator.<\/p>\n<p>A segunda parte do dossi\u00ea detalha cada uma das medidas defendidas pelo governo de Michel Temer e que comp\u00f5em atualmente a agenda pol\u00edtica. Essas medidas foram divididas nos seguintes aspectos: 1. Formas de contrata\u00e7\u00e3o mais prec\u00e1rias e at\u00edpicas; 2. Flexibiliza\u00e7\u00e3o da jornada de trabalho; 3. Rebaixamento da remunera\u00e7\u00e3o; 4. Altera\u00e7\u00e3o das normas de sa\u00fade e seguran\u00e7a do trabalho; 5. Fragiliza\u00e7\u00e3o sindical e mudan\u00e7as na negocia\u00e7\u00e3o coletiva; e 6. Limita\u00e7\u00e3o do acesso \u00e0 Justi\u00e7a do Trabalho e limita\u00e7\u00e3o do poder da Justi\u00e7a do Trabalho.<\/p>\n<p><a href=\"http:\/\/www.psol50.org.br\/inc\/uploads\/2017\/07\/Dossie_Unicamp_ReformaTrabalhista.pdf\" target=\"_blank\" rel=\"noopener\"><span style=\"color: #0000ff;\"><strong>Baixe aqui o dossi\u00ea completo<\/strong><\/span><\/a>.<\/p>\n","protected":false},"excerpt":{"rendered":"<p>Um dossi\u00ea preparado pelo Centro de Estudos Sindicais e de Economia do Trabalho (Cesit), da Unicamp, analisa as principais altera\u00e7\u00f5es da legisla\u00e7\u00e3o trabalhista, aprovadas na noite desta ter\u00e7a-feira (11\/07), no plen\u00e1rio do Senado Federal. O documento oferece amplo contraponto aos argumentos utilizados pelo governo e pelo setor empresarial para justificar a reforma trabalhista, que representa [&hellip;]<\/p>\n","protected":false},"author":2,"featured_media":17184,"comment_status":"open","ping_status":"open","sticky":false,"template":"","format":"standard","meta":{"_acf_changed":false,"footnotes":""},"categories":[1882,6],"tags":[3394,1709,3308,406,1001,1748,1669,222,2043],"class_list":{"0":"post-17183","1":"post","2":"type-post","3":"status-publish","4":"format-standard","5":"has-post-thumbnail","7":"category-brasil","8":"category-noticias","9":"tag-cesit","10":"tag-clt","11":"tag-desmonte-trabalhista","12":"tag-direitos","13":"tag-dossie","14":"tag-michel-temer","15":"tag-reforma-trabalhista","16":"tag-trabalhadores","17":"tag-unicamp"},"acf":[],"yoast_head":"<!-- This site is optimized with the Yoast SEO plugin v26.5 - https:\/\/yoast.com\/wordpress\/plugins\/seo\/ -->\n<title>Dossi\u00ea mostra o que os trabalhadores perder\u00e3o com o desmonte aprovado no Senado - PSOL 50<\/title>\n<meta name=\"robots\" content=\"index, follow, max-snippet:-1, max-image-preview:large, max-video-preview:-1\" \/>\n<link rel=\"canonical\" href=\"https:\/\/psol50.org.br\/dossie-mostra-o-que-os-trabalhadores-perderao-com-o-desmonte-aprovado-no-senado\/\" \/>\n<meta property=\"og:locale\" content=\"pt_BR\" \/>\n<meta property=\"og:type\" content=\"article\" \/>\n<meta property=\"og:title\" content=\"Dossi\u00ea mostra o que os trabalhadores perder\u00e3o com o desmonte aprovado no Senado - PSOL 50\" \/>\n<meta property=\"og:description\" content=\"Um dossi\u00ea preparado pelo Centro de Estudos Sindicais e de Economia do Trabalho (Cesit), da Unicamp, analisa as principais altera\u00e7\u00f5es da legisla\u00e7\u00e3o trabalhista, aprovadas na noite desta ter\u00e7a-feira (11\/07), no plen\u00e1rio do Senado Federal. O documento oferece amplo contraponto aos argumentos utilizados pelo governo e pelo setor empresarial para justificar a reforma trabalhista, que representa [&hellip;]\" \/>\n<meta property=\"og:url\" content=\"https:\/\/psol50.org.br\/dossie-mostra-o-que-os-trabalhadores-perderao-com-o-desmonte-aprovado-no-senado\/\" \/>\n<meta property=\"og:site_name\" content=\"PSOL 50\" \/>\n<meta property=\"article:publisher\" content=\"https:\/\/www.facebook.com\/psol50\" \/>\n<meta property=\"article:published_time\" content=\"2017-07-12T13:34:02+00:00\" \/>\n<meta property=\"og:image\" content=\"https:\/\/psol50.org.br\/inc\/uploads\/2018\/07\/capa.png\" \/>\n\t<meta property=\"og:image:width\" content=\"1350\" \/>\n\t<meta property=\"og:image:height\" content=\"900\" \/>\n\t<meta property=\"og:image:type\" content=\"image\/png\" \/>\n<meta name=\"author\" content=\"Comunica\u00e7\u00e3o PSOL\" \/>\n<meta name=\"twitter:card\" content=\"summary_large_image\" \/>\n<meta name=\"twitter:creator\" content=\"@psol50\" \/>\n<meta name=\"twitter:site\" content=\"@psol50\" \/>\n<meta name=\"twitter:label1\" content=\"Escrito por\" \/>\n\t<meta name=\"twitter:data1\" content=\"Comunica\u00e7\u00e3o PSOL\" \/>\n\t<meta name=\"twitter:label2\" content=\"Est. tempo de leitura\" \/>\n\t<meta name=\"twitter:data2\" content=\"2 minutos\" \/>\n<script type=\"application\/ld+json\" class=\"yoast-schema-graph\">{\"@context\":\"https:\/\/schema.org\",\"@graph\":[{\"@type\":\"Article\",\"@id\":\"https:\/\/psol50.org.br\/dossie-mostra-o-que-os-trabalhadores-perderao-com-o-desmonte-aprovado-no-senado\/#article\",\"isPartOf\":{\"@id\":\"https:\/\/psol50.org.br\/dossie-mostra-o-que-os-trabalhadores-perderao-com-o-desmonte-aprovado-no-senado\/\"},\"author\":{\"name\":\"Comunica\u00e7\u00e3o PSOL\",\"@id\":\"https:\/\/psol50.org.br\/#\/schema\/person\/475dfa57d0b815993c714c2e96491fcd\"},\"headline\":\"Dossi\u00ea mostra o que os trabalhadores perder\u00e3o com o desmonte aprovado no Senado\",\"datePublished\":\"2017-07-12T13:34:02+00:00\",\"mainEntityOfPage\":{\"@id\":\"https:\/\/psol50.org.br\/dossie-mostra-o-que-os-trabalhadores-perderao-com-o-desmonte-aprovado-no-senado\/\"},\"wordCount\":467,\"commentCount\":0,\"publisher\":{\"@id\":\"https:\/\/psol50.org.br\/#organization\"},\"image\":{\"@id\":\"https:\/\/psol50.org.br\/dossie-mostra-o-que-os-trabalhadores-perderao-com-o-desmonte-aprovado-no-senado\/#primaryimage\"},\"thumbnailUrl\":\"\",\"keywords\":[\"Cesit\",\"CLT\",\"desmonte trabalhista\",\"direitos\",\"dossi\u00ea\",\"Michel Temer\",\"reforma trabalhista\",\"trabalhadores\",\"unicamp\"],\"articleSection\":[\"Brasil\",\"Not\u00edcias\"],\"inLanguage\":\"pt-BR\",\"potentialAction\":[{\"@type\":\"CommentAction\",\"name\":\"Comment\",\"target\":[\"https:\/\/psol50.org.br\/dossie-mostra-o-que-os-trabalhadores-perderao-com-o-desmonte-aprovado-no-senado\/#respond\"]}]},{\"@type\":\"WebPage\",\"@id\":\"https:\/\/psol50.org.br\/dossie-mostra-o-que-os-trabalhadores-perderao-com-o-desmonte-aprovado-no-senado\/\",\"url\":\"https:\/\/psol50.org.br\/dossie-mostra-o-que-os-trabalhadores-perderao-com-o-desmonte-aprovado-no-senado\/\",\"name\":\"Dossi\u00ea mostra o que os trabalhadores perder\u00e3o com o desmonte aprovado no Senado - PSOL 50\",\"isPartOf\":{\"@id\":\"https:\/\/psol50.org.br\/#website\"},\"primaryImageOfPage\":{\"@id\":\"https:\/\/psol50.org.br\/dossie-mostra-o-que-os-trabalhadores-perderao-com-o-desmonte-aprovado-no-senado\/#primaryimage\"},\"image\":{\"@id\":\"https:\/\/psol50.org.br\/dossie-mostra-o-que-os-trabalhadores-perderao-com-o-desmonte-aprovado-no-senado\/#primaryimage\"},\"thumbnailUrl\":\"\",\"datePublished\":\"2017-07-12T13:34:02+00:00\",\"breadcrumb\":{\"@id\":\"https:\/\/psol50.org.br\/dossie-mostra-o-que-os-trabalhadores-perderao-com-o-desmonte-aprovado-no-senado\/#breadcrumb\"},\"inLanguage\":\"pt-BR\",\"potentialAction\":[{\"@type\":\"ReadAction\",\"target\":[\"https:\/\/psol50.org.br\/dossie-mostra-o-que-os-trabalhadores-perderao-com-o-desmonte-aprovado-no-senado\/\"]}]},{\"@type\":\"ImageObject\",\"inLanguage\":\"pt-BR\",\"@id\":\"https:\/\/psol50.org.br\/dossie-mostra-o-que-os-trabalhadores-perderao-com-o-desmonte-aprovado-no-senado\/#primaryimage\",\"url\":\"\",\"contentUrl\":\"\"},{\"@type\":\"BreadcrumbList\",\"@id\":\"https:\/\/psol50.org.br\/dossie-mostra-o-que-os-trabalhadores-perderao-com-o-desmonte-aprovado-no-senado\/#breadcrumb\",\"itemListElement\":[{\"@type\":\"ListItem\",\"position\":1,\"name\":\"In\u00edcio\",\"item\":\"https:\/\/psol50.org.br\/\"},{\"@type\":\"ListItem\",\"position\":2,\"name\":\"Dossi\u00ea mostra o que os trabalhadores perder\u00e3o com o desmonte aprovado no Senado\"}]},{\"@type\":\"WebSite\",\"@id\":\"https:\/\/psol50.org.br\/#website\",\"url\":\"https:\/\/psol50.org.br\/\",\"name\":\"PSOL 50\",\"description\":\"Site oficial do Partido Socialismo e Liberdade\",\"publisher\":{\"@id\":\"https:\/\/psol50.org.br\/#organization\"},\"alternateName\":\"PSOL50\",\"potentialAction\":[{\"@type\":\"SearchAction\",\"target\":{\"@type\":\"EntryPoint\",\"urlTemplate\":\"https:\/\/psol50.org.br\/?s={search_term_string}\"},\"query-input\":{\"@type\":\"PropertyValueSpecification\",\"valueRequired\":true,\"valueName\":\"search_term_string\"}}],\"inLanguage\":\"pt-BR\"},{\"@type\":\"Organization\",\"@id\":\"https:\/\/psol50.org.br\/#organization\",\"name\":\"PSOL 50\",\"alternateName\":\"PSOL 50\",\"url\":\"https:\/\/psol50.org.br\/\",\"logo\":{\"@type\":\"ImageObject\",\"inLanguage\":\"pt-BR\",\"@id\":\"https:\/\/psol50.org.br\/#\/schema\/logo\/image\/\",\"url\":\"https:\/\/psol50.org.br\/inc\/uploads\/2018\/07\/capa.png\",\"contentUrl\":\"https:\/\/psol50.org.br\/inc\/uploads\/2018\/07\/capa.png\",\"width\":1350,\"height\":900,\"caption\":\"PSOL 50\"},\"image\":{\"@id\":\"https:\/\/psol50.org.br\/#\/schema\/logo\/image\/\"},\"sameAs\":[\"https:\/\/www.facebook.com\/psol50\",\"https:\/\/x.com\/psol50\",\"https:\/\/www.instagram.com\/psol50\/\",\"https:\/\/www.youtube.com\/channel\/UC7SnJS5o1os7a6CaiNabzcg\"]},{\"@type\":\"Person\",\"@id\":\"https:\/\/psol50.org.br\/#\/schema\/person\/475dfa57d0b815993c714c2e96491fcd\",\"name\":\"Comunica\u00e7\u00e3o PSOL\",\"image\":{\"@type\":\"ImageObject\",\"inLanguage\":\"pt-BR\",\"@id\":\"https:\/\/psol50.org.br\/#\/schema\/person\/image\/\",\"url\":\"https:\/\/secure.gravatar.com\/avatar\/b34fc4f4e468a4e51785917065a3db57b841f5c95dba6ad8c73aaf8f66f8f9bf?s=96&d=mm&r=g\",\"contentUrl\":\"https:\/\/secure.gravatar.com\/avatar\/b34fc4f4e468a4e51785917065a3db57b841f5c95dba6ad8c73aaf8f66f8f9bf?s=96&d=mm&r=g\",\"caption\":\"Comunica\u00e7\u00e3o PSOL\"}}]}<\/script>\n<!-- \/ Yoast SEO plugin. -->","yoast_head_json":{"title":"Dossi\u00ea mostra o que os trabalhadores perder\u00e3o com o desmonte aprovado no Senado - PSOL 50","robots":{"index":"index","follow":"follow","max-snippet":"max-snippet:-1","max-image-preview":"max-image-preview:large","max-video-preview":"max-video-preview:-1"},"canonical":"https:\/\/psol50.org.br\/dossie-mostra-o-que-os-trabalhadores-perderao-com-o-desmonte-aprovado-no-senado\/","og_locale":"pt_BR","og_type":"article","og_title":"Dossi\u00ea mostra o que os trabalhadores perder\u00e3o com o desmonte aprovado no Senado - PSOL 50","og_description":"Um dossi\u00ea preparado pelo Centro de Estudos Sindicais e de Economia do Trabalho (Cesit), da Unicamp, analisa as principais altera\u00e7\u00f5es da legisla\u00e7\u00e3o trabalhista, aprovadas na noite desta ter\u00e7a-feira (11\/07), no plen\u00e1rio do Senado Federal. O documento oferece amplo contraponto aos argumentos utilizados pelo governo e pelo setor empresarial para justificar a reforma trabalhista, que representa [&hellip;]","og_url":"https:\/\/psol50.org.br\/dossie-mostra-o-que-os-trabalhadores-perderao-com-o-desmonte-aprovado-no-senado\/","og_site_name":"PSOL 50","article_publisher":"https:\/\/www.facebook.com\/psol50","article_published_time":"2017-07-12T13:34:02+00:00","og_image":[{"width":1350,"height":900,"url":"https:\/\/psol50.org.br\/inc\/uploads\/2018\/07\/capa.png","type":"image\/png"}],"author":"Comunica\u00e7\u00e3o PSOL","twitter_card":"summary_large_image","twitter_creator":"@psol50","twitter_site":"@psol50","twitter_misc":{"Escrito por":"Comunica\u00e7\u00e3o PSOL","Est. tempo de leitura":"2 minutos"},"schema":{"@context":"https:\/\/schema.org","@graph":[{"@type":"Article","@id":"https:\/\/psol50.org.br\/dossie-mostra-o-que-os-trabalhadores-perderao-com-o-desmonte-aprovado-no-senado\/#article","isPartOf":{"@id":"https:\/\/psol50.org.br\/dossie-mostra-o-que-os-trabalhadores-perderao-com-o-desmonte-aprovado-no-senado\/"},"author":{"name":"Comunica\u00e7\u00e3o PSOL","@id":"https:\/\/psol50.org.br\/#\/schema\/person\/475dfa57d0b815993c714c2e96491fcd"},"headline":"Dossi\u00ea mostra o que os trabalhadores perder\u00e3o com o desmonte aprovado no Senado","datePublished":"2017-07-12T13:34:02+00:00","mainEntityOfPage":{"@id":"https:\/\/psol50.org.br\/dossie-mostra-o-que-os-trabalhadores-perderao-com-o-desmonte-aprovado-no-senado\/"},"wordCount":467,"commentCount":0,"publisher":{"@id":"https:\/\/psol50.org.br\/#organization"},"image":{"@id":"https:\/\/psol50.org.br\/dossie-mostra-o-que-os-trabalhadores-perderao-com-o-desmonte-aprovado-no-senado\/#primaryimage"},"thumbnailUrl":"","keywords":["Cesit","CLT","desmonte trabalhista","direitos","dossi\u00ea","Michel Temer","reforma trabalhista","trabalhadores","unicamp"],"articleSection":["Brasil","Not\u00edcias"],"inLanguage":"pt-BR","potentialAction":[{"@type":"CommentAction","name":"Comment","target":["https:\/\/psol50.org.br\/dossie-mostra-o-que-os-trabalhadores-perderao-com-o-desmonte-aprovado-no-senado\/#respond"]}]},{"@type":"WebPage","@id":"https:\/\/psol50.org.br\/dossie-mostra-o-que-os-trabalhadores-perderao-com-o-desmonte-aprovado-no-senado\/","url":"https:\/\/psol50.org.br\/dossie-mostra-o-que-os-trabalhadores-perderao-com-o-desmonte-aprovado-no-senado\/","name":"Dossi\u00ea mostra o que os trabalhadores perder\u00e3o com o desmonte aprovado no Senado - PSOL 50","isPartOf":{"@id":"https:\/\/psol50.org.br\/#website"},"primaryImageOfPage":{"@id":"https:\/\/psol50.org.br\/dossie-mostra-o-que-os-trabalhadores-perderao-com-o-desmonte-aprovado-no-senado\/#primaryimage"},"image":{"@id":"https:\/\/psol50.org.br\/dossie-mostra-o-que-os-trabalhadores-perderao-com-o-desmonte-aprovado-no-senado\/#primaryimage"},"thumbnailUrl":"","datePublished":"2017-07-12T13:34:02+00:00","breadcrumb":{"@id":"https:\/\/psol50.org.br\/dossie-mostra-o-que-os-trabalhadores-perderao-com-o-desmonte-aprovado-no-senado\/#breadcrumb"},"inLanguage":"pt-BR","potentialAction":[{"@type":"ReadAction","target":["https:\/\/psol50.org.br\/dossie-mostra-o-que-os-trabalhadores-perderao-com-o-desmonte-aprovado-no-senado\/"]}]},{"@type":"ImageObject","inLanguage":"pt-BR","@id":"https:\/\/psol50.org.br\/dossie-mostra-o-que-os-trabalhadores-perderao-com-o-desmonte-aprovado-no-senado\/#primaryimage","url":"","contentUrl":""},{"@type":"BreadcrumbList","@id":"https:\/\/psol50.org.br\/dossie-mostra-o-que-os-trabalhadores-perderao-com-o-desmonte-aprovado-no-senado\/#breadcrumb","itemListElement":[{"@type":"ListItem","position":1,"name":"In\u00edcio","item":"https:\/\/psol50.org.br\/"},{"@type":"ListItem","position":2,"name":"Dossi\u00ea mostra o que os trabalhadores perder\u00e3o com o desmonte aprovado no Senado"}]},{"@type":"WebSite","@id":"https:\/\/psol50.org.br\/#website","url":"https:\/\/psol50.org.br\/","name":"PSOL 50","description":"Site oficial do Partido Socialismo e Liberdade","publisher":{"@id":"https:\/\/psol50.org.br\/#organization"},"alternateName":"PSOL50","potentialAction":[{"@type":"SearchAction","target":{"@type":"EntryPoint","urlTemplate":"https:\/\/psol50.org.br\/?s={search_term_string}"},"query-input":{"@type":"PropertyValueSpecification","valueRequired":true,"valueName":"search_term_string"}}],"inLanguage":"pt-BR"},{"@type":"Organization","@id":"https:\/\/psol50.org.br\/#organization","name":"PSOL 50","alternateName":"PSOL 50","url":"https:\/\/psol50.org.br\/","logo":{"@type":"ImageObject","inLanguage":"pt-BR","@id":"https:\/\/psol50.org.br\/#\/schema\/logo\/image\/","url":"https:\/\/psol50.org.br\/inc\/uploads\/2018\/07\/capa.png","contentUrl":"https:\/\/psol50.org.br\/inc\/uploads\/2018\/07\/capa.png","width":1350,"height":900,"caption":"PSOL 50"},"image":{"@id":"https:\/\/psol50.org.br\/#\/schema\/logo\/image\/"},"sameAs":["https:\/\/www.facebook.com\/psol50","https:\/\/x.com\/psol50","https:\/\/www.instagram.com\/psol50\/","https:\/\/www.youtube.com\/channel\/UC7SnJS5o1os7a6CaiNabzcg"]},{"@type":"Person","@id":"https:\/\/psol50.org.br\/#\/schema\/person\/475dfa57d0b815993c714c2e96491fcd","name":"Comunica\u00e7\u00e3o PSOL","image":{"@type":"ImageObject","inLanguage":"pt-BR","@id":"https:\/\/psol50.org.br\/#\/schema\/person\/image\/","url":"https:\/\/secure.gravatar.com\/avatar\/b34fc4f4e468a4e51785917065a3db57b841f5c95dba6ad8c73aaf8f66f8f9bf?s=96&d=mm&r=g","contentUrl":"https:\/\/secure.gravatar.com\/avatar\/b34fc4f4e468a4e51785917065a3db57b841f5c95dba6ad8c73aaf8f66f8f9bf?s=96&d=mm&r=g","caption":"Comunica\u00e7\u00e3o PSOL"}}]}},"_links":{"self":[{"href":"https:\/\/psol50.org.br\/rest\/wp\/v2\/posts\/17183","targetHints":{"allow":["GET"]}}],"collection":[{"href":"https:\/\/psol50.org.br\/rest\/wp\/v2\/posts"}],"about":[{"href":"https:\/\/psol50.org.br\/rest\/wp\/v2\/types\/post"}],"author":[{"embeddable":true,"href":"https:\/\/psol50.org.br\/rest\/wp\/v2\/users\/2"}],"replies":[{"embeddable":true,"href":"https:\/\/psol50.org.br\/rest\/wp\/v2\/comments?post=17183"}],"version-history":[{"count":0,"href":"https:\/\/psol50.org.br\/rest\/wp\/v2\/posts\/17183\/revisions"}],"wp:featuredmedia":[{"embeddable":true,"href":"https:\/\/psol50.org.br\/rest\/"}],"wp:attachment":[{"href":"https:\/\/psol50.org.br\/rest\/wp\/v2\/media?parent=17183"}],"wp:term":[{"taxonomy":"category","embeddable":true,"href":"https:\/\/psol50.org.br\/rest\/wp\/v2\/categories?post=17183"},{"taxonomy":"post_tag","embeddable":true,"href":"https:\/\/psol50.org.br\/rest\/wp\/v2\/tags?post=17183"}],"curies":[{"name":"wp","href":"https:\/\/api.w.org\/{rel}","templated":true}]}}