{"id":17198,"date":"2017-07-13T16:04:40","date_gmt":"2017-07-13T16:04:40","guid":{"rendered":"http:\/\/www.psol50.org.br\/?p=17198"},"modified":"2017-07-13T16:04:40","modified_gmt":"2017-07-13T16:04:40","slug":"rodrigo-janot-responde-a-bancada-do-psol-com-elementos-sobre-denuncia-contra-temer","status":"publish","type":"post","link":"https:\/\/psol50.org.br\/rodrigo-janot-responde-a-bancada-do-psol-com-elementos-sobre-denuncia-contra-temer\/","title":{"rendered":"Rodrigo Janot responde \u00e0 bancada do PSOL com elementos sobre den\u00fancia contra Temer"},"content":{"rendered":"<p>O Procurador-Geral da Rep\u00fablica, Rodrigo Janot, <a href=\"http:\/\/www.psol50.org.br\/inc\/uploads\/2017\/07\/PGR14.pdf\" target=\"_blank\" rel=\"noopener\"><strong><span style=\"color: #0000ff;\">respondeu formalmente<\/span><\/strong><\/a>, na noite desta quarta-feira (12\/07), \u00e0s perguntas apresentadas pela bancada do <a href=\"https:\/\/www.facebook.com\/psolnacamara\/\" target=\"_blank\" rel=\"noopener\"><strong><span style=\"color: #0000ff;\">PSOL na C\u00e2mara<\/span><\/strong><\/a> sobre a den\u00fancia contra Michel Temer, acusado por corrup\u00e7\u00e3o passiva no esquema deletado por Joesley Batista, dono da J&amp;S. A resposta de Janot \u00e9 resultado da reuni\u00e3o que ele teve na \u00faltima ter\u00e7a-feira (11) com a deputada Luiza Erundina (SP) e com os deputados Glauber (RJ), Chico Alencar (RJ) e Ivan Valente (SP).<\/p>\n<p>Na ocasi\u00e3o, Janot disse que, ao contr\u00e1rio do que argumenta a defesa de Temer, a den\u00fancia \u00e9 admiss\u00edvel e, se n\u00e3o fosse, nem o Supremo Tribunal Federal (STF) a teria encaminhado para a C\u00e2mara dos Deputados. Ele considerou um desprop\u00f3sito as alega\u00e7\u00f5es de que a grava\u00e7\u00e3o da conversa entre Joesley Batista e Michel Temer teria sido adulterada, reafirmou que n\u00e3o h\u00e1 motiva\u00e7\u00e3o pol\u00edtica na den\u00fancia apresentada e confirmou que est\u00e1 acumulando elementos para as novas den\u00fancias contra Temer, por obstru\u00e7\u00e3o \u00e0 Justi\u00e7a e organiza\u00e7\u00e3o criminosa, que ser\u00e3o levadas ao STF em agosto.<\/p>\n<p>Na resposta formal, Janot elenca os fatos que comprovam que a propina recebida pelo bra\u00e7o direito de Temer e deputado afastado Rodrigo Rocha Loures se destinava mesmo ao presidente da Rep\u00fablica. Para a mostrar a conclus\u00e3o, o Procurador-Geral retoma alguns momentos do di\u00e1logo entre Joesley e Temer, no Pal\u00e1cio da Alvorada. Segundo ele, os envolvidos montaram todo um esquema para dificultar que o crime fosse descoberto.<\/p>\n<p>\u201cOs elementos colhidos se mostraram mais do que suficientes para caracterizar o crime de corrup\u00e7\u00e3o, tanto na modalidade aceita\u00e7\u00e3o de promessa de vantagem indevida quanto na modalidade de recebimento, uma vez que os valores foram efetivamente percebidos por intermedi\u00e1rio da opera\u00e7\u00e3o. Importante destacar que n\u00e3o se exige para configura\u00e7\u00e3o do crime de corrup\u00e7\u00e3o passiva na modalidade recebimento o contato f\u00edsico com os valores recebidos. Na realidade, em crimes dessa natureza o agente tende a evitar o contato f\u00edsico com os valores il\u00edcitos. Da\u00ed a frequente utiliza\u00e7\u00e3o de laranjas, doleiros, empresas de fachadas e outros intermedi\u00e1rios, os quais destinam-se justamente a garantir que o crime n\u00e3o seja descoberto\u201d, conclui Janot no documento.<\/p>\n<p>O deputado Chico Alencar comentou o documento enviado por Rodrigo Janot. &#8220;Agora temos aqui um documento oficial, que, inclusive, vamos apresentar \u00e0 CCJ para que o relator Zveiter (S\u00e9rgio) incorpore em seu relat\u00f3rio, que \u00e9 muito esclarecedor&#8221;, disse Chico, se referindo ao <a href=\"http:\/\/www.psol50.org.br\/blog\/2017\/07\/11\/senado-aprova-desmonte-trabalhista-no-plenario\/\" target=\"_blank\" rel=\"noopener\"><span style=\"color: #0000ff;\"><strong>parecer apresentado pelo relator na Comiss\u00e3o de Constitui\u00e7\u00e3o, Justi\u00e7a e Cidadania da C\u00e2mara, pedindo a abertura das investiga\u00e7\u00f5es contra Temer<\/strong><\/span><\/a>.<\/p>\n<p>Confira, abaixo, o coment\u00e1rio de Chico.<\/p>\n<p>https:\/\/www.facebook.com\/chicoalencar\/videos\/1167028903399359\/<\/p>\n","protected":false},"excerpt":{"rendered":"<p>O Procurador-Geral da Rep\u00fablica, Rodrigo Janot, respondeu formalmente, na noite desta quarta-feira (12\/07), \u00e0s perguntas apresentadas pela bancada do PSOL na C\u00e2mara sobre a den\u00fancia contra Michel Temer, acusado por corrup\u00e7\u00e3o passiva no esquema deletado por Joesley Batista, dono da J&amp;S. A resposta de Janot \u00e9 resultado da reuni\u00e3o que ele teve na \u00faltima ter\u00e7a-feira [&hellip;]<\/p>\n","protected":false},"author":2,"featured_media":16154,"comment_status":"open","ping_status":"open","sticky":false,"template":"","format":"standard","meta":{"_acf_changed":false,"footnotes":""},"categories":[10,1882,6],"tags":[2734,1680,2987,235,79,3244,1748,77,2997,3093,3273],"class_list":{"0":"post-17198","1":"post","2":"type-post","3":"status-publish","4":"format-standard","5":"has-post-thumbnail","7":"category-acao-parlamentares","8":"category-brasil","9":"category-noticias","10":"tag-bancada-do-psol","11":"tag-chico-alencar","12":"tag-corrupcao-passiva","13":"tag-crime","14":"tag-denuncia","15":"tag-joesley-batista","16":"tag-michel-temer","17":"tag-pgr","18":"tag-propina","19":"tag-rodrigo-janot","20":"tag-rodrigo-rocha-loures"},"acf":[],"yoast_head":"<!-- This site is optimized with the Yoast SEO plugin v26.5 - https:\/\/yoast.com\/wordpress\/plugins\/seo\/ -->\n<title>Rodrigo Janot responde \u00e0 bancada do PSOL com elementos sobre den\u00fancia contra Temer - PSOL 50<\/title>\n<meta name=\"robots\" content=\"index, follow, max-snippet:-1, max-image-preview:large, max-video-preview:-1\" \/>\n<link rel=\"canonical\" href=\"https:\/\/psol50.org.br\/rodrigo-janot-responde-a-bancada-do-psol-com-elementos-sobre-denuncia-contra-temer\/\" \/>\n<meta property=\"og:locale\" content=\"pt_BR\" \/>\n<meta property=\"og:type\" content=\"article\" \/>\n<meta property=\"og:title\" content=\"Rodrigo Janot responde \u00e0 bancada do PSOL com elementos sobre den\u00fancia contra Temer - PSOL 50\" \/>\n<meta property=\"og:description\" content=\"O Procurador-Geral da Rep\u00fablica, Rodrigo Janot, respondeu formalmente, na noite desta quarta-feira (12\/07), \u00e0s perguntas apresentadas pela bancada do PSOL na C\u00e2mara sobre a den\u00fancia contra Michel Temer, acusado por corrup\u00e7\u00e3o passiva no esquema deletado por Joesley Batista, dono da J&amp;S. A resposta de Janot \u00e9 resultado da reuni\u00e3o que ele teve na \u00faltima ter\u00e7a-feira [&hellip;]\" \/>\n<meta property=\"og:url\" content=\"https:\/\/psol50.org.br\/rodrigo-janot-responde-a-bancada-do-psol-com-elementos-sobre-denuncia-contra-temer\/\" \/>\n<meta property=\"og:site_name\" content=\"PSOL 50\" \/>\n<meta property=\"article:publisher\" content=\"https:\/\/www.facebook.com\/psol50\" \/>\n<meta property=\"article:published_time\" content=\"2017-07-13T16:04:40+00:00\" \/>\n<meta property=\"og:image\" content=\"https:\/\/psol50.org.br\/inc\/uploads\/2018\/07\/capa.png\" \/>\n\t<meta property=\"og:image:width\" content=\"1350\" \/>\n\t<meta property=\"og:image:height\" content=\"900\" \/>\n\t<meta property=\"og:image:type\" content=\"image\/png\" \/>\n<meta name=\"author\" content=\"Comunica\u00e7\u00e3o PSOL\" \/>\n<meta name=\"twitter:card\" content=\"summary_large_image\" \/>\n<meta name=\"twitter:creator\" content=\"@psol50\" \/>\n<meta name=\"twitter:site\" content=\"@psol50\" \/>\n<meta name=\"twitter:label1\" content=\"Escrito por\" \/>\n\t<meta name=\"twitter:data1\" content=\"Comunica\u00e7\u00e3o PSOL\" \/>\n\t<meta name=\"twitter:label2\" content=\"Est. tempo de leitura\" \/>\n\t<meta name=\"twitter:data2\" content=\"2 minutos\" \/>\n<script type=\"application\/ld+json\" class=\"yoast-schema-graph\">{\"@context\":\"https:\/\/schema.org\",\"@graph\":[{\"@type\":\"Article\",\"@id\":\"https:\/\/psol50.org.br\/rodrigo-janot-responde-a-bancada-do-psol-com-elementos-sobre-denuncia-contra-temer\/#article\",\"isPartOf\":{\"@id\":\"https:\/\/psol50.org.br\/rodrigo-janot-responde-a-bancada-do-psol-com-elementos-sobre-denuncia-contra-temer\/\"},\"author\":{\"name\":\"Comunica\u00e7\u00e3o PSOL\",\"@id\":\"https:\/\/psol50.org.br\/#\/schema\/person\/475dfa57d0b815993c714c2e96491fcd\"},\"headline\":\"Rodrigo Janot responde \u00e0 bancada do PSOL com elementos sobre den\u00fancia contra Temer\",\"datePublished\":\"2017-07-13T16:04:40+00:00\",\"mainEntityOfPage\":{\"@id\":\"https:\/\/psol50.org.br\/rodrigo-janot-responde-a-bancada-do-psol-com-elementos-sobre-denuncia-contra-temer\/\"},\"wordCount\":476,\"commentCount\":0,\"publisher\":{\"@id\":\"https:\/\/psol50.org.br\/#organization\"},\"image\":{\"@id\":\"https:\/\/psol50.org.br\/rodrigo-janot-responde-a-bancada-do-psol-com-elementos-sobre-denuncia-contra-temer\/#primaryimage\"},\"thumbnailUrl\":\"\",\"keywords\":[\"Bancada do PSOL\",\"Chico Alencar\",\"corrup\u00e7\u00e3o passiva\",\"crime\",\"den\u00fancia\",\"Joesley Batista\",\"Michel Temer\",\"PGR\",\"propina\",\"Rodrigo Janot\",\"Rodrigo Rocha Loures\"],\"articleSection\":[\"A\u00e7\u00e3o Parlamentar\",\"Brasil\",\"Not\u00edcias\"],\"inLanguage\":\"pt-BR\",\"potentialAction\":[{\"@type\":\"CommentAction\",\"name\":\"Comment\",\"target\":[\"https:\/\/psol50.org.br\/rodrigo-janot-responde-a-bancada-do-psol-com-elementos-sobre-denuncia-contra-temer\/#respond\"]}]},{\"@type\":\"WebPage\",\"@id\":\"https:\/\/psol50.org.br\/rodrigo-janot-responde-a-bancada-do-psol-com-elementos-sobre-denuncia-contra-temer\/\",\"url\":\"https:\/\/psol50.org.br\/rodrigo-janot-responde-a-bancada-do-psol-com-elementos-sobre-denuncia-contra-temer\/\",\"name\":\"Rodrigo Janot responde \u00e0 bancada do PSOL com elementos sobre den\u00fancia contra Temer - PSOL 50\",\"isPartOf\":{\"@id\":\"https:\/\/psol50.org.br\/#website\"},\"primaryImageOfPage\":{\"@id\":\"https:\/\/psol50.org.br\/rodrigo-janot-responde-a-bancada-do-psol-com-elementos-sobre-denuncia-contra-temer\/#primaryimage\"},\"image\":{\"@id\":\"https:\/\/psol50.org.br\/rodrigo-janot-responde-a-bancada-do-psol-com-elementos-sobre-denuncia-contra-temer\/#primaryimage\"},\"thumbnailUrl\":\"\",\"datePublished\":\"2017-07-13T16:04:40+00:00\",\"breadcrumb\":{\"@id\":\"https:\/\/psol50.org.br\/rodrigo-janot-responde-a-bancada-do-psol-com-elementos-sobre-denuncia-contra-temer\/#breadcrumb\"},\"inLanguage\":\"pt-BR\",\"potentialAction\":[{\"@type\":\"ReadAction\",\"target\":[\"https:\/\/psol50.org.br\/rodrigo-janot-responde-a-bancada-do-psol-com-elementos-sobre-denuncia-contra-temer\/\"]}]},{\"@type\":\"ImageObject\",\"inLanguage\":\"pt-BR\",\"@id\":\"https:\/\/psol50.org.br\/rodrigo-janot-responde-a-bancada-do-psol-com-elementos-sobre-denuncia-contra-temer\/#primaryimage\",\"url\":\"\",\"contentUrl\":\"\"},{\"@type\":\"BreadcrumbList\",\"@id\":\"https:\/\/psol50.org.br\/rodrigo-janot-responde-a-bancada-do-psol-com-elementos-sobre-denuncia-contra-temer\/#breadcrumb\",\"itemListElement\":[{\"@type\":\"ListItem\",\"position\":1,\"name\":\"In\u00edcio\",\"item\":\"https:\/\/psol50.org.br\/\"},{\"@type\":\"ListItem\",\"position\":2,\"name\":\"Rodrigo Janot responde \u00e0 bancada do PSOL com elementos sobre den\u00fancia contra Temer\"}]},{\"@type\":\"WebSite\",\"@id\":\"https:\/\/psol50.org.br\/#website\",\"url\":\"https:\/\/psol50.org.br\/\",\"name\":\"PSOL 50\",\"description\":\"Site oficial do Partido Socialismo e Liberdade\",\"publisher\":{\"@id\":\"https:\/\/psol50.org.br\/#organization\"},\"alternateName\":\"PSOL50\",\"potentialAction\":[{\"@type\":\"SearchAction\",\"target\":{\"@type\":\"EntryPoint\",\"urlTemplate\":\"https:\/\/psol50.org.br\/?s={search_term_string}\"},\"query-input\":{\"@type\":\"PropertyValueSpecification\",\"valueRequired\":true,\"valueName\":\"search_term_string\"}}],\"inLanguage\":\"pt-BR\"},{\"@type\":\"Organization\",\"@id\":\"https:\/\/psol50.org.br\/#organization\",\"name\":\"PSOL 50\",\"alternateName\":\"PSOL 50\",\"url\":\"https:\/\/psol50.org.br\/\",\"logo\":{\"@type\":\"ImageObject\",\"inLanguage\":\"pt-BR\",\"@id\":\"https:\/\/psol50.org.br\/#\/schema\/logo\/image\/\",\"url\":\"https:\/\/psol50.org.br\/inc\/uploads\/2018\/07\/capa.png\",\"contentUrl\":\"https:\/\/psol50.org.br\/inc\/uploads\/2018\/07\/capa.png\",\"width\":1350,\"height\":900,\"caption\":\"PSOL 50\"},\"image\":{\"@id\":\"https:\/\/psol50.org.br\/#\/schema\/logo\/image\/\"},\"sameAs\":[\"https:\/\/www.facebook.com\/psol50\",\"https:\/\/x.com\/psol50\",\"https:\/\/www.instagram.com\/psol50\/\",\"https:\/\/www.youtube.com\/channel\/UC7SnJS5o1os7a6CaiNabzcg\"]},{\"@type\":\"Person\",\"@id\":\"https:\/\/psol50.org.br\/#\/schema\/person\/475dfa57d0b815993c714c2e96491fcd\",\"name\":\"Comunica\u00e7\u00e3o PSOL\",\"image\":{\"@type\":\"ImageObject\",\"inLanguage\":\"pt-BR\",\"@id\":\"https:\/\/psol50.org.br\/#\/schema\/person\/image\/\",\"url\":\"https:\/\/secure.gravatar.com\/avatar\/b34fc4f4e468a4e51785917065a3db57b841f5c95dba6ad8c73aaf8f66f8f9bf?s=96&d=mm&r=g\",\"contentUrl\":\"https:\/\/secure.gravatar.com\/avatar\/b34fc4f4e468a4e51785917065a3db57b841f5c95dba6ad8c73aaf8f66f8f9bf?s=96&d=mm&r=g\",\"caption\":\"Comunica\u00e7\u00e3o PSOL\"}}]}<\/script>\n<!-- \/ Yoast SEO plugin. -->","yoast_head_json":{"title":"Rodrigo Janot responde \u00e0 bancada do PSOL com elementos sobre den\u00fancia contra Temer - PSOL 50","robots":{"index":"index","follow":"follow","max-snippet":"max-snippet:-1","max-image-preview":"max-image-preview:large","max-video-preview":"max-video-preview:-1"},"canonical":"https:\/\/psol50.org.br\/rodrigo-janot-responde-a-bancada-do-psol-com-elementos-sobre-denuncia-contra-temer\/","og_locale":"pt_BR","og_type":"article","og_title":"Rodrigo Janot responde \u00e0 bancada do PSOL com elementos sobre den\u00fancia contra Temer - PSOL 50","og_description":"O Procurador-Geral da Rep\u00fablica, Rodrigo Janot, respondeu formalmente, na noite desta quarta-feira (12\/07), \u00e0s perguntas apresentadas pela bancada do PSOL na C\u00e2mara sobre a den\u00fancia contra Michel Temer, acusado por corrup\u00e7\u00e3o passiva no esquema deletado por Joesley Batista, dono da J&amp;S. A resposta de Janot \u00e9 resultado da reuni\u00e3o que ele teve na \u00faltima ter\u00e7a-feira [&hellip;]","og_url":"https:\/\/psol50.org.br\/rodrigo-janot-responde-a-bancada-do-psol-com-elementos-sobre-denuncia-contra-temer\/","og_site_name":"PSOL 50","article_publisher":"https:\/\/www.facebook.com\/psol50","article_published_time":"2017-07-13T16:04:40+00:00","og_image":[{"width":1350,"height":900,"url":"https:\/\/psol50.org.br\/inc\/uploads\/2018\/07\/capa.png","type":"image\/png"}],"author":"Comunica\u00e7\u00e3o PSOL","twitter_card":"summary_large_image","twitter_creator":"@psol50","twitter_site":"@psol50","twitter_misc":{"Escrito por":"Comunica\u00e7\u00e3o PSOL","Est. tempo de leitura":"2 minutos"},"schema":{"@context":"https:\/\/schema.org","@graph":[{"@type":"Article","@id":"https:\/\/psol50.org.br\/rodrigo-janot-responde-a-bancada-do-psol-com-elementos-sobre-denuncia-contra-temer\/#article","isPartOf":{"@id":"https:\/\/psol50.org.br\/rodrigo-janot-responde-a-bancada-do-psol-com-elementos-sobre-denuncia-contra-temer\/"},"author":{"name":"Comunica\u00e7\u00e3o PSOL","@id":"https:\/\/psol50.org.br\/#\/schema\/person\/475dfa57d0b815993c714c2e96491fcd"},"headline":"Rodrigo Janot responde \u00e0 bancada do PSOL com elementos sobre den\u00fancia contra Temer","datePublished":"2017-07-13T16:04:40+00:00","mainEntityOfPage":{"@id":"https:\/\/psol50.org.br\/rodrigo-janot-responde-a-bancada-do-psol-com-elementos-sobre-denuncia-contra-temer\/"},"wordCount":476,"commentCount":0,"publisher":{"@id":"https:\/\/psol50.org.br\/#organization"},"image":{"@id":"https:\/\/psol50.org.br\/rodrigo-janot-responde-a-bancada-do-psol-com-elementos-sobre-denuncia-contra-temer\/#primaryimage"},"thumbnailUrl":"","keywords":["Bancada do PSOL","Chico Alencar","corrup\u00e7\u00e3o passiva","crime","den\u00fancia","Joesley Batista","Michel Temer","PGR","propina","Rodrigo Janot","Rodrigo Rocha Loures"],"articleSection":["A\u00e7\u00e3o Parlamentar","Brasil","Not\u00edcias"],"inLanguage":"pt-BR","potentialAction":[{"@type":"CommentAction","name":"Comment","target":["https:\/\/psol50.org.br\/rodrigo-janot-responde-a-bancada-do-psol-com-elementos-sobre-denuncia-contra-temer\/#respond"]}]},{"@type":"WebPage","@id":"https:\/\/psol50.org.br\/rodrigo-janot-responde-a-bancada-do-psol-com-elementos-sobre-denuncia-contra-temer\/","url":"https:\/\/psol50.org.br\/rodrigo-janot-responde-a-bancada-do-psol-com-elementos-sobre-denuncia-contra-temer\/","name":"Rodrigo Janot responde \u00e0 bancada do PSOL com elementos sobre den\u00fancia contra Temer - PSOL 50","isPartOf":{"@id":"https:\/\/psol50.org.br\/#website"},"primaryImageOfPage":{"@id":"https:\/\/psol50.org.br\/rodrigo-janot-responde-a-bancada-do-psol-com-elementos-sobre-denuncia-contra-temer\/#primaryimage"},"image":{"@id":"https:\/\/psol50.org.br\/rodrigo-janot-responde-a-bancada-do-psol-com-elementos-sobre-denuncia-contra-temer\/#primaryimage"},"thumbnailUrl":"","datePublished":"2017-07-13T16:04:40+00:00","breadcrumb":{"@id":"https:\/\/psol50.org.br\/rodrigo-janot-responde-a-bancada-do-psol-com-elementos-sobre-denuncia-contra-temer\/#breadcrumb"},"inLanguage":"pt-BR","potentialAction":[{"@type":"ReadAction","target":["https:\/\/psol50.org.br\/rodrigo-janot-responde-a-bancada-do-psol-com-elementos-sobre-denuncia-contra-temer\/"]}]},{"@type":"ImageObject","inLanguage":"pt-BR","@id":"https:\/\/psol50.org.br\/rodrigo-janot-responde-a-bancada-do-psol-com-elementos-sobre-denuncia-contra-temer\/#primaryimage","url":"","contentUrl":""},{"@type":"BreadcrumbList","@id":"https:\/\/psol50.org.br\/rodrigo-janot-responde-a-bancada-do-psol-com-elementos-sobre-denuncia-contra-temer\/#breadcrumb","itemListElement":[{"@type":"ListItem","position":1,"name":"In\u00edcio","item":"https:\/\/psol50.org.br\/"},{"@type":"ListItem","position":2,"name":"Rodrigo Janot responde \u00e0 bancada do PSOL com elementos sobre den\u00fancia contra Temer"}]},{"@type":"WebSite","@id":"https:\/\/psol50.org.br\/#website","url":"https:\/\/psol50.org.br\/","name":"PSOL 50","description":"Site oficial do Partido Socialismo e Liberdade","publisher":{"@id":"https:\/\/psol50.org.br\/#organization"},"alternateName":"PSOL50","potentialAction":[{"@type":"SearchAction","target":{"@type":"EntryPoint","urlTemplate":"https:\/\/psol50.org.br\/?s={search_term_string}"},"query-input":{"@type":"PropertyValueSpecification","valueRequired":true,"valueName":"search_term_string"}}],"inLanguage":"pt-BR"},{"@type":"Organization","@id":"https:\/\/psol50.org.br\/#organization","name":"PSOL 50","alternateName":"PSOL 50","url":"https:\/\/psol50.org.br\/","logo":{"@type":"ImageObject","inLanguage":"pt-BR","@id":"https:\/\/psol50.org.br\/#\/schema\/logo\/image\/","url":"https:\/\/psol50.org.br\/inc\/uploads\/2018\/07\/capa.png","contentUrl":"https:\/\/psol50.org.br\/inc\/uploads\/2018\/07\/capa.png","width":1350,"height":900,"caption":"PSOL 50"},"image":{"@id":"https:\/\/psol50.org.br\/#\/schema\/logo\/image\/"},"sameAs":["https:\/\/www.facebook.com\/psol50","https:\/\/x.com\/psol50","https:\/\/www.instagram.com\/psol50\/","https:\/\/www.youtube.com\/channel\/UC7SnJS5o1os7a6CaiNabzcg"]},{"@type":"Person","@id":"https:\/\/psol50.org.br\/#\/schema\/person\/475dfa57d0b815993c714c2e96491fcd","name":"Comunica\u00e7\u00e3o PSOL","image":{"@type":"ImageObject","inLanguage":"pt-BR","@id":"https:\/\/psol50.org.br\/#\/schema\/person\/image\/","url":"https:\/\/secure.gravatar.com\/avatar\/b34fc4f4e468a4e51785917065a3db57b841f5c95dba6ad8c73aaf8f66f8f9bf?s=96&d=mm&r=g","contentUrl":"https:\/\/secure.gravatar.com\/avatar\/b34fc4f4e468a4e51785917065a3db57b841f5c95dba6ad8c73aaf8f66f8f9bf?s=96&d=mm&r=g","caption":"Comunica\u00e7\u00e3o PSOL"}}]}},"_links":{"self":[{"href":"https:\/\/psol50.org.br\/rest\/wp\/v2\/posts\/17198","targetHints":{"allow":["GET"]}}],"collection":[{"href":"https:\/\/psol50.org.br\/rest\/wp\/v2\/posts"}],"about":[{"href":"https:\/\/psol50.org.br\/rest\/wp\/v2\/types\/post"}],"author":[{"embeddable":true,"href":"https:\/\/psol50.org.br\/rest\/wp\/v2\/users\/2"}],"replies":[{"embeddable":true,"href":"https:\/\/psol50.org.br\/rest\/wp\/v2\/comments?post=17198"}],"version-history":[{"count":0,"href":"https:\/\/psol50.org.br\/rest\/wp\/v2\/posts\/17198\/revisions"}],"wp:featuredmedia":[{"embeddable":true,"href":"https:\/\/psol50.org.br\/rest\/"}],"wp:attachment":[{"href":"https:\/\/psol50.org.br\/rest\/wp\/v2\/media?parent=17198"}],"wp:term":[{"taxonomy":"category","embeddable":true,"href":"https:\/\/psol50.org.br\/rest\/wp\/v2\/categories?post=17198"},{"taxonomy":"post_tag","embeddable":true,"href":"https:\/\/psol50.org.br\/rest\/wp\/v2\/tags?post=17198"}],"curies":[{"name":"wp","href":"https:\/\/api.w.org\/{rel}","templated":true}]}}