{"id":17206,"date":"2017-07-13T20:41:41","date_gmt":"2017-07-13T20:41:41","guid":{"rendered":"http:\/\/www.psol50.org.br\/?p=17206"},"modified":"2017-07-13T20:41:41","modified_gmt":"2017-07-13T20:41:41","slug":"ccj-da-camara-rejeita-investigacao-contra-temer-e-blinda-governo-ilegitimo","status":"publish","type":"post","link":"https:\/\/psol50.org.br\/ccj-da-camara-rejeita-investigacao-contra-temer-e-blinda-governo-ilegitimo\/","title":{"rendered":"CCJ da C\u00e2mara rejeita investiga\u00e7\u00e3o contra Temer e blinda governo ileg\u00edtimo"},"content":{"rendered":"<p>A Comiss\u00e3o de Constitui\u00e7\u00e3o, Justi\u00e7a e Cidadania (CCJ) da C\u00e2mara dos Deputados rejeitou, no final da tarde desta quinta-feira (13\/207), o <a href=\"http:\/\/www.psol50.org.br\/blog\/2017\/07\/10\/relator-apresenta-parecer-na-ccj-pela-investigacao-de-temer\/\" target=\"_blank\" rel=\"noopener\"><span style=\"color: #0000ff;\"><strong>parecer do deputado S\u00e9rgio Zveiter (PMDB-RJ)<\/strong><\/span><\/a>, que pedia a abertura, no Supremo Tribunal Federal (STF), da investiga\u00e7\u00e3o contra o presidente Michel Temer. De toda forma, o tema vai ao Plen\u00e1rio da Casa.<\/p>\n<p>Por 40 votos a 25, os deputados da base de apoio do governo selaram o acordo que vinha sendo costurado para que o presidente ileg\u00edtimo seja absolvido da den\u00fancia do Procurador-Geral da Rep\u00fablica, Rodrigo Janot, por crime de corrup\u00e7\u00e3o passiva no esquema delatado por Joesley Batista, dono da holding J&amp;S.<\/p>\n<p>O relator, S\u00e9rgio Zveiter, do mesmo partido de Temer, se manifestou logo ap\u00f3s o encerramento dos debates na CCJ, em que mais de 90 deputados discursaram com argumentos favor\u00e1veis ou contr\u00e1rios ao parecer. Em 20 minutos, destoando da postura mais discreta que vinha adotando at\u00e9 o momento, Zveiter fez declara\u00e7\u00f5es de forma enf\u00e1tica e reafirmou seus argumentos a favor da autoriza\u00e7\u00e3o para que a den\u00fancia seja investigada pelo STF. O relator reiterou, em boa parte do discurso, que a den\u00fancia da PGR apresenta ind\u00edcios \u201cser\u00edssimos\u201d contra o presidente e que, por isso, deveria ser investigada para esclarecimento dos fatos \u00e0 sociedade.<\/p>\n<p>Os deputados do PSOL denunciaram, ao longo dos \u00faltimos dias, as manobras que vinham sendo feitas para blindar Temer da den\u00fancia de Janot. O membro titular do partido na CCJ, Chico Alencar (RJ), votou a favor do parecer e criticou o acord\u00e3o que estava em andamento. Ele disse que aquela reuni\u00e3o jogava o &#8220;jogo de cartas marcadas, viciada pela pol\u00edtica do toma-l\u00e1-d\u00e1-c\u00e1&#8221;.<\/p>\n<p>O l\u00edder Glauber Braga (RJ) e os deputados Ivan Valente (SP) e Edmilson Rodrigues (PA) tamb\u00e9m se posicionaram durante a sess\u00e3o, enfatizando o voto do PSOL, e consideraram um absurdo a possibilidade de a maioria decidir em favor do presidente ileg\u00edtimo, quando h\u00e1 fatos que comprovem o seu envolvimento no esquema de corrup\u00e7\u00e3o.<\/p>\n<p>Agora, o parecer contr\u00e1rio \u00e0 investiga\u00e7\u00e3o ser\u00e1 apreciado pelo plen\u00e1rio da C\u00e2mara, onde s\u00e3o necess\u00e1rios ao menos 342 votos favor\u00e1veis para que a investiga\u00e7\u00e3o seja autorizada. <a href=\"http:\/\/www.psol50.org.br\/blog\/2017\/07\/11\/plataforma-pressiona-deputados-para-que-aprovem-investigacao-contra-temer\/\" target=\"_blank\" rel=\"noopener\"><span style=\"color: #0000ff;\"><strong>Uma campanha na internet\u00a0<\/strong><\/span><\/a>orienta que a sociedade pressione os deputados a votarem pela investiga\u00e7\u00e3o de Temer. O site <a href=\"https:\/\/342agora.org.br\" target=\"_blank\" rel=\"noopener\"><strong>342Agora<\/strong><\/a> \u00e9 uma iniciativa inovadora, surgida a partir de diversos encontros entre artistas e intelectuais, que se uniram para pedir que o presidente ileg\u00edtimo seja cassado.<\/p>\n<p>https:\/\/www.facebook.com\/psol50oficial\/videos\/1156642027773360\/<\/p>\n<p>https:\/\/www.facebook.com\/chicoalencar\/videos\/1167416890027227\/<\/p>\n","protected":false},"excerpt":{"rendered":"<p>A Comiss\u00e3o de Constitui\u00e7\u00e3o, Justi\u00e7a e Cidadania (CCJ) da C\u00e2mara dos Deputados rejeitou, no final da tarde desta quinta-feira (13\/207), o parecer do deputado S\u00e9rgio Zveiter (PMDB-RJ), que pedia a abertura, no Supremo Tribunal Federal (STF), da investiga\u00e7\u00e3o contra o presidente Michel Temer. De toda forma, o tema vai ao Plen\u00e1rio da Casa. Por 40 [&hellip;]<\/p>\n","protected":false},"author":2,"featured_media":17208,"comment_status":"open","ping_status":"open","sticky":false,"template":"","format":"standard","meta":{"_acf_changed":false,"footnotes":""},"categories":[10,1882,6],"tags":[709,1375,1680,79,1191,61,552,1748,22,45],"class_list":{"0":"post-17206","1":"post","2":"type-post","3":"status-publish","4":"format-standard","5":"has-post-thumbnail","7":"category-acao-parlamentares","8":"category-brasil","9":"category-noticias","10":"tag-camara-dos-deputados","11":"tag-ccj","12":"tag-chico-alencar","13":"tag-denuncia","14":"tag-glauber-braga","15":"tag-investigacao","16":"tag-ivan-valente","17":"tag-michel-temer","18":"tag-psol","19":"tag-stf"},"acf":[],"yoast_head":"<!-- This site is optimized with the Yoast SEO plugin v26.5 - https:\/\/yoast.com\/wordpress\/plugins\/seo\/ -->\n<title>CCJ da C\u00e2mara rejeita investiga\u00e7\u00e3o contra Temer e blinda governo ileg\u00edtimo - PSOL 50<\/title>\n<meta name=\"robots\" content=\"index, follow, max-snippet:-1, max-image-preview:large, max-video-preview:-1\" \/>\n<link rel=\"canonical\" href=\"https:\/\/psol50.org.br\/ccj-da-camara-rejeita-investigacao-contra-temer-e-blinda-governo-ilegitimo\/\" \/>\n<meta property=\"og:locale\" content=\"pt_BR\" \/>\n<meta property=\"og:type\" content=\"article\" \/>\n<meta property=\"og:title\" content=\"CCJ da C\u00e2mara rejeita investiga\u00e7\u00e3o contra Temer e blinda governo ileg\u00edtimo - PSOL 50\" \/>\n<meta property=\"og:description\" content=\"A Comiss\u00e3o de Constitui\u00e7\u00e3o, Justi\u00e7a e Cidadania (CCJ) da C\u00e2mara dos Deputados rejeitou, no final da tarde desta quinta-feira (13\/207), o parecer do deputado S\u00e9rgio Zveiter (PMDB-RJ), que pedia a abertura, no Supremo Tribunal Federal (STF), da investiga\u00e7\u00e3o contra o presidente Michel Temer. De toda forma, o tema vai ao Plen\u00e1rio da Casa. Por 40 [&hellip;]\" \/>\n<meta property=\"og:url\" content=\"https:\/\/psol50.org.br\/ccj-da-camara-rejeita-investigacao-contra-temer-e-blinda-governo-ilegitimo\/\" \/>\n<meta property=\"og:site_name\" content=\"PSOL 50\" \/>\n<meta property=\"article:publisher\" content=\"https:\/\/www.facebook.com\/psol50\" \/>\n<meta property=\"article:published_time\" content=\"2017-07-13T20:41:41+00:00\" \/>\n<meta property=\"og:image\" content=\"https:\/\/psol50.org.br\/inc\/uploads\/2018\/07\/capa.png\" \/>\n\t<meta property=\"og:image:width\" content=\"1350\" \/>\n\t<meta property=\"og:image:height\" content=\"900\" \/>\n\t<meta property=\"og:image:type\" content=\"image\/png\" \/>\n<meta name=\"author\" content=\"Comunica\u00e7\u00e3o PSOL\" \/>\n<meta name=\"twitter:card\" content=\"summary_large_image\" \/>\n<meta name=\"twitter:creator\" content=\"@psol50\" \/>\n<meta name=\"twitter:site\" content=\"@psol50\" \/>\n<meta name=\"twitter:label1\" content=\"Escrito por\" \/>\n\t<meta name=\"twitter:data1\" content=\"Comunica\u00e7\u00e3o PSOL\" \/>\n\t<meta name=\"twitter:label2\" content=\"Est. tempo de leitura\" \/>\n\t<meta name=\"twitter:data2\" content=\"2 minutos\" \/>\n<script type=\"application\/ld+json\" class=\"yoast-schema-graph\">{\"@context\":\"https:\/\/schema.org\",\"@graph\":[{\"@type\":\"Article\",\"@id\":\"https:\/\/psol50.org.br\/ccj-da-camara-rejeita-investigacao-contra-temer-e-blinda-governo-ilegitimo\/#article\",\"isPartOf\":{\"@id\":\"https:\/\/psol50.org.br\/ccj-da-camara-rejeita-investigacao-contra-temer-e-blinda-governo-ilegitimo\/\"},\"author\":{\"name\":\"Comunica\u00e7\u00e3o PSOL\",\"@id\":\"https:\/\/psol50.org.br\/#\/schema\/person\/475dfa57d0b815993c714c2e96491fcd\"},\"headline\":\"CCJ da C\u00e2mara rejeita investiga\u00e7\u00e3o contra Temer e blinda governo ileg\u00edtimo\",\"datePublished\":\"2017-07-13T20:41:41+00:00\",\"mainEntityOfPage\":{\"@id\":\"https:\/\/psol50.org.br\/ccj-da-camara-rejeita-investigacao-contra-temer-e-blinda-governo-ilegitimo\/\"},\"wordCount\":453,\"commentCount\":0,\"publisher\":{\"@id\":\"https:\/\/psol50.org.br\/#organization\"},\"image\":{\"@id\":\"https:\/\/psol50.org.br\/ccj-da-camara-rejeita-investigacao-contra-temer-e-blinda-governo-ilegitimo\/#primaryimage\"},\"thumbnailUrl\":\"\",\"keywords\":[\"C\u00e2mara dos Deputados\",\"CCJ\",\"Chico Alencar\",\"den\u00fancia\",\"Glauber Braga\",\"investiga\u00e7\u00e3o\",\"Ivan Valente\",\"Michel Temer\",\"PSOL\",\"STF\"],\"articleSection\":[\"A\u00e7\u00e3o Parlamentar\",\"Brasil\",\"Not\u00edcias\"],\"inLanguage\":\"pt-BR\",\"potentialAction\":[{\"@type\":\"CommentAction\",\"name\":\"Comment\",\"target\":[\"https:\/\/psol50.org.br\/ccj-da-camara-rejeita-investigacao-contra-temer-e-blinda-governo-ilegitimo\/#respond\"]}]},{\"@type\":\"WebPage\",\"@id\":\"https:\/\/psol50.org.br\/ccj-da-camara-rejeita-investigacao-contra-temer-e-blinda-governo-ilegitimo\/\",\"url\":\"https:\/\/psol50.org.br\/ccj-da-camara-rejeita-investigacao-contra-temer-e-blinda-governo-ilegitimo\/\",\"name\":\"CCJ da C\u00e2mara rejeita investiga\u00e7\u00e3o contra Temer e blinda governo ileg\u00edtimo - PSOL 50\",\"isPartOf\":{\"@id\":\"https:\/\/psol50.org.br\/#website\"},\"primaryImageOfPage\":{\"@id\":\"https:\/\/psol50.org.br\/ccj-da-camara-rejeita-investigacao-contra-temer-e-blinda-governo-ilegitimo\/#primaryimage\"},\"image\":{\"@id\":\"https:\/\/psol50.org.br\/ccj-da-camara-rejeita-investigacao-contra-temer-e-blinda-governo-ilegitimo\/#primaryimage\"},\"thumbnailUrl\":\"\",\"datePublished\":\"2017-07-13T20:41:41+00:00\",\"breadcrumb\":{\"@id\":\"https:\/\/psol50.org.br\/ccj-da-camara-rejeita-investigacao-contra-temer-e-blinda-governo-ilegitimo\/#breadcrumb\"},\"inLanguage\":\"pt-BR\",\"potentialAction\":[{\"@type\":\"ReadAction\",\"target\":[\"https:\/\/psol50.org.br\/ccj-da-camara-rejeita-investigacao-contra-temer-e-blinda-governo-ilegitimo\/\"]}]},{\"@type\":\"ImageObject\",\"inLanguage\":\"pt-BR\",\"@id\":\"https:\/\/psol50.org.br\/ccj-da-camara-rejeita-investigacao-contra-temer-e-blinda-governo-ilegitimo\/#primaryimage\",\"url\":\"\",\"contentUrl\":\"\"},{\"@type\":\"BreadcrumbList\",\"@id\":\"https:\/\/psol50.org.br\/ccj-da-camara-rejeita-investigacao-contra-temer-e-blinda-governo-ilegitimo\/#breadcrumb\",\"itemListElement\":[{\"@type\":\"ListItem\",\"position\":1,\"name\":\"In\u00edcio\",\"item\":\"https:\/\/psol50.org.br\/\"},{\"@type\":\"ListItem\",\"position\":2,\"name\":\"CCJ da C\u00e2mara rejeita investiga\u00e7\u00e3o contra Temer e blinda governo ileg\u00edtimo\"}]},{\"@type\":\"WebSite\",\"@id\":\"https:\/\/psol50.org.br\/#website\",\"url\":\"https:\/\/psol50.org.br\/\",\"name\":\"PSOL 50\",\"description\":\"Site oficial do Partido Socialismo e Liberdade\",\"publisher\":{\"@id\":\"https:\/\/psol50.org.br\/#organization\"},\"alternateName\":\"PSOL50\",\"potentialAction\":[{\"@type\":\"SearchAction\",\"target\":{\"@type\":\"EntryPoint\",\"urlTemplate\":\"https:\/\/psol50.org.br\/?s={search_term_string}\"},\"query-input\":{\"@type\":\"PropertyValueSpecification\",\"valueRequired\":true,\"valueName\":\"search_term_string\"}}],\"inLanguage\":\"pt-BR\"},{\"@type\":\"Organization\",\"@id\":\"https:\/\/psol50.org.br\/#organization\",\"name\":\"PSOL 50\",\"alternateName\":\"PSOL 50\",\"url\":\"https:\/\/psol50.org.br\/\",\"logo\":{\"@type\":\"ImageObject\",\"inLanguage\":\"pt-BR\",\"@id\":\"https:\/\/psol50.org.br\/#\/schema\/logo\/image\/\",\"url\":\"https:\/\/psol50.org.br\/inc\/uploads\/2018\/07\/capa.png\",\"contentUrl\":\"https:\/\/psol50.org.br\/inc\/uploads\/2018\/07\/capa.png\",\"width\":1350,\"height\":900,\"caption\":\"PSOL 50\"},\"image\":{\"@id\":\"https:\/\/psol50.org.br\/#\/schema\/logo\/image\/\"},\"sameAs\":[\"https:\/\/www.facebook.com\/psol50\",\"https:\/\/x.com\/psol50\",\"https:\/\/www.instagram.com\/psol50\/\",\"https:\/\/www.youtube.com\/channel\/UC7SnJS5o1os7a6CaiNabzcg\"]},{\"@type\":\"Person\",\"@id\":\"https:\/\/psol50.org.br\/#\/schema\/person\/475dfa57d0b815993c714c2e96491fcd\",\"name\":\"Comunica\u00e7\u00e3o PSOL\",\"image\":{\"@type\":\"ImageObject\",\"inLanguage\":\"pt-BR\",\"@id\":\"https:\/\/psol50.org.br\/#\/schema\/person\/image\/\",\"url\":\"https:\/\/secure.gravatar.com\/avatar\/b34fc4f4e468a4e51785917065a3db57b841f5c95dba6ad8c73aaf8f66f8f9bf?s=96&d=mm&r=g\",\"contentUrl\":\"https:\/\/secure.gravatar.com\/avatar\/b34fc4f4e468a4e51785917065a3db57b841f5c95dba6ad8c73aaf8f66f8f9bf?s=96&d=mm&r=g\",\"caption\":\"Comunica\u00e7\u00e3o PSOL\"}}]}<\/script>\n<!-- \/ Yoast SEO plugin. -->","yoast_head_json":{"title":"CCJ da C\u00e2mara rejeita investiga\u00e7\u00e3o contra Temer e blinda governo ileg\u00edtimo - PSOL 50","robots":{"index":"index","follow":"follow","max-snippet":"max-snippet:-1","max-image-preview":"max-image-preview:large","max-video-preview":"max-video-preview:-1"},"canonical":"https:\/\/psol50.org.br\/ccj-da-camara-rejeita-investigacao-contra-temer-e-blinda-governo-ilegitimo\/","og_locale":"pt_BR","og_type":"article","og_title":"CCJ da C\u00e2mara rejeita investiga\u00e7\u00e3o contra Temer e blinda governo ileg\u00edtimo - PSOL 50","og_description":"A Comiss\u00e3o de Constitui\u00e7\u00e3o, Justi\u00e7a e Cidadania (CCJ) da C\u00e2mara dos Deputados rejeitou, no final da tarde desta quinta-feira (13\/207), o parecer do deputado S\u00e9rgio Zveiter (PMDB-RJ), que pedia a abertura, no Supremo Tribunal Federal (STF), da investiga\u00e7\u00e3o contra o presidente Michel Temer. De toda forma, o tema vai ao Plen\u00e1rio da Casa. Por 40 [&hellip;]","og_url":"https:\/\/psol50.org.br\/ccj-da-camara-rejeita-investigacao-contra-temer-e-blinda-governo-ilegitimo\/","og_site_name":"PSOL 50","article_publisher":"https:\/\/www.facebook.com\/psol50","article_published_time":"2017-07-13T20:41:41+00:00","og_image":[{"width":1350,"height":900,"url":"https:\/\/psol50.org.br\/inc\/uploads\/2018\/07\/capa.png","type":"image\/png"}],"author":"Comunica\u00e7\u00e3o PSOL","twitter_card":"summary_large_image","twitter_creator":"@psol50","twitter_site":"@psol50","twitter_misc":{"Escrito por":"Comunica\u00e7\u00e3o PSOL","Est. tempo de leitura":"2 minutos"},"schema":{"@context":"https:\/\/schema.org","@graph":[{"@type":"Article","@id":"https:\/\/psol50.org.br\/ccj-da-camara-rejeita-investigacao-contra-temer-e-blinda-governo-ilegitimo\/#article","isPartOf":{"@id":"https:\/\/psol50.org.br\/ccj-da-camara-rejeita-investigacao-contra-temer-e-blinda-governo-ilegitimo\/"},"author":{"name":"Comunica\u00e7\u00e3o PSOL","@id":"https:\/\/psol50.org.br\/#\/schema\/person\/475dfa57d0b815993c714c2e96491fcd"},"headline":"CCJ da C\u00e2mara rejeita investiga\u00e7\u00e3o contra Temer e blinda governo ileg\u00edtimo","datePublished":"2017-07-13T20:41:41+00:00","mainEntityOfPage":{"@id":"https:\/\/psol50.org.br\/ccj-da-camara-rejeita-investigacao-contra-temer-e-blinda-governo-ilegitimo\/"},"wordCount":453,"commentCount":0,"publisher":{"@id":"https:\/\/psol50.org.br\/#organization"},"image":{"@id":"https:\/\/psol50.org.br\/ccj-da-camara-rejeita-investigacao-contra-temer-e-blinda-governo-ilegitimo\/#primaryimage"},"thumbnailUrl":"","keywords":["C\u00e2mara dos Deputados","CCJ","Chico Alencar","den\u00fancia","Glauber Braga","investiga\u00e7\u00e3o","Ivan Valente","Michel Temer","PSOL","STF"],"articleSection":["A\u00e7\u00e3o Parlamentar","Brasil","Not\u00edcias"],"inLanguage":"pt-BR","potentialAction":[{"@type":"CommentAction","name":"Comment","target":["https:\/\/psol50.org.br\/ccj-da-camara-rejeita-investigacao-contra-temer-e-blinda-governo-ilegitimo\/#respond"]}]},{"@type":"WebPage","@id":"https:\/\/psol50.org.br\/ccj-da-camara-rejeita-investigacao-contra-temer-e-blinda-governo-ilegitimo\/","url":"https:\/\/psol50.org.br\/ccj-da-camara-rejeita-investigacao-contra-temer-e-blinda-governo-ilegitimo\/","name":"CCJ da C\u00e2mara rejeita investiga\u00e7\u00e3o contra Temer e blinda governo ileg\u00edtimo - PSOL 50","isPartOf":{"@id":"https:\/\/psol50.org.br\/#website"},"primaryImageOfPage":{"@id":"https:\/\/psol50.org.br\/ccj-da-camara-rejeita-investigacao-contra-temer-e-blinda-governo-ilegitimo\/#primaryimage"},"image":{"@id":"https:\/\/psol50.org.br\/ccj-da-camara-rejeita-investigacao-contra-temer-e-blinda-governo-ilegitimo\/#primaryimage"},"thumbnailUrl":"","datePublished":"2017-07-13T20:41:41+00:00","breadcrumb":{"@id":"https:\/\/psol50.org.br\/ccj-da-camara-rejeita-investigacao-contra-temer-e-blinda-governo-ilegitimo\/#breadcrumb"},"inLanguage":"pt-BR","potentialAction":[{"@type":"ReadAction","target":["https:\/\/psol50.org.br\/ccj-da-camara-rejeita-investigacao-contra-temer-e-blinda-governo-ilegitimo\/"]}]},{"@type":"ImageObject","inLanguage":"pt-BR","@id":"https:\/\/psol50.org.br\/ccj-da-camara-rejeita-investigacao-contra-temer-e-blinda-governo-ilegitimo\/#primaryimage","url":"","contentUrl":""},{"@type":"BreadcrumbList","@id":"https:\/\/psol50.org.br\/ccj-da-camara-rejeita-investigacao-contra-temer-e-blinda-governo-ilegitimo\/#breadcrumb","itemListElement":[{"@type":"ListItem","position":1,"name":"In\u00edcio","item":"https:\/\/psol50.org.br\/"},{"@type":"ListItem","position":2,"name":"CCJ da C\u00e2mara rejeita investiga\u00e7\u00e3o contra Temer e blinda governo ileg\u00edtimo"}]},{"@type":"WebSite","@id":"https:\/\/psol50.org.br\/#website","url":"https:\/\/psol50.org.br\/","name":"PSOL 50","description":"Site oficial do Partido Socialismo e Liberdade","publisher":{"@id":"https:\/\/psol50.org.br\/#organization"},"alternateName":"PSOL50","potentialAction":[{"@type":"SearchAction","target":{"@type":"EntryPoint","urlTemplate":"https:\/\/psol50.org.br\/?s={search_term_string}"},"query-input":{"@type":"PropertyValueSpecification","valueRequired":true,"valueName":"search_term_string"}}],"inLanguage":"pt-BR"},{"@type":"Organization","@id":"https:\/\/psol50.org.br\/#organization","name":"PSOL 50","alternateName":"PSOL 50","url":"https:\/\/psol50.org.br\/","logo":{"@type":"ImageObject","inLanguage":"pt-BR","@id":"https:\/\/psol50.org.br\/#\/schema\/logo\/image\/","url":"https:\/\/psol50.org.br\/inc\/uploads\/2018\/07\/capa.png","contentUrl":"https:\/\/psol50.org.br\/inc\/uploads\/2018\/07\/capa.png","width":1350,"height":900,"caption":"PSOL 50"},"image":{"@id":"https:\/\/psol50.org.br\/#\/schema\/logo\/image\/"},"sameAs":["https:\/\/www.facebook.com\/psol50","https:\/\/x.com\/psol50","https:\/\/www.instagram.com\/psol50\/","https:\/\/www.youtube.com\/channel\/UC7SnJS5o1os7a6CaiNabzcg"]},{"@type":"Person","@id":"https:\/\/psol50.org.br\/#\/schema\/person\/475dfa57d0b815993c714c2e96491fcd","name":"Comunica\u00e7\u00e3o PSOL","image":{"@type":"ImageObject","inLanguage":"pt-BR","@id":"https:\/\/psol50.org.br\/#\/schema\/person\/image\/","url":"https:\/\/secure.gravatar.com\/avatar\/b34fc4f4e468a4e51785917065a3db57b841f5c95dba6ad8c73aaf8f66f8f9bf?s=96&d=mm&r=g","contentUrl":"https:\/\/secure.gravatar.com\/avatar\/b34fc4f4e468a4e51785917065a3db57b841f5c95dba6ad8c73aaf8f66f8f9bf?s=96&d=mm&r=g","caption":"Comunica\u00e7\u00e3o PSOL"}}]}},"_links":{"self":[{"href":"https:\/\/psol50.org.br\/rest\/wp\/v2\/posts\/17206","targetHints":{"allow":["GET"]}}],"collection":[{"href":"https:\/\/psol50.org.br\/rest\/wp\/v2\/posts"}],"about":[{"href":"https:\/\/psol50.org.br\/rest\/wp\/v2\/types\/post"}],"author":[{"embeddable":true,"href":"https:\/\/psol50.org.br\/rest\/wp\/v2\/users\/2"}],"replies":[{"embeddable":true,"href":"https:\/\/psol50.org.br\/rest\/wp\/v2\/comments?post=17206"}],"version-history":[{"count":0,"href":"https:\/\/psol50.org.br\/rest\/wp\/v2\/posts\/17206\/revisions"}],"wp:featuredmedia":[{"embeddable":true,"href":"https:\/\/psol50.org.br\/rest\/"}],"wp:attachment":[{"href":"https:\/\/psol50.org.br\/rest\/wp\/v2\/media?parent=17206"}],"wp:term":[{"taxonomy":"category","embeddable":true,"href":"https:\/\/psol50.org.br\/rest\/wp\/v2\/categories?post=17206"},{"taxonomy":"post_tag","embeddable":true,"href":"https:\/\/psol50.org.br\/rest\/wp\/v2\/tags?post=17206"}],"curies":[{"name":"wp","href":"https:\/\/api.w.org\/{rel}","templated":true}]}}