{"id":17228,"date":"2017-07-14T14:41:26","date_gmt":"2017-07-14T14:41:26","guid":{"rendered":"http:\/\/www.psol50.org.br\/?p=17228"},"modified":"2017-07-14T14:41:26","modified_gmt":"2017-07-14T14:41:26","slug":"denuncia-contra-temer-sera-votada-no-plenario-da-camara-em-2-de-agosto","status":"publish","type":"post","link":"https:\/\/psol50.org.br\/denuncia-contra-temer-sera-votada-no-plenario-da-camara-em-2-de-agosto\/","title":{"rendered":"Den\u00fancia contra Temer ser\u00e1 votada no plen\u00e1rio da C\u00e2mara em 2 de agosto"},"content":{"rendered":"<p>Ap\u00f3s a rejei\u00e7\u00e3o, na Comiss\u00e3o de Constitui\u00e7\u00e3o, Justi\u00e7a e Cidadania (CCJ) da C\u00e2mara, <a href=\"http:\/\/www.psol50.org.br\/blog\/2017\/07\/13\/ccj-da-camara-rejeita-investigacao-contra-temer-e-blinda-governo-ilegitimo\/\" target=\"_blank\" rel=\"noopener\"><strong><span style=\"color: #0000ff;\">do parecer pela abertura de investiga\u00e7\u00e3o contra o presidente Michel Temer<\/span><\/strong><\/a>, o presidente da Casa, Rodrigo Maia (DEM-RJ), marcou para o dia 2 de agosto a sess\u00e3o que apreciar\u00e1, no plen\u00e1rio, a den\u00fancia elaborada pelo Procurador-Geral da Rep\u00fablica, Rodrigo Janot. O rito e o calend\u00e1rio de vota\u00e7\u00e3o foi definido em reuni\u00e3o entre Maia e l\u00edderes partid\u00e1rios. Com isso, a vota\u00e7\u00e3o final ser\u00e1 no retorno do recesso parlamentar.<\/p>\n<p>Por 40 votos a 25, os deputados da base de apoio do governo selaram ontem (13\/07) o acordo que vinha sendo costurado para que o presidente ileg\u00edtimo seja absolvido da den\u00fancia do Procurador-Geral da Rep\u00fablica, Rodrigo Janot, por crime de corrup\u00e7\u00e3o passiva no esquema delatado por Joesley Batista, dono da holding J&amp;S. O relator, S\u00e9rgio Zveiter (PMDB-RJ), havia dado o seu parecer favor\u00e1vel \u00e0 continuidade das investiga\u00e7\u00f5es. Em seu discurso na CCJ, ele reiterou que a den\u00fancia da PGR apresenta ind\u00edcios \u201cser\u00edssimos\u201d contra o presidente e que, por isso, deveria ser investigada para esclarecimento dos fatos \u00e0 sociedade.<\/p>\n<p>Pelo rito definido na reuni\u00e3o com os l\u00edderes, ser\u00e3o 25 minutos para a defesa, 25 minutos para o novo relator do caso, deputado Paulo Abi-Ackel (PSDB-MG). Em seguida, tem in\u00edcio a discuss\u00e3o, com dois parlamentares para um lado e dois para o outro. Segundo Rodrigo Maia, a vota\u00e7\u00e3o ter\u00e1 in\u00edcio somente ap\u00f3s atingir o qu\u00f3rum de 342.<\/p>\n<p>A inten\u00e7\u00e3o do governo, inicialmente, era votar a den\u00fancia antes do recesso parlamentar, que come\u00e7a na pr\u00f3xima quarta-feira (18). Mas, conforme avalia\u00e7\u00e3o de alguns parlamentares da oposi\u00e7\u00e3o, com o receio de n\u00e3o dar o qu\u00f3rum de 342 deputados, a base aliada mudou a estrat\u00e9gia pol\u00edtica e decidiu deixar para agosto, no retorno dos trabalhos.<\/p>\n<p>O deputado Ivan Valente (SP) aposta na press\u00e3o popular em cima dos deputados, nos pr\u00f3ximos dias, para que Temer seja derrotado pelo plen\u00e1rio, em 2 de agosto.<\/p>\n<p>https:\/\/www.facebook.com\/IvanValentePSOL\/videos\/1634581803253362\/<\/p>\n","protected":false},"excerpt":{"rendered":"<p>Ap\u00f3s a rejei\u00e7\u00e3o, na Comiss\u00e3o de Constitui\u00e7\u00e3o, Justi\u00e7a e Cidadania (CCJ) da C\u00e2mara, do parecer pela abertura de investiga\u00e7\u00e3o contra o presidente Michel Temer, o presidente da Casa, Rodrigo Maia (DEM-RJ), marcou para o dia 2 de agosto a sess\u00e3o que apreciar\u00e1, no plen\u00e1rio, a den\u00fancia elaborada pelo Procurador-Geral da Rep\u00fablica, Rodrigo Janot. O rito [&hellip;]<\/p>\n","protected":false},"author":2,"featured_media":12897,"comment_status":"open","ping_status":"open","sticky":false,"template":"","format":"standard","meta":{"_acf_changed":false,"footnotes":""},"categories":[10,1882,6],"tags":[709,79,61,552,1748,2836,77,3371,64],"class_list":{"0":"post-17228","1":"post","2":"type-post","3":"status-publish","4":"format-standard","5":"has-post-thumbnail","7":"category-acao-parlamentares","8":"category-brasil","9":"category-noticias","10":"tag-camara-dos-deputados","11":"tag-denuncia","12":"tag-investigacao","13":"tag-ivan-valente","14":"tag-michel-temer","15":"tag-parecer","16":"tag-pgr","17":"tag-plenario","18":"tag-rodrigo-maia"},"acf":[],"yoast_head":"<!-- This site is optimized with the Yoast SEO plugin v26.5 - https:\/\/yoast.com\/wordpress\/plugins\/seo\/ -->\n<title>Den\u00fancia contra Temer ser\u00e1 votada no plen\u00e1rio da C\u00e2mara em 2 de agosto - PSOL 50<\/title>\n<meta name=\"robots\" content=\"index, follow, max-snippet:-1, max-image-preview:large, max-video-preview:-1\" \/>\n<link rel=\"canonical\" href=\"https:\/\/psol50.org.br\/denuncia-contra-temer-sera-votada-no-plenario-da-camara-em-2-de-agosto\/\" \/>\n<meta property=\"og:locale\" content=\"pt_BR\" \/>\n<meta property=\"og:type\" content=\"article\" \/>\n<meta property=\"og:title\" content=\"Den\u00fancia contra Temer ser\u00e1 votada no plen\u00e1rio da C\u00e2mara em 2 de agosto - PSOL 50\" \/>\n<meta property=\"og:description\" content=\"Ap\u00f3s a rejei\u00e7\u00e3o, na Comiss\u00e3o de Constitui\u00e7\u00e3o, Justi\u00e7a e Cidadania (CCJ) da C\u00e2mara, do parecer pela abertura de investiga\u00e7\u00e3o contra o presidente Michel Temer, o presidente da Casa, Rodrigo Maia (DEM-RJ), marcou para o dia 2 de agosto a sess\u00e3o que apreciar\u00e1, no plen\u00e1rio, a den\u00fancia elaborada pelo Procurador-Geral da Rep\u00fablica, Rodrigo Janot. O rito [&hellip;]\" \/>\n<meta property=\"og:url\" content=\"https:\/\/psol50.org.br\/denuncia-contra-temer-sera-votada-no-plenario-da-camara-em-2-de-agosto\/\" \/>\n<meta property=\"og:site_name\" content=\"PSOL 50\" \/>\n<meta property=\"article:publisher\" content=\"https:\/\/www.facebook.com\/psol50\" \/>\n<meta property=\"article:published_time\" content=\"2017-07-14T14:41:26+00:00\" \/>\n<meta property=\"og:image\" content=\"https:\/\/psol50.org.br\/inc\/uploads\/2018\/07\/capa.png\" \/>\n\t<meta property=\"og:image:width\" content=\"1350\" \/>\n\t<meta property=\"og:image:height\" content=\"900\" \/>\n\t<meta property=\"og:image:type\" content=\"image\/png\" \/>\n<meta name=\"author\" content=\"Comunica\u00e7\u00e3o PSOL\" \/>\n<meta name=\"twitter:card\" content=\"summary_large_image\" \/>\n<meta name=\"twitter:creator\" content=\"@psol50\" \/>\n<meta name=\"twitter:site\" content=\"@psol50\" \/>\n<meta name=\"twitter:label1\" content=\"Escrito por\" \/>\n\t<meta name=\"twitter:data1\" content=\"Comunica\u00e7\u00e3o PSOL\" \/>\n\t<meta name=\"twitter:label2\" content=\"Est. tempo de leitura\" \/>\n\t<meta name=\"twitter:data2\" content=\"2 minutos\" \/>\n<script type=\"application\/ld+json\" class=\"yoast-schema-graph\">{\"@context\":\"https:\/\/schema.org\",\"@graph\":[{\"@type\":\"Article\",\"@id\":\"https:\/\/psol50.org.br\/denuncia-contra-temer-sera-votada-no-plenario-da-camara-em-2-de-agosto\/#article\",\"isPartOf\":{\"@id\":\"https:\/\/psol50.org.br\/denuncia-contra-temer-sera-votada-no-plenario-da-camara-em-2-de-agosto\/\"},\"author\":{\"name\":\"Comunica\u00e7\u00e3o PSOL\",\"@id\":\"https:\/\/psol50.org.br\/#\/schema\/person\/475dfa57d0b815993c714c2e96491fcd\"},\"headline\":\"Den\u00fancia contra Temer ser\u00e1 votada no plen\u00e1rio da C\u00e2mara em 2 de agosto\",\"datePublished\":\"2017-07-14T14:41:26+00:00\",\"mainEntityOfPage\":{\"@id\":\"https:\/\/psol50.org.br\/denuncia-contra-temer-sera-votada-no-plenario-da-camara-em-2-de-agosto\/\"},\"wordCount\":376,\"commentCount\":0,\"publisher\":{\"@id\":\"https:\/\/psol50.org.br\/#organization\"},\"image\":{\"@id\":\"https:\/\/psol50.org.br\/denuncia-contra-temer-sera-votada-no-plenario-da-camara-em-2-de-agosto\/#primaryimage\"},\"thumbnailUrl\":\"\",\"keywords\":[\"C\u00e2mara dos Deputados\",\"den\u00fancia\",\"investiga\u00e7\u00e3o\",\"Ivan Valente\",\"Michel Temer\",\"parecer\",\"PGR\",\"plen\u00e1rio\",\"Rodrigo Maia\"],\"articleSection\":[\"A\u00e7\u00e3o Parlamentar\",\"Brasil\",\"Not\u00edcias\"],\"inLanguage\":\"pt-BR\",\"potentialAction\":[{\"@type\":\"CommentAction\",\"name\":\"Comment\",\"target\":[\"https:\/\/psol50.org.br\/denuncia-contra-temer-sera-votada-no-plenario-da-camara-em-2-de-agosto\/#respond\"]}]},{\"@type\":\"WebPage\",\"@id\":\"https:\/\/psol50.org.br\/denuncia-contra-temer-sera-votada-no-plenario-da-camara-em-2-de-agosto\/\",\"url\":\"https:\/\/psol50.org.br\/denuncia-contra-temer-sera-votada-no-plenario-da-camara-em-2-de-agosto\/\",\"name\":\"Den\u00fancia contra Temer ser\u00e1 votada no plen\u00e1rio da C\u00e2mara em 2 de agosto - PSOL 50\",\"isPartOf\":{\"@id\":\"https:\/\/psol50.org.br\/#website\"},\"primaryImageOfPage\":{\"@id\":\"https:\/\/psol50.org.br\/denuncia-contra-temer-sera-votada-no-plenario-da-camara-em-2-de-agosto\/#primaryimage\"},\"image\":{\"@id\":\"https:\/\/psol50.org.br\/denuncia-contra-temer-sera-votada-no-plenario-da-camara-em-2-de-agosto\/#primaryimage\"},\"thumbnailUrl\":\"\",\"datePublished\":\"2017-07-14T14:41:26+00:00\",\"breadcrumb\":{\"@id\":\"https:\/\/psol50.org.br\/denuncia-contra-temer-sera-votada-no-plenario-da-camara-em-2-de-agosto\/#breadcrumb\"},\"inLanguage\":\"pt-BR\",\"potentialAction\":[{\"@type\":\"ReadAction\",\"target\":[\"https:\/\/psol50.org.br\/denuncia-contra-temer-sera-votada-no-plenario-da-camara-em-2-de-agosto\/\"]}]},{\"@type\":\"ImageObject\",\"inLanguage\":\"pt-BR\",\"@id\":\"https:\/\/psol50.org.br\/denuncia-contra-temer-sera-votada-no-plenario-da-camara-em-2-de-agosto\/#primaryimage\",\"url\":\"\",\"contentUrl\":\"\"},{\"@type\":\"BreadcrumbList\",\"@id\":\"https:\/\/psol50.org.br\/denuncia-contra-temer-sera-votada-no-plenario-da-camara-em-2-de-agosto\/#breadcrumb\",\"itemListElement\":[{\"@type\":\"ListItem\",\"position\":1,\"name\":\"In\u00edcio\",\"item\":\"https:\/\/psol50.org.br\/\"},{\"@type\":\"ListItem\",\"position\":2,\"name\":\"Den\u00fancia contra Temer ser\u00e1 votada no plen\u00e1rio da C\u00e2mara em 2 de agosto\"}]},{\"@type\":\"WebSite\",\"@id\":\"https:\/\/psol50.org.br\/#website\",\"url\":\"https:\/\/psol50.org.br\/\",\"name\":\"PSOL 50\",\"description\":\"Site oficial do Partido Socialismo e Liberdade\",\"publisher\":{\"@id\":\"https:\/\/psol50.org.br\/#organization\"},\"alternateName\":\"PSOL50\",\"potentialAction\":[{\"@type\":\"SearchAction\",\"target\":{\"@type\":\"EntryPoint\",\"urlTemplate\":\"https:\/\/psol50.org.br\/?s={search_term_string}\"},\"query-input\":{\"@type\":\"PropertyValueSpecification\",\"valueRequired\":true,\"valueName\":\"search_term_string\"}}],\"inLanguage\":\"pt-BR\"},{\"@type\":\"Organization\",\"@id\":\"https:\/\/psol50.org.br\/#organization\",\"name\":\"PSOL 50\",\"alternateName\":\"PSOL 50\",\"url\":\"https:\/\/psol50.org.br\/\",\"logo\":{\"@type\":\"ImageObject\",\"inLanguage\":\"pt-BR\",\"@id\":\"https:\/\/psol50.org.br\/#\/schema\/logo\/image\/\",\"url\":\"https:\/\/psol50.org.br\/inc\/uploads\/2018\/07\/capa.png\",\"contentUrl\":\"https:\/\/psol50.org.br\/inc\/uploads\/2018\/07\/capa.png\",\"width\":1350,\"height\":900,\"caption\":\"PSOL 50\"},\"image\":{\"@id\":\"https:\/\/psol50.org.br\/#\/schema\/logo\/image\/\"},\"sameAs\":[\"https:\/\/www.facebook.com\/psol50\",\"https:\/\/x.com\/psol50\",\"https:\/\/www.instagram.com\/psol50\/\",\"https:\/\/www.youtube.com\/channel\/UC7SnJS5o1os7a6CaiNabzcg\"]},{\"@type\":\"Person\",\"@id\":\"https:\/\/psol50.org.br\/#\/schema\/person\/475dfa57d0b815993c714c2e96491fcd\",\"name\":\"Comunica\u00e7\u00e3o PSOL\",\"image\":{\"@type\":\"ImageObject\",\"inLanguage\":\"pt-BR\",\"@id\":\"https:\/\/psol50.org.br\/#\/schema\/person\/image\/\",\"url\":\"https:\/\/secure.gravatar.com\/avatar\/b34fc4f4e468a4e51785917065a3db57b841f5c95dba6ad8c73aaf8f66f8f9bf?s=96&d=mm&r=g\",\"contentUrl\":\"https:\/\/secure.gravatar.com\/avatar\/b34fc4f4e468a4e51785917065a3db57b841f5c95dba6ad8c73aaf8f66f8f9bf?s=96&d=mm&r=g\",\"caption\":\"Comunica\u00e7\u00e3o PSOL\"}}]}<\/script>\n<!-- \/ Yoast SEO plugin. -->","yoast_head_json":{"title":"Den\u00fancia contra Temer ser\u00e1 votada no plen\u00e1rio da C\u00e2mara em 2 de agosto - PSOL 50","robots":{"index":"index","follow":"follow","max-snippet":"max-snippet:-1","max-image-preview":"max-image-preview:large","max-video-preview":"max-video-preview:-1"},"canonical":"https:\/\/psol50.org.br\/denuncia-contra-temer-sera-votada-no-plenario-da-camara-em-2-de-agosto\/","og_locale":"pt_BR","og_type":"article","og_title":"Den\u00fancia contra Temer ser\u00e1 votada no plen\u00e1rio da C\u00e2mara em 2 de agosto - PSOL 50","og_description":"Ap\u00f3s a rejei\u00e7\u00e3o, na Comiss\u00e3o de Constitui\u00e7\u00e3o, Justi\u00e7a e Cidadania (CCJ) da C\u00e2mara, do parecer pela abertura de investiga\u00e7\u00e3o contra o presidente Michel Temer, o presidente da Casa, Rodrigo Maia (DEM-RJ), marcou para o dia 2 de agosto a sess\u00e3o que apreciar\u00e1, no plen\u00e1rio, a den\u00fancia elaborada pelo Procurador-Geral da Rep\u00fablica, Rodrigo Janot. O rito [&hellip;]","og_url":"https:\/\/psol50.org.br\/denuncia-contra-temer-sera-votada-no-plenario-da-camara-em-2-de-agosto\/","og_site_name":"PSOL 50","article_publisher":"https:\/\/www.facebook.com\/psol50","article_published_time":"2017-07-14T14:41:26+00:00","og_image":[{"width":1350,"height":900,"url":"https:\/\/psol50.org.br\/inc\/uploads\/2018\/07\/capa.png","type":"image\/png"}],"author":"Comunica\u00e7\u00e3o PSOL","twitter_card":"summary_large_image","twitter_creator":"@psol50","twitter_site":"@psol50","twitter_misc":{"Escrito por":"Comunica\u00e7\u00e3o PSOL","Est. tempo de leitura":"2 minutos"},"schema":{"@context":"https:\/\/schema.org","@graph":[{"@type":"Article","@id":"https:\/\/psol50.org.br\/denuncia-contra-temer-sera-votada-no-plenario-da-camara-em-2-de-agosto\/#article","isPartOf":{"@id":"https:\/\/psol50.org.br\/denuncia-contra-temer-sera-votada-no-plenario-da-camara-em-2-de-agosto\/"},"author":{"name":"Comunica\u00e7\u00e3o PSOL","@id":"https:\/\/psol50.org.br\/#\/schema\/person\/475dfa57d0b815993c714c2e96491fcd"},"headline":"Den\u00fancia contra Temer ser\u00e1 votada no plen\u00e1rio da C\u00e2mara em 2 de agosto","datePublished":"2017-07-14T14:41:26+00:00","mainEntityOfPage":{"@id":"https:\/\/psol50.org.br\/denuncia-contra-temer-sera-votada-no-plenario-da-camara-em-2-de-agosto\/"},"wordCount":376,"commentCount":0,"publisher":{"@id":"https:\/\/psol50.org.br\/#organization"},"image":{"@id":"https:\/\/psol50.org.br\/denuncia-contra-temer-sera-votada-no-plenario-da-camara-em-2-de-agosto\/#primaryimage"},"thumbnailUrl":"","keywords":["C\u00e2mara dos Deputados","den\u00fancia","investiga\u00e7\u00e3o","Ivan Valente","Michel Temer","parecer","PGR","plen\u00e1rio","Rodrigo Maia"],"articleSection":["A\u00e7\u00e3o Parlamentar","Brasil","Not\u00edcias"],"inLanguage":"pt-BR","potentialAction":[{"@type":"CommentAction","name":"Comment","target":["https:\/\/psol50.org.br\/denuncia-contra-temer-sera-votada-no-plenario-da-camara-em-2-de-agosto\/#respond"]}]},{"@type":"WebPage","@id":"https:\/\/psol50.org.br\/denuncia-contra-temer-sera-votada-no-plenario-da-camara-em-2-de-agosto\/","url":"https:\/\/psol50.org.br\/denuncia-contra-temer-sera-votada-no-plenario-da-camara-em-2-de-agosto\/","name":"Den\u00fancia contra Temer ser\u00e1 votada no plen\u00e1rio da C\u00e2mara em 2 de agosto - PSOL 50","isPartOf":{"@id":"https:\/\/psol50.org.br\/#website"},"primaryImageOfPage":{"@id":"https:\/\/psol50.org.br\/denuncia-contra-temer-sera-votada-no-plenario-da-camara-em-2-de-agosto\/#primaryimage"},"image":{"@id":"https:\/\/psol50.org.br\/denuncia-contra-temer-sera-votada-no-plenario-da-camara-em-2-de-agosto\/#primaryimage"},"thumbnailUrl":"","datePublished":"2017-07-14T14:41:26+00:00","breadcrumb":{"@id":"https:\/\/psol50.org.br\/denuncia-contra-temer-sera-votada-no-plenario-da-camara-em-2-de-agosto\/#breadcrumb"},"inLanguage":"pt-BR","potentialAction":[{"@type":"ReadAction","target":["https:\/\/psol50.org.br\/denuncia-contra-temer-sera-votada-no-plenario-da-camara-em-2-de-agosto\/"]}]},{"@type":"ImageObject","inLanguage":"pt-BR","@id":"https:\/\/psol50.org.br\/denuncia-contra-temer-sera-votada-no-plenario-da-camara-em-2-de-agosto\/#primaryimage","url":"","contentUrl":""},{"@type":"BreadcrumbList","@id":"https:\/\/psol50.org.br\/denuncia-contra-temer-sera-votada-no-plenario-da-camara-em-2-de-agosto\/#breadcrumb","itemListElement":[{"@type":"ListItem","position":1,"name":"In\u00edcio","item":"https:\/\/psol50.org.br\/"},{"@type":"ListItem","position":2,"name":"Den\u00fancia contra Temer ser\u00e1 votada no plen\u00e1rio da C\u00e2mara em 2 de agosto"}]},{"@type":"WebSite","@id":"https:\/\/psol50.org.br\/#website","url":"https:\/\/psol50.org.br\/","name":"PSOL 50","description":"Site oficial do Partido Socialismo e Liberdade","publisher":{"@id":"https:\/\/psol50.org.br\/#organization"},"alternateName":"PSOL50","potentialAction":[{"@type":"SearchAction","target":{"@type":"EntryPoint","urlTemplate":"https:\/\/psol50.org.br\/?s={search_term_string}"},"query-input":{"@type":"PropertyValueSpecification","valueRequired":true,"valueName":"search_term_string"}}],"inLanguage":"pt-BR"},{"@type":"Organization","@id":"https:\/\/psol50.org.br\/#organization","name":"PSOL 50","alternateName":"PSOL 50","url":"https:\/\/psol50.org.br\/","logo":{"@type":"ImageObject","inLanguage":"pt-BR","@id":"https:\/\/psol50.org.br\/#\/schema\/logo\/image\/","url":"https:\/\/psol50.org.br\/inc\/uploads\/2018\/07\/capa.png","contentUrl":"https:\/\/psol50.org.br\/inc\/uploads\/2018\/07\/capa.png","width":1350,"height":900,"caption":"PSOL 50"},"image":{"@id":"https:\/\/psol50.org.br\/#\/schema\/logo\/image\/"},"sameAs":["https:\/\/www.facebook.com\/psol50","https:\/\/x.com\/psol50","https:\/\/www.instagram.com\/psol50\/","https:\/\/www.youtube.com\/channel\/UC7SnJS5o1os7a6CaiNabzcg"]},{"@type":"Person","@id":"https:\/\/psol50.org.br\/#\/schema\/person\/475dfa57d0b815993c714c2e96491fcd","name":"Comunica\u00e7\u00e3o PSOL","image":{"@type":"ImageObject","inLanguage":"pt-BR","@id":"https:\/\/psol50.org.br\/#\/schema\/person\/image\/","url":"https:\/\/secure.gravatar.com\/avatar\/b34fc4f4e468a4e51785917065a3db57b841f5c95dba6ad8c73aaf8f66f8f9bf?s=96&d=mm&r=g","contentUrl":"https:\/\/secure.gravatar.com\/avatar\/b34fc4f4e468a4e51785917065a3db57b841f5c95dba6ad8c73aaf8f66f8f9bf?s=96&d=mm&r=g","caption":"Comunica\u00e7\u00e3o PSOL"}}]}},"_links":{"self":[{"href":"https:\/\/psol50.org.br\/rest\/wp\/v2\/posts\/17228","targetHints":{"allow":["GET"]}}],"collection":[{"href":"https:\/\/psol50.org.br\/rest\/wp\/v2\/posts"}],"about":[{"href":"https:\/\/psol50.org.br\/rest\/wp\/v2\/types\/post"}],"author":[{"embeddable":true,"href":"https:\/\/psol50.org.br\/rest\/wp\/v2\/users\/2"}],"replies":[{"embeddable":true,"href":"https:\/\/psol50.org.br\/rest\/wp\/v2\/comments?post=17228"}],"version-history":[{"count":0,"href":"https:\/\/psol50.org.br\/rest\/wp\/v2\/posts\/17228\/revisions"}],"wp:featuredmedia":[{"embeddable":true,"href":"https:\/\/psol50.org.br\/rest\/"}],"wp:attachment":[{"href":"https:\/\/psol50.org.br\/rest\/wp\/v2\/media?parent=17228"}],"wp:term":[{"taxonomy":"category","embeddable":true,"href":"https:\/\/psol50.org.br\/rest\/wp\/v2\/categories?post=17228"},{"taxonomy":"post_tag","embeddable":true,"href":"https:\/\/psol50.org.br\/rest\/wp\/v2\/tags?post=17228"}],"curies":[{"name":"wp","href":"https:\/\/api.w.org\/{rel}","templated":true}]}}