{"id":17235,"date":"2017-07-14T16:27:34","date_gmt":"2017-07-14T16:27:34","guid":{"rendered":"http:\/\/www.psol50.org.br\/?p=17235"},"modified":"2017-07-14T16:27:34","modified_gmt":"2017-07-14T16:27:34","slug":"chico-alencar-decalogo-dos-coniventes","status":"publish","type":"post","link":"https:\/\/psol50.org.br\/chico-alencar-decalogo-dos-coniventes\/","title":{"rendered":"Chico Alencar | Dec\u00e1logo dos coniventes"},"content":{"rendered":"<p><span style=\"font-size: 13px;\"><em>Artigo publicado originalmente no jornal <a href=\"https:\/\/oglobo.globo.com\/opiniao\/decalogo-dos-coniventes-21588802\" target=\"_blank\" rel=\"noopener\"><span style=\"color: #0000ff;\">O Globo<\/span><\/a><\/em><\/span><\/p>\n<p>&nbsp;<\/p>\n<p>Na in\u00e9dita Solicita\u00e7\u00e3o para Instaura\u00e7\u00e3o de Procedimento (SIP-n\u00ba1\/2017) que a C\u00e2mara dos Deputados analisa, os defensores do presidente denunciado Michel Temer parecem seguir uma esp\u00e9cie canhestra de \u201cdez mandamentos\u201d. Tudo no af\u00e3 de impedir que ele seja investigado.<\/p>\n<p>Este nada virtuoso dec\u00e1logo \u00e9 assumido, com fidelidade servil, pelos que comp\u00f5em a \u201ctropa de choque\u201d do governo. Como se v\u00ea na Comiss\u00e3o de Constitui\u00e7\u00e3o, Justi\u00e7a e Cidadania (CCJC), quem vacila \u00e9 substitu\u00eddo, sem pudor. Como que lobotomizados, os parlamentares que pretendem rejeitar o relat\u00f3rio objetivo de Sergio Zveiter est\u00e3o doutrinados para:<\/p>\n<p>1 \u2014 Dizer que a grava\u00e7\u00e3o do di\u00e1logo da cumplicidade criminosa entre Temer e Joesley Batista \u00e9 fraudada e il\u00edcita, a despeito do laudo de autenticidade do Instituto Nacional de Criminal\u00edstica.<\/p>\n<p>2 \u2014 Insistir na tese da \u201cden\u00fancia por ila\u00e7\u00e3o\u201d, classificando o robusto inqu\u00e9rito do Minist\u00e9rio P\u00fablico como um \u201cnada acusat\u00f3rio\u201d e \u201cpe\u00e7a de fic\u00e7\u00e3o\u201d.<\/p>\n<p>3 \u2014 Garantir que Temer n\u00e3o recebeu um centavo dos R$ 500 mil da mala, \u201cpois eles foram devolvidos\u201d, n\u00e3o teve nada a ver com a negociata esp\u00faria e que desconhecia as tratativas e a\u00e7\u00f5es do seu assessor de confian\u00e7a, Rocha Loures.<\/p>\n<p>4 \u2014 Afirmar que a ida sigilosa e noturna de Joesley ao Pal\u00e1cio do Jaburu \u201cn\u00e3o foi na calada da noite\u201d, e sim normal, rotineira, sem import\u00e2ncia, usual.<\/p>\n<p>5 \u2014 Desqualificar o delator da JBS, at\u00e9 ent\u00e3o \u201camigo, financiador e empres\u00e1rio capaz\u201d, agora tornado \u201ccriminoso contumaz\u201d.<\/p>\n<p>6 \u2014 Negar qualquer efic\u00e1cia e mesmo contatos de Temer e seu preposto para favorecer a J&amp;F Investimentos no Cade, CVM, BNDES e Porto de Santos, apesar dos muitos registros desse tr\u00e1fico de influ\u00eancia.<\/p>\n<p>7 \u2014 Testemunhar a inatac\u00e1vel \u201cidoneidade, honestidade, honra e corre\u00e7\u00e3o do presidente\u201d, malgrado sua coaliz\u00e3o de suspeitos, investigados, r\u00e9us e encarcerados.<\/p>\n<p>8 \u2014 Jurar que seus discursos e votos derivam de genu\u00edna convic\u00e7\u00e3o, nada tendo a ver com atendimento de interesses fisiol\u00f3gicos, libera\u00e7\u00e3o de emendas e oferta de cargos em comiss\u00e3o.<\/p>\n<p>9 \u2014 Confundir a den\u00fancia contra Temer com um ataque \u00e0 Presid\u00eancia da Rep\u00fablica, tentando assustar a popula\u00e7\u00e3o ao dizer que seu afastamento vai gerar aumento do desemprego e da infla\u00e7\u00e3o, al\u00e9m de atrasar as questionadas \u201creformas\u201d que o mercado pede.<\/p>\n<p>10 \u2014 Atacar a dela\u00e7\u00e3o premiada como instrumento de indu\u00e7\u00e3o a mentiras e anistia a criminosos, ainda que sem ter tomado iniciativas (o governo e sua base) para extinguir ou aperfei\u00e7oar o instituto.<\/p>\n<p>Ainda bem que em oposi\u00e7\u00e3o a estas dez enganosas assertivas ergue-se a vivificante consci\u00eancia cidad\u00e3, t\u00e3o bem expressa no movimento <strong><a class=\"profileLink\" href=\"https:\/\/www.facebook.com\/342-agora-140576239854749\/?fref=mentions\" data-hovercard=\"\/ajax\/hovercard\/page.php?id=140576239854749&amp;extragetparams=%7B%22fref%22%3A%22mentions%22%7D\" data-hovercard-prefer-more-content-show=\"1\"><span style=\"color: #0000ff;\">342 agora<\/span><\/a><\/strong><span style=\"color: #0000ff;\">.<\/span><\/p>\n","protected":false},"excerpt":{"rendered":"<p>Artigo publicado originalmente no jornal O Globo &nbsp; Na in\u00e9dita Solicita\u00e7\u00e3o para Instaura\u00e7\u00e3o de Procedimento (SIP-n\u00ba1\/2017) que a C\u00e2mara dos Deputados analisa, os defensores do presidente denunciado Michel Temer parecem seguir uma esp\u00e9cie canhestra de \u201cdez mandamentos\u201d. Tudo no af\u00e3 de impedir que ele seja investigado. Este nada virtuoso dec\u00e1logo \u00e9 assumido, com fidelidade servil, [&hellip;]<\/p>\n","protected":false},"author":2,"featured_media":15779,"comment_status":"open","ping_status":"open","sticky":false,"template":"","format":"standard","meta":{"_acf_changed":false,"footnotes":""},"categories":[10,3,1882],"tags":[1375,1680,3400,3401,79,1748],"class_list":{"0":"post-17235","1":"post","2":"type-post","3":"status-publish","4":"format-standard","5":"has-post-thumbnail","7":"category-acao-parlamentares","8":"category-artigos-e-entrevistas","9":"category-brasil","10":"tag-ccj","11":"tag-chico-alencar","12":"tag-coniventes","13":"tag-decalogo","14":"tag-denuncia","15":"tag-michel-temer"},"acf":[],"yoast_head":"<!-- This site is optimized with the Yoast SEO plugin v26.5 - https:\/\/yoast.com\/wordpress\/plugins\/seo\/ -->\n<title>Chico Alencar | Dec\u00e1logo dos coniventes - PSOL 50<\/title>\n<meta name=\"robots\" content=\"index, follow, max-snippet:-1, max-image-preview:large, max-video-preview:-1\" \/>\n<link rel=\"canonical\" href=\"https:\/\/psol50.org.br\/chico-alencar-decalogo-dos-coniventes\/\" \/>\n<meta property=\"og:locale\" content=\"pt_BR\" \/>\n<meta property=\"og:type\" content=\"article\" \/>\n<meta property=\"og:title\" content=\"Chico Alencar | Dec\u00e1logo dos coniventes - PSOL 50\" \/>\n<meta property=\"og:description\" content=\"Artigo publicado originalmente no jornal O Globo &nbsp; Na in\u00e9dita Solicita\u00e7\u00e3o para Instaura\u00e7\u00e3o de Procedimento (SIP-n\u00ba1\/2017) que a C\u00e2mara dos Deputados analisa, os defensores do presidente denunciado Michel Temer parecem seguir uma esp\u00e9cie canhestra de \u201cdez mandamentos\u201d. Tudo no af\u00e3 de impedir que ele seja investigado. Este nada virtuoso dec\u00e1logo \u00e9 assumido, com fidelidade servil, [&hellip;]\" \/>\n<meta property=\"og:url\" content=\"https:\/\/psol50.org.br\/chico-alencar-decalogo-dos-coniventes\/\" \/>\n<meta property=\"og:site_name\" content=\"PSOL 50\" \/>\n<meta property=\"article:publisher\" content=\"https:\/\/www.facebook.com\/psol50\" \/>\n<meta property=\"article:published_time\" content=\"2017-07-14T16:27:34+00:00\" \/>\n<meta property=\"og:image\" content=\"https:\/\/psol50.org.br\/inc\/uploads\/2018\/07\/capa.png\" \/>\n\t<meta property=\"og:image:width\" content=\"1350\" \/>\n\t<meta property=\"og:image:height\" content=\"900\" \/>\n\t<meta property=\"og:image:type\" content=\"image\/png\" \/>\n<meta name=\"author\" content=\"Comunica\u00e7\u00e3o PSOL\" \/>\n<meta name=\"twitter:card\" content=\"summary_large_image\" \/>\n<meta name=\"twitter:creator\" content=\"@psol50\" \/>\n<meta name=\"twitter:site\" content=\"@psol50\" \/>\n<meta name=\"twitter:label1\" content=\"Escrito por\" \/>\n\t<meta name=\"twitter:data1\" content=\"Comunica\u00e7\u00e3o PSOL\" \/>\n\t<meta name=\"twitter:label2\" content=\"Est. tempo de leitura\" \/>\n\t<meta name=\"twitter:data2\" content=\"2 minutos\" \/>\n<script type=\"application\/ld+json\" class=\"yoast-schema-graph\">{\"@context\":\"https:\/\/schema.org\",\"@graph\":[{\"@type\":\"Article\",\"@id\":\"https:\/\/psol50.org.br\/chico-alencar-decalogo-dos-coniventes\/#article\",\"isPartOf\":{\"@id\":\"https:\/\/psol50.org.br\/chico-alencar-decalogo-dos-coniventes\/\"},\"author\":{\"name\":\"Comunica\u00e7\u00e3o PSOL\",\"@id\":\"https:\/\/psol50.org.br\/#\/schema\/person\/475dfa57d0b815993c714c2e96491fcd\"},\"headline\":\"Chico Alencar | Dec\u00e1logo dos coniventes\",\"datePublished\":\"2017-07-14T16:27:34+00:00\",\"mainEntityOfPage\":{\"@id\":\"https:\/\/psol50.org.br\/chico-alencar-decalogo-dos-coniventes\/\"},\"wordCount\":463,\"commentCount\":0,\"publisher\":{\"@id\":\"https:\/\/psol50.org.br\/#organization\"},\"image\":{\"@id\":\"https:\/\/psol50.org.br\/chico-alencar-decalogo-dos-coniventes\/#primaryimage\"},\"thumbnailUrl\":\"\",\"keywords\":[\"CCJ\",\"Chico Alencar\",\"coniventes\",\"dec\u00e1logo\",\"den\u00fancia\",\"Michel Temer\"],\"articleSection\":[\"A\u00e7\u00e3o Parlamentar\",\"Artigos\",\"Brasil\"],\"inLanguage\":\"pt-BR\",\"potentialAction\":[{\"@type\":\"CommentAction\",\"name\":\"Comment\",\"target\":[\"https:\/\/psol50.org.br\/chico-alencar-decalogo-dos-coniventes\/#respond\"]}]},{\"@type\":\"WebPage\",\"@id\":\"https:\/\/psol50.org.br\/chico-alencar-decalogo-dos-coniventes\/\",\"url\":\"https:\/\/psol50.org.br\/chico-alencar-decalogo-dos-coniventes\/\",\"name\":\"Chico Alencar | Dec\u00e1logo dos coniventes - PSOL 50\",\"isPartOf\":{\"@id\":\"https:\/\/psol50.org.br\/#website\"},\"primaryImageOfPage\":{\"@id\":\"https:\/\/psol50.org.br\/chico-alencar-decalogo-dos-coniventes\/#primaryimage\"},\"image\":{\"@id\":\"https:\/\/psol50.org.br\/chico-alencar-decalogo-dos-coniventes\/#primaryimage\"},\"thumbnailUrl\":\"\",\"datePublished\":\"2017-07-14T16:27:34+00:00\",\"breadcrumb\":{\"@id\":\"https:\/\/psol50.org.br\/chico-alencar-decalogo-dos-coniventes\/#breadcrumb\"},\"inLanguage\":\"pt-BR\",\"potentialAction\":[{\"@type\":\"ReadAction\",\"target\":[\"https:\/\/psol50.org.br\/chico-alencar-decalogo-dos-coniventes\/\"]}]},{\"@type\":\"ImageObject\",\"inLanguage\":\"pt-BR\",\"@id\":\"https:\/\/psol50.org.br\/chico-alencar-decalogo-dos-coniventes\/#primaryimage\",\"url\":\"\",\"contentUrl\":\"\"},{\"@type\":\"BreadcrumbList\",\"@id\":\"https:\/\/psol50.org.br\/chico-alencar-decalogo-dos-coniventes\/#breadcrumb\",\"itemListElement\":[{\"@type\":\"ListItem\",\"position\":1,\"name\":\"In\u00edcio\",\"item\":\"https:\/\/psol50.org.br\/\"},{\"@type\":\"ListItem\",\"position\":2,\"name\":\"Chico Alencar | Dec\u00e1logo dos coniventes\"}]},{\"@type\":\"WebSite\",\"@id\":\"https:\/\/psol50.org.br\/#website\",\"url\":\"https:\/\/psol50.org.br\/\",\"name\":\"PSOL 50\",\"description\":\"Site oficial do Partido Socialismo e Liberdade\",\"publisher\":{\"@id\":\"https:\/\/psol50.org.br\/#organization\"},\"alternateName\":\"PSOL50\",\"potentialAction\":[{\"@type\":\"SearchAction\",\"target\":{\"@type\":\"EntryPoint\",\"urlTemplate\":\"https:\/\/psol50.org.br\/?s={search_term_string}\"},\"query-input\":{\"@type\":\"PropertyValueSpecification\",\"valueRequired\":true,\"valueName\":\"search_term_string\"}}],\"inLanguage\":\"pt-BR\"},{\"@type\":\"Organization\",\"@id\":\"https:\/\/psol50.org.br\/#organization\",\"name\":\"PSOL 50\",\"alternateName\":\"PSOL 50\",\"url\":\"https:\/\/psol50.org.br\/\",\"logo\":{\"@type\":\"ImageObject\",\"inLanguage\":\"pt-BR\",\"@id\":\"https:\/\/psol50.org.br\/#\/schema\/logo\/image\/\",\"url\":\"https:\/\/psol50.org.br\/inc\/uploads\/2018\/07\/capa.png\",\"contentUrl\":\"https:\/\/psol50.org.br\/inc\/uploads\/2018\/07\/capa.png\",\"width\":1350,\"height\":900,\"caption\":\"PSOL 50\"},\"image\":{\"@id\":\"https:\/\/psol50.org.br\/#\/schema\/logo\/image\/\"},\"sameAs\":[\"https:\/\/www.facebook.com\/psol50\",\"https:\/\/x.com\/psol50\",\"https:\/\/www.instagram.com\/psol50\/\",\"https:\/\/www.youtube.com\/channel\/UC7SnJS5o1os7a6CaiNabzcg\"]},{\"@type\":\"Person\",\"@id\":\"https:\/\/psol50.org.br\/#\/schema\/person\/475dfa57d0b815993c714c2e96491fcd\",\"name\":\"Comunica\u00e7\u00e3o PSOL\",\"image\":{\"@type\":\"ImageObject\",\"inLanguage\":\"pt-BR\",\"@id\":\"https:\/\/psol50.org.br\/#\/schema\/person\/image\/\",\"url\":\"https:\/\/secure.gravatar.com\/avatar\/b34fc4f4e468a4e51785917065a3db57b841f5c95dba6ad8c73aaf8f66f8f9bf?s=96&d=mm&r=g\",\"contentUrl\":\"https:\/\/secure.gravatar.com\/avatar\/b34fc4f4e468a4e51785917065a3db57b841f5c95dba6ad8c73aaf8f66f8f9bf?s=96&d=mm&r=g\",\"caption\":\"Comunica\u00e7\u00e3o PSOL\"}}]}<\/script>\n<!-- \/ Yoast SEO plugin. -->","yoast_head_json":{"title":"Chico Alencar | Dec\u00e1logo dos coniventes - PSOL 50","robots":{"index":"index","follow":"follow","max-snippet":"max-snippet:-1","max-image-preview":"max-image-preview:large","max-video-preview":"max-video-preview:-1"},"canonical":"https:\/\/psol50.org.br\/chico-alencar-decalogo-dos-coniventes\/","og_locale":"pt_BR","og_type":"article","og_title":"Chico Alencar | Dec\u00e1logo dos coniventes - PSOL 50","og_description":"Artigo publicado originalmente no jornal O Globo &nbsp; Na in\u00e9dita Solicita\u00e7\u00e3o para Instaura\u00e7\u00e3o de Procedimento (SIP-n\u00ba1\/2017) que a C\u00e2mara dos Deputados analisa, os defensores do presidente denunciado Michel Temer parecem seguir uma esp\u00e9cie canhestra de \u201cdez mandamentos\u201d. Tudo no af\u00e3 de impedir que ele seja investigado. Este nada virtuoso dec\u00e1logo \u00e9 assumido, com fidelidade servil, [&hellip;]","og_url":"https:\/\/psol50.org.br\/chico-alencar-decalogo-dos-coniventes\/","og_site_name":"PSOL 50","article_publisher":"https:\/\/www.facebook.com\/psol50","article_published_time":"2017-07-14T16:27:34+00:00","og_image":[{"width":1350,"height":900,"url":"https:\/\/psol50.org.br\/inc\/uploads\/2018\/07\/capa.png","type":"image\/png"}],"author":"Comunica\u00e7\u00e3o PSOL","twitter_card":"summary_large_image","twitter_creator":"@psol50","twitter_site":"@psol50","twitter_misc":{"Escrito por":"Comunica\u00e7\u00e3o PSOL","Est. tempo de leitura":"2 minutos"},"schema":{"@context":"https:\/\/schema.org","@graph":[{"@type":"Article","@id":"https:\/\/psol50.org.br\/chico-alencar-decalogo-dos-coniventes\/#article","isPartOf":{"@id":"https:\/\/psol50.org.br\/chico-alencar-decalogo-dos-coniventes\/"},"author":{"name":"Comunica\u00e7\u00e3o PSOL","@id":"https:\/\/psol50.org.br\/#\/schema\/person\/475dfa57d0b815993c714c2e96491fcd"},"headline":"Chico Alencar | Dec\u00e1logo dos coniventes","datePublished":"2017-07-14T16:27:34+00:00","mainEntityOfPage":{"@id":"https:\/\/psol50.org.br\/chico-alencar-decalogo-dos-coniventes\/"},"wordCount":463,"commentCount":0,"publisher":{"@id":"https:\/\/psol50.org.br\/#organization"},"image":{"@id":"https:\/\/psol50.org.br\/chico-alencar-decalogo-dos-coniventes\/#primaryimage"},"thumbnailUrl":"","keywords":["CCJ","Chico Alencar","coniventes","dec\u00e1logo","den\u00fancia","Michel Temer"],"articleSection":["A\u00e7\u00e3o Parlamentar","Artigos","Brasil"],"inLanguage":"pt-BR","potentialAction":[{"@type":"CommentAction","name":"Comment","target":["https:\/\/psol50.org.br\/chico-alencar-decalogo-dos-coniventes\/#respond"]}]},{"@type":"WebPage","@id":"https:\/\/psol50.org.br\/chico-alencar-decalogo-dos-coniventes\/","url":"https:\/\/psol50.org.br\/chico-alencar-decalogo-dos-coniventes\/","name":"Chico Alencar | Dec\u00e1logo dos coniventes - PSOL 50","isPartOf":{"@id":"https:\/\/psol50.org.br\/#website"},"primaryImageOfPage":{"@id":"https:\/\/psol50.org.br\/chico-alencar-decalogo-dos-coniventes\/#primaryimage"},"image":{"@id":"https:\/\/psol50.org.br\/chico-alencar-decalogo-dos-coniventes\/#primaryimage"},"thumbnailUrl":"","datePublished":"2017-07-14T16:27:34+00:00","breadcrumb":{"@id":"https:\/\/psol50.org.br\/chico-alencar-decalogo-dos-coniventes\/#breadcrumb"},"inLanguage":"pt-BR","potentialAction":[{"@type":"ReadAction","target":["https:\/\/psol50.org.br\/chico-alencar-decalogo-dos-coniventes\/"]}]},{"@type":"ImageObject","inLanguage":"pt-BR","@id":"https:\/\/psol50.org.br\/chico-alencar-decalogo-dos-coniventes\/#primaryimage","url":"","contentUrl":""},{"@type":"BreadcrumbList","@id":"https:\/\/psol50.org.br\/chico-alencar-decalogo-dos-coniventes\/#breadcrumb","itemListElement":[{"@type":"ListItem","position":1,"name":"In\u00edcio","item":"https:\/\/psol50.org.br\/"},{"@type":"ListItem","position":2,"name":"Chico Alencar | Dec\u00e1logo dos coniventes"}]},{"@type":"WebSite","@id":"https:\/\/psol50.org.br\/#website","url":"https:\/\/psol50.org.br\/","name":"PSOL 50","description":"Site oficial do Partido Socialismo e Liberdade","publisher":{"@id":"https:\/\/psol50.org.br\/#organization"},"alternateName":"PSOL50","potentialAction":[{"@type":"SearchAction","target":{"@type":"EntryPoint","urlTemplate":"https:\/\/psol50.org.br\/?s={search_term_string}"},"query-input":{"@type":"PropertyValueSpecification","valueRequired":true,"valueName":"search_term_string"}}],"inLanguage":"pt-BR"},{"@type":"Organization","@id":"https:\/\/psol50.org.br\/#organization","name":"PSOL 50","alternateName":"PSOL 50","url":"https:\/\/psol50.org.br\/","logo":{"@type":"ImageObject","inLanguage":"pt-BR","@id":"https:\/\/psol50.org.br\/#\/schema\/logo\/image\/","url":"https:\/\/psol50.org.br\/inc\/uploads\/2018\/07\/capa.png","contentUrl":"https:\/\/psol50.org.br\/inc\/uploads\/2018\/07\/capa.png","width":1350,"height":900,"caption":"PSOL 50"},"image":{"@id":"https:\/\/psol50.org.br\/#\/schema\/logo\/image\/"},"sameAs":["https:\/\/www.facebook.com\/psol50","https:\/\/x.com\/psol50","https:\/\/www.instagram.com\/psol50\/","https:\/\/www.youtube.com\/channel\/UC7SnJS5o1os7a6CaiNabzcg"]},{"@type":"Person","@id":"https:\/\/psol50.org.br\/#\/schema\/person\/475dfa57d0b815993c714c2e96491fcd","name":"Comunica\u00e7\u00e3o PSOL","image":{"@type":"ImageObject","inLanguage":"pt-BR","@id":"https:\/\/psol50.org.br\/#\/schema\/person\/image\/","url":"https:\/\/secure.gravatar.com\/avatar\/b34fc4f4e468a4e51785917065a3db57b841f5c95dba6ad8c73aaf8f66f8f9bf?s=96&d=mm&r=g","contentUrl":"https:\/\/secure.gravatar.com\/avatar\/b34fc4f4e468a4e51785917065a3db57b841f5c95dba6ad8c73aaf8f66f8f9bf?s=96&d=mm&r=g","caption":"Comunica\u00e7\u00e3o PSOL"}}]}},"_links":{"self":[{"href":"https:\/\/psol50.org.br\/rest\/wp\/v2\/posts\/17235","targetHints":{"allow":["GET"]}}],"collection":[{"href":"https:\/\/psol50.org.br\/rest\/wp\/v2\/posts"}],"about":[{"href":"https:\/\/psol50.org.br\/rest\/wp\/v2\/types\/post"}],"author":[{"embeddable":true,"href":"https:\/\/psol50.org.br\/rest\/wp\/v2\/users\/2"}],"replies":[{"embeddable":true,"href":"https:\/\/psol50.org.br\/rest\/wp\/v2\/comments?post=17235"}],"version-history":[{"count":0,"href":"https:\/\/psol50.org.br\/rest\/wp\/v2\/posts\/17235\/revisions"}],"wp:featuredmedia":[{"embeddable":true,"href":"https:\/\/psol50.org.br\/rest\/"}],"wp:attachment":[{"href":"https:\/\/psol50.org.br\/rest\/wp\/v2\/media?parent=17235"}],"wp:term":[{"taxonomy":"category","embeddable":true,"href":"https:\/\/psol50.org.br\/rest\/wp\/v2\/categories?post=17235"},{"taxonomy":"post_tag","embeddable":true,"href":"https:\/\/psol50.org.br\/rest\/wp\/v2\/tags?post=17235"}],"curies":[{"name":"wp","href":"https:\/\/api.w.org\/{rel}","templated":true}]}}