{"id":17239,"date":"2017-07-17T20:05:10","date_gmt":"2017-07-17T20:05:10","guid":{"rendered":"http:\/\/www.psol50.org.br\/?p=17239"},"modified":"2017-07-17T20:05:10","modified_gmt":"2017-07-17T20:05:10","slug":"psol-denuncia-compra-de-votos-de-temer-a-pgr","status":"publish","type":"post","link":"https:\/\/psol50.org.br\/psol-denuncia-compra-de-votos-de-temer-a-pgr\/","title":{"rendered":"PSOL denuncia compra de votos de Temer \u00e0 PGR"},"content":{"rendered":"<p>A bancada do PSOL na C\u00e2mara protocolou, nesta segunda-feira (17\/07), na Procuradoria-Geral da Rep\u00fablica (PGR), uma representa\u00e7\u00e3o exigindo que o Minist\u00e9rio P\u00fablico Federal apure a libera\u00e7\u00e3o de emendas parlamentares pelo governo de Michel Temer \u00e0s v\u00e9speras da vota\u00e7\u00e3o sobre a investiga\u00e7\u00e3o contra o presidente. O documento \u00e9 assinado por Chico Alencar.<\/p>\n<p>Segundo o deputado, \u00e9 muito claro que o uso do dispositivo visa interferir na C\u00e2mara dos Deputados, fazendo, inclusive, que muitos deputados modificassem seus votos.<\/p>\n<p>Chico Alencar afirma tamb\u00e9m que, caso comprovado o uso indevido de verbas p\u00fablicas, o presidente teria incorrido nos crimes de obstru\u00e7\u00e3o da Justi\u00e7a, corrup\u00e7\u00e3o passiva, concuss\u00e3o e improbidade administrativa por atentado aos princ\u00edpios da administra\u00e7\u00e3o p\u00fablica.<\/p>\n<p><a href=\"https:\/\/www.dropbox.com\/s\/6q32vl9f1gfkxy1\/Representa\u00e7\u00e3o%20PGR%20Michel%20Temer.docx?dl=0\" target=\"_blank\" rel=\"noopener\"><strong><span style=\"color: #3366ff;\">Clique aqui e acesse a representa\u00e7\u00e3o na \u00edntegra<\/span><\/strong><\/a><\/p>\n<p>&#8220;No caso concreto, o Presidente da Rep\u00fablica utilizou de compet\u00eancias constitucionais suas para interferir no julgamento, impedindo a continuidade de um processo que tem amplo interesse p\u00fablico&#8221;, afirma o texto da a\u00e7\u00e3o.<\/p>\n<p>A representa\u00e7\u00e3o do deputado cita dois casos como precedentes que embasam a representa\u00e7\u00e3o. O primeiro \u00e9 a decis\u00e3o do STF, em 2016, que proibiu Dilma Rousseff de nomear o ex-presidente Lula como Ministro-Chefe da Casa Civil. Na \u00e9poca, &#8220;entendeu o Supremo que, diante da proximidade de um poss\u00edvel julgamento do ex-Presidente e a garantia de foro privilegiado que lhe seria garantida com o cargo, o ato constitu\u00eda desvio de finalidade&#8221;.<\/p>\n<p>O outro caso foi tamb\u00e9m decis\u00e3o do STF, mas relacionada a Eduardo Cunha. O ent\u00e3o ministro Teori Zavascki, junto ao plen\u00e1rio da Corte, determinou o afastamento de Eduardo Cunha da Presid\u00eancia da C\u00e2mara dos Deputados por uso indevido de suas fun\u00e7\u00f5es, ao tentar impedir investiga\u00e7\u00f5es em seu desfavor.<\/p>\n<p>Diz o texto: &#8220;conforme aponta o ac\u00f3rd\u00e3o, h\u00e1 interfer\u00eancia indevida quando os atos normalmente afeitos ao detentor do cargo servem para dificultar a efetividade da jurisdi\u00e7\u00e3o criminal&#8221;.<\/p>\n<p>Para Chico Alencar, isso \u00e9 um evidente caso de compra de votos. \u201cH\u00e1 emendas que s\u00e3o piores que o soneto da mera libera\u00e7\u00e3o de recursos or\u00e7ament\u00e1rios aos deputados. Caracterizam evidente compra de votos, com consequ\u00eancias de obstru\u00e7\u00e3o \u00e0 Justi\u00e7a, no caso\u201d, afirma. \u201c\u00c9 nosso dever submeter \u00e0 considera\u00e7\u00e3o do fiscal da lei, o Minist\u00e9rio P\u00fablico\u201d.<\/p>\n<p>&nbsp;<\/p>\n","protected":false},"excerpt":{"rendered":"<p>A bancada do PSOL na C\u00e2mara protocolou, nesta segunda-feira (17\/07), na Procuradoria-Geral da Rep\u00fablica (PGR), uma representa\u00e7\u00e3o exigindo que o Minist\u00e9rio P\u00fablico Federal apure a libera\u00e7\u00e3o de emendas parlamentares pelo governo de Michel Temer \u00e0s v\u00e9speras da vota\u00e7\u00e3o sobre a investiga\u00e7\u00e3o contra o presidente. O documento \u00e9 assinado por Chico Alencar. Segundo o deputado, \u00e9 [&hellip;]<\/p>\n","protected":false},"author":2,"featured_media":17037,"comment_status":"open","ping_status":"open","sticky":false,"template":"","format":"standard","meta":{"_acf_changed":false,"footnotes":""},"categories":[10,1882,6],"tags":[709,1680,58,2890,2169,61,3221,1748,77,417,45,2817],"class_list":{"0":"post-17239","1":"post","2":"type-post","3":"status-publish","4":"format-standard","5":"has-post-thumbnail","7":"category-acao-parlamentares","8":"category-brasil","9":"category-noticias","10":"tag-camara-dos-deputados","11":"tag-chico-alencar","12":"tag-corrupcao","13":"tag-eduardo-cunha","14":"tag-fora-temer","15":"tag-investigacao","16":"tag-jbs","17":"tag-michel-temer","18":"tag-pgr","19":"tag-psol-na-camara","20":"tag-stf","21":"tag-teori-zavascki"},"acf":[],"yoast_head":"<!-- This site is optimized with the Yoast SEO plugin v26.5 - https:\/\/yoast.com\/wordpress\/plugins\/seo\/ -->\n<title>PSOL denuncia compra de votos de Temer \u00e0 PGR - PSOL 50<\/title>\n<meta name=\"robots\" content=\"index, follow, max-snippet:-1, max-image-preview:large, max-video-preview:-1\" \/>\n<link rel=\"canonical\" href=\"https:\/\/psol50.org.br\/psol-denuncia-compra-de-votos-de-temer-a-pgr\/\" \/>\n<meta property=\"og:locale\" content=\"pt_BR\" \/>\n<meta property=\"og:type\" content=\"article\" \/>\n<meta property=\"og:title\" content=\"PSOL denuncia compra de votos de Temer \u00e0 PGR - PSOL 50\" \/>\n<meta property=\"og:description\" content=\"A bancada do PSOL na C\u00e2mara protocolou, nesta segunda-feira (17\/07), na Procuradoria-Geral da Rep\u00fablica (PGR), uma representa\u00e7\u00e3o exigindo que o Minist\u00e9rio P\u00fablico Federal apure a libera\u00e7\u00e3o de emendas parlamentares pelo governo de Michel Temer \u00e0s v\u00e9speras da vota\u00e7\u00e3o sobre a investiga\u00e7\u00e3o contra o presidente. O documento \u00e9 assinado por Chico Alencar. Segundo o deputado, \u00e9 [&hellip;]\" \/>\n<meta property=\"og:url\" content=\"https:\/\/psol50.org.br\/psol-denuncia-compra-de-votos-de-temer-a-pgr\/\" \/>\n<meta property=\"og:site_name\" content=\"PSOL 50\" \/>\n<meta property=\"article:publisher\" content=\"https:\/\/www.facebook.com\/psol50\" \/>\n<meta property=\"article:published_time\" content=\"2017-07-17T20:05:10+00:00\" \/>\n<meta property=\"og:image\" content=\"https:\/\/psol50.org.br\/inc\/uploads\/2018\/07\/capa.png\" \/>\n\t<meta property=\"og:image:width\" content=\"1350\" \/>\n\t<meta property=\"og:image:height\" content=\"900\" \/>\n\t<meta property=\"og:image:type\" content=\"image\/png\" \/>\n<meta name=\"author\" content=\"Comunica\u00e7\u00e3o PSOL\" \/>\n<meta name=\"twitter:card\" content=\"summary_large_image\" \/>\n<meta name=\"twitter:creator\" content=\"@psol50\" \/>\n<meta name=\"twitter:site\" content=\"@psol50\" \/>\n<meta name=\"twitter:label1\" content=\"Escrito por\" \/>\n\t<meta name=\"twitter:data1\" content=\"Comunica\u00e7\u00e3o PSOL\" \/>\n\t<meta name=\"twitter:label2\" content=\"Est. tempo de leitura\" \/>\n\t<meta name=\"twitter:data2\" content=\"2 minutos\" \/>\n<script type=\"application\/ld+json\" class=\"yoast-schema-graph\">{\"@context\":\"https:\/\/schema.org\",\"@graph\":[{\"@type\":\"Article\",\"@id\":\"https:\/\/psol50.org.br\/psol-denuncia-compra-de-votos-de-temer-a-pgr\/#article\",\"isPartOf\":{\"@id\":\"https:\/\/psol50.org.br\/psol-denuncia-compra-de-votos-de-temer-a-pgr\/\"},\"author\":{\"name\":\"Comunica\u00e7\u00e3o PSOL\",\"@id\":\"https:\/\/psol50.org.br\/#\/schema\/person\/475dfa57d0b815993c714c2e96491fcd\"},\"headline\":\"PSOL denuncia compra de votos de Temer \u00e0 PGR\",\"datePublished\":\"2017-07-17T20:05:10+00:00\",\"mainEntityOfPage\":{\"@id\":\"https:\/\/psol50.org.br\/psol-denuncia-compra-de-votos-de-temer-a-pgr\/\"},\"wordCount\":403,\"commentCount\":0,\"publisher\":{\"@id\":\"https:\/\/psol50.org.br\/#organization\"},\"image\":{\"@id\":\"https:\/\/psol50.org.br\/psol-denuncia-compra-de-votos-de-temer-a-pgr\/#primaryimage\"},\"thumbnailUrl\":\"\",\"keywords\":[\"C\u00e2mara dos Deputados\",\"Chico Alencar\",\"corrup\u00e7\u00e3o\",\"Eduardo Cunha\",\"Fora Temer\",\"investiga\u00e7\u00e3o\",\"JBS\",\"Michel Temer\",\"PGR\",\"PSOL na C\u00e2mara\",\"STF\",\"Teori Zavascki\"],\"articleSection\":[\"A\u00e7\u00e3o Parlamentar\",\"Brasil\",\"Not\u00edcias\"],\"inLanguage\":\"pt-BR\",\"potentialAction\":[{\"@type\":\"CommentAction\",\"name\":\"Comment\",\"target\":[\"https:\/\/psol50.org.br\/psol-denuncia-compra-de-votos-de-temer-a-pgr\/#respond\"]}]},{\"@type\":\"WebPage\",\"@id\":\"https:\/\/psol50.org.br\/psol-denuncia-compra-de-votos-de-temer-a-pgr\/\",\"url\":\"https:\/\/psol50.org.br\/psol-denuncia-compra-de-votos-de-temer-a-pgr\/\",\"name\":\"PSOL denuncia compra de votos de Temer \u00e0 PGR - PSOL 50\",\"isPartOf\":{\"@id\":\"https:\/\/psol50.org.br\/#website\"},\"primaryImageOfPage\":{\"@id\":\"https:\/\/psol50.org.br\/psol-denuncia-compra-de-votos-de-temer-a-pgr\/#primaryimage\"},\"image\":{\"@id\":\"https:\/\/psol50.org.br\/psol-denuncia-compra-de-votos-de-temer-a-pgr\/#primaryimage\"},\"thumbnailUrl\":\"\",\"datePublished\":\"2017-07-17T20:05:10+00:00\",\"breadcrumb\":{\"@id\":\"https:\/\/psol50.org.br\/psol-denuncia-compra-de-votos-de-temer-a-pgr\/#breadcrumb\"},\"inLanguage\":\"pt-BR\",\"potentialAction\":[{\"@type\":\"ReadAction\",\"target\":[\"https:\/\/psol50.org.br\/psol-denuncia-compra-de-votos-de-temer-a-pgr\/\"]}]},{\"@type\":\"ImageObject\",\"inLanguage\":\"pt-BR\",\"@id\":\"https:\/\/psol50.org.br\/psol-denuncia-compra-de-votos-de-temer-a-pgr\/#primaryimage\",\"url\":\"\",\"contentUrl\":\"\"},{\"@type\":\"BreadcrumbList\",\"@id\":\"https:\/\/psol50.org.br\/psol-denuncia-compra-de-votos-de-temer-a-pgr\/#breadcrumb\",\"itemListElement\":[{\"@type\":\"ListItem\",\"position\":1,\"name\":\"In\u00edcio\",\"item\":\"https:\/\/psol50.org.br\/\"},{\"@type\":\"ListItem\",\"position\":2,\"name\":\"PSOL denuncia compra de votos de Temer \u00e0 PGR\"}]},{\"@type\":\"WebSite\",\"@id\":\"https:\/\/psol50.org.br\/#website\",\"url\":\"https:\/\/psol50.org.br\/\",\"name\":\"PSOL 50\",\"description\":\"Site oficial do Partido Socialismo e Liberdade\",\"publisher\":{\"@id\":\"https:\/\/psol50.org.br\/#organization\"},\"alternateName\":\"PSOL50\",\"potentialAction\":[{\"@type\":\"SearchAction\",\"target\":{\"@type\":\"EntryPoint\",\"urlTemplate\":\"https:\/\/psol50.org.br\/?s={search_term_string}\"},\"query-input\":{\"@type\":\"PropertyValueSpecification\",\"valueRequired\":true,\"valueName\":\"search_term_string\"}}],\"inLanguage\":\"pt-BR\"},{\"@type\":\"Organization\",\"@id\":\"https:\/\/psol50.org.br\/#organization\",\"name\":\"PSOL 50\",\"alternateName\":\"PSOL 50\",\"url\":\"https:\/\/psol50.org.br\/\",\"logo\":{\"@type\":\"ImageObject\",\"inLanguage\":\"pt-BR\",\"@id\":\"https:\/\/psol50.org.br\/#\/schema\/logo\/image\/\",\"url\":\"https:\/\/psol50.org.br\/inc\/uploads\/2018\/07\/capa.png\",\"contentUrl\":\"https:\/\/psol50.org.br\/inc\/uploads\/2018\/07\/capa.png\",\"width\":1350,\"height\":900,\"caption\":\"PSOL 50\"},\"image\":{\"@id\":\"https:\/\/psol50.org.br\/#\/schema\/logo\/image\/\"},\"sameAs\":[\"https:\/\/www.facebook.com\/psol50\",\"https:\/\/x.com\/psol50\",\"https:\/\/www.instagram.com\/psol50\/\",\"https:\/\/www.youtube.com\/channel\/UC7SnJS5o1os7a6CaiNabzcg\"]},{\"@type\":\"Person\",\"@id\":\"https:\/\/psol50.org.br\/#\/schema\/person\/475dfa57d0b815993c714c2e96491fcd\",\"name\":\"Comunica\u00e7\u00e3o PSOL\",\"image\":{\"@type\":\"ImageObject\",\"inLanguage\":\"pt-BR\",\"@id\":\"https:\/\/psol50.org.br\/#\/schema\/person\/image\/\",\"url\":\"https:\/\/secure.gravatar.com\/avatar\/b34fc4f4e468a4e51785917065a3db57b841f5c95dba6ad8c73aaf8f66f8f9bf?s=96&d=mm&r=g\",\"contentUrl\":\"https:\/\/secure.gravatar.com\/avatar\/b34fc4f4e468a4e51785917065a3db57b841f5c95dba6ad8c73aaf8f66f8f9bf?s=96&d=mm&r=g\",\"caption\":\"Comunica\u00e7\u00e3o PSOL\"}}]}<\/script>\n<!-- \/ Yoast SEO plugin. -->","yoast_head_json":{"title":"PSOL denuncia compra de votos de Temer \u00e0 PGR - PSOL 50","robots":{"index":"index","follow":"follow","max-snippet":"max-snippet:-1","max-image-preview":"max-image-preview:large","max-video-preview":"max-video-preview:-1"},"canonical":"https:\/\/psol50.org.br\/psol-denuncia-compra-de-votos-de-temer-a-pgr\/","og_locale":"pt_BR","og_type":"article","og_title":"PSOL denuncia compra de votos de Temer \u00e0 PGR - PSOL 50","og_description":"A bancada do PSOL na C\u00e2mara protocolou, nesta segunda-feira (17\/07), na Procuradoria-Geral da Rep\u00fablica (PGR), uma representa\u00e7\u00e3o exigindo que o Minist\u00e9rio P\u00fablico Federal apure a libera\u00e7\u00e3o de emendas parlamentares pelo governo de Michel Temer \u00e0s v\u00e9speras da vota\u00e7\u00e3o sobre a investiga\u00e7\u00e3o contra o presidente. O documento \u00e9 assinado por Chico Alencar. Segundo o deputado, \u00e9 [&hellip;]","og_url":"https:\/\/psol50.org.br\/psol-denuncia-compra-de-votos-de-temer-a-pgr\/","og_site_name":"PSOL 50","article_publisher":"https:\/\/www.facebook.com\/psol50","article_published_time":"2017-07-17T20:05:10+00:00","og_image":[{"width":1350,"height":900,"url":"https:\/\/psol50.org.br\/inc\/uploads\/2018\/07\/capa.png","type":"image\/png"}],"author":"Comunica\u00e7\u00e3o PSOL","twitter_card":"summary_large_image","twitter_creator":"@psol50","twitter_site":"@psol50","twitter_misc":{"Escrito por":"Comunica\u00e7\u00e3o PSOL","Est. tempo de leitura":"2 minutos"},"schema":{"@context":"https:\/\/schema.org","@graph":[{"@type":"Article","@id":"https:\/\/psol50.org.br\/psol-denuncia-compra-de-votos-de-temer-a-pgr\/#article","isPartOf":{"@id":"https:\/\/psol50.org.br\/psol-denuncia-compra-de-votos-de-temer-a-pgr\/"},"author":{"name":"Comunica\u00e7\u00e3o PSOL","@id":"https:\/\/psol50.org.br\/#\/schema\/person\/475dfa57d0b815993c714c2e96491fcd"},"headline":"PSOL denuncia compra de votos de Temer \u00e0 PGR","datePublished":"2017-07-17T20:05:10+00:00","mainEntityOfPage":{"@id":"https:\/\/psol50.org.br\/psol-denuncia-compra-de-votos-de-temer-a-pgr\/"},"wordCount":403,"commentCount":0,"publisher":{"@id":"https:\/\/psol50.org.br\/#organization"},"image":{"@id":"https:\/\/psol50.org.br\/psol-denuncia-compra-de-votos-de-temer-a-pgr\/#primaryimage"},"thumbnailUrl":"","keywords":["C\u00e2mara dos Deputados","Chico Alencar","corrup\u00e7\u00e3o","Eduardo Cunha","Fora Temer","investiga\u00e7\u00e3o","JBS","Michel Temer","PGR","PSOL na C\u00e2mara","STF","Teori Zavascki"],"articleSection":["A\u00e7\u00e3o Parlamentar","Brasil","Not\u00edcias"],"inLanguage":"pt-BR","potentialAction":[{"@type":"CommentAction","name":"Comment","target":["https:\/\/psol50.org.br\/psol-denuncia-compra-de-votos-de-temer-a-pgr\/#respond"]}]},{"@type":"WebPage","@id":"https:\/\/psol50.org.br\/psol-denuncia-compra-de-votos-de-temer-a-pgr\/","url":"https:\/\/psol50.org.br\/psol-denuncia-compra-de-votos-de-temer-a-pgr\/","name":"PSOL denuncia compra de votos de Temer \u00e0 PGR - PSOL 50","isPartOf":{"@id":"https:\/\/psol50.org.br\/#website"},"primaryImageOfPage":{"@id":"https:\/\/psol50.org.br\/psol-denuncia-compra-de-votos-de-temer-a-pgr\/#primaryimage"},"image":{"@id":"https:\/\/psol50.org.br\/psol-denuncia-compra-de-votos-de-temer-a-pgr\/#primaryimage"},"thumbnailUrl":"","datePublished":"2017-07-17T20:05:10+00:00","breadcrumb":{"@id":"https:\/\/psol50.org.br\/psol-denuncia-compra-de-votos-de-temer-a-pgr\/#breadcrumb"},"inLanguage":"pt-BR","potentialAction":[{"@type":"ReadAction","target":["https:\/\/psol50.org.br\/psol-denuncia-compra-de-votos-de-temer-a-pgr\/"]}]},{"@type":"ImageObject","inLanguage":"pt-BR","@id":"https:\/\/psol50.org.br\/psol-denuncia-compra-de-votos-de-temer-a-pgr\/#primaryimage","url":"","contentUrl":""},{"@type":"BreadcrumbList","@id":"https:\/\/psol50.org.br\/psol-denuncia-compra-de-votos-de-temer-a-pgr\/#breadcrumb","itemListElement":[{"@type":"ListItem","position":1,"name":"In\u00edcio","item":"https:\/\/psol50.org.br\/"},{"@type":"ListItem","position":2,"name":"PSOL denuncia compra de votos de Temer \u00e0 PGR"}]},{"@type":"WebSite","@id":"https:\/\/psol50.org.br\/#website","url":"https:\/\/psol50.org.br\/","name":"PSOL 50","description":"Site oficial do Partido Socialismo e Liberdade","publisher":{"@id":"https:\/\/psol50.org.br\/#organization"},"alternateName":"PSOL50","potentialAction":[{"@type":"SearchAction","target":{"@type":"EntryPoint","urlTemplate":"https:\/\/psol50.org.br\/?s={search_term_string}"},"query-input":{"@type":"PropertyValueSpecification","valueRequired":true,"valueName":"search_term_string"}}],"inLanguage":"pt-BR"},{"@type":"Organization","@id":"https:\/\/psol50.org.br\/#organization","name":"PSOL 50","alternateName":"PSOL 50","url":"https:\/\/psol50.org.br\/","logo":{"@type":"ImageObject","inLanguage":"pt-BR","@id":"https:\/\/psol50.org.br\/#\/schema\/logo\/image\/","url":"https:\/\/psol50.org.br\/inc\/uploads\/2018\/07\/capa.png","contentUrl":"https:\/\/psol50.org.br\/inc\/uploads\/2018\/07\/capa.png","width":1350,"height":900,"caption":"PSOL 50"},"image":{"@id":"https:\/\/psol50.org.br\/#\/schema\/logo\/image\/"},"sameAs":["https:\/\/www.facebook.com\/psol50","https:\/\/x.com\/psol50","https:\/\/www.instagram.com\/psol50\/","https:\/\/www.youtube.com\/channel\/UC7SnJS5o1os7a6CaiNabzcg"]},{"@type":"Person","@id":"https:\/\/psol50.org.br\/#\/schema\/person\/475dfa57d0b815993c714c2e96491fcd","name":"Comunica\u00e7\u00e3o PSOL","image":{"@type":"ImageObject","inLanguage":"pt-BR","@id":"https:\/\/psol50.org.br\/#\/schema\/person\/image\/","url":"https:\/\/secure.gravatar.com\/avatar\/b34fc4f4e468a4e51785917065a3db57b841f5c95dba6ad8c73aaf8f66f8f9bf?s=96&d=mm&r=g","contentUrl":"https:\/\/secure.gravatar.com\/avatar\/b34fc4f4e468a4e51785917065a3db57b841f5c95dba6ad8c73aaf8f66f8f9bf?s=96&d=mm&r=g","caption":"Comunica\u00e7\u00e3o PSOL"}}]}},"_links":{"self":[{"href":"https:\/\/psol50.org.br\/rest\/wp\/v2\/posts\/17239","targetHints":{"allow":["GET"]}}],"collection":[{"href":"https:\/\/psol50.org.br\/rest\/wp\/v2\/posts"}],"about":[{"href":"https:\/\/psol50.org.br\/rest\/wp\/v2\/types\/post"}],"author":[{"embeddable":true,"href":"https:\/\/psol50.org.br\/rest\/wp\/v2\/users\/2"}],"replies":[{"embeddable":true,"href":"https:\/\/psol50.org.br\/rest\/wp\/v2\/comments?post=17239"}],"version-history":[{"count":0,"href":"https:\/\/psol50.org.br\/rest\/wp\/v2\/posts\/17239\/revisions"}],"wp:featuredmedia":[{"embeddable":true,"href":"https:\/\/psol50.org.br\/rest\/"}],"wp:attachment":[{"href":"https:\/\/psol50.org.br\/rest\/wp\/v2\/media?parent=17239"}],"wp:term":[{"taxonomy":"category","embeddable":true,"href":"https:\/\/psol50.org.br\/rest\/wp\/v2\/categories?post=17239"},{"taxonomy":"post_tag","embeddable":true,"href":"https:\/\/psol50.org.br\/rest\/wp\/v2\/tags?post=17239"}],"curies":[{"name":"wp","href":"https:\/\/api.w.org\/{rel}","templated":true}]}}