{"id":17280,"date":"2017-07-25T20:02:32","date_gmt":"2017-07-25T20:02:32","guid":{"rendered":"http:\/\/www.psol50.org.br\/?p=17280"},"modified":"2017-07-25T20:02:32","modified_gmt":"2017-07-25T20:02:32","slug":"mst-ocupa-fazendas-de-latifundiarios-ligados-a-corrupcao","status":"publish","type":"post","link":"https:\/\/psol50.org.br\/mst-ocupa-fazendas-de-latifundiarios-ligados-a-corrupcao\/","title":{"rendered":"MST ocupa fazendas de latifundi\u00e1rios ligados \u00e0 corrup\u00e7\u00e3o"},"content":{"rendered":"<p>Trabalhadores rurais do Movimento Sem Teto (MST) ocuparam na manh\u00e3 desta ter\u00e7a-feira (25), Dia do Trabalhador Rural, as fazendas do ministro Blairo Maggi, em Mato Grosso; do presidente ileg\u00edtimo Michel Temer (em nome de seu laranja Coronel Lima), em S\u00e3o Paulo; do presidente do PP Ciro Nogueira, no Piau\u00ed; e do ex-presidente da Confedera\u00e7\u00e3o Brasileira de Futebol (CBF), Ricardo Teixeira, no Rio de Janeiro. Outras ocupa\u00e7\u00f5es ocorrem no Sul e no Nordeste.<\/p>\n<p>https:\/\/www.facebook.com\/MovimentoSemTerra\/photos\/a.240334522705936.57672.111746705564719\/1667105666695474\/?type=3&#038;theater<\/p>\n<p>https:\/\/www.facebook.com\/MovimentoSemTerra\/posts\/1666521153420592<\/p>\n<p>&nbsp;<\/p>\n<p>&#8220;Os latifundi\u00e1rios que possuem estas \u00e1reas s\u00e3o acusados, no cumprimento de fun\u00e7\u00e3o p\u00fablica, de atos de corrup\u00e7\u00e3o, como lavagem de dinheiro, favorecimento il\u00edcito, estelionato e outros. O MST tamb\u00e9m se posiciona pelo afastamento imediato de Michel Temer da Presid\u00eancia [&#8230;], bem como a convoca\u00e7\u00e3o de elei\u00e7\u00f5es diretas&#8221;, disse o movimento, em <a href=\"http:\/\/www.mst.org.br\/2017\/07\/25\/mst-corruptos-devolvam-nossas-terras.html\" target=\"_blank\" rel=\"noopener\"><strong><span style=\"color: #3366ff;\">nota oficial<\/span><\/strong><\/a>.<\/p>\n<p>Sob o lema &#8220;Corruptos, devolvam nossas terras!&#8221;, o MST\u00a0exige a destina\u00e7\u00e3o das terras para assentamento de fam\u00edlias e denuncia as &#8220;rela\u00e7\u00f5es prom\u00edscuas&#8221; do agroneg\u00f3cio, como esquemas de propinas, compra de parlamentares, lavagens de dinheiro e tr\u00e1fico de drogas.<\/p>\n<p>O movimento anunciou, ainda, que realizar\u00e1 manifesta\u00e7\u00f5es da Jornada Nacional de Lutas pela Reforma Agr\u00e1ria, as quais est\u00e3o marcadas para acontecer no Paran\u00e1, S\u00e3o Paulo, Rio de Janeiro, Mato Grosso, Sergipe, Rio Grande do Norte e Piau\u00ed.<\/p>\n<p>https:\/\/www.facebook.com\/MovimentoSemTerra\/videos\/1666698000069574\/<\/p>\n","protected":false},"excerpt":{"rendered":"<p>Trabalhadores rurais do Movimento Sem Teto (MST) ocuparam na manh\u00e3 desta ter\u00e7a-feira (25), Dia do Trabalhador Rural, as fazendas do ministro Blairo Maggi, em Mato Grosso; do presidente ileg\u00edtimo Michel Temer (em nome de seu laranja Coronel Lima), em S\u00e3o Paulo; do presidente do PP Ciro Nogueira, no Piau\u00ed; e do ex-presidente da Confedera\u00e7\u00e3o Brasileira [&hellip;]<\/p>\n","protected":false},"author":2,"featured_media":17281,"comment_status":"open","ping_status":"open","sticky":false,"template":"","format":"standard","meta":{"_acf_changed":false,"footnotes":""},"categories":[1882,6],"tags":[2615,3412,3215,1748,100,1481,326,3413,2521],"class_list":{"0":"post-17280","1":"post","2":"type-post","3":"status-publish","4":"format-standard","5":"has-post-thumbnail","7":"category-brasil","8":"category-noticias","9":"tag-blairo-maggi","10":"tag-ciro-nogueira","11":"tag-latifundiarios","12":"tag-michel-temer","13":"tag-mst","14":"tag-ocupacao","15":"tag-reforma-agraria","16":"tag-ricardo-teixeira","17":"tag-sem-teto"},"acf":[],"yoast_head":"<!-- This site is optimized with the Yoast SEO plugin v26.5 - https:\/\/yoast.com\/wordpress\/plugins\/seo\/ -->\n<title>MST ocupa fazendas de latifundi\u00e1rios ligados \u00e0 corrup\u00e7\u00e3o - PSOL 50<\/title>\n<meta name=\"robots\" content=\"index, follow, max-snippet:-1, max-image-preview:large, max-video-preview:-1\" \/>\n<link rel=\"canonical\" href=\"https:\/\/psol50.org.br\/mst-ocupa-fazendas-de-latifundiarios-ligados-a-corrupcao\/\" \/>\n<meta property=\"og:locale\" content=\"pt_BR\" \/>\n<meta property=\"og:type\" content=\"article\" \/>\n<meta property=\"og:title\" content=\"MST ocupa fazendas de latifundi\u00e1rios ligados \u00e0 corrup\u00e7\u00e3o - PSOL 50\" \/>\n<meta property=\"og:description\" content=\"Trabalhadores rurais do Movimento Sem Teto (MST) ocuparam na manh\u00e3 desta ter\u00e7a-feira (25), Dia do Trabalhador Rural, as fazendas do ministro Blairo Maggi, em Mato Grosso; do presidente ileg\u00edtimo Michel Temer (em nome de seu laranja Coronel Lima), em S\u00e3o Paulo; do presidente do PP Ciro Nogueira, no Piau\u00ed; e do ex-presidente da Confedera\u00e7\u00e3o Brasileira [&hellip;]\" \/>\n<meta property=\"og:url\" content=\"https:\/\/psol50.org.br\/mst-ocupa-fazendas-de-latifundiarios-ligados-a-corrupcao\/\" \/>\n<meta property=\"og:site_name\" content=\"PSOL 50\" \/>\n<meta property=\"article:publisher\" content=\"https:\/\/www.facebook.com\/psol50\" \/>\n<meta property=\"article:published_time\" content=\"2017-07-25T20:02:32+00:00\" \/>\n<meta property=\"og:image\" content=\"https:\/\/psol50.org.br\/inc\/uploads\/2018\/07\/capa.png\" \/>\n\t<meta property=\"og:image:width\" content=\"1350\" \/>\n\t<meta property=\"og:image:height\" content=\"900\" \/>\n\t<meta property=\"og:image:type\" content=\"image\/png\" \/>\n<meta name=\"author\" content=\"Comunica\u00e7\u00e3o PSOL\" \/>\n<meta name=\"twitter:card\" content=\"summary_large_image\" \/>\n<meta name=\"twitter:creator\" content=\"@psol50\" \/>\n<meta name=\"twitter:site\" content=\"@psol50\" \/>\n<meta name=\"twitter:label1\" content=\"Escrito por\" \/>\n\t<meta name=\"twitter:data1\" content=\"Comunica\u00e7\u00e3o PSOL\" \/>\n\t<meta name=\"twitter:label2\" content=\"Est. tempo de leitura\" \/>\n\t<meta name=\"twitter:data2\" content=\"1 minuto\" \/>\n<script type=\"application\/ld+json\" class=\"yoast-schema-graph\">{\"@context\":\"https:\/\/schema.org\",\"@graph\":[{\"@type\":\"Article\",\"@id\":\"https:\/\/psol50.org.br\/mst-ocupa-fazendas-de-latifundiarios-ligados-a-corrupcao\/#article\",\"isPartOf\":{\"@id\":\"https:\/\/psol50.org.br\/mst-ocupa-fazendas-de-latifundiarios-ligados-a-corrupcao\/\"},\"author\":{\"name\":\"Comunica\u00e7\u00e3o PSOL\",\"@id\":\"https:\/\/psol50.org.br\/#\/schema\/person\/475dfa57d0b815993c714c2e96491fcd\"},\"headline\":\"MST ocupa fazendas de latifundi\u00e1rios ligados \u00e0 corrup\u00e7\u00e3o\",\"datePublished\":\"2017-07-25T20:02:32+00:00\",\"mainEntityOfPage\":{\"@id\":\"https:\/\/psol50.org.br\/mst-ocupa-fazendas-de-latifundiarios-ligados-a-corrupcao\/\"},\"wordCount\":255,\"commentCount\":0,\"publisher\":{\"@id\":\"https:\/\/psol50.org.br\/#organization\"},\"image\":{\"@id\":\"https:\/\/psol50.org.br\/mst-ocupa-fazendas-de-latifundiarios-ligados-a-corrupcao\/#primaryimage\"},\"thumbnailUrl\":\"\",\"keywords\":[\"Blairo Maggi\",\"Ciro Nogueira\",\"latifundi\u00e1rios\",\"Michel Temer\",\"MST\",\"ocupa\u00e7\u00e3o\",\"reforma agr\u00e1ria\",\"Ricardo Teixeira\",\"sem teto\"],\"articleSection\":[\"Brasil\",\"Not\u00edcias\"],\"inLanguage\":\"pt-BR\",\"potentialAction\":[{\"@type\":\"CommentAction\",\"name\":\"Comment\",\"target\":[\"https:\/\/psol50.org.br\/mst-ocupa-fazendas-de-latifundiarios-ligados-a-corrupcao\/#respond\"]}]},{\"@type\":\"WebPage\",\"@id\":\"https:\/\/psol50.org.br\/mst-ocupa-fazendas-de-latifundiarios-ligados-a-corrupcao\/\",\"url\":\"https:\/\/psol50.org.br\/mst-ocupa-fazendas-de-latifundiarios-ligados-a-corrupcao\/\",\"name\":\"MST ocupa fazendas de latifundi\u00e1rios ligados \u00e0 corrup\u00e7\u00e3o - PSOL 50\",\"isPartOf\":{\"@id\":\"https:\/\/psol50.org.br\/#website\"},\"primaryImageOfPage\":{\"@id\":\"https:\/\/psol50.org.br\/mst-ocupa-fazendas-de-latifundiarios-ligados-a-corrupcao\/#primaryimage\"},\"image\":{\"@id\":\"https:\/\/psol50.org.br\/mst-ocupa-fazendas-de-latifundiarios-ligados-a-corrupcao\/#primaryimage\"},\"thumbnailUrl\":\"\",\"datePublished\":\"2017-07-25T20:02:32+00:00\",\"breadcrumb\":{\"@id\":\"https:\/\/psol50.org.br\/mst-ocupa-fazendas-de-latifundiarios-ligados-a-corrupcao\/#breadcrumb\"},\"inLanguage\":\"pt-BR\",\"potentialAction\":[{\"@type\":\"ReadAction\",\"target\":[\"https:\/\/psol50.org.br\/mst-ocupa-fazendas-de-latifundiarios-ligados-a-corrupcao\/\"]}]},{\"@type\":\"ImageObject\",\"inLanguage\":\"pt-BR\",\"@id\":\"https:\/\/psol50.org.br\/mst-ocupa-fazendas-de-latifundiarios-ligados-a-corrupcao\/#primaryimage\",\"url\":\"\",\"contentUrl\":\"\"},{\"@type\":\"BreadcrumbList\",\"@id\":\"https:\/\/psol50.org.br\/mst-ocupa-fazendas-de-latifundiarios-ligados-a-corrupcao\/#breadcrumb\",\"itemListElement\":[{\"@type\":\"ListItem\",\"position\":1,\"name\":\"In\u00edcio\",\"item\":\"https:\/\/psol50.org.br\/\"},{\"@type\":\"ListItem\",\"position\":2,\"name\":\"MST ocupa fazendas de latifundi\u00e1rios ligados \u00e0 corrup\u00e7\u00e3o\"}]},{\"@type\":\"WebSite\",\"@id\":\"https:\/\/psol50.org.br\/#website\",\"url\":\"https:\/\/psol50.org.br\/\",\"name\":\"PSOL 50\",\"description\":\"Site oficial do Partido Socialismo e Liberdade\",\"publisher\":{\"@id\":\"https:\/\/psol50.org.br\/#organization\"},\"alternateName\":\"PSOL50\",\"potentialAction\":[{\"@type\":\"SearchAction\",\"target\":{\"@type\":\"EntryPoint\",\"urlTemplate\":\"https:\/\/psol50.org.br\/?s={search_term_string}\"},\"query-input\":{\"@type\":\"PropertyValueSpecification\",\"valueRequired\":true,\"valueName\":\"search_term_string\"}}],\"inLanguage\":\"pt-BR\"},{\"@type\":\"Organization\",\"@id\":\"https:\/\/psol50.org.br\/#organization\",\"name\":\"PSOL 50\",\"alternateName\":\"PSOL 50\",\"url\":\"https:\/\/psol50.org.br\/\",\"logo\":{\"@type\":\"ImageObject\",\"inLanguage\":\"pt-BR\",\"@id\":\"https:\/\/psol50.org.br\/#\/schema\/logo\/image\/\",\"url\":\"https:\/\/psol50.org.br\/inc\/uploads\/2018\/07\/capa.png\",\"contentUrl\":\"https:\/\/psol50.org.br\/inc\/uploads\/2018\/07\/capa.png\",\"width\":1350,\"height\":900,\"caption\":\"PSOL 50\"},\"image\":{\"@id\":\"https:\/\/psol50.org.br\/#\/schema\/logo\/image\/\"},\"sameAs\":[\"https:\/\/www.facebook.com\/psol50\",\"https:\/\/x.com\/psol50\",\"https:\/\/www.instagram.com\/psol50\/\",\"https:\/\/www.youtube.com\/channel\/UC7SnJS5o1os7a6CaiNabzcg\"]},{\"@type\":\"Person\",\"@id\":\"https:\/\/psol50.org.br\/#\/schema\/person\/475dfa57d0b815993c714c2e96491fcd\",\"name\":\"Comunica\u00e7\u00e3o PSOL\",\"image\":{\"@type\":\"ImageObject\",\"inLanguage\":\"pt-BR\",\"@id\":\"https:\/\/psol50.org.br\/#\/schema\/person\/image\/\",\"url\":\"https:\/\/secure.gravatar.com\/avatar\/b34fc4f4e468a4e51785917065a3db57b841f5c95dba6ad8c73aaf8f66f8f9bf?s=96&d=mm&r=g\",\"contentUrl\":\"https:\/\/secure.gravatar.com\/avatar\/b34fc4f4e468a4e51785917065a3db57b841f5c95dba6ad8c73aaf8f66f8f9bf?s=96&d=mm&r=g\",\"caption\":\"Comunica\u00e7\u00e3o PSOL\"}}]}<\/script>\n<!-- \/ Yoast SEO plugin. -->","yoast_head_json":{"title":"MST ocupa fazendas de latifundi\u00e1rios ligados \u00e0 corrup\u00e7\u00e3o - PSOL 50","robots":{"index":"index","follow":"follow","max-snippet":"max-snippet:-1","max-image-preview":"max-image-preview:large","max-video-preview":"max-video-preview:-1"},"canonical":"https:\/\/psol50.org.br\/mst-ocupa-fazendas-de-latifundiarios-ligados-a-corrupcao\/","og_locale":"pt_BR","og_type":"article","og_title":"MST ocupa fazendas de latifundi\u00e1rios ligados \u00e0 corrup\u00e7\u00e3o - PSOL 50","og_description":"Trabalhadores rurais do Movimento Sem Teto (MST) ocuparam na manh\u00e3 desta ter\u00e7a-feira (25), Dia do Trabalhador Rural, as fazendas do ministro Blairo Maggi, em Mato Grosso; do presidente ileg\u00edtimo Michel Temer (em nome de seu laranja Coronel Lima), em S\u00e3o Paulo; do presidente do PP Ciro Nogueira, no Piau\u00ed; e do ex-presidente da Confedera\u00e7\u00e3o Brasileira [&hellip;]","og_url":"https:\/\/psol50.org.br\/mst-ocupa-fazendas-de-latifundiarios-ligados-a-corrupcao\/","og_site_name":"PSOL 50","article_publisher":"https:\/\/www.facebook.com\/psol50","article_published_time":"2017-07-25T20:02:32+00:00","og_image":[{"width":1350,"height":900,"url":"https:\/\/psol50.org.br\/inc\/uploads\/2018\/07\/capa.png","type":"image\/png"}],"author":"Comunica\u00e7\u00e3o PSOL","twitter_card":"summary_large_image","twitter_creator":"@psol50","twitter_site":"@psol50","twitter_misc":{"Escrito por":"Comunica\u00e7\u00e3o PSOL","Est. tempo de leitura":"1 minuto"},"schema":{"@context":"https:\/\/schema.org","@graph":[{"@type":"Article","@id":"https:\/\/psol50.org.br\/mst-ocupa-fazendas-de-latifundiarios-ligados-a-corrupcao\/#article","isPartOf":{"@id":"https:\/\/psol50.org.br\/mst-ocupa-fazendas-de-latifundiarios-ligados-a-corrupcao\/"},"author":{"name":"Comunica\u00e7\u00e3o PSOL","@id":"https:\/\/psol50.org.br\/#\/schema\/person\/475dfa57d0b815993c714c2e96491fcd"},"headline":"MST ocupa fazendas de latifundi\u00e1rios ligados \u00e0 corrup\u00e7\u00e3o","datePublished":"2017-07-25T20:02:32+00:00","mainEntityOfPage":{"@id":"https:\/\/psol50.org.br\/mst-ocupa-fazendas-de-latifundiarios-ligados-a-corrupcao\/"},"wordCount":255,"commentCount":0,"publisher":{"@id":"https:\/\/psol50.org.br\/#organization"},"image":{"@id":"https:\/\/psol50.org.br\/mst-ocupa-fazendas-de-latifundiarios-ligados-a-corrupcao\/#primaryimage"},"thumbnailUrl":"","keywords":["Blairo Maggi","Ciro Nogueira","latifundi\u00e1rios","Michel Temer","MST","ocupa\u00e7\u00e3o","reforma agr\u00e1ria","Ricardo Teixeira","sem teto"],"articleSection":["Brasil","Not\u00edcias"],"inLanguage":"pt-BR","potentialAction":[{"@type":"CommentAction","name":"Comment","target":["https:\/\/psol50.org.br\/mst-ocupa-fazendas-de-latifundiarios-ligados-a-corrupcao\/#respond"]}]},{"@type":"WebPage","@id":"https:\/\/psol50.org.br\/mst-ocupa-fazendas-de-latifundiarios-ligados-a-corrupcao\/","url":"https:\/\/psol50.org.br\/mst-ocupa-fazendas-de-latifundiarios-ligados-a-corrupcao\/","name":"MST ocupa fazendas de latifundi\u00e1rios ligados \u00e0 corrup\u00e7\u00e3o - PSOL 50","isPartOf":{"@id":"https:\/\/psol50.org.br\/#website"},"primaryImageOfPage":{"@id":"https:\/\/psol50.org.br\/mst-ocupa-fazendas-de-latifundiarios-ligados-a-corrupcao\/#primaryimage"},"image":{"@id":"https:\/\/psol50.org.br\/mst-ocupa-fazendas-de-latifundiarios-ligados-a-corrupcao\/#primaryimage"},"thumbnailUrl":"","datePublished":"2017-07-25T20:02:32+00:00","breadcrumb":{"@id":"https:\/\/psol50.org.br\/mst-ocupa-fazendas-de-latifundiarios-ligados-a-corrupcao\/#breadcrumb"},"inLanguage":"pt-BR","potentialAction":[{"@type":"ReadAction","target":["https:\/\/psol50.org.br\/mst-ocupa-fazendas-de-latifundiarios-ligados-a-corrupcao\/"]}]},{"@type":"ImageObject","inLanguage":"pt-BR","@id":"https:\/\/psol50.org.br\/mst-ocupa-fazendas-de-latifundiarios-ligados-a-corrupcao\/#primaryimage","url":"","contentUrl":""},{"@type":"BreadcrumbList","@id":"https:\/\/psol50.org.br\/mst-ocupa-fazendas-de-latifundiarios-ligados-a-corrupcao\/#breadcrumb","itemListElement":[{"@type":"ListItem","position":1,"name":"In\u00edcio","item":"https:\/\/psol50.org.br\/"},{"@type":"ListItem","position":2,"name":"MST ocupa fazendas de latifundi\u00e1rios ligados \u00e0 corrup\u00e7\u00e3o"}]},{"@type":"WebSite","@id":"https:\/\/psol50.org.br\/#website","url":"https:\/\/psol50.org.br\/","name":"PSOL 50","description":"Site oficial do Partido Socialismo e Liberdade","publisher":{"@id":"https:\/\/psol50.org.br\/#organization"},"alternateName":"PSOL50","potentialAction":[{"@type":"SearchAction","target":{"@type":"EntryPoint","urlTemplate":"https:\/\/psol50.org.br\/?s={search_term_string}"},"query-input":{"@type":"PropertyValueSpecification","valueRequired":true,"valueName":"search_term_string"}}],"inLanguage":"pt-BR"},{"@type":"Organization","@id":"https:\/\/psol50.org.br\/#organization","name":"PSOL 50","alternateName":"PSOL 50","url":"https:\/\/psol50.org.br\/","logo":{"@type":"ImageObject","inLanguage":"pt-BR","@id":"https:\/\/psol50.org.br\/#\/schema\/logo\/image\/","url":"https:\/\/psol50.org.br\/inc\/uploads\/2018\/07\/capa.png","contentUrl":"https:\/\/psol50.org.br\/inc\/uploads\/2018\/07\/capa.png","width":1350,"height":900,"caption":"PSOL 50"},"image":{"@id":"https:\/\/psol50.org.br\/#\/schema\/logo\/image\/"},"sameAs":["https:\/\/www.facebook.com\/psol50","https:\/\/x.com\/psol50","https:\/\/www.instagram.com\/psol50\/","https:\/\/www.youtube.com\/channel\/UC7SnJS5o1os7a6CaiNabzcg"]},{"@type":"Person","@id":"https:\/\/psol50.org.br\/#\/schema\/person\/475dfa57d0b815993c714c2e96491fcd","name":"Comunica\u00e7\u00e3o PSOL","image":{"@type":"ImageObject","inLanguage":"pt-BR","@id":"https:\/\/psol50.org.br\/#\/schema\/person\/image\/","url":"https:\/\/secure.gravatar.com\/avatar\/b34fc4f4e468a4e51785917065a3db57b841f5c95dba6ad8c73aaf8f66f8f9bf?s=96&d=mm&r=g","contentUrl":"https:\/\/secure.gravatar.com\/avatar\/b34fc4f4e468a4e51785917065a3db57b841f5c95dba6ad8c73aaf8f66f8f9bf?s=96&d=mm&r=g","caption":"Comunica\u00e7\u00e3o PSOL"}}]}},"_links":{"self":[{"href":"https:\/\/psol50.org.br\/rest\/wp\/v2\/posts\/17280","targetHints":{"allow":["GET"]}}],"collection":[{"href":"https:\/\/psol50.org.br\/rest\/wp\/v2\/posts"}],"about":[{"href":"https:\/\/psol50.org.br\/rest\/wp\/v2\/types\/post"}],"author":[{"embeddable":true,"href":"https:\/\/psol50.org.br\/rest\/wp\/v2\/users\/2"}],"replies":[{"embeddable":true,"href":"https:\/\/psol50.org.br\/rest\/wp\/v2\/comments?post=17280"}],"version-history":[{"count":0,"href":"https:\/\/psol50.org.br\/rest\/wp\/v2\/posts\/17280\/revisions"}],"wp:featuredmedia":[{"embeddable":true,"href":"https:\/\/psol50.org.br\/rest\/"}],"wp:attachment":[{"href":"https:\/\/psol50.org.br\/rest\/wp\/v2\/media?parent=17280"}],"wp:term":[{"taxonomy":"category","embeddable":true,"href":"https:\/\/psol50.org.br\/rest\/wp\/v2\/categories?post=17280"},{"taxonomy":"post_tag","embeddable":true,"href":"https:\/\/psol50.org.br\/rest\/wp\/v2\/tags?post=17280"}],"curies":[{"name":"wp","href":"https:\/\/api.w.org\/{rel}","templated":true}]}}