{"id":17284,"date":"2017-07-26T14:02:09","date_gmt":"2017-07-26T14:02:09","guid":{"rendered":"http:\/\/www.psol50.org.br\/?p=17284"},"modified":"2017-07-26T14:02:09","modified_gmt":"2017-07-26T14:02:09","slug":"e-recorde-reprovacao-de-temer-chega-a-94","status":"publish","type":"post","link":"https:\/\/psol50.org.br\/e-recorde-reprovacao-de-temer-chega-a-94\/","title":{"rendered":"\u00c9 recorde: reprova\u00e7\u00e3o de Temer chega a 94%"},"content":{"rendered":"<p>Em pesquisa divulgada pela Ipsos Public Affairs nesta ter\u00e7a-feira (25\/07), a reprova\u00e7\u00e3o de Temer chegou ao \u00edndice recorde de 94%, um ponto a mais do que no m\u00eas passado. O instituto realiza a pesquisa Pulso Brasil mensalmente.<\/p>\n<p>O levantamento ouviu 1200 pessoas de 72 munic\u00edpios e foi realizada na primeira quinzena de julho &#8211; ou seja, antes mesmo do aumento dos impostos sobre combust\u00edveis. A margem de erro \u00e9 de tr\u00eas pontos percentuais para mais ou para menos.<\/p>\n<p>Segundo a pesquisa, 95% acreditam que o pa\u00eds est\u00e1 no rumo errado. Al\u00e9m disso 85% avaliam a gest\u00e3o de Michel Temer como ruim ou p\u00e9ssima, pior \u00edndice desde 2005.\u00a0Apenas 3% aprovam Temer.<\/p>\n<p>No &#8220;ranking&#8221; de reprova\u00e7\u00e3o, Temer \u00e9 seguido pelo deputado cassado Eduardo Cunha (PMDB; 93%) e por A\u00e9cio Neves (PSDB; 90%). Depois deles, v\u00eam Renan Calheiros (PMDB; 80%), Dilma Rousseff (PT; 80%) e Jos\u00e9 Serra (PSDB; 75%).<\/p>\n<p>Segundo os diretores da Ipsos, empresa internacional de pesquisa presente em 88 pa\u00edses, a pesquisa confirma a manuten\u00e7\u00e3o dos os efeitos da dela\u00e7\u00e3o de Joesley Batista, ex-executivo da J&amp;F, que atingiu diretamente Temer. Al\u00e9m disso, a empresa acredita que a situa\u00e7\u00e3o deve se manter, pela situa\u00e7\u00e3o da economia e previs\u00e3o de novas altas de impostos.<\/p>\n<p>No dia 2 de agosto, pr\u00f3xima quarta-feira, a C\u00e2mara come\u00e7a a analisar o julgamento de Temer. Caso 342 deputados votem pela abertura da investiga\u00e7\u00e3o por corrup\u00e7\u00e3o passiva, Temer ser\u00e1 afastado e julgado pelo STF. Acesse e pressione os deputados: <a href=\"http:\/\/www.342agora.org.br\" target=\"_blank\" rel=\"noopener\"><strong><span style=\"color: #3366ff;\">www.342agora.org.br<\/span><\/strong><\/a><\/p>\n","protected":false},"excerpt":{"rendered":"<p>Em pesquisa divulgada pela Ipsos Public Affairs nesta ter\u00e7a-feira (25\/07), a reprova\u00e7\u00e3o de Temer chegou ao \u00edndice recorde de 94%, um ponto a mais do que no m\u00eas passado. O instituto realiza a pesquisa Pulso Brasil mensalmente. O levantamento ouviu 1200 pessoas de 72 munic\u00edpios e foi realizada na primeira quinzena de julho &#8211; ou [&hellip;]<\/p>\n","protected":false},"author":2,"featured_media":17285,"comment_status":"open","ping_status":"open","sticky":false,"template":"","format":"standard","meta":{"_acf_changed":false,"footnotes":""},"categories":[1882,6],"tags":[3063,2792,2890,2169,3414,2828,1748,403,3415],"class_list":{"0":"post-17284","1":"post","2":"type-post","3":"status-publish","4":"format-standard","5":"has-post-thumbnail","7":"category-brasil","8":"category-noticias","9":"tag-aecio-neves","10":"tag-dilma-rousseff","11":"tag-eduardo-cunha","12":"tag-fora-temer","13":"tag-ipsos","14":"tag-jose-serra","15":"tag-michel-temer","16":"tag-pesquisa","17":"tag-reprovacao"},"acf":[],"yoast_head":"<!-- This site is optimized with the Yoast SEO plugin v26.5 - https:\/\/yoast.com\/wordpress\/plugins\/seo\/ -->\n<title>\u00c9 recorde: reprova\u00e7\u00e3o de Temer chega a 94% - PSOL 50<\/title>\n<meta name=\"robots\" content=\"index, follow, max-snippet:-1, max-image-preview:large, max-video-preview:-1\" \/>\n<link rel=\"canonical\" href=\"https:\/\/psol50.org.br\/e-recorde-reprovacao-de-temer-chega-a-94\/\" \/>\n<meta property=\"og:locale\" content=\"pt_BR\" \/>\n<meta property=\"og:type\" content=\"article\" \/>\n<meta property=\"og:title\" content=\"\u00c9 recorde: reprova\u00e7\u00e3o de Temer chega a 94% - PSOL 50\" \/>\n<meta property=\"og:description\" content=\"Em pesquisa divulgada pela Ipsos Public Affairs nesta ter\u00e7a-feira (25\/07), a reprova\u00e7\u00e3o de Temer chegou ao \u00edndice recorde de 94%, um ponto a mais do que no m\u00eas passado. O instituto realiza a pesquisa Pulso Brasil mensalmente. O levantamento ouviu 1200 pessoas de 72 munic\u00edpios e foi realizada na primeira quinzena de julho &#8211; ou [&hellip;]\" \/>\n<meta property=\"og:url\" content=\"https:\/\/psol50.org.br\/e-recorde-reprovacao-de-temer-chega-a-94\/\" \/>\n<meta property=\"og:site_name\" content=\"PSOL 50\" \/>\n<meta property=\"article:publisher\" content=\"https:\/\/www.facebook.com\/psol50\" \/>\n<meta property=\"article:published_time\" content=\"2017-07-26T14:02:09+00:00\" \/>\n<meta property=\"og:image\" content=\"https:\/\/psol50.org.br\/inc\/uploads\/2018\/07\/capa.png\" \/>\n\t<meta property=\"og:image:width\" content=\"1350\" \/>\n\t<meta property=\"og:image:height\" content=\"900\" \/>\n\t<meta property=\"og:image:type\" content=\"image\/png\" \/>\n<meta name=\"author\" content=\"Comunica\u00e7\u00e3o PSOL\" \/>\n<meta name=\"twitter:card\" content=\"summary_large_image\" \/>\n<meta name=\"twitter:creator\" content=\"@psol50\" \/>\n<meta name=\"twitter:site\" content=\"@psol50\" \/>\n<meta name=\"twitter:label1\" content=\"Escrito por\" \/>\n\t<meta name=\"twitter:data1\" content=\"Comunica\u00e7\u00e3o PSOL\" \/>\n\t<meta name=\"twitter:label2\" content=\"Est. tempo de leitura\" \/>\n\t<meta name=\"twitter:data2\" content=\"1 minuto\" \/>\n<script type=\"application\/ld+json\" class=\"yoast-schema-graph\">{\"@context\":\"https:\/\/schema.org\",\"@graph\":[{\"@type\":\"Article\",\"@id\":\"https:\/\/psol50.org.br\/e-recorde-reprovacao-de-temer-chega-a-94\/#article\",\"isPartOf\":{\"@id\":\"https:\/\/psol50.org.br\/e-recorde-reprovacao-de-temer-chega-a-94\/\"},\"author\":{\"name\":\"Comunica\u00e7\u00e3o PSOL\",\"@id\":\"https:\/\/psol50.org.br\/#\/schema\/person\/475dfa57d0b815993c714c2e96491fcd\"},\"headline\":\"\u00c9 recorde: reprova\u00e7\u00e3o de Temer chega a 94%\",\"datePublished\":\"2017-07-26T14:02:09+00:00\",\"mainEntityOfPage\":{\"@id\":\"https:\/\/psol50.org.br\/e-recorde-reprovacao-de-temer-chega-a-94\/\"},\"wordCount\":261,\"commentCount\":0,\"publisher\":{\"@id\":\"https:\/\/psol50.org.br\/#organization\"},\"image\":{\"@id\":\"https:\/\/psol50.org.br\/e-recorde-reprovacao-de-temer-chega-a-94\/#primaryimage\"},\"thumbnailUrl\":\"\",\"keywords\":[\"A\u00e9cio Neves\",\"Dilma Rousseff\",\"Eduardo Cunha\",\"Fora Temer\",\"Ipsos\",\"Jos\u00e9 Serra\",\"Michel Temer\",\"pesquisa\",\"Reprova\u00e7\u00e3o\"],\"articleSection\":[\"Brasil\",\"Not\u00edcias\"],\"inLanguage\":\"pt-BR\",\"potentialAction\":[{\"@type\":\"CommentAction\",\"name\":\"Comment\",\"target\":[\"https:\/\/psol50.org.br\/e-recorde-reprovacao-de-temer-chega-a-94\/#respond\"]}]},{\"@type\":\"WebPage\",\"@id\":\"https:\/\/psol50.org.br\/e-recorde-reprovacao-de-temer-chega-a-94\/\",\"url\":\"https:\/\/psol50.org.br\/e-recorde-reprovacao-de-temer-chega-a-94\/\",\"name\":\"\u00c9 recorde: reprova\u00e7\u00e3o de Temer chega a 94% - PSOL 50\",\"isPartOf\":{\"@id\":\"https:\/\/psol50.org.br\/#website\"},\"primaryImageOfPage\":{\"@id\":\"https:\/\/psol50.org.br\/e-recorde-reprovacao-de-temer-chega-a-94\/#primaryimage\"},\"image\":{\"@id\":\"https:\/\/psol50.org.br\/e-recorde-reprovacao-de-temer-chega-a-94\/#primaryimage\"},\"thumbnailUrl\":\"\",\"datePublished\":\"2017-07-26T14:02:09+00:00\",\"breadcrumb\":{\"@id\":\"https:\/\/psol50.org.br\/e-recorde-reprovacao-de-temer-chega-a-94\/#breadcrumb\"},\"inLanguage\":\"pt-BR\",\"potentialAction\":[{\"@type\":\"ReadAction\",\"target\":[\"https:\/\/psol50.org.br\/e-recorde-reprovacao-de-temer-chega-a-94\/\"]}]},{\"@type\":\"ImageObject\",\"inLanguage\":\"pt-BR\",\"@id\":\"https:\/\/psol50.org.br\/e-recorde-reprovacao-de-temer-chega-a-94\/#primaryimage\",\"url\":\"\",\"contentUrl\":\"\"},{\"@type\":\"BreadcrumbList\",\"@id\":\"https:\/\/psol50.org.br\/e-recorde-reprovacao-de-temer-chega-a-94\/#breadcrumb\",\"itemListElement\":[{\"@type\":\"ListItem\",\"position\":1,\"name\":\"In\u00edcio\",\"item\":\"https:\/\/psol50.org.br\/\"},{\"@type\":\"ListItem\",\"position\":2,\"name\":\"\u00c9 recorde: reprova\u00e7\u00e3o de Temer chega a 94%\"}]},{\"@type\":\"WebSite\",\"@id\":\"https:\/\/psol50.org.br\/#website\",\"url\":\"https:\/\/psol50.org.br\/\",\"name\":\"PSOL 50\",\"description\":\"Site oficial do Partido Socialismo e Liberdade\",\"publisher\":{\"@id\":\"https:\/\/psol50.org.br\/#organization\"},\"alternateName\":\"PSOL50\",\"potentialAction\":[{\"@type\":\"SearchAction\",\"target\":{\"@type\":\"EntryPoint\",\"urlTemplate\":\"https:\/\/psol50.org.br\/?s={search_term_string}\"},\"query-input\":{\"@type\":\"PropertyValueSpecification\",\"valueRequired\":true,\"valueName\":\"search_term_string\"}}],\"inLanguage\":\"pt-BR\"},{\"@type\":\"Organization\",\"@id\":\"https:\/\/psol50.org.br\/#organization\",\"name\":\"PSOL 50\",\"alternateName\":\"PSOL 50\",\"url\":\"https:\/\/psol50.org.br\/\",\"logo\":{\"@type\":\"ImageObject\",\"inLanguage\":\"pt-BR\",\"@id\":\"https:\/\/psol50.org.br\/#\/schema\/logo\/image\/\",\"url\":\"https:\/\/psol50.org.br\/inc\/uploads\/2018\/07\/capa.png\",\"contentUrl\":\"https:\/\/psol50.org.br\/inc\/uploads\/2018\/07\/capa.png\",\"width\":1350,\"height\":900,\"caption\":\"PSOL 50\"},\"image\":{\"@id\":\"https:\/\/psol50.org.br\/#\/schema\/logo\/image\/\"},\"sameAs\":[\"https:\/\/www.facebook.com\/psol50\",\"https:\/\/x.com\/psol50\",\"https:\/\/www.instagram.com\/psol50\/\",\"https:\/\/www.youtube.com\/channel\/UC7SnJS5o1os7a6CaiNabzcg\"]},{\"@type\":\"Person\",\"@id\":\"https:\/\/psol50.org.br\/#\/schema\/person\/475dfa57d0b815993c714c2e96491fcd\",\"name\":\"Comunica\u00e7\u00e3o PSOL\",\"image\":{\"@type\":\"ImageObject\",\"inLanguage\":\"pt-BR\",\"@id\":\"https:\/\/psol50.org.br\/#\/schema\/person\/image\/\",\"url\":\"https:\/\/secure.gravatar.com\/avatar\/b34fc4f4e468a4e51785917065a3db57b841f5c95dba6ad8c73aaf8f66f8f9bf?s=96&d=mm&r=g\",\"contentUrl\":\"https:\/\/secure.gravatar.com\/avatar\/b34fc4f4e468a4e51785917065a3db57b841f5c95dba6ad8c73aaf8f66f8f9bf?s=96&d=mm&r=g\",\"caption\":\"Comunica\u00e7\u00e3o PSOL\"}}]}<\/script>\n<!-- \/ Yoast SEO plugin. -->","yoast_head_json":{"title":"\u00c9 recorde: reprova\u00e7\u00e3o de Temer chega a 94% - PSOL 50","robots":{"index":"index","follow":"follow","max-snippet":"max-snippet:-1","max-image-preview":"max-image-preview:large","max-video-preview":"max-video-preview:-1"},"canonical":"https:\/\/psol50.org.br\/e-recorde-reprovacao-de-temer-chega-a-94\/","og_locale":"pt_BR","og_type":"article","og_title":"\u00c9 recorde: reprova\u00e7\u00e3o de Temer chega a 94% - PSOL 50","og_description":"Em pesquisa divulgada pela Ipsos Public Affairs nesta ter\u00e7a-feira (25\/07), a reprova\u00e7\u00e3o de Temer chegou ao \u00edndice recorde de 94%, um ponto a mais do que no m\u00eas passado. O instituto realiza a pesquisa Pulso Brasil mensalmente. O levantamento ouviu 1200 pessoas de 72 munic\u00edpios e foi realizada na primeira quinzena de julho &#8211; ou [&hellip;]","og_url":"https:\/\/psol50.org.br\/e-recorde-reprovacao-de-temer-chega-a-94\/","og_site_name":"PSOL 50","article_publisher":"https:\/\/www.facebook.com\/psol50","article_published_time":"2017-07-26T14:02:09+00:00","og_image":[{"width":1350,"height":900,"url":"https:\/\/psol50.org.br\/inc\/uploads\/2018\/07\/capa.png","type":"image\/png"}],"author":"Comunica\u00e7\u00e3o PSOL","twitter_card":"summary_large_image","twitter_creator":"@psol50","twitter_site":"@psol50","twitter_misc":{"Escrito por":"Comunica\u00e7\u00e3o PSOL","Est. tempo de leitura":"1 minuto"},"schema":{"@context":"https:\/\/schema.org","@graph":[{"@type":"Article","@id":"https:\/\/psol50.org.br\/e-recorde-reprovacao-de-temer-chega-a-94\/#article","isPartOf":{"@id":"https:\/\/psol50.org.br\/e-recorde-reprovacao-de-temer-chega-a-94\/"},"author":{"name":"Comunica\u00e7\u00e3o PSOL","@id":"https:\/\/psol50.org.br\/#\/schema\/person\/475dfa57d0b815993c714c2e96491fcd"},"headline":"\u00c9 recorde: reprova\u00e7\u00e3o de Temer chega a 94%","datePublished":"2017-07-26T14:02:09+00:00","mainEntityOfPage":{"@id":"https:\/\/psol50.org.br\/e-recorde-reprovacao-de-temer-chega-a-94\/"},"wordCount":261,"commentCount":0,"publisher":{"@id":"https:\/\/psol50.org.br\/#organization"},"image":{"@id":"https:\/\/psol50.org.br\/e-recorde-reprovacao-de-temer-chega-a-94\/#primaryimage"},"thumbnailUrl":"","keywords":["A\u00e9cio Neves","Dilma Rousseff","Eduardo Cunha","Fora Temer","Ipsos","Jos\u00e9 Serra","Michel Temer","pesquisa","Reprova\u00e7\u00e3o"],"articleSection":["Brasil","Not\u00edcias"],"inLanguage":"pt-BR","potentialAction":[{"@type":"CommentAction","name":"Comment","target":["https:\/\/psol50.org.br\/e-recorde-reprovacao-de-temer-chega-a-94\/#respond"]}]},{"@type":"WebPage","@id":"https:\/\/psol50.org.br\/e-recorde-reprovacao-de-temer-chega-a-94\/","url":"https:\/\/psol50.org.br\/e-recorde-reprovacao-de-temer-chega-a-94\/","name":"\u00c9 recorde: reprova\u00e7\u00e3o de Temer chega a 94% - PSOL 50","isPartOf":{"@id":"https:\/\/psol50.org.br\/#website"},"primaryImageOfPage":{"@id":"https:\/\/psol50.org.br\/e-recorde-reprovacao-de-temer-chega-a-94\/#primaryimage"},"image":{"@id":"https:\/\/psol50.org.br\/e-recorde-reprovacao-de-temer-chega-a-94\/#primaryimage"},"thumbnailUrl":"","datePublished":"2017-07-26T14:02:09+00:00","breadcrumb":{"@id":"https:\/\/psol50.org.br\/e-recorde-reprovacao-de-temer-chega-a-94\/#breadcrumb"},"inLanguage":"pt-BR","potentialAction":[{"@type":"ReadAction","target":["https:\/\/psol50.org.br\/e-recorde-reprovacao-de-temer-chega-a-94\/"]}]},{"@type":"ImageObject","inLanguage":"pt-BR","@id":"https:\/\/psol50.org.br\/e-recorde-reprovacao-de-temer-chega-a-94\/#primaryimage","url":"","contentUrl":""},{"@type":"BreadcrumbList","@id":"https:\/\/psol50.org.br\/e-recorde-reprovacao-de-temer-chega-a-94\/#breadcrumb","itemListElement":[{"@type":"ListItem","position":1,"name":"In\u00edcio","item":"https:\/\/psol50.org.br\/"},{"@type":"ListItem","position":2,"name":"\u00c9 recorde: reprova\u00e7\u00e3o de Temer chega a 94%"}]},{"@type":"WebSite","@id":"https:\/\/psol50.org.br\/#website","url":"https:\/\/psol50.org.br\/","name":"PSOL 50","description":"Site oficial do Partido Socialismo e Liberdade","publisher":{"@id":"https:\/\/psol50.org.br\/#organization"},"alternateName":"PSOL50","potentialAction":[{"@type":"SearchAction","target":{"@type":"EntryPoint","urlTemplate":"https:\/\/psol50.org.br\/?s={search_term_string}"},"query-input":{"@type":"PropertyValueSpecification","valueRequired":true,"valueName":"search_term_string"}}],"inLanguage":"pt-BR"},{"@type":"Organization","@id":"https:\/\/psol50.org.br\/#organization","name":"PSOL 50","alternateName":"PSOL 50","url":"https:\/\/psol50.org.br\/","logo":{"@type":"ImageObject","inLanguage":"pt-BR","@id":"https:\/\/psol50.org.br\/#\/schema\/logo\/image\/","url":"https:\/\/psol50.org.br\/inc\/uploads\/2018\/07\/capa.png","contentUrl":"https:\/\/psol50.org.br\/inc\/uploads\/2018\/07\/capa.png","width":1350,"height":900,"caption":"PSOL 50"},"image":{"@id":"https:\/\/psol50.org.br\/#\/schema\/logo\/image\/"},"sameAs":["https:\/\/www.facebook.com\/psol50","https:\/\/x.com\/psol50","https:\/\/www.instagram.com\/psol50\/","https:\/\/www.youtube.com\/channel\/UC7SnJS5o1os7a6CaiNabzcg"]},{"@type":"Person","@id":"https:\/\/psol50.org.br\/#\/schema\/person\/475dfa57d0b815993c714c2e96491fcd","name":"Comunica\u00e7\u00e3o PSOL","image":{"@type":"ImageObject","inLanguage":"pt-BR","@id":"https:\/\/psol50.org.br\/#\/schema\/person\/image\/","url":"https:\/\/secure.gravatar.com\/avatar\/b34fc4f4e468a4e51785917065a3db57b841f5c95dba6ad8c73aaf8f66f8f9bf?s=96&d=mm&r=g","contentUrl":"https:\/\/secure.gravatar.com\/avatar\/b34fc4f4e468a4e51785917065a3db57b841f5c95dba6ad8c73aaf8f66f8f9bf?s=96&d=mm&r=g","caption":"Comunica\u00e7\u00e3o PSOL"}}]}},"_links":{"self":[{"href":"https:\/\/psol50.org.br\/rest\/wp\/v2\/posts\/17284","targetHints":{"allow":["GET"]}}],"collection":[{"href":"https:\/\/psol50.org.br\/rest\/wp\/v2\/posts"}],"about":[{"href":"https:\/\/psol50.org.br\/rest\/wp\/v2\/types\/post"}],"author":[{"embeddable":true,"href":"https:\/\/psol50.org.br\/rest\/wp\/v2\/users\/2"}],"replies":[{"embeddable":true,"href":"https:\/\/psol50.org.br\/rest\/wp\/v2\/comments?post=17284"}],"version-history":[{"count":0,"href":"https:\/\/psol50.org.br\/rest\/wp\/v2\/posts\/17284\/revisions"}],"wp:featuredmedia":[{"embeddable":true,"href":"https:\/\/psol50.org.br\/rest\/"}],"wp:attachment":[{"href":"https:\/\/psol50.org.br\/rest\/wp\/v2\/media?parent=17284"}],"wp:term":[{"taxonomy":"category","embeddable":true,"href":"https:\/\/psol50.org.br\/rest\/wp\/v2\/categories?post=17284"},{"taxonomy":"post_tag","embeddable":true,"href":"https:\/\/psol50.org.br\/rest\/wp\/v2\/tags?post=17284"}],"curies":[{"name":"wp","href":"https:\/\/api.w.org\/{rel}","templated":true}]}}