{"id":17287,"date":"2017-07-26T17:04:52","date_gmt":"2017-07-26T17:04:52","guid":{"rendered":"http:\/\/www.psol50.org.br\/?p=17287"},"modified":"2017-07-26T17:04:52","modified_gmt":"2017-07-26T17:04:52","slug":"angela-davis-em-salvador-nossas-vidas-importam","status":"publish","type":"post","link":"https:\/\/psol50.org.br\/angela-davis-em-salvador-nossas-vidas-importam\/","title":{"rendered":"Angela Davis em Salvador: nossas vidas importam"},"content":{"rendered":"<p><em>*Por Carolina Lazameth, do Setorial Nacional de Mulheres do PSOL<\/em><\/p>\n<p>Que a emo\u00e7\u00e3o que tomou conta desse 25 de julho esteja enraizada nas nossas lutas para que n\u00e3o nos falte for\u00e7a e esperan\u00e7a para seguir em frente.<\/p>\n<p>Angela Davis \u00e9 uma das principais refer\u00eancias no enfrentamento antirracista e do pensamento cr\u00edtico feminista na atualidade e carrega um hist\u00f3rico de resist\u00eancia que inspira in\u00fameras gera\u00e7\u00f5es de mulheres por todo o mundo. Sua vinda para o Brasil, especificamente \u00e0 Bahia, no Dia Internacional da Mulher Negra Latino-Americana e Caribenha, lotou o Sal\u00e3o Nobre da Reitoria em uma mesa composta apenas por mulheres negras.<\/p>\n<figure id=\"attachment_17288\" aria-describedby=\"caption-attachment-17288\" style=\"width: 1000px\" class=\"wp-caption alignnone\"><img loading=\"lazy\" decoding=\"async\" class=\"wp-image-17288 size-large\" src=\"http:\/\/www.psol50.org.br\/inc\/uploads\/2017\/07\/angeladavis2.nunahalle-1024x682.jpg\" alt=\"\" width=\"1000\" height=\"666\" \/><figcaption id=\"caption-attachment-17288\" class=\"wp-caption-text\">Foto: Nunah Alle \/ Setorial Nacional de Mulheres do PSOL<\/figcaption><\/figure>\n<p>Essa foi a primeira aula: mostrar que sim \u00e9 poss\u00edvel fazer um evento que debata a conjuntura nacional e internacional protagonizado exclusivamente por mulheres pretas. Muitos n\u00e3o entendiam a raz\u00e3o pela qual o evento n\u00e3o fora realizado em um gin\u00e1sio, por exemplo. Passamos horas na fila para conseguir entrar no espa\u00e7o e s\u00f3 ao ver a tamanha quantidade de negras e negros no sal\u00e3o compreendi a real dimens\u00e3o pol\u00edtica de ocupar aquele lugar, que mesmo pequeno (400 lugares) se tornou t\u00e3o grandioso.<\/p>\n<p>Davis n\u00e3o d\u00e1 ponto sem n\u00f3. Ver abarrotado um espa\u00e7o t\u00e3o privilegiado quanto a academia, que foi historicamente negado ao povo negro e onde (infelizmente) a meritocracia \u00e9 t\u00e3o latente, foi sem d\u00favida uma das experi\u00eancias mais incr\u00edveis de vida. Enxergar a cor e conhecer as hist\u00f3rias de quem t\u00e1 ocupando esses espa\u00e7os com muita luta me faz acreditar em dias melhores.<\/p>\n<p>A abordagem sobre pol\u00edtica de cotas nas universidades brasileiras, elogiada pela ativista, que disse que os Estados Unidos, embora tentem h\u00e1 d\u00e9cadas implantar algo parecido, jamais conseguiram, se tornava ainda mais verdadeira quando olh\u00e1vamos ao redor e a universidade estava pintada de povo, como deveria ser sempre.<\/p>\n<p>\u201cAdmito que estou muito mais impactada com o sistema educacional brasileiro que com o norte-americano. Me lembro bem quando no Brasil come\u00e7aram os debates e na Bahia j\u00e1 vejo a\u00e7\u00f5es concretas. Vi isso principalmente em Cachoeira, na Universidade do Rec\u00f4ncavo. Isso nos prova que \u00e9 mesmo poss\u00edvel garantir acesso \u00e0 educa\u00e7\u00e3o formal \u00e0 popula\u00e7\u00e3o que havia sido exclu\u00edda historicamente\u201d, disse.<\/p>\n<p>Angela Davis defendeu o que chamou de \u201cfeminismo descolonizado\u201d, que coloca na centralidade da luta anticapitalista as quest\u00f5es de g\u00eanero, classe e ra\u00e7a, e disse que as brasileiras t\u00eam um importante papel neste processo: \u201cMe parece que nesse momento contempor\u00e2neo as mulheres negras brasileiras representam o futuro do movimento. As mulheres negras brasileiras t\u00eam um longo hist\u00f3rico de luta por liberdade\u201d.<\/p>\n<p>A pr\u00e1tica coerente com o discurso se fez presente ali mesmo, quando falou sobre a resist\u00eancia das mulheres quilombolas e recebeu Dona Joca, mulher, negra e quilombola, que luta por um direito t\u00e3o b\u00e1sico como acesso \u00e0 \u00e1gua. Ningu\u00e9m conteve as l\u00e1grimas.<\/p>\n<p>A vinda de Angela Davis deve ser o estopim para gente olhar mais com os \u00f3culos apurado para a realidade. Que esse dia se propague atrav\u00e9s da for\u00e7a que ela nos emanou e sirva para que a resist\u00eancia persista todos os dias contra um sistema t\u00e3o opressor e desigual no Brasil e no mundo.<\/p>\n<p>\u201cQuando a vida das mulheres negras come\u00e7arem a realmente ter import\u00e2ncia, o mundo ser\u00e1 transformado e teremos a certeza de que todas as vidas importar\u00e3o\u201d. Angela Davis, Bahia, 2017.<\/p>\n<p>Assista ao debate, que foi transmitido pela p\u00e1gina do Setorial Nacional de Mulheres do PSOL no Facebook:<\/p>\n<p><a href=\"https:\/\/www.facebook.com\/mulheresdopsol\/videos\/698671433660862\/\">https:\/\/www.facebook.com\/mulheresdopsol\/videos\/698671433660862\/<\/a><\/p>\n","protected":false},"excerpt":{"rendered":"<p>*Por Carolina Lazameth, do Setorial Nacional de Mulheres do PSOL Que a emo\u00e7\u00e3o que tomou conta desse 25 de julho esteja enraizada nas nossas lutas para que n\u00e3o nos falte for\u00e7a e esperan\u00e7a para seguir em frente. Angela Davis \u00e9 uma das principais refer\u00eancias no enfrentamento antirracista e do pensamento cr\u00edtico feminista na atualidade e [&hellip;]<\/p>\n","protected":false},"author":2,"featured_media":17289,"comment_status":"open","ping_status":"open","sticky":false,"template":"","format":"standard","meta":{"_acf_changed":false,"footnotes":""},"categories":[1882,836,1104,6],"tags":[2819,37,3416,30,4,3417,260,1096],"class_list":{"0":"post-17287","1":"post","2":"type-post","3":"status-publish","4":"format-standard","5":"has-post-thumbnail","7":"category-brasil","8":"category-internacional","9":"category-movimento","10":"category-noticias","11":"tag-angela-davis","12":"tag-bahia","13":"tag-carolina-lazameth","14":"tag-feminismo","15":"tag-mulheres","16":"tag-nunah-alle","17":"tag-salvador","18":"tag-setorial-nacional-de-mulheres-do-psol"},"acf":[],"yoast_head":"<!-- This site is optimized with the Yoast SEO plugin v26.5 - https:\/\/yoast.com\/wordpress\/plugins\/seo\/ -->\n<title>Angela Davis em Salvador: nossas vidas importam - PSOL 50<\/title>\n<meta name=\"robots\" content=\"index, follow, max-snippet:-1, max-image-preview:large, max-video-preview:-1\" \/>\n<link rel=\"canonical\" href=\"https:\/\/psol50.org.br\/angela-davis-em-salvador-nossas-vidas-importam\/\" \/>\n<meta property=\"og:locale\" content=\"pt_BR\" \/>\n<meta property=\"og:type\" content=\"article\" \/>\n<meta property=\"og:title\" content=\"Angela Davis em Salvador: nossas vidas importam - PSOL 50\" \/>\n<meta property=\"og:description\" content=\"*Por Carolina Lazameth, do Setorial Nacional de Mulheres do PSOL Que a emo\u00e7\u00e3o que tomou conta desse 25 de julho esteja enraizada nas nossas lutas para que n\u00e3o nos falte for\u00e7a e esperan\u00e7a para seguir em frente. Angela Davis \u00e9 uma das principais refer\u00eancias no enfrentamento antirracista e do pensamento cr\u00edtico feminista na atualidade e [&hellip;]\" \/>\n<meta property=\"og:url\" content=\"https:\/\/psol50.org.br\/angela-davis-em-salvador-nossas-vidas-importam\/\" \/>\n<meta property=\"og:site_name\" content=\"PSOL 50\" \/>\n<meta property=\"article:publisher\" content=\"https:\/\/www.facebook.com\/psol50\" \/>\n<meta property=\"article:published_time\" content=\"2017-07-26T17:04:52+00:00\" \/>\n<meta property=\"og:image\" content=\"https:\/\/psol50.org.br\/inc\/uploads\/2018\/07\/capa.png\" \/>\n\t<meta property=\"og:image:width\" content=\"1350\" \/>\n\t<meta property=\"og:image:height\" content=\"900\" \/>\n\t<meta property=\"og:image:type\" content=\"image\/png\" \/>\n<meta name=\"author\" content=\"Comunica\u00e7\u00e3o PSOL\" \/>\n<meta name=\"twitter:card\" content=\"summary_large_image\" \/>\n<meta name=\"twitter:creator\" content=\"@psol50\" \/>\n<meta name=\"twitter:site\" content=\"@psol50\" \/>\n<meta name=\"twitter:label1\" content=\"Escrito por\" \/>\n\t<meta name=\"twitter:data1\" content=\"Comunica\u00e7\u00e3o PSOL\" \/>\n\t<meta name=\"twitter:label2\" content=\"Est. tempo de leitura\" \/>\n\t<meta name=\"twitter:data2\" content=\"3 minutos\" \/>\n<script type=\"application\/ld+json\" class=\"yoast-schema-graph\">{\"@context\":\"https:\/\/schema.org\",\"@graph\":[{\"@type\":\"Article\",\"@id\":\"https:\/\/psol50.org.br\/angela-davis-em-salvador-nossas-vidas-importam\/#article\",\"isPartOf\":{\"@id\":\"https:\/\/psol50.org.br\/angela-davis-em-salvador-nossas-vidas-importam\/\"},\"author\":{\"name\":\"Comunica\u00e7\u00e3o PSOL\",\"@id\":\"https:\/\/psol50.org.br\/#\/schema\/person\/475dfa57d0b815993c714c2e96491fcd\"},\"headline\":\"Angela Davis em Salvador: nossas vidas importam\",\"datePublished\":\"2017-07-26T17:04:52+00:00\",\"mainEntityOfPage\":{\"@id\":\"https:\/\/psol50.org.br\/angela-davis-em-salvador-nossas-vidas-importam\/\"},\"wordCount\":636,\"commentCount\":0,\"publisher\":{\"@id\":\"https:\/\/psol50.org.br\/#organization\"},\"image\":{\"@id\":\"https:\/\/psol50.org.br\/angela-davis-em-salvador-nossas-vidas-importam\/#primaryimage\"},\"thumbnailUrl\":\"\",\"keywords\":[\"\u00c2ngela Davis\",\"Bahia\",\"Carolina Lazameth\",\"feminismo\",\"mulheres\",\"Nunah Alle\",\"Salvador\",\"Setorial Nacional de Mulheres do PSOL\"],\"articleSection\":[\"Brasil\",\"Internacional\",\"Movimento\",\"Not\u00edcias\"],\"inLanguage\":\"pt-BR\",\"potentialAction\":[{\"@type\":\"CommentAction\",\"name\":\"Comment\",\"target\":[\"https:\/\/psol50.org.br\/angela-davis-em-salvador-nossas-vidas-importam\/#respond\"]}]},{\"@type\":\"WebPage\",\"@id\":\"https:\/\/psol50.org.br\/angela-davis-em-salvador-nossas-vidas-importam\/\",\"url\":\"https:\/\/psol50.org.br\/angela-davis-em-salvador-nossas-vidas-importam\/\",\"name\":\"Angela Davis em Salvador: nossas vidas importam - PSOL 50\",\"isPartOf\":{\"@id\":\"https:\/\/psol50.org.br\/#website\"},\"primaryImageOfPage\":{\"@id\":\"https:\/\/psol50.org.br\/angela-davis-em-salvador-nossas-vidas-importam\/#primaryimage\"},\"image\":{\"@id\":\"https:\/\/psol50.org.br\/angela-davis-em-salvador-nossas-vidas-importam\/#primaryimage\"},\"thumbnailUrl\":\"\",\"datePublished\":\"2017-07-26T17:04:52+00:00\",\"breadcrumb\":{\"@id\":\"https:\/\/psol50.org.br\/angela-davis-em-salvador-nossas-vidas-importam\/#breadcrumb\"},\"inLanguage\":\"pt-BR\",\"potentialAction\":[{\"@type\":\"ReadAction\",\"target\":[\"https:\/\/psol50.org.br\/angela-davis-em-salvador-nossas-vidas-importam\/\"]}]},{\"@type\":\"ImageObject\",\"inLanguage\":\"pt-BR\",\"@id\":\"https:\/\/psol50.org.br\/angela-davis-em-salvador-nossas-vidas-importam\/#primaryimage\",\"url\":\"\",\"contentUrl\":\"\"},{\"@type\":\"BreadcrumbList\",\"@id\":\"https:\/\/psol50.org.br\/angela-davis-em-salvador-nossas-vidas-importam\/#breadcrumb\",\"itemListElement\":[{\"@type\":\"ListItem\",\"position\":1,\"name\":\"In\u00edcio\",\"item\":\"https:\/\/psol50.org.br\/\"},{\"@type\":\"ListItem\",\"position\":2,\"name\":\"Angela Davis em Salvador: nossas vidas importam\"}]},{\"@type\":\"WebSite\",\"@id\":\"https:\/\/psol50.org.br\/#website\",\"url\":\"https:\/\/psol50.org.br\/\",\"name\":\"PSOL 50\",\"description\":\"Site oficial do Partido Socialismo e Liberdade\",\"publisher\":{\"@id\":\"https:\/\/psol50.org.br\/#organization\"},\"alternateName\":\"PSOL50\",\"potentialAction\":[{\"@type\":\"SearchAction\",\"target\":{\"@type\":\"EntryPoint\",\"urlTemplate\":\"https:\/\/psol50.org.br\/?s={search_term_string}\"},\"query-input\":{\"@type\":\"PropertyValueSpecification\",\"valueRequired\":true,\"valueName\":\"search_term_string\"}}],\"inLanguage\":\"pt-BR\"},{\"@type\":\"Organization\",\"@id\":\"https:\/\/psol50.org.br\/#organization\",\"name\":\"PSOL 50\",\"alternateName\":\"PSOL 50\",\"url\":\"https:\/\/psol50.org.br\/\",\"logo\":{\"@type\":\"ImageObject\",\"inLanguage\":\"pt-BR\",\"@id\":\"https:\/\/psol50.org.br\/#\/schema\/logo\/image\/\",\"url\":\"https:\/\/psol50.org.br\/inc\/uploads\/2018\/07\/capa.png\",\"contentUrl\":\"https:\/\/psol50.org.br\/inc\/uploads\/2018\/07\/capa.png\",\"width\":1350,\"height\":900,\"caption\":\"PSOL 50\"},\"image\":{\"@id\":\"https:\/\/psol50.org.br\/#\/schema\/logo\/image\/\"},\"sameAs\":[\"https:\/\/www.facebook.com\/psol50\",\"https:\/\/x.com\/psol50\",\"https:\/\/www.instagram.com\/psol50\/\",\"https:\/\/www.youtube.com\/channel\/UC7SnJS5o1os7a6CaiNabzcg\"]},{\"@type\":\"Person\",\"@id\":\"https:\/\/psol50.org.br\/#\/schema\/person\/475dfa57d0b815993c714c2e96491fcd\",\"name\":\"Comunica\u00e7\u00e3o PSOL\",\"image\":{\"@type\":\"ImageObject\",\"inLanguage\":\"pt-BR\",\"@id\":\"https:\/\/psol50.org.br\/#\/schema\/person\/image\/\",\"url\":\"https:\/\/secure.gravatar.com\/avatar\/b34fc4f4e468a4e51785917065a3db57b841f5c95dba6ad8c73aaf8f66f8f9bf?s=96&d=mm&r=g\",\"contentUrl\":\"https:\/\/secure.gravatar.com\/avatar\/b34fc4f4e468a4e51785917065a3db57b841f5c95dba6ad8c73aaf8f66f8f9bf?s=96&d=mm&r=g\",\"caption\":\"Comunica\u00e7\u00e3o PSOL\"}}]}<\/script>\n<!-- \/ Yoast SEO plugin. -->","yoast_head_json":{"title":"Angela Davis em Salvador: nossas vidas importam - PSOL 50","robots":{"index":"index","follow":"follow","max-snippet":"max-snippet:-1","max-image-preview":"max-image-preview:large","max-video-preview":"max-video-preview:-1"},"canonical":"https:\/\/psol50.org.br\/angela-davis-em-salvador-nossas-vidas-importam\/","og_locale":"pt_BR","og_type":"article","og_title":"Angela Davis em Salvador: nossas vidas importam - PSOL 50","og_description":"*Por Carolina Lazameth, do Setorial Nacional de Mulheres do PSOL Que a emo\u00e7\u00e3o que tomou conta desse 25 de julho esteja enraizada nas nossas lutas para que n\u00e3o nos falte for\u00e7a e esperan\u00e7a para seguir em frente. Angela Davis \u00e9 uma das principais refer\u00eancias no enfrentamento antirracista e do pensamento cr\u00edtico feminista na atualidade e [&hellip;]","og_url":"https:\/\/psol50.org.br\/angela-davis-em-salvador-nossas-vidas-importam\/","og_site_name":"PSOL 50","article_publisher":"https:\/\/www.facebook.com\/psol50","article_published_time":"2017-07-26T17:04:52+00:00","og_image":[{"width":1350,"height":900,"url":"https:\/\/psol50.org.br\/inc\/uploads\/2018\/07\/capa.png","type":"image\/png"}],"author":"Comunica\u00e7\u00e3o PSOL","twitter_card":"summary_large_image","twitter_creator":"@psol50","twitter_site":"@psol50","twitter_misc":{"Escrito por":"Comunica\u00e7\u00e3o PSOL","Est. tempo de leitura":"3 minutos"},"schema":{"@context":"https:\/\/schema.org","@graph":[{"@type":"Article","@id":"https:\/\/psol50.org.br\/angela-davis-em-salvador-nossas-vidas-importam\/#article","isPartOf":{"@id":"https:\/\/psol50.org.br\/angela-davis-em-salvador-nossas-vidas-importam\/"},"author":{"name":"Comunica\u00e7\u00e3o PSOL","@id":"https:\/\/psol50.org.br\/#\/schema\/person\/475dfa57d0b815993c714c2e96491fcd"},"headline":"Angela Davis em Salvador: nossas vidas importam","datePublished":"2017-07-26T17:04:52+00:00","mainEntityOfPage":{"@id":"https:\/\/psol50.org.br\/angela-davis-em-salvador-nossas-vidas-importam\/"},"wordCount":636,"commentCount":0,"publisher":{"@id":"https:\/\/psol50.org.br\/#organization"},"image":{"@id":"https:\/\/psol50.org.br\/angela-davis-em-salvador-nossas-vidas-importam\/#primaryimage"},"thumbnailUrl":"","keywords":["\u00c2ngela Davis","Bahia","Carolina Lazameth","feminismo","mulheres","Nunah Alle","Salvador","Setorial Nacional de Mulheres do PSOL"],"articleSection":["Brasil","Internacional","Movimento","Not\u00edcias"],"inLanguage":"pt-BR","potentialAction":[{"@type":"CommentAction","name":"Comment","target":["https:\/\/psol50.org.br\/angela-davis-em-salvador-nossas-vidas-importam\/#respond"]}]},{"@type":"WebPage","@id":"https:\/\/psol50.org.br\/angela-davis-em-salvador-nossas-vidas-importam\/","url":"https:\/\/psol50.org.br\/angela-davis-em-salvador-nossas-vidas-importam\/","name":"Angela Davis em Salvador: nossas vidas importam - PSOL 50","isPartOf":{"@id":"https:\/\/psol50.org.br\/#website"},"primaryImageOfPage":{"@id":"https:\/\/psol50.org.br\/angela-davis-em-salvador-nossas-vidas-importam\/#primaryimage"},"image":{"@id":"https:\/\/psol50.org.br\/angela-davis-em-salvador-nossas-vidas-importam\/#primaryimage"},"thumbnailUrl":"","datePublished":"2017-07-26T17:04:52+00:00","breadcrumb":{"@id":"https:\/\/psol50.org.br\/angela-davis-em-salvador-nossas-vidas-importam\/#breadcrumb"},"inLanguage":"pt-BR","potentialAction":[{"@type":"ReadAction","target":["https:\/\/psol50.org.br\/angela-davis-em-salvador-nossas-vidas-importam\/"]}]},{"@type":"ImageObject","inLanguage":"pt-BR","@id":"https:\/\/psol50.org.br\/angela-davis-em-salvador-nossas-vidas-importam\/#primaryimage","url":"","contentUrl":""},{"@type":"BreadcrumbList","@id":"https:\/\/psol50.org.br\/angela-davis-em-salvador-nossas-vidas-importam\/#breadcrumb","itemListElement":[{"@type":"ListItem","position":1,"name":"In\u00edcio","item":"https:\/\/psol50.org.br\/"},{"@type":"ListItem","position":2,"name":"Angela Davis em Salvador: nossas vidas importam"}]},{"@type":"WebSite","@id":"https:\/\/psol50.org.br\/#website","url":"https:\/\/psol50.org.br\/","name":"PSOL 50","description":"Site oficial do Partido Socialismo e Liberdade","publisher":{"@id":"https:\/\/psol50.org.br\/#organization"},"alternateName":"PSOL50","potentialAction":[{"@type":"SearchAction","target":{"@type":"EntryPoint","urlTemplate":"https:\/\/psol50.org.br\/?s={search_term_string}"},"query-input":{"@type":"PropertyValueSpecification","valueRequired":true,"valueName":"search_term_string"}}],"inLanguage":"pt-BR"},{"@type":"Organization","@id":"https:\/\/psol50.org.br\/#organization","name":"PSOL 50","alternateName":"PSOL 50","url":"https:\/\/psol50.org.br\/","logo":{"@type":"ImageObject","inLanguage":"pt-BR","@id":"https:\/\/psol50.org.br\/#\/schema\/logo\/image\/","url":"https:\/\/psol50.org.br\/inc\/uploads\/2018\/07\/capa.png","contentUrl":"https:\/\/psol50.org.br\/inc\/uploads\/2018\/07\/capa.png","width":1350,"height":900,"caption":"PSOL 50"},"image":{"@id":"https:\/\/psol50.org.br\/#\/schema\/logo\/image\/"},"sameAs":["https:\/\/www.facebook.com\/psol50","https:\/\/x.com\/psol50","https:\/\/www.instagram.com\/psol50\/","https:\/\/www.youtube.com\/channel\/UC7SnJS5o1os7a6CaiNabzcg"]},{"@type":"Person","@id":"https:\/\/psol50.org.br\/#\/schema\/person\/475dfa57d0b815993c714c2e96491fcd","name":"Comunica\u00e7\u00e3o PSOL","image":{"@type":"ImageObject","inLanguage":"pt-BR","@id":"https:\/\/psol50.org.br\/#\/schema\/person\/image\/","url":"https:\/\/secure.gravatar.com\/avatar\/b34fc4f4e468a4e51785917065a3db57b841f5c95dba6ad8c73aaf8f66f8f9bf?s=96&d=mm&r=g","contentUrl":"https:\/\/secure.gravatar.com\/avatar\/b34fc4f4e468a4e51785917065a3db57b841f5c95dba6ad8c73aaf8f66f8f9bf?s=96&d=mm&r=g","caption":"Comunica\u00e7\u00e3o PSOL"}}]}},"_links":{"self":[{"href":"https:\/\/psol50.org.br\/rest\/wp\/v2\/posts\/17287","targetHints":{"allow":["GET"]}}],"collection":[{"href":"https:\/\/psol50.org.br\/rest\/wp\/v2\/posts"}],"about":[{"href":"https:\/\/psol50.org.br\/rest\/wp\/v2\/types\/post"}],"author":[{"embeddable":true,"href":"https:\/\/psol50.org.br\/rest\/wp\/v2\/users\/2"}],"replies":[{"embeddable":true,"href":"https:\/\/psol50.org.br\/rest\/wp\/v2\/comments?post=17287"}],"version-history":[{"count":0,"href":"https:\/\/psol50.org.br\/rest\/wp\/v2\/posts\/17287\/revisions"}],"wp:featuredmedia":[{"embeddable":true,"href":"https:\/\/psol50.org.br\/rest\/"}],"wp:attachment":[{"href":"https:\/\/psol50.org.br\/rest\/wp\/v2\/media?parent=17287"}],"wp:term":[{"taxonomy":"category","embeddable":true,"href":"https:\/\/psol50.org.br\/rest\/wp\/v2\/categories?post=17287"},{"taxonomy":"post_tag","embeddable":true,"href":"https:\/\/psol50.org.br\/rest\/wp\/v2\/tags?post=17287"}],"curies":[{"name":"wp","href":"https:\/\/api.w.org\/{rel}","templated":true}]}}