{"id":1729,"date":"2012-02-29T00:00:00","date_gmt":"2012-02-29T00:00:00","guid":{"rendered":"http:\/\/psol50.org.br\/arquivo\/2012\/02\/29\/sp-carlos-giannazi-faz-critica-ao-governo-pelo-descumprimento-da-lei-sobre-a-jornada\/"},"modified":"2012-02-29T00:00:00","modified_gmt":"2012-02-29T00:00:00","slug":"sp-carlos-giannazi-faz-critica-ao-governo-pelo-descumprimento-da-lei-sobre-a-jornada","status":"publish","type":"post","link":"https:\/\/psol50.org.br\/sp-carlos-giannazi-faz-critica-ao-governo-pelo-descumprimento-da-lei-sobre-a-jornada\/","title":{"rendered":"SP: Carlos Giannazi faz cr\u00edtica ao governo pelo descumprimento da lei sobre a jornada"},"content":{"rendered":"<p style=\"text-align: justify\"><a href=\"http:\/\/psol50.org.br\/blog\/2012\/02\/29\/sp-carlos-giannazi-faz-critica-ao-governo-pelo-descumprimento-da-lei-sobre-a-jornada\/carlos-giannazi\/\" rel=\"attachment wp-att-13941\"><img loading=\"lazy\" decoding=\"async\" class=\"alignleft size-medium wp-image-13941\" src=\"http:\/\/psol50.org.br\/files\/2012\/02\/Carlos-Giannazi-300x225.jpg\" alt=\"\" width=\"300\" height=\"225\" \/><\/a>Diante do desrespeito demonstrado pelo governo Alckmin pelo n\u00e3o cumprimento da Lei Federal 11738\/2008, que garante 33% (um ter\u00e7o) da jornada de trabalho dos professores em hora-aula extraclasse, sem alunos, para que estes possam preparar aulas e avalia\u00e7\u00f5es, corrigir provas, pesquisar e fazer leituras etc, o professor e deputado Carlos Giannazi apresentou um projeto de lei na ALESP no dia 07 de fevereiro que disp\u00f5e sobre a carga hor\u00e1ria dos docentes na rede estadual de ensino, o que na pr\u00e1tica obriga o governo estadual a implantar a jornada pedag\u00f3gica em S\u00e3o Paulo.<\/p>\n<p>\u201cAo lutarmos pela aprova\u00e7\u00e3o desta lei estaremos evitando que a Secretaria de Educa\u00e7\u00e3o fa\u00e7a manobras aritm\u00e9ticas (a Resolu\u00e7\u00e3o SEE 8\/2012, adotando o crit\u00e9rio de hora-rel\u00f3gio, acrescenta apenas uma aula a mais fora da sala ao professor, quando o correto seriam sete) para descumprir a legisla\u00e7\u00e3o federal\u201d, argumenta Giannazi. O parlamentar prop\u00f5e, entre outros artigos, que a composi\u00e7\u00e3o da jornada docente observar\u00e1 o disposto na LF estabelecendo-se 2\/3 (dois ter\u00e7os) da jornada com alunos e 1\/3 (um ter\u00e7o) dela sem alunos e em pr\u00e1ticas pedag\u00f3gicas, coletivas ou individuais, at\u00e9 o limite de 40 horas-aula por semana, e ainda determina a dura\u00e7\u00e3o da hora-aula em 45 minutos. \u201cEssa Resolu\u00e7\u00e3o da pasta da Educa\u00e7\u00e3o representa um golpe contra o magist\u00e9rio e a Educa\u00e7\u00e3o P\u00fablica do nosso estado. \u00c9 uma forma rasteira e imoral e dar continuidade a uma pol\u00edtica de desvaloriza\u00e7\u00e3o dos professores, que precisam de mais tempo para a prepara\u00e7\u00e3o de suas aulas\u201d, complementou.<\/p>\n<p>Esta n\u00e3o \u00e9 uma iniciativa isolada do mandato para garantir o cumprimento da lei federal. Giannazi j\u00e1 acionou o Minist\u00e9rio P\u00fablico Estadual para que lei seja cumprida no estado, pediu a convoca\u00e7\u00e3o do secret\u00e1rio de Educa\u00e7\u00e3o na Comiss\u00e3o de Educa\u00e7\u00e3o e Cultura \u2014 da qual \u00e9 membro titular desde o primeiro mandato \u2014 e tem feito constantemente pronunciamentos pela tribuna da Assembleia Legislativa e TV ALESP denunciando a afronta que o governo vem promovendo contra os professores e a jornada docente.<\/p>\n","protected":false},"excerpt":{"rendered":"<p>Diante do desrespeito demonstrado pelo governo Alckmin pelo n\u00e3o cumprimento da Lei Federal 11738\/2008, que garante 33% (um ter\u00e7o) da jornada de trabalho dos professores em hora-aula extraclasse, sem alunos, para que estes possam preparar aulas e avalia\u00e7\u00f5es, corrigir provas, pesquisar e fazer leituras etc, o professor e deputado Carlos Giannazi apresentou um projeto de [&hellip;]<\/p>\n","protected":false},"author":2,"featured_media":0,"comment_status":"open","ping_status":"open","sticky":false,"template":"","format":"standard","meta":{"_acf_changed":false,"footnotes":""},"categories":[4766],"tags":[],"class_list":{"0":"post-1729","1":"post","2":"type-post","3":"status-publish","4":"format-standard","6":"category-arquivo"},"acf":[],"yoast_head":"<!-- This site is optimized with the Yoast SEO plugin v26.5 - https:\/\/yoast.com\/wordpress\/plugins\/seo\/ -->\n<title>SP: Carlos Giannazi faz cr\u00edtica ao governo pelo descumprimento da lei sobre a jornada - PSOL 50<\/title>\n<meta name=\"robots\" content=\"index, follow, max-snippet:-1, max-image-preview:large, max-video-preview:-1\" \/>\n<link rel=\"canonical\" href=\"https:\/\/psol50.org.br\/sp-carlos-giannazi-faz-critica-ao-governo-pelo-descumprimento-da-lei-sobre-a-jornada\/\" \/>\n<meta property=\"og:locale\" content=\"pt_BR\" \/>\n<meta property=\"og:type\" content=\"article\" \/>\n<meta property=\"og:title\" content=\"SP: Carlos Giannazi faz cr\u00edtica ao governo pelo descumprimento da lei sobre a jornada - PSOL 50\" \/>\n<meta property=\"og:description\" content=\"Diante do desrespeito demonstrado pelo governo Alckmin pelo n\u00e3o cumprimento da Lei Federal 11738\/2008, que garante 33% (um ter\u00e7o) da jornada de trabalho dos professores em hora-aula extraclasse, sem alunos, para que estes possam preparar aulas e avalia\u00e7\u00f5es, corrigir provas, pesquisar e fazer leituras etc, o professor e deputado Carlos Giannazi apresentou um projeto de [&hellip;]\" \/>\n<meta property=\"og:url\" content=\"https:\/\/psol50.org.br\/sp-carlos-giannazi-faz-critica-ao-governo-pelo-descumprimento-da-lei-sobre-a-jornada\/\" \/>\n<meta property=\"og:site_name\" content=\"PSOL 50\" \/>\n<meta property=\"article:publisher\" content=\"https:\/\/www.facebook.com\/psol50\" \/>\n<meta property=\"article:published_time\" content=\"2012-02-29T00:00:00+00:00\" \/>\n<meta property=\"og:image\" content=\"http:\/\/psol50.org.br\/files\/2012\/02\/Carlos-Giannazi-300x225.jpg\" \/>\n<meta name=\"author\" content=\"Comunica\u00e7\u00e3o PSOL\" \/>\n<meta name=\"twitter:card\" content=\"summary_large_image\" \/>\n<meta name=\"twitter:creator\" content=\"@psol50\" \/>\n<meta name=\"twitter:site\" content=\"@psol50\" \/>\n<meta name=\"twitter:label1\" content=\"Escrito por\" \/>\n\t<meta name=\"twitter:data1\" content=\"Comunica\u00e7\u00e3o PSOL\" \/>\n\t<meta name=\"twitter:label2\" content=\"Est. tempo de leitura\" \/>\n\t<meta name=\"twitter:data2\" content=\"2 minutos\" \/>\n<script type=\"application\/ld+json\" class=\"yoast-schema-graph\">{\"@context\":\"https:\/\/schema.org\",\"@graph\":[{\"@type\":\"Article\",\"@id\":\"https:\/\/psol50.org.br\/sp-carlos-giannazi-faz-critica-ao-governo-pelo-descumprimento-da-lei-sobre-a-jornada\/#article\",\"isPartOf\":{\"@id\":\"https:\/\/psol50.org.br\/sp-carlos-giannazi-faz-critica-ao-governo-pelo-descumprimento-da-lei-sobre-a-jornada\/\"},\"author\":{\"name\":\"Comunica\u00e7\u00e3o PSOL\",\"@id\":\"https:\/\/psol50.org.br\/#\/schema\/person\/475dfa57d0b815993c714c2e96491fcd\"},\"headline\":\"SP: Carlos Giannazi faz cr\u00edtica ao governo pelo descumprimento da lei sobre a jornada\",\"datePublished\":\"2012-02-29T00:00:00+00:00\",\"mainEntityOfPage\":{\"@id\":\"https:\/\/psol50.org.br\/sp-carlos-giannazi-faz-critica-ao-governo-pelo-descumprimento-da-lei-sobre-a-jornada\/\"},\"wordCount\":366,\"commentCount\":0,\"publisher\":{\"@id\":\"https:\/\/psol50.org.br\/#organization\"},\"image\":{\"@id\":\"https:\/\/psol50.org.br\/sp-carlos-giannazi-faz-critica-ao-governo-pelo-descumprimento-da-lei-sobre-a-jornada\/#primaryimage\"},\"thumbnailUrl\":\"http:\/\/psol50.org.br\/files\/2012\/02\/Carlos-Giannazi-300x225.jpg\",\"articleSection\":[\"Arquivo\"],\"inLanguage\":\"pt-BR\",\"potentialAction\":[{\"@type\":\"CommentAction\",\"name\":\"Comment\",\"target\":[\"https:\/\/psol50.org.br\/sp-carlos-giannazi-faz-critica-ao-governo-pelo-descumprimento-da-lei-sobre-a-jornada\/#respond\"]}]},{\"@type\":\"WebPage\",\"@id\":\"https:\/\/psol50.org.br\/sp-carlos-giannazi-faz-critica-ao-governo-pelo-descumprimento-da-lei-sobre-a-jornada\/\",\"url\":\"https:\/\/psol50.org.br\/sp-carlos-giannazi-faz-critica-ao-governo-pelo-descumprimento-da-lei-sobre-a-jornada\/\",\"name\":\"SP: Carlos Giannazi faz cr\u00edtica ao governo pelo descumprimento da lei sobre a jornada - PSOL 50\",\"isPartOf\":{\"@id\":\"https:\/\/psol50.org.br\/#website\"},\"primaryImageOfPage\":{\"@id\":\"https:\/\/psol50.org.br\/sp-carlos-giannazi-faz-critica-ao-governo-pelo-descumprimento-da-lei-sobre-a-jornada\/#primaryimage\"},\"image\":{\"@id\":\"https:\/\/psol50.org.br\/sp-carlos-giannazi-faz-critica-ao-governo-pelo-descumprimento-da-lei-sobre-a-jornada\/#primaryimage\"},\"thumbnailUrl\":\"http:\/\/psol50.org.br\/files\/2012\/02\/Carlos-Giannazi-300x225.jpg\",\"datePublished\":\"2012-02-29T00:00:00+00:00\",\"breadcrumb\":{\"@id\":\"https:\/\/psol50.org.br\/sp-carlos-giannazi-faz-critica-ao-governo-pelo-descumprimento-da-lei-sobre-a-jornada\/#breadcrumb\"},\"inLanguage\":\"pt-BR\",\"potentialAction\":[{\"@type\":\"ReadAction\",\"target\":[\"https:\/\/psol50.org.br\/sp-carlos-giannazi-faz-critica-ao-governo-pelo-descumprimento-da-lei-sobre-a-jornada\/\"]}]},{\"@type\":\"ImageObject\",\"inLanguage\":\"pt-BR\",\"@id\":\"https:\/\/psol50.org.br\/sp-carlos-giannazi-faz-critica-ao-governo-pelo-descumprimento-da-lei-sobre-a-jornada\/#primaryimage\",\"url\":\"http:\/\/psol50.org.br\/files\/2012\/02\/Carlos-Giannazi-300x225.jpg\",\"contentUrl\":\"http:\/\/psol50.org.br\/files\/2012\/02\/Carlos-Giannazi-300x225.jpg\"},{\"@type\":\"BreadcrumbList\",\"@id\":\"https:\/\/psol50.org.br\/sp-carlos-giannazi-faz-critica-ao-governo-pelo-descumprimento-da-lei-sobre-a-jornada\/#breadcrumb\",\"itemListElement\":[{\"@type\":\"ListItem\",\"position\":1,\"name\":\"In\u00edcio\",\"item\":\"https:\/\/psol50.org.br\/\"},{\"@type\":\"ListItem\",\"position\":2,\"name\":\"SP: Carlos Giannazi faz cr\u00edtica ao governo pelo descumprimento da lei sobre a jornada\"}]},{\"@type\":\"WebSite\",\"@id\":\"https:\/\/psol50.org.br\/#website\",\"url\":\"https:\/\/psol50.org.br\/\",\"name\":\"PSOL 50\",\"description\":\"Site oficial do Partido Socialismo e Liberdade\",\"publisher\":{\"@id\":\"https:\/\/psol50.org.br\/#organization\"},\"alternateName\":\"PSOL50\",\"potentialAction\":[{\"@type\":\"SearchAction\",\"target\":{\"@type\":\"EntryPoint\",\"urlTemplate\":\"https:\/\/psol50.org.br\/?s={search_term_string}\"},\"query-input\":{\"@type\":\"PropertyValueSpecification\",\"valueRequired\":true,\"valueName\":\"search_term_string\"}}],\"inLanguage\":\"pt-BR\"},{\"@type\":\"Organization\",\"@id\":\"https:\/\/psol50.org.br\/#organization\",\"name\":\"PSOL 50\",\"alternateName\":\"PSOL 50\",\"url\":\"https:\/\/psol50.org.br\/\",\"logo\":{\"@type\":\"ImageObject\",\"inLanguage\":\"pt-BR\",\"@id\":\"https:\/\/psol50.org.br\/#\/schema\/logo\/image\/\",\"url\":\"https:\/\/psol50.org.br\/inc\/uploads\/2018\/07\/capa.png\",\"contentUrl\":\"https:\/\/psol50.org.br\/inc\/uploads\/2018\/07\/capa.png\",\"width\":1350,\"height\":900,\"caption\":\"PSOL 50\"},\"image\":{\"@id\":\"https:\/\/psol50.org.br\/#\/schema\/logo\/image\/\"},\"sameAs\":[\"https:\/\/www.facebook.com\/psol50\",\"https:\/\/x.com\/psol50\",\"https:\/\/www.instagram.com\/psol50\/\",\"https:\/\/www.youtube.com\/channel\/UC7SnJS5o1os7a6CaiNabzcg\"]},{\"@type\":\"Person\",\"@id\":\"https:\/\/psol50.org.br\/#\/schema\/person\/475dfa57d0b815993c714c2e96491fcd\",\"name\":\"Comunica\u00e7\u00e3o PSOL\",\"image\":{\"@type\":\"ImageObject\",\"inLanguage\":\"pt-BR\",\"@id\":\"https:\/\/psol50.org.br\/#\/schema\/person\/image\/\",\"url\":\"https:\/\/secure.gravatar.com\/avatar\/b34fc4f4e468a4e51785917065a3db57b841f5c95dba6ad8c73aaf8f66f8f9bf?s=96&d=mm&r=g\",\"contentUrl\":\"https:\/\/secure.gravatar.com\/avatar\/b34fc4f4e468a4e51785917065a3db57b841f5c95dba6ad8c73aaf8f66f8f9bf?s=96&d=mm&r=g\",\"caption\":\"Comunica\u00e7\u00e3o PSOL\"}}]}<\/script>\n<!-- \/ Yoast SEO plugin. -->","yoast_head_json":{"title":"SP: Carlos Giannazi faz cr\u00edtica ao governo pelo descumprimento da lei sobre a jornada - PSOL 50","robots":{"index":"index","follow":"follow","max-snippet":"max-snippet:-1","max-image-preview":"max-image-preview:large","max-video-preview":"max-video-preview:-1"},"canonical":"https:\/\/psol50.org.br\/sp-carlos-giannazi-faz-critica-ao-governo-pelo-descumprimento-da-lei-sobre-a-jornada\/","og_locale":"pt_BR","og_type":"article","og_title":"SP: Carlos Giannazi faz cr\u00edtica ao governo pelo descumprimento da lei sobre a jornada - PSOL 50","og_description":"Diante do desrespeito demonstrado pelo governo Alckmin pelo n\u00e3o cumprimento da Lei Federal 11738\/2008, que garante 33% (um ter\u00e7o) da jornada de trabalho dos professores em hora-aula extraclasse, sem alunos, para que estes possam preparar aulas e avalia\u00e7\u00f5es, corrigir provas, pesquisar e fazer leituras etc, o professor e deputado Carlos Giannazi apresentou um projeto de [&hellip;]","og_url":"https:\/\/psol50.org.br\/sp-carlos-giannazi-faz-critica-ao-governo-pelo-descumprimento-da-lei-sobre-a-jornada\/","og_site_name":"PSOL 50","article_publisher":"https:\/\/www.facebook.com\/psol50","article_published_time":"2012-02-29T00:00:00+00:00","og_image":[{"url":"http:\/\/psol50.org.br\/files\/2012\/02\/Carlos-Giannazi-300x225.jpg","type":"","width":"","height":""}],"author":"Comunica\u00e7\u00e3o PSOL","twitter_card":"summary_large_image","twitter_creator":"@psol50","twitter_site":"@psol50","twitter_misc":{"Escrito por":"Comunica\u00e7\u00e3o PSOL","Est. tempo de leitura":"2 minutos"},"schema":{"@context":"https:\/\/schema.org","@graph":[{"@type":"Article","@id":"https:\/\/psol50.org.br\/sp-carlos-giannazi-faz-critica-ao-governo-pelo-descumprimento-da-lei-sobre-a-jornada\/#article","isPartOf":{"@id":"https:\/\/psol50.org.br\/sp-carlos-giannazi-faz-critica-ao-governo-pelo-descumprimento-da-lei-sobre-a-jornada\/"},"author":{"name":"Comunica\u00e7\u00e3o PSOL","@id":"https:\/\/psol50.org.br\/#\/schema\/person\/475dfa57d0b815993c714c2e96491fcd"},"headline":"SP: Carlos Giannazi faz cr\u00edtica ao governo pelo descumprimento da lei sobre a jornada","datePublished":"2012-02-29T00:00:00+00:00","mainEntityOfPage":{"@id":"https:\/\/psol50.org.br\/sp-carlos-giannazi-faz-critica-ao-governo-pelo-descumprimento-da-lei-sobre-a-jornada\/"},"wordCount":366,"commentCount":0,"publisher":{"@id":"https:\/\/psol50.org.br\/#organization"},"image":{"@id":"https:\/\/psol50.org.br\/sp-carlos-giannazi-faz-critica-ao-governo-pelo-descumprimento-da-lei-sobre-a-jornada\/#primaryimage"},"thumbnailUrl":"http:\/\/psol50.org.br\/files\/2012\/02\/Carlos-Giannazi-300x225.jpg","articleSection":["Arquivo"],"inLanguage":"pt-BR","potentialAction":[{"@type":"CommentAction","name":"Comment","target":["https:\/\/psol50.org.br\/sp-carlos-giannazi-faz-critica-ao-governo-pelo-descumprimento-da-lei-sobre-a-jornada\/#respond"]}]},{"@type":"WebPage","@id":"https:\/\/psol50.org.br\/sp-carlos-giannazi-faz-critica-ao-governo-pelo-descumprimento-da-lei-sobre-a-jornada\/","url":"https:\/\/psol50.org.br\/sp-carlos-giannazi-faz-critica-ao-governo-pelo-descumprimento-da-lei-sobre-a-jornada\/","name":"SP: Carlos Giannazi faz cr\u00edtica ao governo pelo descumprimento da lei sobre a jornada - PSOL 50","isPartOf":{"@id":"https:\/\/psol50.org.br\/#website"},"primaryImageOfPage":{"@id":"https:\/\/psol50.org.br\/sp-carlos-giannazi-faz-critica-ao-governo-pelo-descumprimento-da-lei-sobre-a-jornada\/#primaryimage"},"image":{"@id":"https:\/\/psol50.org.br\/sp-carlos-giannazi-faz-critica-ao-governo-pelo-descumprimento-da-lei-sobre-a-jornada\/#primaryimage"},"thumbnailUrl":"http:\/\/psol50.org.br\/files\/2012\/02\/Carlos-Giannazi-300x225.jpg","datePublished":"2012-02-29T00:00:00+00:00","breadcrumb":{"@id":"https:\/\/psol50.org.br\/sp-carlos-giannazi-faz-critica-ao-governo-pelo-descumprimento-da-lei-sobre-a-jornada\/#breadcrumb"},"inLanguage":"pt-BR","potentialAction":[{"@type":"ReadAction","target":["https:\/\/psol50.org.br\/sp-carlos-giannazi-faz-critica-ao-governo-pelo-descumprimento-da-lei-sobre-a-jornada\/"]}]},{"@type":"ImageObject","inLanguage":"pt-BR","@id":"https:\/\/psol50.org.br\/sp-carlos-giannazi-faz-critica-ao-governo-pelo-descumprimento-da-lei-sobre-a-jornada\/#primaryimage","url":"http:\/\/psol50.org.br\/files\/2012\/02\/Carlos-Giannazi-300x225.jpg","contentUrl":"http:\/\/psol50.org.br\/files\/2012\/02\/Carlos-Giannazi-300x225.jpg"},{"@type":"BreadcrumbList","@id":"https:\/\/psol50.org.br\/sp-carlos-giannazi-faz-critica-ao-governo-pelo-descumprimento-da-lei-sobre-a-jornada\/#breadcrumb","itemListElement":[{"@type":"ListItem","position":1,"name":"In\u00edcio","item":"https:\/\/psol50.org.br\/"},{"@type":"ListItem","position":2,"name":"SP: Carlos Giannazi faz cr\u00edtica ao governo pelo descumprimento da lei sobre a jornada"}]},{"@type":"WebSite","@id":"https:\/\/psol50.org.br\/#website","url":"https:\/\/psol50.org.br\/","name":"PSOL 50","description":"Site oficial do Partido Socialismo e Liberdade","publisher":{"@id":"https:\/\/psol50.org.br\/#organization"},"alternateName":"PSOL50","potentialAction":[{"@type":"SearchAction","target":{"@type":"EntryPoint","urlTemplate":"https:\/\/psol50.org.br\/?s={search_term_string}"},"query-input":{"@type":"PropertyValueSpecification","valueRequired":true,"valueName":"search_term_string"}}],"inLanguage":"pt-BR"},{"@type":"Organization","@id":"https:\/\/psol50.org.br\/#organization","name":"PSOL 50","alternateName":"PSOL 50","url":"https:\/\/psol50.org.br\/","logo":{"@type":"ImageObject","inLanguage":"pt-BR","@id":"https:\/\/psol50.org.br\/#\/schema\/logo\/image\/","url":"https:\/\/psol50.org.br\/inc\/uploads\/2018\/07\/capa.png","contentUrl":"https:\/\/psol50.org.br\/inc\/uploads\/2018\/07\/capa.png","width":1350,"height":900,"caption":"PSOL 50"},"image":{"@id":"https:\/\/psol50.org.br\/#\/schema\/logo\/image\/"},"sameAs":["https:\/\/www.facebook.com\/psol50","https:\/\/x.com\/psol50","https:\/\/www.instagram.com\/psol50\/","https:\/\/www.youtube.com\/channel\/UC7SnJS5o1os7a6CaiNabzcg"]},{"@type":"Person","@id":"https:\/\/psol50.org.br\/#\/schema\/person\/475dfa57d0b815993c714c2e96491fcd","name":"Comunica\u00e7\u00e3o PSOL","image":{"@type":"ImageObject","inLanguage":"pt-BR","@id":"https:\/\/psol50.org.br\/#\/schema\/person\/image\/","url":"https:\/\/secure.gravatar.com\/avatar\/b34fc4f4e468a4e51785917065a3db57b841f5c95dba6ad8c73aaf8f66f8f9bf?s=96&d=mm&r=g","contentUrl":"https:\/\/secure.gravatar.com\/avatar\/b34fc4f4e468a4e51785917065a3db57b841f5c95dba6ad8c73aaf8f66f8f9bf?s=96&d=mm&r=g","caption":"Comunica\u00e7\u00e3o PSOL"}}]}},"_links":{"self":[{"href":"https:\/\/psol50.org.br\/rest\/wp\/v2\/posts\/1729","targetHints":{"allow":["GET"]}}],"collection":[{"href":"https:\/\/psol50.org.br\/rest\/wp\/v2\/posts"}],"about":[{"href":"https:\/\/psol50.org.br\/rest\/wp\/v2\/types\/post"}],"author":[{"embeddable":true,"href":"https:\/\/psol50.org.br\/rest\/wp\/v2\/users\/2"}],"replies":[{"embeddable":true,"href":"https:\/\/psol50.org.br\/rest\/wp\/v2\/comments?post=1729"}],"version-history":[{"count":0,"href":"https:\/\/psol50.org.br\/rest\/wp\/v2\/posts\/1729\/revisions"}],"wp:attachment":[{"href":"https:\/\/psol50.org.br\/rest\/wp\/v2\/media?parent=1729"}],"wp:term":[{"taxonomy":"category","embeddable":true,"href":"https:\/\/psol50.org.br\/rest\/wp\/v2\/categories?post=1729"},{"taxonomy":"post_tag","embeddable":true,"href":"https:\/\/psol50.org.br\/rest\/wp\/v2\/tags?post=1729"}],"curies":[{"name":"wp","href":"https:\/\/api.w.org\/{rel}","templated":true}]}}