{"id":17294,"date":"2017-06-01T13:01:07","date_gmt":"2017-06-01T13:01:07","guid":{"rendered":"http:\/\/www.psol50.org.br\/?p=16813"},"modified":"2017-06-01T13:01:07","modified_gmt":"2017-06-01T13:01:07","slug":"edmilson-rodrigues-quer-que-a-policia-federal-apure-a-chacina-de-pau-darco","status":"publish","type":"post","link":"https:\/\/psol50.org.br\/edmilson-rodrigues-quer-que-a-policia-federal-apure-a-chacina-de-pau-darco\/","title":{"rendered":"Edmilson Rodrigues quer que a Pol\u00edcia Federal apure a chacina de Pau D&#8217;Arco"},"content":{"rendered":"<p>O deputado federal Edmilson Rodrigues (PSOL\/PA) enviou of\u00edcio nesta quarta-feira (31\/5), ao Minist\u00e9rio da Justi\u00e7a e ao Minist\u00e9rio P\u00fablico Federal, solicitando que a Pol\u00edcia Federal investigue o assassinato de dez posseiros em Pau D&#8217;Arco, no Par\u00e1, no \u00faltimo dia 24\u00a0de maio. &#8220;Todos os sinais levam a crer que os policiais cometeram uma chacina alegando que estavam l\u00e1 para cumprir ordem de pris\u00e3o por conta do movimento social que ocupa uma terra possivelmente grilada, a Fazenda Santa L\u00facia&#8221;, disse. Ele comparou a trag\u00e9dia ao Massacre de Eldorado, ocorrido h\u00e1 21 anos em Eldorado dos Caraj\u00e1s, tamb\u00e9m no Par\u00e1, e defendeu a apura\u00e7\u00e3o rigorosa.<\/p>\n<p>Em plen\u00e1rio, Edmilson avaliou que a Seguran\u00e7a P\u00fablica do Estado do Par\u00e1 (Segup) n\u00e3o det\u00e9m a isonomia necess\u00e1ria para conduzir a investiga\u00e7\u00e3o do caso, pelo fato dos corpos terem sido removidos antes da realiza\u00e7\u00e3o da per\u00edcia criminal no local da chacina, alterando o local da ocorr\u00eancia. Ele questiona, ainda, que a primeira vers\u00e3o divulgada pelo Estado, logo que a not\u00edcia veio \u00e0 tona, foi de que as v\u00edtimas foram mortas porque atiraram contra os 21 policiais militares e 8 policiais civis que tinham ido at\u00e9 o acampamento cumprir ordens de pris\u00e3o contra 13 posseiros.<\/p>\n<p>A vers\u00e3o de confronto vem sendo questionada pelo MPF e pela Comiss\u00e3o de Direitos Humanos da Assembleia Legislativa do Par\u00e1, que, ap\u00f3s colher depoimentos em Pau D&#8217;Arco, divulgaram que pelo menos uma v\u00edtima foi morta com dois tiros \u00e0 queima-roupa no cora\u00e7\u00e3o, enquanto outras foram baleadas pelas costas. Al\u00e9m disso, os depoimentos de dois sobreviventes afirmam que os policiais chegaram atirando e que os acampados n\u00e3o tiveram tempo de pegar em armas, mas correram para a mata fechada na tentativa de se salvar.<\/p>\n<p>&#8220;Afirmo de maneira clara minha repulsa diante do que se revela, por todos os ind\u00edcios at\u00e9 agora trazidos \u00e0 luz, como um crime b\u00e1rbaro, onde for\u00e7as policiais teriam sido utilizadas como verdadeiro instrumento de vingan\u00e7a privada e de execu\u00e7\u00f5es extrajudiciais. N\u00e3o se trata de realizar pr\u00e9-julgamento ou condenar sumariamente os policiais militares e civis que participaram da malfadada opera\u00e7\u00e3o. Esses servidores devem ter seu direito a ampla defesa rigorosamente assegurado. Exatamente este direito que foi criminosamente negado \u00e0s v\u00edtimas, cujo assassinato teria sido executado, segundo relato de sobreviventes, com requintes de crueldade e covardia&#8221;, comentou.<\/p>\n<p>Edmilson explicou que n\u00e3o quer se antecipar ao julgamento, mas considerou que h\u00e1 fortes ind\u00edcios de que as for\u00e7as de seguran\u00e7a foram respons\u00e1veis pela chacina. &#8220;Por isso, junto-me aos que defendem a imediata federaliza\u00e7\u00e3o do caso, com a entrada da Pol\u00edcia Federal para apurar de que forma se deram as mortes em Pau D\u2019Arco. O governo de Sim\u00e3o Jatene n\u00e3o demonstra a necess\u00e1ria isen\u00e7\u00e3o para conduzir essa investiga\u00e7\u00e3o&#8221;.<\/p>\n<p>O deputado do PSOL cita que v\u00e1rias institui\u00e7\u00f5es p\u00fablicas e do movimento social, como MPF, Defensoria P\u00fablica, Comiss\u00e3o Pastoral da Terra (CPT) e Sociedades de Defesa dos Direitos Humanos (SDDH) prometem formalizar uma den\u00fancia junto \u00e0 Comiss\u00e3o de Direitos Humanos da Organiza\u00e7\u00e3o dos Estados Americanos (OEA), o que conta com o irrestrito apoio do parlamentar. &#8220;Chega de tanta viol\u00eancia. O governador Sim\u00e3o Jatene desde a data da chacina est\u00e1 guardando um injustific\u00e1vel sil\u00eancio que enche de vergonha a sociedade paraense. Romper com o ciclo pernicioso da impunidade \u00e9 o primeiro passo para se conquistar um ambiente de paz e de efetivo respeito aos mais elementares direitos humanos&#8221;, conclui.<\/p>\n<p>Confira, abaixo, a fala do deputado.<\/p>\n<div class=\"youtube-embed\" data-video_id=\"7ZhJjXDOV2w\"><iframe loading=\"lazy\" title=\"Dep. Edmilson Rodrigues (PSOL-PA) fala sobre investiga\u00e7\u00e3o de chacina no Par\u00e1\" width=\"696\" height=\"522\" src=\"https:\/\/www.youtube.com\/embed\/7ZhJjXDOV2w?feature=oembed&#038;enablejsapi=1\" frameborder=\"0\" allow=\"accelerometer; autoplay; clipboard-write; encrypted-media; gyroscope; picture-in-picture\" allowfullscreen><\/iframe><\/div>\n","protected":false},"excerpt":{"rendered":"<p>O deputado federal Edmilson Rodrigues (PSOL\/PA) enviou of\u00edcio nesta quarta-feira (31\/5), ao Minist\u00e9rio da Justi\u00e7a e ao Minist\u00e9rio P\u00fablico Federal, solicitando que a Pol\u00edcia Federal investigue o assassinato de dez posseiros em Pau D&#8217;Arco, no Par\u00e1, no \u00faltimo dia 24\u00a0de maio. &#8220;Todos os sinais levam a crer que os policiais cometeram uma chacina alegando que [&hellip;]<\/p>\n","protected":false},"author":2,"featured_media":16815,"comment_status":"open","ping_status":"open","sticky":false,"template":"","format":"standard","meta":{"_acf_changed":false,"footnotes":""},"categories":[10,1104,6],"tags":[1232,534,973,3282,50,3283,457,2844],"class_list":{"0":"post-17294","1":"post","2":"type-post","3":"status-publish","4":"format-standard","5":"has-post-thumbnail","7":"category-acao-parlamentares","8":"category-movimento","9":"category-noticias","10":"tag-chacina","11":"tag-direitos-humanos","12":"tag-edmilson-rodrigues","13":"tag-federalizacao","14":"tag-para","15":"tag-pau-darco","16":"tag-policia-federal","17":"tag-simao-jatene"},"acf":[],"yoast_head":"<!-- This site is optimized with the Yoast SEO plugin v26.5 - https:\/\/yoast.com\/wordpress\/plugins\/seo\/ -->\n<title>Edmilson Rodrigues quer que a Pol\u00edcia Federal apure a chacina de Pau D&#039;Arco - PSOL 50<\/title>\n<meta name=\"robots\" content=\"index, follow, max-snippet:-1, max-image-preview:large, max-video-preview:-1\" \/>\n<link rel=\"canonical\" href=\"https:\/\/psol50.org.br\/edmilson-rodrigues-quer-que-a-policia-federal-apure-a-chacina-de-pau-darco\/\" \/>\n<meta property=\"og:locale\" content=\"pt_BR\" \/>\n<meta property=\"og:type\" content=\"article\" \/>\n<meta property=\"og:title\" content=\"Edmilson Rodrigues quer que a Pol\u00edcia Federal apure a chacina de Pau D&#039;Arco - PSOL 50\" \/>\n<meta property=\"og:description\" content=\"O deputado federal Edmilson Rodrigues (PSOL\/PA) enviou of\u00edcio nesta quarta-feira (31\/5), ao Minist\u00e9rio da Justi\u00e7a e ao Minist\u00e9rio P\u00fablico Federal, solicitando que a Pol\u00edcia Federal investigue o assassinato de dez posseiros em Pau D&#8217;Arco, no Par\u00e1, no \u00faltimo dia 24\u00a0de maio. &#8220;Todos os sinais levam a crer que os policiais cometeram uma chacina alegando que [&hellip;]\" \/>\n<meta property=\"og:url\" content=\"https:\/\/psol50.org.br\/edmilson-rodrigues-quer-que-a-policia-federal-apure-a-chacina-de-pau-darco\/\" \/>\n<meta property=\"og:site_name\" content=\"PSOL 50\" \/>\n<meta property=\"article:publisher\" content=\"https:\/\/www.facebook.com\/psol50\" \/>\n<meta property=\"article:published_time\" content=\"2017-06-01T13:01:07+00:00\" \/>\n<meta property=\"og:image\" content=\"https:\/\/psol50.org.br\/inc\/uploads\/2018\/07\/capa.png\" \/>\n\t<meta property=\"og:image:width\" content=\"1350\" \/>\n\t<meta property=\"og:image:height\" content=\"900\" \/>\n\t<meta property=\"og:image:type\" content=\"image\/png\" \/>\n<meta name=\"author\" content=\"Comunica\u00e7\u00e3o PSOL\" \/>\n<meta name=\"twitter:card\" content=\"summary_large_image\" \/>\n<meta name=\"twitter:creator\" content=\"@psol50\" \/>\n<meta name=\"twitter:site\" content=\"@psol50\" \/>\n<meta name=\"twitter:label1\" content=\"Escrito por\" \/>\n\t<meta name=\"twitter:data1\" content=\"Comunica\u00e7\u00e3o PSOL\" \/>\n\t<meta name=\"twitter:label2\" content=\"Est. tempo de leitura\" \/>\n\t<meta name=\"twitter:data2\" content=\"3 minutos\" \/>\n<script type=\"application\/ld+json\" class=\"yoast-schema-graph\">{\"@context\":\"https:\/\/schema.org\",\"@graph\":[{\"@type\":\"Article\",\"@id\":\"https:\/\/psol50.org.br\/edmilson-rodrigues-quer-que-a-policia-federal-apure-a-chacina-de-pau-darco\/#article\",\"isPartOf\":{\"@id\":\"https:\/\/psol50.org.br\/edmilson-rodrigues-quer-que-a-policia-federal-apure-a-chacina-de-pau-darco\/\"},\"author\":{\"name\":\"Comunica\u00e7\u00e3o PSOL\",\"@id\":\"https:\/\/psol50.org.br\/#\/schema\/person\/475dfa57d0b815993c714c2e96491fcd\"},\"headline\":\"Edmilson Rodrigues quer que a Pol\u00edcia Federal apure a chacina de Pau D&#8217;Arco\",\"datePublished\":\"2017-06-01T13:01:07+00:00\",\"mainEntityOfPage\":{\"@id\":\"https:\/\/psol50.org.br\/edmilson-rodrigues-quer-que-a-policia-federal-apure-a-chacina-de-pau-darco\/\"},\"wordCount\":641,\"commentCount\":0,\"publisher\":{\"@id\":\"https:\/\/psol50.org.br\/#organization\"},\"image\":{\"@id\":\"https:\/\/psol50.org.br\/edmilson-rodrigues-quer-que-a-policia-federal-apure-a-chacina-de-pau-darco\/#primaryimage\"},\"thumbnailUrl\":\"\",\"keywords\":[\"chacina\",\"direitos humanos\",\"Edmilson Rodrigues\",\"federaliza\u00e7\u00e3o\",\"Par\u00e1\",\"Pau D'Arco\",\"Pol\u00edcia Federal\",\"Sim\u00e3o Jatene\"],\"articleSection\":[\"A\u00e7\u00e3o Parlamentar\",\"Movimento\",\"Not\u00edcias\"],\"inLanguage\":\"pt-BR\",\"potentialAction\":[{\"@type\":\"CommentAction\",\"name\":\"Comment\",\"target\":[\"https:\/\/psol50.org.br\/edmilson-rodrigues-quer-que-a-policia-federal-apure-a-chacina-de-pau-darco\/#respond\"]}]},{\"@type\":\"WebPage\",\"@id\":\"https:\/\/psol50.org.br\/edmilson-rodrigues-quer-que-a-policia-federal-apure-a-chacina-de-pau-darco\/\",\"url\":\"https:\/\/psol50.org.br\/edmilson-rodrigues-quer-que-a-policia-federal-apure-a-chacina-de-pau-darco\/\",\"name\":\"Edmilson Rodrigues quer que a Pol\u00edcia Federal apure a chacina de Pau D'Arco - PSOL 50\",\"isPartOf\":{\"@id\":\"https:\/\/psol50.org.br\/#website\"},\"primaryImageOfPage\":{\"@id\":\"https:\/\/psol50.org.br\/edmilson-rodrigues-quer-que-a-policia-federal-apure-a-chacina-de-pau-darco\/#primaryimage\"},\"image\":{\"@id\":\"https:\/\/psol50.org.br\/edmilson-rodrigues-quer-que-a-policia-federal-apure-a-chacina-de-pau-darco\/#primaryimage\"},\"thumbnailUrl\":\"\",\"datePublished\":\"2017-06-01T13:01:07+00:00\",\"breadcrumb\":{\"@id\":\"https:\/\/psol50.org.br\/edmilson-rodrigues-quer-que-a-policia-federal-apure-a-chacina-de-pau-darco\/#breadcrumb\"},\"inLanguage\":\"pt-BR\",\"potentialAction\":[{\"@type\":\"ReadAction\",\"target\":[\"https:\/\/psol50.org.br\/edmilson-rodrigues-quer-que-a-policia-federal-apure-a-chacina-de-pau-darco\/\"]}]},{\"@type\":\"ImageObject\",\"inLanguage\":\"pt-BR\",\"@id\":\"https:\/\/psol50.org.br\/edmilson-rodrigues-quer-que-a-policia-federal-apure-a-chacina-de-pau-darco\/#primaryimage\",\"url\":\"\",\"contentUrl\":\"\"},{\"@type\":\"BreadcrumbList\",\"@id\":\"https:\/\/psol50.org.br\/edmilson-rodrigues-quer-que-a-policia-federal-apure-a-chacina-de-pau-darco\/#breadcrumb\",\"itemListElement\":[{\"@type\":\"ListItem\",\"position\":1,\"name\":\"In\u00edcio\",\"item\":\"https:\/\/psol50.org.br\/\"},{\"@type\":\"ListItem\",\"position\":2,\"name\":\"Edmilson Rodrigues quer que a Pol\u00edcia Federal apure a chacina de Pau D&#8217;Arco\"}]},{\"@type\":\"WebSite\",\"@id\":\"https:\/\/psol50.org.br\/#website\",\"url\":\"https:\/\/psol50.org.br\/\",\"name\":\"PSOL 50\",\"description\":\"Site oficial do Partido Socialismo e Liberdade\",\"publisher\":{\"@id\":\"https:\/\/psol50.org.br\/#organization\"},\"alternateName\":\"PSOL50\",\"potentialAction\":[{\"@type\":\"SearchAction\",\"target\":{\"@type\":\"EntryPoint\",\"urlTemplate\":\"https:\/\/psol50.org.br\/?s={search_term_string}\"},\"query-input\":{\"@type\":\"PropertyValueSpecification\",\"valueRequired\":true,\"valueName\":\"search_term_string\"}}],\"inLanguage\":\"pt-BR\"},{\"@type\":\"Organization\",\"@id\":\"https:\/\/psol50.org.br\/#organization\",\"name\":\"PSOL 50\",\"alternateName\":\"PSOL 50\",\"url\":\"https:\/\/psol50.org.br\/\",\"logo\":{\"@type\":\"ImageObject\",\"inLanguage\":\"pt-BR\",\"@id\":\"https:\/\/psol50.org.br\/#\/schema\/logo\/image\/\",\"url\":\"https:\/\/psol50.org.br\/inc\/uploads\/2018\/07\/capa.png\",\"contentUrl\":\"https:\/\/psol50.org.br\/inc\/uploads\/2018\/07\/capa.png\",\"width\":1350,\"height\":900,\"caption\":\"PSOL 50\"},\"image\":{\"@id\":\"https:\/\/psol50.org.br\/#\/schema\/logo\/image\/\"},\"sameAs\":[\"https:\/\/www.facebook.com\/psol50\",\"https:\/\/x.com\/psol50\",\"https:\/\/www.instagram.com\/psol50\/\",\"https:\/\/www.youtube.com\/channel\/UC7SnJS5o1os7a6CaiNabzcg\"]},{\"@type\":\"Person\",\"@id\":\"https:\/\/psol50.org.br\/#\/schema\/person\/475dfa57d0b815993c714c2e96491fcd\",\"name\":\"Comunica\u00e7\u00e3o PSOL\",\"image\":{\"@type\":\"ImageObject\",\"inLanguage\":\"pt-BR\",\"@id\":\"https:\/\/psol50.org.br\/#\/schema\/person\/image\/\",\"url\":\"https:\/\/secure.gravatar.com\/avatar\/b34fc4f4e468a4e51785917065a3db57b841f5c95dba6ad8c73aaf8f66f8f9bf?s=96&d=mm&r=g\",\"contentUrl\":\"https:\/\/secure.gravatar.com\/avatar\/b34fc4f4e468a4e51785917065a3db57b841f5c95dba6ad8c73aaf8f66f8f9bf?s=96&d=mm&r=g\",\"caption\":\"Comunica\u00e7\u00e3o PSOL\"}}]}<\/script>\n<!-- \/ Yoast SEO plugin. -->","yoast_head_json":{"title":"Edmilson Rodrigues quer que a Pol\u00edcia Federal apure a chacina de Pau D'Arco - PSOL 50","robots":{"index":"index","follow":"follow","max-snippet":"max-snippet:-1","max-image-preview":"max-image-preview:large","max-video-preview":"max-video-preview:-1"},"canonical":"https:\/\/psol50.org.br\/edmilson-rodrigues-quer-que-a-policia-federal-apure-a-chacina-de-pau-darco\/","og_locale":"pt_BR","og_type":"article","og_title":"Edmilson Rodrigues quer que a Pol\u00edcia Federal apure a chacina de Pau D'Arco - PSOL 50","og_description":"O deputado federal Edmilson Rodrigues (PSOL\/PA) enviou of\u00edcio nesta quarta-feira (31\/5), ao Minist\u00e9rio da Justi\u00e7a e ao Minist\u00e9rio P\u00fablico Federal, solicitando que a Pol\u00edcia Federal investigue o assassinato de dez posseiros em Pau D&#8217;Arco, no Par\u00e1, no \u00faltimo dia 24\u00a0de maio. &#8220;Todos os sinais levam a crer que os policiais cometeram uma chacina alegando que [&hellip;]","og_url":"https:\/\/psol50.org.br\/edmilson-rodrigues-quer-que-a-policia-federal-apure-a-chacina-de-pau-darco\/","og_site_name":"PSOL 50","article_publisher":"https:\/\/www.facebook.com\/psol50","article_published_time":"2017-06-01T13:01:07+00:00","og_image":[{"width":1350,"height":900,"url":"https:\/\/psol50.org.br\/inc\/uploads\/2018\/07\/capa.png","type":"image\/png"}],"author":"Comunica\u00e7\u00e3o PSOL","twitter_card":"summary_large_image","twitter_creator":"@psol50","twitter_site":"@psol50","twitter_misc":{"Escrito por":"Comunica\u00e7\u00e3o PSOL","Est. tempo de leitura":"3 minutos"},"schema":{"@context":"https:\/\/schema.org","@graph":[{"@type":"Article","@id":"https:\/\/psol50.org.br\/edmilson-rodrigues-quer-que-a-policia-federal-apure-a-chacina-de-pau-darco\/#article","isPartOf":{"@id":"https:\/\/psol50.org.br\/edmilson-rodrigues-quer-que-a-policia-federal-apure-a-chacina-de-pau-darco\/"},"author":{"name":"Comunica\u00e7\u00e3o PSOL","@id":"https:\/\/psol50.org.br\/#\/schema\/person\/475dfa57d0b815993c714c2e96491fcd"},"headline":"Edmilson Rodrigues quer que a Pol\u00edcia Federal apure a chacina de Pau D&#8217;Arco","datePublished":"2017-06-01T13:01:07+00:00","mainEntityOfPage":{"@id":"https:\/\/psol50.org.br\/edmilson-rodrigues-quer-que-a-policia-federal-apure-a-chacina-de-pau-darco\/"},"wordCount":641,"commentCount":0,"publisher":{"@id":"https:\/\/psol50.org.br\/#organization"},"image":{"@id":"https:\/\/psol50.org.br\/edmilson-rodrigues-quer-que-a-policia-federal-apure-a-chacina-de-pau-darco\/#primaryimage"},"thumbnailUrl":"","keywords":["chacina","direitos humanos","Edmilson Rodrigues","federaliza\u00e7\u00e3o","Par\u00e1","Pau D'Arco","Pol\u00edcia Federal","Sim\u00e3o Jatene"],"articleSection":["A\u00e7\u00e3o Parlamentar","Movimento","Not\u00edcias"],"inLanguage":"pt-BR","potentialAction":[{"@type":"CommentAction","name":"Comment","target":["https:\/\/psol50.org.br\/edmilson-rodrigues-quer-que-a-policia-federal-apure-a-chacina-de-pau-darco\/#respond"]}]},{"@type":"WebPage","@id":"https:\/\/psol50.org.br\/edmilson-rodrigues-quer-que-a-policia-federal-apure-a-chacina-de-pau-darco\/","url":"https:\/\/psol50.org.br\/edmilson-rodrigues-quer-que-a-policia-federal-apure-a-chacina-de-pau-darco\/","name":"Edmilson Rodrigues quer que a Pol\u00edcia Federal apure a chacina de Pau D'Arco - PSOL 50","isPartOf":{"@id":"https:\/\/psol50.org.br\/#website"},"primaryImageOfPage":{"@id":"https:\/\/psol50.org.br\/edmilson-rodrigues-quer-que-a-policia-federal-apure-a-chacina-de-pau-darco\/#primaryimage"},"image":{"@id":"https:\/\/psol50.org.br\/edmilson-rodrigues-quer-que-a-policia-federal-apure-a-chacina-de-pau-darco\/#primaryimage"},"thumbnailUrl":"","datePublished":"2017-06-01T13:01:07+00:00","breadcrumb":{"@id":"https:\/\/psol50.org.br\/edmilson-rodrigues-quer-que-a-policia-federal-apure-a-chacina-de-pau-darco\/#breadcrumb"},"inLanguage":"pt-BR","potentialAction":[{"@type":"ReadAction","target":["https:\/\/psol50.org.br\/edmilson-rodrigues-quer-que-a-policia-federal-apure-a-chacina-de-pau-darco\/"]}]},{"@type":"ImageObject","inLanguage":"pt-BR","@id":"https:\/\/psol50.org.br\/edmilson-rodrigues-quer-que-a-policia-federal-apure-a-chacina-de-pau-darco\/#primaryimage","url":"","contentUrl":""},{"@type":"BreadcrumbList","@id":"https:\/\/psol50.org.br\/edmilson-rodrigues-quer-que-a-policia-federal-apure-a-chacina-de-pau-darco\/#breadcrumb","itemListElement":[{"@type":"ListItem","position":1,"name":"In\u00edcio","item":"https:\/\/psol50.org.br\/"},{"@type":"ListItem","position":2,"name":"Edmilson Rodrigues quer que a Pol\u00edcia Federal apure a chacina de Pau D&#8217;Arco"}]},{"@type":"WebSite","@id":"https:\/\/psol50.org.br\/#website","url":"https:\/\/psol50.org.br\/","name":"PSOL 50","description":"Site oficial do Partido Socialismo e Liberdade","publisher":{"@id":"https:\/\/psol50.org.br\/#organization"},"alternateName":"PSOL50","potentialAction":[{"@type":"SearchAction","target":{"@type":"EntryPoint","urlTemplate":"https:\/\/psol50.org.br\/?s={search_term_string}"},"query-input":{"@type":"PropertyValueSpecification","valueRequired":true,"valueName":"search_term_string"}}],"inLanguage":"pt-BR"},{"@type":"Organization","@id":"https:\/\/psol50.org.br\/#organization","name":"PSOL 50","alternateName":"PSOL 50","url":"https:\/\/psol50.org.br\/","logo":{"@type":"ImageObject","inLanguage":"pt-BR","@id":"https:\/\/psol50.org.br\/#\/schema\/logo\/image\/","url":"https:\/\/psol50.org.br\/inc\/uploads\/2018\/07\/capa.png","contentUrl":"https:\/\/psol50.org.br\/inc\/uploads\/2018\/07\/capa.png","width":1350,"height":900,"caption":"PSOL 50"},"image":{"@id":"https:\/\/psol50.org.br\/#\/schema\/logo\/image\/"},"sameAs":["https:\/\/www.facebook.com\/psol50","https:\/\/x.com\/psol50","https:\/\/www.instagram.com\/psol50\/","https:\/\/www.youtube.com\/channel\/UC7SnJS5o1os7a6CaiNabzcg"]},{"@type":"Person","@id":"https:\/\/psol50.org.br\/#\/schema\/person\/475dfa57d0b815993c714c2e96491fcd","name":"Comunica\u00e7\u00e3o PSOL","image":{"@type":"ImageObject","inLanguage":"pt-BR","@id":"https:\/\/psol50.org.br\/#\/schema\/person\/image\/","url":"https:\/\/secure.gravatar.com\/avatar\/b34fc4f4e468a4e51785917065a3db57b841f5c95dba6ad8c73aaf8f66f8f9bf?s=96&d=mm&r=g","contentUrl":"https:\/\/secure.gravatar.com\/avatar\/b34fc4f4e468a4e51785917065a3db57b841f5c95dba6ad8c73aaf8f66f8f9bf?s=96&d=mm&r=g","caption":"Comunica\u00e7\u00e3o PSOL"}}]}},"_links":{"self":[{"href":"https:\/\/psol50.org.br\/rest\/wp\/v2\/posts\/17294","targetHints":{"allow":["GET"]}}],"collection":[{"href":"https:\/\/psol50.org.br\/rest\/wp\/v2\/posts"}],"about":[{"href":"https:\/\/psol50.org.br\/rest\/wp\/v2\/types\/post"}],"author":[{"embeddable":true,"href":"https:\/\/psol50.org.br\/rest\/wp\/v2\/users\/2"}],"replies":[{"embeddable":true,"href":"https:\/\/psol50.org.br\/rest\/wp\/v2\/comments?post=17294"}],"version-history":[{"count":0,"href":"https:\/\/psol50.org.br\/rest\/wp\/v2\/posts\/17294\/revisions"}],"wp:featuredmedia":[{"embeddable":true,"href":"https:\/\/psol50.org.br\/rest\/wp\/v2\/posts\/16815"}],"wp:attachment":[{"href":"https:\/\/psol50.org.br\/rest\/wp\/v2\/media?parent=17294"}],"wp:term":[{"taxonomy":"category","embeddable":true,"href":"https:\/\/psol50.org.br\/rest\/wp\/v2\/categories?post=17294"},{"taxonomy":"post_tag","embeddable":true,"href":"https:\/\/psol50.org.br\/rest\/wp\/v2\/tags?post=17294"}],"curies":[{"name":"wp","href":"https:\/\/api.w.org\/{rel}","templated":true}]}}