{"id":17297,"date":"2017-06-05T13:21:25","date_gmt":"2017-06-05T13:21:25","guid":{"rendered":"http:\/\/www.psol50.org.br\/?p=16833"},"modified":"2017-06-05T13:21:25","modified_gmt":"2017-06-05T13:21:25","slug":"artistas-e-movimentos-sociais-exigem-diretas-ja-em-ato-com-mais-de-100-mil-em-sao-paulo","status":"publish","type":"post","link":"https:\/\/psol50.org.br\/artistas-e-movimentos-sociais-exigem-diretas-ja-em-ato-com-mais-de-100-mil-em-sao-paulo\/","title":{"rendered":"Artistas e movimentos sociais exigem diretas j\u00e1 em ato com mais de 100 mil em S\u00e3o Paulo"},"content":{"rendered":"<p>Uma grande multid\u00e3o tomou conta do Largo da Batata na tarde deste domingo (04\/06), em grande ato hist\u00f3rico que pediu a sa\u00edda imediata de Michel Temer e a convoca\u00e7\u00e3o de elei\u00e7\u00f5es diretas para presidente da Rep\u00fablica. Convocado por artistas, blocos carnavalescos e movimentos sociais da \u00e1rea da cultura, o gigante #SPDiretasJ\u00e1 aconteceu exatamente uma semana ap\u00f3s <a href=\"http:\/\/www.psol50.org.br\/blog\/2017\/05\/29\/mais-de-100-mil-pedem-eleicoes-diretas-em-ato-historico-no-rio-de-janeiro\/\" target=\"_blank\" rel=\"noopener noreferrer\"><strong><span style=\"color: #0000ff;\">o ato realizado na orla de Copacabana, no Rio de Janeiro<\/span><\/strong><\/a>. As duas grandes manifesta\u00e7\u00f5es mostraram que artistas se juntam a movimentos sociais para dizer que o governo ileg\u00edtimo de Temer n\u00e3o tem mais condi\u00e7\u00f5es de continuar \u00e0 frente do pa\u00eds realizando as reformas que amea\u00e7am direitos da popula\u00e7\u00e3o.<\/p>\n<p>O formigueiro de gente que tomou conta de uma das regi\u00f5es que tem sido palco de grandes manifesta\u00e7\u00f5es da esquerda na capital paulista p\u00f4de assistir, ao longo do dia, shows de m\u00fasicos renomados, como Emicida, Tulipa Ruiz, P\u00e9ricles, Maria Gad\u00fa, Otto, Simoninha, Criolo e Mano Brown \u2013 que fechou a manifesta\u00e7\u00e3o cultural \u2013 entre outros grandes da m\u00fasica contempor\u00e2nea brasileira. Blocos carnavalesco como Acad\u00eamicos do Baixo Augusta, Ilu Ob\u00e1 de Min, Tarado Ni Voc\u00ea e v\u00e1rios outros que formam o Arrast\u00e3o dos Blocos abriram a festa, juntamente ao cantor e compositor Chico C\u00e9sar.<\/p>\n<figure id=\"attachment_16840\" aria-describedby=\"caption-attachment-16840\" style=\"width: 600px\" class=\"wp-caption aligncenter\"><img loading=\"lazy\" decoding=\"async\" class=\"wp-image-16840\" src=\"http:\/\/www.psol50.org.br\/inc\/uploads\/2017\/06\/Criolo_AtoSP_Diretas-1024x682.jpg\" alt=\"\" width=\"600\" height=\"399\" \/><figcaption id=\"caption-attachment-16840\" class=\"wp-caption-text\"><em>Fotos: Diretas J\u00e1<\/em><\/figcaption><\/figure>\n<p>Os shows foram intercalados com falas de dirigentes de diversas organiza\u00e7\u00f5es sociais. O dirigente nacional do MTST, Guilherme Boulos, ressaltou a urg\u00eancia de tirar Temer e seus aliados do comando do pa\u00eds. &#8220;Esse Congresso n\u00e3o tem condi\u00e7\u00e3o, n\u00e3o tem moral, n\u00e3o tem autoridade pol\u00edtica, n\u00e3o tem credibilidade popular para decidir quem vai governar o Brasil!&#8221;, disse Boulos. Al\u00e9m dele, tamb\u00e9m falaram as frentes Povo Sem Medo e Brasil Popular, CUT, UNE, MST, Levante Popular da Juventude e C\u00edrculo Palmarino, representado pelo militante Ubiratan Santos.<\/p>\n<p><img loading=\"lazy\" decoding=\"async\" class=\"wp-image-16834 aligncenter\" src=\"http:\/\/www.psol50.org.br\/inc\/uploads\/2017\/06\/Boulos_AtoSP-1024x682.jpg\" alt=\"\" width=\"600\" height=\"400\" \/><\/p>\n<p>Dirigentes e militantes do PSOL marcaram presen\u00e7a no grande ato. A equipe de comunica\u00e7\u00e3o do partido tamb\u00e9m fez a cobertura em tempo real, com transmiss\u00e3o ao vivo, fotos e v\u00eddeos com depoimentos de diversas personalidades.<\/p>\n<p>\u201cO povo de S\u00e3o Paulo est\u00e1 na rua hoje com muita garra, com muita fibra e com muita alegria pelo fora Temer e pelas diretas j\u00e1. Na verdade, os artistas e os intelectuais est\u00e3o impulsionando e expandindo essa luta, porque todos no Brasil perceberam que n\u00e3o \u00e9 poss\u00edvel que um Congresso formado por pessoas que n\u00e3o t\u00eam mais legitimidade, um Congresso que tem 200 investigados na opera\u00e7\u00e3o Lava Jato e pelo Supremo Tribunal Federal, n\u00e3o tem credibilidade para escolher indiretamente o presidente da Rep\u00fablica\u201d, disse o deputado Ivan Valente (PSOL-SP), que participava\u00a0do ato no meio da multid\u00e3o.<\/p>\n<p><img loading=\"lazy\" decoding=\"async\" class=\"aligncenter wp-image-16836\" src=\"http:\/\/www.psol50.org.br\/inc\/uploads\/2017\/06\/FaixaPSOL_AtoSP-1024x682.jpg\" alt=\"\" width=\"600\" height=\"399\" \/><\/p>\n<p>&nbsp;<\/p>\n<p><img loading=\"lazy\" decoding=\"async\" class=\"aligncenter wp-image-16837\" src=\"http:\/\/www.psol50.org.br\/inc\/uploads\/2017\/06\/Ivan_AtoSP.jpg\" alt=\"\" width=\"600\" height=\"399\" \/><\/p>\n<p>&nbsp;<\/p>\n<p>O secret\u00e1rio-geral da Intersindical \u2013 Central da Classe Trabalhadora, Edson Carneiro \u00cdndio, afirmou que a luta no momento \u00e9 por direitos sociais, por <a href=\"https:\/\/www.facebook.com\/hashtag\/diretasj%C3%A1?source=feed_text&amp;story_id=718005098361127\" data-ft=\"{&quot;tn&quot;:&quot;*N&quot;,&quot;type&quot;:104}\">#DiretasJ\u00e1<\/a> e por um modelo de desenvolvimento que possa diminuir o desemprego e melhorar as condi\u00e7\u00f5es de vida da popula\u00e7\u00e3o. \u201cA movimenta\u00e7\u00e3o do grande capital por elei\u00e7\u00f5es indiretas \u00e9 para fazer a reforma da Previd\u00eancia e a reforma trabalhista e para acabar com os direitos dos trabalhadores\u201d.<\/p>\n<p>O dirigente sindical tamb\u00e9m falou da import\u00e2ncia de toda a classe trabalhadora e a juventude irem para as ruas e tamb\u00e9m promoverem uma nova greve geral. \u201cHoje a popula\u00e7\u00e3o, o povo brasileiro, os trabalhadores, os setores progressistas, a esquerda brasileira, n\u00f3s temos que ir \u00e0s ruas exigir a manuten\u00e7\u00e3o dos nossos direitos e, por isso, a substitui\u00e7\u00e3o do Temer por um governo eleito pelo povo brasileiro, para que a gente possa, fundamentalmente, enterrar essas mudan\u00e7as que v\u00eam para piorar as condi\u00e7\u00f5es de vida do nosso povo\u201d.<\/p>\n<p>Para a economista Laura Carvalho, professora da USP, a luta contra a desigualdade social passa pela amplia\u00e7\u00e3o da democracia e n\u00e3o sua supress\u00e3o. &#8220;A gente n\u00e3o quer esse Michel Temer nem outro Michel Temer para fazer isso. A gente quer mais democracia e novos direitos. Mais direitos e mais participa\u00e7\u00e3o dos movimentos. A gente quer mais igualdade. Tudo isso a gente s\u00f3 conquista com o voto. Fora Temer e Diretas J\u00e1&#8221;.<\/p>\n<p><img loading=\"lazy\" decoding=\"async\" class=\"aligncenter wp-image-16835\" src=\"http:\/\/www.psol50.org.br\/inc\/uploads\/2017\/06\/AtoDiretas_SP1-1024x682.jpg\" alt=\"\" width=\"600\" height=\"399\" \/><br \/>\nConfira, abaixo, a transmiss\u00e3o ao vivo feita pela equipe do PSOL.<\/p>\n<p>https:\/\/www.facebook.com\/psol50oficial\/videos\/718061681688802\/<\/p>\n<p>Confira o encerramento, com o show do\u00a0rapper\u00a0Mano Brown.<\/p>\n<p>https:\/\/www.facebook.com\/psol50oficial\/videos\/718151025013201\/<\/p>\n","protected":false},"excerpt":{"rendered":"<p>Uma grande multid\u00e3o tomou conta do Largo da Batata na tarde deste domingo (04\/06), em grande ato hist\u00f3rico que pediu a sa\u00edda imediata de Michel Temer e a convoca\u00e7\u00e3o de elei\u00e7\u00f5es diretas para presidente da Rep\u00fablica. Convocado por artistas, blocos carnavalescos e movimentos sociais da \u00e1rea da cultura, o gigante #SPDiretasJ\u00e1 aconteceu exatamente uma semana [&hellip;]<\/p>\n","protected":false},"author":2,"featured_media":16838,"comment_status":"open","ping_status":"open","sticky":false,"template":"","format":"standard","meta":{"_acf_changed":false,"footnotes":""},"categories":[1882,654,1104,6],"tags":[3318,3266,1428,3143,552,3267,1748,99,22],"class_list":{"0":"post-17297","1":"post","2":"type-post","3":"status-publish","4":"format-standard","5":"has-post-thumbnail","7":"category-brasil","8":"category-estados","9":"category-movimento","10":"category-noticias","11":"tag-spdiretasja","12":"tag-sppelasdiretas","13":"tag-artistas","14":"tag-eleicoes-diretas","15":"tag-ivan-valente","16":"tag-largo-da-batata","17":"tag-michel-temer","18":"tag-movimentos-sociais","19":"tag-psol"},"acf":[],"yoast_head":"<!-- This site is optimized with the Yoast SEO plugin v26.5 - https:\/\/yoast.com\/wordpress\/plugins\/seo\/ -->\n<title>Artistas e movimentos sociais exigem diretas j\u00e1 em ato com mais de 100 mil em S\u00e3o Paulo - PSOL 50<\/title>\n<meta name=\"robots\" content=\"index, follow, max-snippet:-1, max-image-preview:large, max-video-preview:-1\" \/>\n<link rel=\"canonical\" href=\"https:\/\/psol50.org.br\/artistas-e-movimentos-sociais-exigem-diretas-ja-em-ato-com-mais-de-100-mil-em-sao-paulo\/\" \/>\n<meta property=\"og:locale\" content=\"pt_BR\" \/>\n<meta property=\"og:type\" content=\"article\" \/>\n<meta property=\"og:title\" content=\"Artistas e movimentos sociais exigem diretas j\u00e1 em ato com mais de 100 mil em S\u00e3o Paulo - PSOL 50\" \/>\n<meta property=\"og:description\" content=\"Uma grande multid\u00e3o tomou conta do Largo da Batata na tarde deste domingo (04\/06), em grande ato hist\u00f3rico que pediu a sa\u00edda imediata de Michel Temer e a convoca\u00e7\u00e3o de elei\u00e7\u00f5es diretas para presidente da Rep\u00fablica. Convocado por artistas, blocos carnavalescos e movimentos sociais da \u00e1rea da cultura, o gigante #SPDiretasJ\u00e1 aconteceu exatamente uma semana [&hellip;]\" \/>\n<meta property=\"og:url\" content=\"https:\/\/psol50.org.br\/artistas-e-movimentos-sociais-exigem-diretas-ja-em-ato-com-mais-de-100-mil-em-sao-paulo\/\" \/>\n<meta property=\"og:site_name\" content=\"PSOL 50\" \/>\n<meta property=\"article:publisher\" content=\"https:\/\/www.facebook.com\/psol50\" \/>\n<meta property=\"article:published_time\" content=\"2017-06-05T13:21:25+00:00\" \/>\n<meta property=\"og:image\" content=\"https:\/\/psol50.org.br\/inc\/uploads\/2018\/07\/capa.png\" \/>\n\t<meta property=\"og:image:width\" content=\"1350\" \/>\n\t<meta property=\"og:image:height\" content=\"900\" \/>\n\t<meta property=\"og:image:type\" content=\"image\/png\" \/>\n<meta name=\"author\" content=\"Comunica\u00e7\u00e3o PSOL\" \/>\n<meta name=\"twitter:card\" content=\"summary_large_image\" \/>\n<meta name=\"twitter:creator\" content=\"@psol50\" \/>\n<meta name=\"twitter:site\" content=\"@psol50\" \/>\n<meta name=\"twitter:label1\" content=\"Escrito por\" \/>\n\t<meta name=\"twitter:data1\" content=\"Comunica\u00e7\u00e3o PSOL\" \/>\n\t<meta name=\"twitter:label2\" content=\"Est. tempo de leitura\" \/>\n\t<meta name=\"twitter:data2\" content=\"4 minutos\" \/>\n<script type=\"application\/ld+json\" class=\"yoast-schema-graph\">{\"@context\":\"https:\/\/schema.org\",\"@graph\":[{\"@type\":\"Article\",\"@id\":\"https:\/\/psol50.org.br\/artistas-e-movimentos-sociais-exigem-diretas-ja-em-ato-com-mais-de-100-mil-em-sao-paulo\/#article\",\"isPartOf\":{\"@id\":\"https:\/\/psol50.org.br\/artistas-e-movimentos-sociais-exigem-diretas-ja-em-ato-com-mais-de-100-mil-em-sao-paulo\/\"},\"author\":{\"name\":\"Comunica\u00e7\u00e3o PSOL\",\"@id\":\"https:\/\/psol50.org.br\/#\/schema\/person\/475dfa57d0b815993c714c2e96491fcd\"},\"headline\":\"Artistas e movimentos sociais exigem diretas j\u00e1 em ato com mais de 100 mil em S\u00e3o Paulo\",\"datePublished\":\"2017-06-05T13:21:25+00:00\",\"mainEntityOfPage\":{\"@id\":\"https:\/\/psol50.org.br\/artistas-e-movimentos-sociais-exigem-diretas-ja-em-ato-com-mais-de-100-mil-em-sao-paulo\/\"},\"wordCount\":772,\"commentCount\":0,\"publisher\":{\"@id\":\"https:\/\/psol50.org.br\/#organization\"},\"image\":{\"@id\":\"https:\/\/psol50.org.br\/artistas-e-movimentos-sociais-exigem-diretas-ja-em-ato-com-mais-de-100-mil-em-sao-paulo\/#primaryimage\"},\"thumbnailUrl\":\"\",\"keywords\":[\"#SPDiretasJ\u00e1\",\"#SPpelasDiretas\",\"artistas\",\"elei\u00e7\u00f5es diretas\",\"Ivan Valente\",\"Largo da Batata\",\"Michel Temer\",\"movimentos sociais\",\"PSOL\"],\"articleSection\":[\"Brasil\",\"Estados\",\"Movimento\",\"Not\u00edcias\"],\"inLanguage\":\"pt-BR\",\"potentialAction\":[{\"@type\":\"CommentAction\",\"name\":\"Comment\",\"target\":[\"https:\/\/psol50.org.br\/artistas-e-movimentos-sociais-exigem-diretas-ja-em-ato-com-mais-de-100-mil-em-sao-paulo\/#respond\"]}]},{\"@type\":\"WebPage\",\"@id\":\"https:\/\/psol50.org.br\/artistas-e-movimentos-sociais-exigem-diretas-ja-em-ato-com-mais-de-100-mil-em-sao-paulo\/\",\"url\":\"https:\/\/psol50.org.br\/artistas-e-movimentos-sociais-exigem-diretas-ja-em-ato-com-mais-de-100-mil-em-sao-paulo\/\",\"name\":\"Artistas e movimentos sociais exigem diretas j\u00e1 em ato com mais de 100 mil em S\u00e3o Paulo - PSOL 50\",\"isPartOf\":{\"@id\":\"https:\/\/psol50.org.br\/#website\"},\"primaryImageOfPage\":{\"@id\":\"https:\/\/psol50.org.br\/artistas-e-movimentos-sociais-exigem-diretas-ja-em-ato-com-mais-de-100-mil-em-sao-paulo\/#primaryimage\"},\"image\":{\"@id\":\"https:\/\/psol50.org.br\/artistas-e-movimentos-sociais-exigem-diretas-ja-em-ato-com-mais-de-100-mil-em-sao-paulo\/#primaryimage\"},\"thumbnailUrl\":\"\",\"datePublished\":\"2017-06-05T13:21:25+00:00\",\"breadcrumb\":{\"@id\":\"https:\/\/psol50.org.br\/artistas-e-movimentos-sociais-exigem-diretas-ja-em-ato-com-mais-de-100-mil-em-sao-paulo\/#breadcrumb\"},\"inLanguage\":\"pt-BR\",\"potentialAction\":[{\"@type\":\"ReadAction\",\"target\":[\"https:\/\/psol50.org.br\/artistas-e-movimentos-sociais-exigem-diretas-ja-em-ato-com-mais-de-100-mil-em-sao-paulo\/\"]}]},{\"@type\":\"ImageObject\",\"inLanguage\":\"pt-BR\",\"@id\":\"https:\/\/psol50.org.br\/artistas-e-movimentos-sociais-exigem-diretas-ja-em-ato-com-mais-de-100-mil-em-sao-paulo\/#primaryimage\",\"url\":\"\",\"contentUrl\":\"\"},{\"@type\":\"BreadcrumbList\",\"@id\":\"https:\/\/psol50.org.br\/artistas-e-movimentos-sociais-exigem-diretas-ja-em-ato-com-mais-de-100-mil-em-sao-paulo\/#breadcrumb\",\"itemListElement\":[{\"@type\":\"ListItem\",\"position\":1,\"name\":\"In\u00edcio\",\"item\":\"https:\/\/psol50.org.br\/\"},{\"@type\":\"ListItem\",\"position\":2,\"name\":\"Artistas e movimentos sociais exigem diretas j\u00e1 em ato com mais de 100 mil em S\u00e3o Paulo\"}]},{\"@type\":\"WebSite\",\"@id\":\"https:\/\/psol50.org.br\/#website\",\"url\":\"https:\/\/psol50.org.br\/\",\"name\":\"PSOL 50\",\"description\":\"Site oficial do Partido Socialismo e Liberdade\",\"publisher\":{\"@id\":\"https:\/\/psol50.org.br\/#organization\"},\"alternateName\":\"PSOL50\",\"potentialAction\":[{\"@type\":\"SearchAction\",\"target\":{\"@type\":\"EntryPoint\",\"urlTemplate\":\"https:\/\/psol50.org.br\/?s={search_term_string}\"},\"query-input\":{\"@type\":\"PropertyValueSpecification\",\"valueRequired\":true,\"valueName\":\"search_term_string\"}}],\"inLanguage\":\"pt-BR\"},{\"@type\":\"Organization\",\"@id\":\"https:\/\/psol50.org.br\/#organization\",\"name\":\"PSOL 50\",\"alternateName\":\"PSOL 50\",\"url\":\"https:\/\/psol50.org.br\/\",\"logo\":{\"@type\":\"ImageObject\",\"inLanguage\":\"pt-BR\",\"@id\":\"https:\/\/psol50.org.br\/#\/schema\/logo\/image\/\",\"url\":\"https:\/\/psol50.org.br\/inc\/uploads\/2018\/07\/capa.png\",\"contentUrl\":\"https:\/\/psol50.org.br\/inc\/uploads\/2018\/07\/capa.png\",\"width\":1350,\"height\":900,\"caption\":\"PSOL 50\"},\"image\":{\"@id\":\"https:\/\/psol50.org.br\/#\/schema\/logo\/image\/\"},\"sameAs\":[\"https:\/\/www.facebook.com\/psol50\",\"https:\/\/x.com\/psol50\",\"https:\/\/www.instagram.com\/psol50\/\",\"https:\/\/www.youtube.com\/channel\/UC7SnJS5o1os7a6CaiNabzcg\"]},{\"@type\":\"Person\",\"@id\":\"https:\/\/psol50.org.br\/#\/schema\/person\/475dfa57d0b815993c714c2e96491fcd\",\"name\":\"Comunica\u00e7\u00e3o PSOL\",\"image\":{\"@type\":\"ImageObject\",\"inLanguage\":\"pt-BR\",\"@id\":\"https:\/\/psol50.org.br\/#\/schema\/person\/image\/\",\"url\":\"https:\/\/secure.gravatar.com\/avatar\/b34fc4f4e468a4e51785917065a3db57b841f5c95dba6ad8c73aaf8f66f8f9bf?s=96&d=mm&r=g\",\"contentUrl\":\"https:\/\/secure.gravatar.com\/avatar\/b34fc4f4e468a4e51785917065a3db57b841f5c95dba6ad8c73aaf8f66f8f9bf?s=96&d=mm&r=g\",\"caption\":\"Comunica\u00e7\u00e3o PSOL\"}}]}<\/script>\n<!-- \/ Yoast SEO plugin. -->","yoast_head_json":{"title":"Artistas e movimentos sociais exigem diretas j\u00e1 em ato com mais de 100 mil em S\u00e3o Paulo - PSOL 50","robots":{"index":"index","follow":"follow","max-snippet":"max-snippet:-1","max-image-preview":"max-image-preview:large","max-video-preview":"max-video-preview:-1"},"canonical":"https:\/\/psol50.org.br\/artistas-e-movimentos-sociais-exigem-diretas-ja-em-ato-com-mais-de-100-mil-em-sao-paulo\/","og_locale":"pt_BR","og_type":"article","og_title":"Artistas e movimentos sociais exigem diretas j\u00e1 em ato com mais de 100 mil em S\u00e3o Paulo - PSOL 50","og_description":"Uma grande multid\u00e3o tomou conta do Largo da Batata na tarde deste domingo (04\/06), em grande ato hist\u00f3rico que pediu a sa\u00edda imediata de Michel Temer e a convoca\u00e7\u00e3o de elei\u00e7\u00f5es diretas para presidente da Rep\u00fablica. Convocado por artistas, blocos carnavalescos e movimentos sociais da \u00e1rea da cultura, o gigante #SPDiretasJ\u00e1 aconteceu exatamente uma semana [&hellip;]","og_url":"https:\/\/psol50.org.br\/artistas-e-movimentos-sociais-exigem-diretas-ja-em-ato-com-mais-de-100-mil-em-sao-paulo\/","og_site_name":"PSOL 50","article_publisher":"https:\/\/www.facebook.com\/psol50","article_published_time":"2017-06-05T13:21:25+00:00","og_image":[{"width":1350,"height":900,"url":"https:\/\/psol50.org.br\/inc\/uploads\/2018\/07\/capa.png","type":"image\/png"}],"author":"Comunica\u00e7\u00e3o PSOL","twitter_card":"summary_large_image","twitter_creator":"@psol50","twitter_site":"@psol50","twitter_misc":{"Escrito por":"Comunica\u00e7\u00e3o PSOL","Est. tempo de leitura":"4 minutos"},"schema":{"@context":"https:\/\/schema.org","@graph":[{"@type":"Article","@id":"https:\/\/psol50.org.br\/artistas-e-movimentos-sociais-exigem-diretas-ja-em-ato-com-mais-de-100-mil-em-sao-paulo\/#article","isPartOf":{"@id":"https:\/\/psol50.org.br\/artistas-e-movimentos-sociais-exigem-diretas-ja-em-ato-com-mais-de-100-mil-em-sao-paulo\/"},"author":{"name":"Comunica\u00e7\u00e3o PSOL","@id":"https:\/\/psol50.org.br\/#\/schema\/person\/475dfa57d0b815993c714c2e96491fcd"},"headline":"Artistas e movimentos sociais exigem diretas j\u00e1 em ato com mais de 100 mil em S\u00e3o Paulo","datePublished":"2017-06-05T13:21:25+00:00","mainEntityOfPage":{"@id":"https:\/\/psol50.org.br\/artistas-e-movimentos-sociais-exigem-diretas-ja-em-ato-com-mais-de-100-mil-em-sao-paulo\/"},"wordCount":772,"commentCount":0,"publisher":{"@id":"https:\/\/psol50.org.br\/#organization"},"image":{"@id":"https:\/\/psol50.org.br\/artistas-e-movimentos-sociais-exigem-diretas-ja-em-ato-com-mais-de-100-mil-em-sao-paulo\/#primaryimage"},"thumbnailUrl":"","keywords":["#SPDiretasJ\u00e1","#SPpelasDiretas","artistas","elei\u00e7\u00f5es diretas","Ivan Valente","Largo da Batata","Michel Temer","movimentos sociais","PSOL"],"articleSection":["Brasil","Estados","Movimento","Not\u00edcias"],"inLanguage":"pt-BR","potentialAction":[{"@type":"CommentAction","name":"Comment","target":["https:\/\/psol50.org.br\/artistas-e-movimentos-sociais-exigem-diretas-ja-em-ato-com-mais-de-100-mil-em-sao-paulo\/#respond"]}]},{"@type":"WebPage","@id":"https:\/\/psol50.org.br\/artistas-e-movimentos-sociais-exigem-diretas-ja-em-ato-com-mais-de-100-mil-em-sao-paulo\/","url":"https:\/\/psol50.org.br\/artistas-e-movimentos-sociais-exigem-diretas-ja-em-ato-com-mais-de-100-mil-em-sao-paulo\/","name":"Artistas e movimentos sociais exigem diretas j\u00e1 em ato com mais de 100 mil em S\u00e3o Paulo - PSOL 50","isPartOf":{"@id":"https:\/\/psol50.org.br\/#website"},"primaryImageOfPage":{"@id":"https:\/\/psol50.org.br\/artistas-e-movimentos-sociais-exigem-diretas-ja-em-ato-com-mais-de-100-mil-em-sao-paulo\/#primaryimage"},"image":{"@id":"https:\/\/psol50.org.br\/artistas-e-movimentos-sociais-exigem-diretas-ja-em-ato-com-mais-de-100-mil-em-sao-paulo\/#primaryimage"},"thumbnailUrl":"","datePublished":"2017-06-05T13:21:25+00:00","breadcrumb":{"@id":"https:\/\/psol50.org.br\/artistas-e-movimentos-sociais-exigem-diretas-ja-em-ato-com-mais-de-100-mil-em-sao-paulo\/#breadcrumb"},"inLanguage":"pt-BR","potentialAction":[{"@type":"ReadAction","target":["https:\/\/psol50.org.br\/artistas-e-movimentos-sociais-exigem-diretas-ja-em-ato-com-mais-de-100-mil-em-sao-paulo\/"]}]},{"@type":"ImageObject","inLanguage":"pt-BR","@id":"https:\/\/psol50.org.br\/artistas-e-movimentos-sociais-exigem-diretas-ja-em-ato-com-mais-de-100-mil-em-sao-paulo\/#primaryimage","url":"","contentUrl":""},{"@type":"BreadcrumbList","@id":"https:\/\/psol50.org.br\/artistas-e-movimentos-sociais-exigem-diretas-ja-em-ato-com-mais-de-100-mil-em-sao-paulo\/#breadcrumb","itemListElement":[{"@type":"ListItem","position":1,"name":"In\u00edcio","item":"https:\/\/psol50.org.br\/"},{"@type":"ListItem","position":2,"name":"Artistas e movimentos sociais exigem diretas j\u00e1 em ato com mais de 100 mil em S\u00e3o Paulo"}]},{"@type":"WebSite","@id":"https:\/\/psol50.org.br\/#website","url":"https:\/\/psol50.org.br\/","name":"PSOL 50","description":"Site oficial do Partido Socialismo e Liberdade","publisher":{"@id":"https:\/\/psol50.org.br\/#organization"},"alternateName":"PSOL50","potentialAction":[{"@type":"SearchAction","target":{"@type":"EntryPoint","urlTemplate":"https:\/\/psol50.org.br\/?s={search_term_string}"},"query-input":{"@type":"PropertyValueSpecification","valueRequired":true,"valueName":"search_term_string"}}],"inLanguage":"pt-BR"},{"@type":"Organization","@id":"https:\/\/psol50.org.br\/#organization","name":"PSOL 50","alternateName":"PSOL 50","url":"https:\/\/psol50.org.br\/","logo":{"@type":"ImageObject","inLanguage":"pt-BR","@id":"https:\/\/psol50.org.br\/#\/schema\/logo\/image\/","url":"https:\/\/psol50.org.br\/inc\/uploads\/2018\/07\/capa.png","contentUrl":"https:\/\/psol50.org.br\/inc\/uploads\/2018\/07\/capa.png","width":1350,"height":900,"caption":"PSOL 50"},"image":{"@id":"https:\/\/psol50.org.br\/#\/schema\/logo\/image\/"},"sameAs":["https:\/\/www.facebook.com\/psol50","https:\/\/x.com\/psol50","https:\/\/www.instagram.com\/psol50\/","https:\/\/www.youtube.com\/channel\/UC7SnJS5o1os7a6CaiNabzcg"]},{"@type":"Person","@id":"https:\/\/psol50.org.br\/#\/schema\/person\/475dfa57d0b815993c714c2e96491fcd","name":"Comunica\u00e7\u00e3o PSOL","image":{"@type":"ImageObject","inLanguage":"pt-BR","@id":"https:\/\/psol50.org.br\/#\/schema\/person\/image\/","url":"https:\/\/secure.gravatar.com\/avatar\/b34fc4f4e468a4e51785917065a3db57b841f5c95dba6ad8c73aaf8f66f8f9bf?s=96&d=mm&r=g","contentUrl":"https:\/\/secure.gravatar.com\/avatar\/b34fc4f4e468a4e51785917065a3db57b841f5c95dba6ad8c73aaf8f66f8f9bf?s=96&d=mm&r=g","caption":"Comunica\u00e7\u00e3o PSOL"}}]}},"_links":{"self":[{"href":"https:\/\/psol50.org.br\/rest\/wp\/v2\/posts\/17297","targetHints":{"allow":["GET"]}}],"collection":[{"href":"https:\/\/psol50.org.br\/rest\/wp\/v2\/posts"}],"about":[{"href":"https:\/\/psol50.org.br\/rest\/wp\/v2\/types\/post"}],"author":[{"embeddable":true,"href":"https:\/\/psol50.org.br\/rest\/wp\/v2\/users\/2"}],"replies":[{"embeddable":true,"href":"https:\/\/psol50.org.br\/rest\/wp\/v2\/comments?post=17297"}],"version-history":[{"count":0,"href":"https:\/\/psol50.org.br\/rest\/wp\/v2\/posts\/17297\/revisions"}],"wp:featuredmedia":[{"embeddable":true,"href":"https:\/\/psol50.org.br\/rest\/"}],"wp:attachment":[{"href":"https:\/\/psol50.org.br\/rest\/wp\/v2\/media?parent=17297"}],"wp:term":[{"taxonomy":"category","embeddable":true,"href":"https:\/\/psol50.org.br\/rest\/wp\/v2\/categories?post=17297"},{"taxonomy":"post_tag","embeddable":true,"href":"https:\/\/psol50.org.br\/rest\/wp\/v2\/tags?post=17297"}],"curies":[{"name":"wp","href":"https:\/\/api.w.org\/{rel}","templated":true}]}}