{"id":17298,"date":"2017-07-28T16:57:45","date_gmt":"2017-07-28T16:57:45","guid":{"rendered":"http:\/\/www.psol50.org.br\/?p=17298"},"modified":"2017-07-28T16:57:45","modified_gmt":"2017-07-28T16:57:45","slug":"psol-move-acao-contra-cortes-e-em-defesa-do-acesso-a-educacao-em-paranhos-ms","status":"publish","type":"post","link":"https:\/\/psol50.org.br\/psol-move-acao-contra-cortes-e-em-defesa-do-acesso-a-educacao-em-paranhos-ms\/","title":{"rendered":"PSOL move a\u00e7\u00e3o contra cortes e em defesa do acesso \u00e0 educa\u00e7\u00e3o em Paranhos-MS"},"content":{"rendered":"<p>Na \u00faltima segunda-feira (24), o PSOL foi ao Minist\u00e9rio P\u00fablico de Comarca de Sete Quedas para denunciar a situa\u00e7\u00e3o de estudantes do munic\u00edpio de Paranhos, no interior do Mato Grosso do Sul.<\/p>\n<p>A a\u00e7\u00e3o foi motivada ap\u00f3s o prefeito eleito de Paranhos, Dirceu Bettoni (PSDB), desativar um col\u00e9gio rural da regi\u00e3o, alegando &#8220;corte de custos&#8221; para se &#8220;enquadrar no \u00edndice de gastos com pagamento de sal\u00e1rios de servidores&#8221;. Assim, as crian\u00e7as agora precisam percorrer 25km, em uma rodovia estadual, com \u00f4nibus absolutamente prec\u00e1rios, para assistirem \u00e0s aulas. Al\u00e9m do perigo do trajeto, os pais temem\u00a0o baixo desempenho escolar devido ao tempo que ser\u00e1 gasto no transporte para a escola mais pr\u00f3xima.<\/p>\n<p>Os cidad\u00e3os da cidade se revoltaram com a medida e pediram ao prefeito que fossem realizados cortes em outras \u00e1reas que n\u00e3o a educa\u00e7\u00e3o, sem a necessidade de fechar escolas, mas Bettoni se mostrou intransigente, alegando que trata-se da &#8220;\u00fanica medida poss\u00edvel&#8221; para a conten\u00e7\u00e3o de gastos.<\/p>\n<p>Uma audi\u00eancia foi marcada para a pr\u00f3xima segunda (31), em que o prefeito e a secret\u00e1ria de Educa\u00e7\u00e3o comparecer\u00e3o frente aos pais e a Promotoria P\u00fablica de Sete Quedas, para as devidas justificativas. O PSOL seguir\u00e1 ao lado dos estudantes e em defesa da educa\u00e7\u00e3o.<\/p>\n","protected":false},"excerpt":{"rendered":"<p>Na \u00faltima segunda-feira (24), o PSOL foi ao Minist\u00e9rio P\u00fablico de Comarca de Sete Quedas para denunciar a situa\u00e7\u00e3o de estudantes do munic\u00edpio de Paranhos, no interior do Mato Grosso do Sul. A a\u00e7\u00e3o foi motivada ap\u00f3s o prefeito eleito de Paranhos, Dirceu Bettoni (PSDB), desativar um col\u00e9gio rural da regi\u00e3o, alegando &#8220;corte de custos&#8221; [&hellip;]<\/p>\n","protected":false},"author":2,"featured_media":16559,"comment_status":"open","ping_status":"open","sticky":false,"template":"","format":"standard","meta":{"_acf_changed":false,"footnotes":""},"categories":[654,6],"tags":[418,164,181,3418,1590,3419],"class_list":{"0":"post-17298","1":"post","2":"type-post","3":"status-publish","4":"format-standard","5":"has-post-thumbnail","7":"category-estados","8":"category-noticias","9":"tag-corte","10":"tag-educacao","11":"tag-mato-grosso-do-sul","12":"tag-paranhos","13":"tag-psdb","14":"tag-psol-ms"},"acf":[],"yoast_head":"<!-- This site is optimized with the Yoast SEO plugin v26.5 - https:\/\/yoast.com\/wordpress\/plugins\/seo\/ -->\n<title>PSOL move a\u00e7\u00e3o contra cortes e em defesa do acesso \u00e0 educa\u00e7\u00e3o em Paranhos-MS - PSOL 50<\/title>\n<meta name=\"robots\" content=\"index, follow, max-snippet:-1, max-image-preview:large, max-video-preview:-1\" \/>\n<link rel=\"canonical\" href=\"https:\/\/psol50.org.br\/psol-move-acao-contra-cortes-e-em-defesa-do-acesso-a-educacao-em-paranhos-ms\/\" \/>\n<meta property=\"og:locale\" content=\"pt_BR\" \/>\n<meta property=\"og:type\" content=\"article\" \/>\n<meta property=\"og:title\" content=\"PSOL move a\u00e7\u00e3o contra cortes e em defesa do acesso \u00e0 educa\u00e7\u00e3o em Paranhos-MS - PSOL 50\" \/>\n<meta property=\"og:description\" content=\"Na \u00faltima segunda-feira (24), o PSOL foi ao Minist\u00e9rio P\u00fablico de Comarca de Sete Quedas para denunciar a situa\u00e7\u00e3o de estudantes do munic\u00edpio de Paranhos, no interior do Mato Grosso do Sul. A a\u00e7\u00e3o foi motivada ap\u00f3s o prefeito eleito de Paranhos, Dirceu Bettoni (PSDB), desativar um col\u00e9gio rural da regi\u00e3o, alegando &#8220;corte de custos&#8221; [&hellip;]\" \/>\n<meta property=\"og:url\" content=\"https:\/\/psol50.org.br\/psol-move-acao-contra-cortes-e-em-defesa-do-acesso-a-educacao-em-paranhos-ms\/\" \/>\n<meta property=\"og:site_name\" content=\"PSOL 50\" \/>\n<meta property=\"article:publisher\" content=\"https:\/\/www.facebook.com\/psol50\" \/>\n<meta property=\"article:published_time\" content=\"2017-07-28T16:57:45+00:00\" \/>\n<meta property=\"og:image\" content=\"https:\/\/psol50.org.br\/inc\/uploads\/2018\/07\/capa.png\" \/>\n\t<meta property=\"og:image:width\" content=\"1350\" \/>\n\t<meta property=\"og:image:height\" content=\"900\" \/>\n\t<meta property=\"og:image:type\" content=\"image\/png\" \/>\n<meta name=\"author\" content=\"Comunica\u00e7\u00e3o PSOL\" \/>\n<meta name=\"twitter:card\" content=\"summary_large_image\" \/>\n<meta name=\"twitter:creator\" content=\"@psol50\" \/>\n<meta name=\"twitter:site\" content=\"@psol50\" \/>\n<meta name=\"twitter:label1\" content=\"Escrito por\" \/>\n\t<meta name=\"twitter:data1\" content=\"Comunica\u00e7\u00e3o PSOL\" \/>\n\t<meta name=\"twitter:label2\" content=\"Est. tempo de leitura\" \/>\n\t<meta name=\"twitter:data2\" content=\"1 minuto\" \/>\n<script type=\"application\/ld+json\" class=\"yoast-schema-graph\">{\"@context\":\"https:\/\/schema.org\",\"@graph\":[{\"@type\":\"Article\",\"@id\":\"https:\/\/psol50.org.br\/psol-move-acao-contra-cortes-e-em-defesa-do-acesso-a-educacao-em-paranhos-ms\/#article\",\"isPartOf\":{\"@id\":\"https:\/\/psol50.org.br\/psol-move-acao-contra-cortes-e-em-defesa-do-acesso-a-educacao-em-paranhos-ms\/\"},\"author\":{\"name\":\"Comunica\u00e7\u00e3o PSOL\",\"@id\":\"https:\/\/psol50.org.br\/#\/schema\/person\/475dfa57d0b815993c714c2e96491fcd\"},\"headline\":\"PSOL move a\u00e7\u00e3o contra cortes e em defesa do acesso \u00e0 educa\u00e7\u00e3o em Paranhos-MS\",\"datePublished\":\"2017-07-28T16:57:45+00:00\",\"mainEntityOfPage\":{\"@id\":\"https:\/\/psol50.org.br\/psol-move-acao-contra-cortes-e-em-defesa-do-acesso-a-educacao-em-paranhos-ms\/\"},\"wordCount\":242,\"commentCount\":0,\"publisher\":{\"@id\":\"https:\/\/psol50.org.br\/#organization\"},\"image\":{\"@id\":\"https:\/\/psol50.org.br\/psol-move-acao-contra-cortes-e-em-defesa-do-acesso-a-educacao-em-paranhos-ms\/#primaryimage\"},\"thumbnailUrl\":\"\",\"keywords\":[\"corte\",\"Educa\u00e7\u00e3o\",\"Mato Grosso do Sul\",\"Paranhos\",\"PSDB\",\"PSOL-MS\"],\"articleSection\":[\"Estados\",\"Not\u00edcias\"],\"inLanguage\":\"pt-BR\",\"potentialAction\":[{\"@type\":\"CommentAction\",\"name\":\"Comment\",\"target\":[\"https:\/\/psol50.org.br\/psol-move-acao-contra-cortes-e-em-defesa-do-acesso-a-educacao-em-paranhos-ms\/#respond\"]}]},{\"@type\":\"WebPage\",\"@id\":\"https:\/\/psol50.org.br\/psol-move-acao-contra-cortes-e-em-defesa-do-acesso-a-educacao-em-paranhos-ms\/\",\"url\":\"https:\/\/psol50.org.br\/psol-move-acao-contra-cortes-e-em-defesa-do-acesso-a-educacao-em-paranhos-ms\/\",\"name\":\"PSOL move a\u00e7\u00e3o contra cortes e em defesa do acesso \u00e0 educa\u00e7\u00e3o em Paranhos-MS - PSOL 50\",\"isPartOf\":{\"@id\":\"https:\/\/psol50.org.br\/#website\"},\"primaryImageOfPage\":{\"@id\":\"https:\/\/psol50.org.br\/psol-move-acao-contra-cortes-e-em-defesa-do-acesso-a-educacao-em-paranhos-ms\/#primaryimage\"},\"image\":{\"@id\":\"https:\/\/psol50.org.br\/psol-move-acao-contra-cortes-e-em-defesa-do-acesso-a-educacao-em-paranhos-ms\/#primaryimage\"},\"thumbnailUrl\":\"\",\"datePublished\":\"2017-07-28T16:57:45+00:00\",\"breadcrumb\":{\"@id\":\"https:\/\/psol50.org.br\/psol-move-acao-contra-cortes-e-em-defesa-do-acesso-a-educacao-em-paranhos-ms\/#breadcrumb\"},\"inLanguage\":\"pt-BR\",\"potentialAction\":[{\"@type\":\"ReadAction\",\"target\":[\"https:\/\/psol50.org.br\/psol-move-acao-contra-cortes-e-em-defesa-do-acesso-a-educacao-em-paranhos-ms\/\"]}]},{\"@type\":\"ImageObject\",\"inLanguage\":\"pt-BR\",\"@id\":\"https:\/\/psol50.org.br\/psol-move-acao-contra-cortes-e-em-defesa-do-acesso-a-educacao-em-paranhos-ms\/#primaryimage\",\"url\":\"\",\"contentUrl\":\"\"},{\"@type\":\"BreadcrumbList\",\"@id\":\"https:\/\/psol50.org.br\/psol-move-acao-contra-cortes-e-em-defesa-do-acesso-a-educacao-em-paranhos-ms\/#breadcrumb\",\"itemListElement\":[{\"@type\":\"ListItem\",\"position\":1,\"name\":\"In\u00edcio\",\"item\":\"https:\/\/psol50.org.br\/\"},{\"@type\":\"ListItem\",\"position\":2,\"name\":\"PSOL move a\u00e7\u00e3o contra cortes e em defesa do acesso \u00e0 educa\u00e7\u00e3o em Paranhos-MS\"}]},{\"@type\":\"WebSite\",\"@id\":\"https:\/\/psol50.org.br\/#website\",\"url\":\"https:\/\/psol50.org.br\/\",\"name\":\"PSOL 50\",\"description\":\"Site oficial do Partido Socialismo e Liberdade\",\"publisher\":{\"@id\":\"https:\/\/psol50.org.br\/#organization\"},\"alternateName\":\"PSOL50\",\"potentialAction\":[{\"@type\":\"SearchAction\",\"target\":{\"@type\":\"EntryPoint\",\"urlTemplate\":\"https:\/\/psol50.org.br\/?s={search_term_string}\"},\"query-input\":{\"@type\":\"PropertyValueSpecification\",\"valueRequired\":true,\"valueName\":\"search_term_string\"}}],\"inLanguage\":\"pt-BR\"},{\"@type\":\"Organization\",\"@id\":\"https:\/\/psol50.org.br\/#organization\",\"name\":\"PSOL 50\",\"alternateName\":\"PSOL 50\",\"url\":\"https:\/\/psol50.org.br\/\",\"logo\":{\"@type\":\"ImageObject\",\"inLanguage\":\"pt-BR\",\"@id\":\"https:\/\/psol50.org.br\/#\/schema\/logo\/image\/\",\"url\":\"https:\/\/psol50.org.br\/inc\/uploads\/2018\/07\/capa.png\",\"contentUrl\":\"https:\/\/psol50.org.br\/inc\/uploads\/2018\/07\/capa.png\",\"width\":1350,\"height\":900,\"caption\":\"PSOL 50\"},\"image\":{\"@id\":\"https:\/\/psol50.org.br\/#\/schema\/logo\/image\/\"},\"sameAs\":[\"https:\/\/www.facebook.com\/psol50\",\"https:\/\/x.com\/psol50\",\"https:\/\/www.instagram.com\/psol50\/\",\"https:\/\/www.youtube.com\/channel\/UC7SnJS5o1os7a6CaiNabzcg\"]},{\"@type\":\"Person\",\"@id\":\"https:\/\/psol50.org.br\/#\/schema\/person\/475dfa57d0b815993c714c2e96491fcd\",\"name\":\"Comunica\u00e7\u00e3o PSOL\",\"image\":{\"@type\":\"ImageObject\",\"inLanguage\":\"pt-BR\",\"@id\":\"https:\/\/psol50.org.br\/#\/schema\/person\/image\/\",\"url\":\"https:\/\/secure.gravatar.com\/avatar\/b34fc4f4e468a4e51785917065a3db57b841f5c95dba6ad8c73aaf8f66f8f9bf?s=96&d=mm&r=g\",\"contentUrl\":\"https:\/\/secure.gravatar.com\/avatar\/b34fc4f4e468a4e51785917065a3db57b841f5c95dba6ad8c73aaf8f66f8f9bf?s=96&d=mm&r=g\",\"caption\":\"Comunica\u00e7\u00e3o PSOL\"}}]}<\/script>\n<!-- \/ Yoast SEO plugin. -->","yoast_head_json":{"title":"PSOL move a\u00e7\u00e3o contra cortes e em defesa do acesso \u00e0 educa\u00e7\u00e3o em Paranhos-MS - PSOL 50","robots":{"index":"index","follow":"follow","max-snippet":"max-snippet:-1","max-image-preview":"max-image-preview:large","max-video-preview":"max-video-preview:-1"},"canonical":"https:\/\/psol50.org.br\/psol-move-acao-contra-cortes-e-em-defesa-do-acesso-a-educacao-em-paranhos-ms\/","og_locale":"pt_BR","og_type":"article","og_title":"PSOL move a\u00e7\u00e3o contra cortes e em defesa do acesso \u00e0 educa\u00e7\u00e3o em Paranhos-MS - PSOL 50","og_description":"Na \u00faltima segunda-feira (24), o PSOL foi ao Minist\u00e9rio P\u00fablico de Comarca de Sete Quedas para denunciar a situa\u00e7\u00e3o de estudantes do munic\u00edpio de Paranhos, no interior do Mato Grosso do Sul. A a\u00e7\u00e3o foi motivada ap\u00f3s o prefeito eleito de Paranhos, Dirceu Bettoni (PSDB), desativar um col\u00e9gio rural da regi\u00e3o, alegando &#8220;corte de custos&#8221; [&hellip;]","og_url":"https:\/\/psol50.org.br\/psol-move-acao-contra-cortes-e-em-defesa-do-acesso-a-educacao-em-paranhos-ms\/","og_site_name":"PSOL 50","article_publisher":"https:\/\/www.facebook.com\/psol50","article_published_time":"2017-07-28T16:57:45+00:00","og_image":[{"width":1350,"height":900,"url":"https:\/\/psol50.org.br\/inc\/uploads\/2018\/07\/capa.png","type":"image\/png"}],"author":"Comunica\u00e7\u00e3o PSOL","twitter_card":"summary_large_image","twitter_creator":"@psol50","twitter_site":"@psol50","twitter_misc":{"Escrito por":"Comunica\u00e7\u00e3o PSOL","Est. tempo de leitura":"1 minuto"},"schema":{"@context":"https:\/\/schema.org","@graph":[{"@type":"Article","@id":"https:\/\/psol50.org.br\/psol-move-acao-contra-cortes-e-em-defesa-do-acesso-a-educacao-em-paranhos-ms\/#article","isPartOf":{"@id":"https:\/\/psol50.org.br\/psol-move-acao-contra-cortes-e-em-defesa-do-acesso-a-educacao-em-paranhos-ms\/"},"author":{"name":"Comunica\u00e7\u00e3o PSOL","@id":"https:\/\/psol50.org.br\/#\/schema\/person\/475dfa57d0b815993c714c2e96491fcd"},"headline":"PSOL move a\u00e7\u00e3o contra cortes e em defesa do acesso \u00e0 educa\u00e7\u00e3o em Paranhos-MS","datePublished":"2017-07-28T16:57:45+00:00","mainEntityOfPage":{"@id":"https:\/\/psol50.org.br\/psol-move-acao-contra-cortes-e-em-defesa-do-acesso-a-educacao-em-paranhos-ms\/"},"wordCount":242,"commentCount":0,"publisher":{"@id":"https:\/\/psol50.org.br\/#organization"},"image":{"@id":"https:\/\/psol50.org.br\/psol-move-acao-contra-cortes-e-em-defesa-do-acesso-a-educacao-em-paranhos-ms\/#primaryimage"},"thumbnailUrl":"","keywords":["corte","Educa\u00e7\u00e3o","Mato Grosso do Sul","Paranhos","PSDB","PSOL-MS"],"articleSection":["Estados","Not\u00edcias"],"inLanguage":"pt-BR","potentialAction":[{"@type":"CommentAction","name":"Comment","target":["https:\/\/psol50.org.br\/psol-move-acao-contra-cortes-e-em-defesa-do-acesso-a-educacao-em-paranhos-ms\/#respond"]}]},{"@type":"WebPage","@id":"https:\/\/psol50.org.br\/psol-move-acao-contra-cortes-e-em-defesa-do-acesso-a-educacao-em-paranhos-ms\/","url":"https:\/\/psol50.org.br\/psol-move-acao-contra-cortes-e-em-defesa-do-acesso-a-educacao-em-paranhos-ms\/","name":"PSOL move a\u00e7\u00e3o contra cortes e em defesa do acesso \u00e0 educa\u00e7\u00e3o em Paranhos-MS - PSOL 50","isPartOf":{"@id":"https:\/\/psol50.org.br\/#website"},"primaryImageOfPage":{"@id":"https:\/\/psol50.org.br\/psol-move-acao-contra-cortes-e-em-defesa-do-acesso-a-educacao-em-paranhos-ms\/#primaryimage"},"image":{"@id":"https:\/\/psol50.org.br\/psol-move-acao-contra-cortes-e-em-defesa-do-acesso-a-educacao-em-paranhos-ms\/#primaryimage"},"thumbnailUrl":"","datePublished":"2017-07-28T16:57:45+00:00","breadcrumb":{"@id":"https:\/\/psol50.org.br\/psol-move-acao-contra-cortes-e-em-defesa-do-acesso-a-educacao-em-paranhos-ms\/#breadcrumb"},"inLanguage":"pt-BR","potentialAction":[{"@type":"ReadAction","target":["https:\/\/psol50.org.br\/psol-move-acao-contra-cortes-e-em-defesa-do-acesso-a-educacao-em-paranhos-ms\/"]}]},{"@type":"ImageObject","inLanguage":"pt-BR","@id":"https:\/\/psol50.org.br\/psol-move-acao-contra-cortes-e-em-defesa-do-acesso-a-educacao-em-paranhos-ms\/#primaryimage","url":"","contentUrl":""},{"@type":"BreadcrumbList","@id":"https:\/\/psol50.org.br\/psol-move-acao-contra-cortes-e-em-defesa-do-acesso-a-educacao-em-paranhos-ms\/#breadcrumb","itemListElement":[{"@type":"ListItem","position":1,"name":"In\u00edcio","item":"https:\/\/psol50.org.br\/"},{"@type":"ListItem","position":2,"name":"PSOL move a\u00e7\u00e3o contra cortes e em defesa do acesso \u00e0 educa\u00e7\u00e3o em Paranhos-MS"}]},{"@type":"WebSite","@id":"https:\/\/psol50.org.br\/#website","url":"https:\/\/psol50.org.br\/","name":"PSOL 50","description":"Site oficial do Partido Socialismo e Liberdade","publisher":{"@id":"https:\/\/psol50.org.br\/#organization"},"alternateName":"PSOL50","potentialAction":[{"@type":"SearchAction","target":{"@type":"EntryPoint","urlTemplate":"https:\/\/psol50.org.br\/?s={search_term_string}"},"query-input":{"@type":"PropertyValueSpecification","valueRequired":true,"valueName":"search_term_string"}}],"inLanguage":"pt-BR"},{"@type":"Organization","@id":"https:\/\/psol50.org.br\/#organization","name":"PSOL 50","alternateName":"PSOL 50","url":"https:\/\/psol50.org.br\/","logo":{"@type":"ImageObject","inLanguage":"pt-BR","@id":"https:\/\/psol50.org.br\/#\/schema\/logo\/image\/","url":"https:\/\/psol50.org.br\/inc\/uploads\/2018\/07\/capa.png","contentUrl":"https:\/\/psol50.org.br\/inc\/uploads\/2018\/07\/capa.png","width":1350,"height":900,"caption":"PSOL 50"},"image":{"@id":"https:\/\/psol50.org.br\/#\/schema\/logo\/image\/"},"sameAs":["https:\/\/www.facebook.com\/psol50","https:\/\/x.com\/psol50","https:\/\/www.instagram.com\/psol50\/","https:\/\/www.youtube.com\/channel\/UC7SnJS5o1os7a6CaiNabzcg"]},{"@type":"Person","@id":"https:\/\/psol50.org.br\/#\/schema\/person\/475dfa57d0b815993c714c2e96491fcd","name":"Comunica\u00e7\u00e3o PSOL","image":{"@type":"ImageObject","inLanguage":"pt-BR","@id":"https:\/\/psol50.org.br\/#\/schema\/person\/image\/","url":"https:\/\/secure.gravatar.com\/avatar\/b34fc4f4e468a4e51785917065a3db57b841f5c95dba6ad8c73aaf8f66f8f9bf?s=96&d=mm&r=g","contentUrl":"https:\/\/secure.gravatar.com\/avatar\/b34fc4f4e468a4e51785917065a3db57b841f5c95dba6ad8c73aaf8f66f8f9bf?s=96&d=mm&r=g","caption":"Comunica\u00e7\u00e3o PSOL"}}]}},"_links":{"self":[{"href":"https:\/\/psol50.org.br\/rest\/wp\/v2\/posts\/17298","targetHints":{"allow":["GET"]}}],"collection":[{"href":"https:\/\/psol50.org.br\/rest\/wp\/v2\/posts"}],"about":[{"href":"https:\/\/psol50.org.br\/rest\/wp\/v2\/types\/post"}],"author":[{"embeddable":true,"href":"https:\/\/psol50.org.br\/rest\/wp\/v2\/users\/2"}],"replies":[{"embeddable":true,"href":"https:\/\/psol50.org.br\/rest\/wp\/v2\/comments?post=17298"}],"version-history":[{"count":0,"href":"https:\/\/psol50.org.br\/rest\/wp\/v2\/posts\/17298\/revisions"}],"wp:featuredmedia":[{"embeddable":true,"href":"https:\/\/psol50.org.br\/rest\/"}],"wp:attachment":[{"href":"https:\/\/psol50.org.br\/rest\/wp\/v2\/media?parent=17298"}],"wp:term":[{"taxonomy":"category","embeddable":true,"href":"https:\/\/psol50.org.br\/rest\/wp\/v2\/categories?post=17298"},{"taxonomy":"post_tag","embeddable":true,"href":"https:\/\/psol50.org.br\/rest\/wp\/v2\/tags?post=17298"}],"curies":[{"name":"wp","href":"https:\/\/api.w.org\/{rel}","templated":true}]}}