{"id":1731,"date":"2012-02-29T00:00:00","date_gmt":"2012-02-29T00:00:00","guid":{"rendered":"http:\/\/psol50.org.br\/arquivo\/2012\/02\/29\/entrevista-com-professor-toninho-pre-candidato-do-psol-a-prefeitura-de-embu-das-artes\/"},"modified":"2012-02-29T00:00:00","modified_gmt":"2012-02-29T00:00:00","slug":"entrevista-com-professor-toninho-pre-candidato-do-psol-a-prefeitura-de-embu-das-artes","status":"publish","type":"post","link":"https:\/\/psol50.org.br\/entrevista-com-professor-toninho-pre-candidato-do-psol-a-prefeitura-de-embu-das-artes\/","title":{"rendered":"Entrevista com Professor Toninho, pr\u00e9 candidato do PSOL \u00e0 prefeitura de Embu das Artes"},"content":{"rendered":"<p style=\"text-align: justify\"><strong><em><a href=\"http:\/\/psol50.org.br\/blog\/2012\/02\/29\/entrevista-com-professor-toninho-pre-candidato-do-psol-a-prefeitura-de-embu-das-artes\/professortoninho\/\" rel=\"attachment wp-att-13968\"><img loading=\"lazy\" decoding=\"async\" class=\"alignleft size-full wp-image-13968\" src=\"http:\/\/psol50.org.br\/files\/2012\/02\/ProfessorToninho.jpg\" alt=\"\" width=\"320\" height=\"281\" \/><\/a>Joana D&#8217;arc entrevista Professor Toninho, casado, 2 filhos, formado em Hist\u00f3ria pela USP, professor da rede estadual de ensino h\u00e1 23 anos.Cumpriu tr\u00eas mandatos\u00a0 atuando como vereador em Embu das Artes, \u00e9 filiado e militante do Partido Socialismo e Liberdade (PSOL) e do Circulo Palmarino (Corrente Nacional do Movimento Negro). E dono do blog: <a href=\"http:\/\/professortoninho50.blogspot.com\/\">http:\/\/professortoninho50.blogspot.com\/<\/a> .<\/em><\/strong><\/p>\n<p style=\"text-align: justify\"><strong>1- O que motivou voc\u00ea entrar na politica?<\/strong><\/p>\n<p style=\"text-align: justify\">Cheguei a S\u00e3o Paulo em 1978. Vindo de Minas Gerais. Nesse mesmo ano, embora muito jovem, 14 anos de Idade. Me chamava muito aten\u00e7\u00e3o as not\u00edcias pol\u00edticas. Era ditadura militar. Fim do Governo do General Ernesto Geisel. O General Jo\u00e3o Batista Fiqueiredo foi o presidente a partir de 1979. O Brasil vivia uma grande agita\u00e7\u00e3o pol\u00edtica. Em 1980 fui trabalhar no centro de S\u00e3o Paulo como office-boy. As ruas da cidade era uma agita\u00e7\u00e3o s\u00f3. Greves de metal\u00fargicos, banc\u00e1rios, manifesta\u00e7\u00f5es dos movimentos populares etc. Vivi nesse ambiente de agita\u00e7\u00e3o pol\u00edtica por\u00a0 sete anos. Essa experi\u00eancia foi decisiva na minha forma\u00e7\u00e3o pol\u00edtica. Nesse mesmo per\u00edodo foram fundados o PT e CUT. Percebi que aqueles movimentos era por direitos e justi\u00e7a social.Me identiquei com aqueles personagens an\u00f4nimos na hist\u00f3ria pol\u00edtica. Eram Marias, jos\u00e9s, Severinos, Luiz e tantos trabalhadores que impunham a sua voz, exigindo direitos sociais e liberdade pol\u00edtica. J\u00e1 em 1985 fui fundador do Gr\u00eamio Livre da EE Fern\u00e3o Dias Paes, onde cursava o 2\u00ba ano do Ensino M\u00e9dio, eleito diretor cultural.J\u00e1 morava no Embu desde 1982. Nosso transporte coletivo caro e sem qualidade. Aquilo mexia comigo. Ficava muito indignado. J\u00e1 1987 fui fundador da Sociedade Amigos do Jd. Taima e depois da Uni\u00e3o Amigos do Jd. Taima. Passei a lutar junto com minha comunidade pela melhoria do nosso bairro e dos servi\u00e7os de nossa cidade.Mesmo ano em que comecei a lecionar aqui no Embu, na EE Alexandrina Bassith. Logo me filiei no Sindicato dos Professores. Em 1988 me filiei no PT. Passei a combinar luta social e constru\u00e7\u00e3o partid\u00e1ria. Meu envolvimento pol\u00edtico era total. Portanto minha entrada na politica foi por querer ser um cidad\u00e3o ativo na sociedade, na luta por um pa\u00eds melhor. Acredito que minha consci\u00eancia pol\u00edtica se deu numa rela\u00e7ao bem articulada entre pr\u00e1tica e teoria.\u00a0 No ano de\u00a0 1992 fui candidato a vereador e fui eleito j\u00e1 na primeira vez.Depois conquistei mais dois mandatos. Sempre entendi que eu n\u00e3o era apenas um vereador. Era um militante social, um socialista no parlamento. Tanto \u00e9 que quando percebi , junto com outros companheiros que o PT tinha mudado de lado, sa\u00ed do Partido e deixei de ser lider do governo Geraldo Cruz na C\u00e2mara\u00a0 para ser oposi\u00e7\u00e3o e construir um outro instrumento de luta pela transforma\u00e7\u00e3o social a partir de 2005, o PSOL.<\/p>\n<p style=\"text-align: justify\"><strong>2- Toda profiss\u00e3o tem seus desafios, como voc\u00ea v\u00ea os seus?<\/strong><\/p>\n<p style=\"text-align: justify\">Minha profiss\u00e3o \u00e9 professor. Minha participa\u00e7\u00e3o pol\u00edtica no PSOL ou nos movimentos sociais n\u00e3o \u00e9 uma profiss\u00e3o. \u00c9 um dever e um direito de cidad\u00e3o. Essa participa\u00e7\u00e3o tem v\u00e1rios desafios. A realidade nos provoca todos os dias. Essa provoca\u00e7\u00e3o \u00e9 um convite a combater todos os tipos de injusti\u00e7a. Por\u00e9m o maior desafio \u00e9 fazer pol\u00edtica como um instrumento pedag\u00f3gico. Nossas interven\u00e7\u00f5es pol\u00edticas devem buscar ser sempre coletivas. Devemos buscar colocar milhares de pessoas em marcha contra a sociedade capitalista. Contra as injusti\u00e7as sociais.\u00a0 Esse \u00e9 o maior desafio. Temos uma tradi\u00e7\u00e3o autorit\u00e1ria. Nunca tivemos no Brasil uma cultura democr\u00e1tica de est\u00edmulo \u00e0 participa\u00e7\u00e3o popular. Nossa cultura \u00e9 patrimonialista, uma vez que a coisa p\u00fablica est\u00e1 sempre, via de regra, a servi\u00e7os de particulares. Assim nossa participa\u00e7\u00e3o deve buscar resultados concretos, mas sobretudo educar o povo pol\u00edticamente, pois a mudan\u00e7a social, econ\u00f4mica, pol\u00edtica\u00a0 e cultural no Brasil ser\u00e1 obra de milh\u00f5es de brasileiros e brasileiras conscientes de seus direitos e deveres. A maior e melhor obra na hist\u00f3ria de uma na\u00e7\u00e3o \u00e9 a educa\u00e7\u00e3o no sentido lato da palavra. Minha participa\u00e7\u00e3o pol\u00edtica \u00e9 pauta nesse sentido.<\/p>\n<p style=\"text-align: justify\"><strong>3- Para voc\u00ea, o Brasil \u00e9 um pa\u00eds de poucos leitores, ou essa verdade est\u00e1 mudando?<\/strong><\/p>\n<p style=\"text-align: justify\">O Brasil possui 16 milh\u00f5es de analfabetos. 70% da nossa popula\u00e7\u00e3o economicamente ativa \u00e9 composta de analfabetos funcionais. S\u00e3o cidad\u00e3os\u00a0 com apenas\u00a0 at\u00e9 quatro anos de escolaridade.\u00a0 Esses dados s\u00e3o reveladores da realidade brasileira. \u00c9 ineg\u00e1vel que tem ampliado o acesso dos brasileiros \u00e0 educa\u00e7\u00e3o, por\u00e9m estamos longe de atingirmos \u00edndices satisfat\u00f3rios de leitores. A raz\u00e3o disso \u00e9 o baixo investimento em educa\u00e7\u00e3o no Brasil. A aplica\u00e7\u00e3o dos recursos p\u00fablicos na educa\u00e7\u00e3o brasileira n\u00e3o chega a 5% do PIB (produto interno bruto). O que causa indigna\u00e7\u00e3o \u00e9 que o Brasil destina 45% de seu or\u00e7amento anual para o capital financeiro, pagando juros e amortiza\u00e7\u00f5es da d\u00edvida p\u00fablica. Est\u00e1 em curso um grande movimento em defesa de investimento de 10% do PIB na educa\u00e7\u00e3o brasileira. Caso sejamos vitoriosos com a aprova\u00e7\u00e3o do Plano Nacional de Educa\u00e7\u00e3o com essa proposta, futuramento comemoraremos o aumento substancial de leitores no Brasil. O que significa mais cidadania.<\/p>\n<p style=\"text-align: justify\"><strong>4- O filosofo Jean-Jacques Rosseau diz que : &#8220;O homem nasce bom e a sociedade o corrompe.&#8221; Voc\u00ea concorda com o filosofo?<\/strong><\/p>\n<p style=\"text-align: justify\">Considero a afirma\u00e7\u00e3o de Rousseau muito pertinente. O meio ambiente inflencia muito o Homem. O Homem modifica o meio ambiente e dialeticamente o meio ambiente modifica o Homem. Por\u00e9m n\u00e3o devemos ver essa rela\u00e7\u00e3o de forma mec\u00e2nica, determinista. Temos outros fatores que devem ser considerados um deles \u00e9 o gen\u00e9tico.<\/p>\n<p style=\"text-align: justify\"><strong>5- Eu n\u00e3o votei na Dilma Rousseff, mas fiquei feliz por uma mulher estar no poder. O que voc\u00ea est\u00e1 achando do governo dela?<\/strong><\/p>\n<p style=\"text-align: justify\">O governo Dilma mantem o padr\u00e3o do governo Lula. Acena para os pobres com as pol\u00edticas sociais e para os ricos com privatiza\u00e7\u00f5es e taxas de juros que fazem qualquer capitalista do setor financeiro dar gargalhadas de prazer. \u00c9 um governo do PT mas governa como o PSDB. \u00c9 um governo neoliberal. N\u00e3o realiza as mudan\u00e7as estruturais necess\u00e1rias para o Brasil. N\u00e3o faz reforma agr\u00e1ria; transfere volumosos recursos para os banqueiros atrav\u00e9s do pagamento de juros e amortiza\u00e7\u00f5es da d\u00edvida publica. O Brasil avan\u00e7a para a 6\u00aa economia mundial, por\u00e9m o nosso IDH est\u00e1 em 84\u00ba lugar no ranking mundial. Isso s\u00f3 \u00e9 poss\u00edvel com a manuten\u00e7\u00e3o de nossas hist\u00f3ricas desigualdades. O governo Dilma n\u00e3o caminha para superar essa situa\u00e7\u00e3o. Por isso sou cr\u00edtico ao seu governo. Quanto ao fato de termos uma mulher na presid\u00eancia considero positivo apenas simbolicamente.<\/p>\n<p style=\"text-align: justify\"><strong>6- Em 2.011, o Governo de Embu das Artes criou o IPTU PREMIADO. O que voc\u00ea acha disso?<\/strong><\/p>\n<p style=\"text-align: justify\">O IPTU premiado n\u00e3o \u00e9 novidade no Embu. O governo de Garaldo Puccini (1993-1996) \u00e9 que criou essa brincadeira com o povo. Mais parece o ba\u00fa da felicidade. Uma tremenda demagogia. N\u00e3o disso que o povo precisa. O povo possui direitos \u00e0 sa\u00fade, educa\u00e7\u00e3o, assist\u00eancia social etc. Cabe ao governo respeitar esses direitos\u00a0 e cumprir com suas obriga\u00e7\u00f5es devolvendo o dinheiro do IPTU em obras e pol\u00edticas p\u00fablicas.<\/p>\n<p style=\"text-align: justify\"><strong>7- Voc\u00ea foi, durante um bom tempo Vereador, porque resolveu ser Candidato a Prefeito?<\/strong><\/p>\n<p style=\"text-align: justify\">Sou pr\u00e9- candidato a prefeito para dar um bastan nesse desgoveno de Embu. Uma cidade com uma arrecada\u00e7\u00e3o prevista de 422 milh\u00f5es de reais n\u00e3o pode conviver com falta de sa\u00fade p\u00fablica de qualidade; n\u00e3o pode aceitar a falta de creches para milhares de crian\u00e7as; n\u00e3o pode aceitar que esses recursos sejam destinados a atender interesses corruptos das empreiteiras, em conluio com agentes p\u00fablicos de nossa cidade. Minha pr\u00e9-candidatura \u00e9 tamb\u00e9m para garantir democracia em nossa cidade. O povo n\u00e3o tem tido acesso \u00e0s informa\u00e7\u00f5es sobre as aplica\u00e7\u00f5es dos recursos p\u00fablicos. O governo dificulta essas informa\u00e7\u00f5es. A juventude de Embu precisa de pol\u00edticas p\u00fablicas que garantem lazer, esportes, forma\u00e7\u00e3o cultural, forma\u00e7\u00e3o profissional e participa\u00e7\u00e3o cidad\u00e3 nos destinos da cidade. O povo em geral deve ser protagonista num governo verdadeiramente democr\u00e1tico. Somente a participa\u00e7\u00e3o popular colocar\u00e1 fim na destui\u00e7\u00e3o do meio ambiente em nosso cidade e garantir\u00e1 o desenvolvimento sustent\u00e1vel. Vamos inverter as prioridades\u00a0 na cidade de Embu com um governo democr\u00e1tico e popular. Minha experi\u00eancia de mais de 12 anos como vereador em Embu, mod\u00e9stia parte me qualifica para essas tarefas.<\/p>\n<p style=\"text-align: justify\"><strong>8-\u00a0 Deixe uma mensagem para os leitores.<\/strong><\/p>\n<p style=\"text-align: justify\">A mensagem que deixo para o leitores \u00e9 de esperan\u00e7a.\u00a0 Esperan\u00e7a ativa. Esperan\u00e7a na participa\u00e7\u00e3o popular. Cada vez mais os cidad\u00e3os devem procurar se informar sobre os assuntos de sua cidade. Devemos aproveitar as facilidades que as redes sociais nos propiciam tanto para nos informar, mas tamb\u00e9m para denunciar as mazelas da sociedade. Quem denuncia n\u00e3o est\u00e1 sozinho. Somente a luta trar\u00e1 mudan\u00e7as. Minha esperan\u00e7a \u00e9 na organiza\u00e7\u00e3o do povo e na luta popular. Ax\u00e9. Muito obrigado.<\/p>\n<p style=\"text-align: justify\">Para mais informa\u00e7\u00e3o: <a href=\"http:\/\/psol50sp.org.br\/embu\/\"><strong>http:\/\/psol50sp.org.br\/embu\/<\/strong> <\/a><\/p>\n","protected":false},"excerpt":{"rendered":"<p>Joana D&#8217;arc entrevista Professor Toninho, casado, 2 filhos, formado em Hist\u00f3ria pela USP, professor da rede estadual de ensino h\u00e1 23 anos.Cumpriu tr\u00eas mandatos\u00a0 atuando como vereador em Embu das Artes, \u00e9 filiado e militante do Partido Socialismo e Liberdade (PSOL) e do Circulo Palmarino (Corrente Nacional do Movimento Negro). E dono do blog: http:\/\/professortoninho50.blogspot.com\/ [&hellip;]<\/p>\n","protected":false},"author":2,"featured_media":0,"comment_status":"open","ping_status":"open","sticky":false,"template":"","format":"standard","meta":{"_acf_changed":false,"footnotes":""},"categories":[4766],"tags":[22],"class_list":{"0":"post-1731","1":"post","2":"type-post","3":"status-publish","4":"format-standard","6":"category-arquivo","7":"tag-psol"},"acf":[],"yoast_head":"<!-- This site is optimized with the Yoast SEO plugin v26.5 - https:\/\/yoast.com\/wordpress\/plugins\/seo\/ -->\n<title>Entrevista com Professor Toninho, pr\u00e9 candidato do PSOL \u00e0 prefeitura de Embu das Artes - PSOL 50<\/title>\n<meta name=\"robots\" content=\"index, follow, max-snippet:-1, max-image-preview:large, max-video-preview:-1\" \/>\n<link rel=\"canonical\" href=\"https:\/\/psol50.org.br\/entrevista-com-professor-toninho-pre-candidato-do-psol-a-prefeitura-de-embu-das-artes\/\" \/>\n<meta property=\"og:locale\" content=\"pt_BR\" \/>\n<meta property=\"og:type\" content=\"article\" \/>\n<meta property=\"og:title\" content=\"Entrevista com Professor Toninho, pr\u00e9 candidato do PSOL \u00e0 prefeitura de Embu das Artes - PSOL 50\" \/>\n<meta property=\"og:description\" content=\"Joana D&#8217;arc entrevista Professor Toninho, casado, 2 filhos, formado em Hist\u00f3ria pela USP, professor da rede estadual de ensino h\u00e1 23 anos.Cumpriu tr\u00eas mandatos\u00a0 atuando como vereador em Embu das Artes, \u00e9 filiado e militante do Partido Socialismo e Liberdade (PSOL) e do Circulo Palmarino (Corrente Nacional do Movimento Negro). E dono do blog: http:\/\/professortoninho50.blogspot.com\/ [&hellip;]\" \/>\n<meta property=\"og:url\" content=\"https:\/\/psol50.org.br\/entrevista-com-professor-toninho-pre-candidato-do-psol-a-prefeitura-de-embu-das-artes\/\" \/>\n<meta property=\"og:site_name\" content=\"PSOL 50\" \/>\n<meta property=\"article:publisher\" content=\"https:\/\/www.facebook.com\/psol50\" \/>\n<meta property=\"article:published_time\" content=\"2012-02-29T00:00:00+00:00\" \/>\n<meta property=\"og:image\" content=\"http:\/\/psol50.org.br\/files\/2012\/02\/ProfessorToninho.jpg\" \/>\n<meta name=\"author\" content=\"Comunica\u00e7\u00e3o PSOL\" \/>\n<meta name=\"twitter:card\" content=\"summary_large_image\" \/>\n<meta name=\"twitter:creator\" content=\"@psol50\" \/>\n<meta name=\"twitter:site\" content=\"@psol50\" \/>\n<meta name=\"twitter:label1\" content=\"Escrito por\" \/>\n\t<meta name=\"twitter:data1\" content=\"Comunica\u00e7\u00e3o PSOL\" \/>\n\t<meta name=\"twitter:label2\" content=\"Est. tempo de leitura\" \/>\n\t<meta name=\"twitter:data2\" content=\"8 minutos\" \/>\n<script type=\"application\/ld+json\" class=\"yoast-schema-graph\">{\"@context\":\"https:\/\/schema.org\",\"@graph\":[{\"@type\":\"Article\",\"@id\":\"https:\/\/psol50.org.br\/entrevista-com-professor-toninho-pre-candidato-do-psol-a-prefeitura-de-embu-das-artes\/#article\",\"isPartOf\":{\"@id\":\"https:\/\/psol50.org.br\/entrevista-com-professor-toninho-pre-candidato-do-psol-a-prefeitura-de-embu-das-artes\/\"},\"author\":{\"name\":\"Comunica\u00e7\u00e3o PSOL\",\"@id\":\"https:\/\/psol50.org.br\/#\/schema\/person\/475dfa57d0b815993c714c2e96491fcd\"},\"headline\":\"Entrevista com Professor Toninho, pr\u00e9 candidato do PSOL \u00e0 prefeitura de Embu das Artes\",\"datePublished\":\"2012-02-29T00:00:00+00:00\",\"mainEntityOfPage\":{\"@id\":\"https:\/\/psol50.org.br\/entrevista-com-professor-toninho-pre-candidato-do-psol-a-prefeitura-de-embu-das-artes\/\"},\"wordCount\":1570,\"commentCount\":0,\"publisher\":{\"@id\":\"https:\/\/psol50.org.br\/#organization\"},\"image\":{\"@id\":\"https:\/\/psol50.org.br\/entrevista-com-professor-toninho-pre-candidato-do-psol-a-prefeitura-de-embu-das-artes\/#primaryimage\"},\"thumbnailUrl\":\"http:\/\/psol50.org.br\/files\/2012\/02\/ProfessorToninho.jpg\",\"keywords\":[\"PSOL\"],\"articleSection\":[\"Arquivo\"],\"inLanguage\":\"pt-BR\",\"potentialAction\":[{\"@type\":\"CommentAction\",\"name\":\"Comment\",\"target\":[\"https:\/\/psol50.org.br\/entrevista-com-professor-toninho-pre-candidato-do-psol-a-prefeitura-de-embu-das-artes\/#respond\"]}]},{\"@type\":\"WebPage\",\"@id\":\"https:\/\/psol50.org.br\/entrevista-com-professor-toninho-pre-candidato-do-psol-a-prefeitura-de-embu-das-artes\/\",\"url\":\"https:\/\/psol50.org.br\/entrevista-com-professor-toninho-pre-candidato-do-psol-a-prefeitura-de-embu-das-artes\/\",\"name\":\"Entrevista com Professor Toninho, pr\u00e9 candidato do PSOL \u00e0 prefeitura de Embu das Artes - PSOL 50\",\"isPartOf\":{\"@id\":\"https:\/\/psol50.org.br\/#website\"},\"primaryImageOfPage\":{\"@id\":\"https:\/\/psol50.org.br\/entrevista-com-professor-toninho-pre-candidato-do-psol-a-prefeitura-de-embu-das-artes\/#primaryimage\"},\"image\":{\"@id\":\"https:\/\/psol50.org.br\/entrevista-com-professor-toninho-pre-candidato-do-psol-a-prefeitura-de-embu-das-artes\/#primaryimage\"},\"thumbnailUrl\":\"http:\/\/psol50.org.br\/files\/2012\/02\/ProfessorToninho.jpg\",\"datePublished\":\"2012-02-29T00:00:00+00:00\",\"breadcrumb\":{\"@id\":\"https:\/\/psol50.org.br\/entrevista-com-professor-toninho-pre-candidato-do-psol-a-prefeitura-de-embu-das-artes\/#breadcrumb\"},\"inLanguage\":\"pt-BR\",\"potentialAction\":[{\"@type\":\"ReadAction\",\"target\":[\"https:\/\/psol50.org.br\/entrevista-com-professor-toninho-pre-candidato-do-psol-a-prefeitura-de-embu-das-artes\/\"]}]},{\"@type\":\"ImageObject\",\"inLanguage\":\"pt-BR\",\"@id\":\"https:\/\/psol50.org.br\/entrevista-com-professor-toninho-pre-candidato-do-psol-a-prefeitura-de-embu-das-artes\/#primaryimage\",\"url\":\"http:\/\/psol50.org.br\/files\/2012\/02\/ProfessorToninho.jpg\",\"contentUrl\":\"http:\/\/psol50.org.br\/files\/2012\/02\/ProfessorToninho.jpg\"},{\"@type\":\"BreadcrumbList\",\"@id\":\"https:\/\/psol50.org.br\/entrevista-com-professor-toninho-pre-candidato-do-psol-a-prefeitura-de-embu-das-artes\/#breadcrumb\",\"itemListElement\":[{\"@type\":\"ListItem\",\"position\":1,\"name\":\"In\u00edcio\",\"item\":\"https:\/\/psol50.org.br\/\"},{\"@type\":\"ListItem\",\"position\":2,\"name\":\"Entrevista com Professor Toninho, pr\u00e9 candidato do PSOL \u00e0 prefeitura de Embu das Artes\"}]},{\"@type\":\"WebSite\",\"@id\":\"https:\/\/psol50.org.br\/#website\",\"url\":\"https:\/\/psol50.org.br\/\",\"name\":\"PSOL 50\",\"description\":\"Site oficial do Partido Socialismo e Liberdade\",\"publisher\":{\"@id\":\"https:\/\/psol50.org.br\/#organization\"},\"alternateName\":\"PSOL50\",\"potentialAction\":[{\"@type\":\"SearchAction\",\"target\":{\"@type\":\"EntryPoint\",\"urlTemplate\":\"https:\/\/psol50.org.br\/?s={search_term_string}\"},\"query-input\":{\"@type\":\"PropertyValueSpecification\",\"valueRequired\":true,\"valueName\":\"search_term_string\"}}],\"inLanguage\":\"pt-BR\"},{\"@type\":\"Organization\",\"@id\":\"https:\/\/psol50.org.br\/#organization\",\"name\":\"PSOL 50\",\"alternateName\":\"PSOL 50\",\"url\":\"https:\/\/psol50.org.br\/\",\"logo\":{\"@type\":\"ImageObject\",\"inLanguage\":\"pt-BR\",\"@id\":\"https:\/\/psol50.org.br\/#\/schema\/logo\/image\/\",\"url\":\"https:\/\/psol50.org.br\/inc\/uploads\/2018\/07\/capa.png\",\"contentUrl\":\"https:\/\/psol50.org.br\/inc\/uploads\/2018\/07\/capa.png\",\"width\":1350,\"height\":900,\"caption\":\"PSOL 50\"},\"image\":{\"@id\":\"https:\/\/psol50.org.br\/#\/schema\/logo\/image\/\"},\"sameAs\":[\"https:\/\/www.facebook.com\/psol50\",\"https:\/\/x.com\/psol50\",\"https:\/\/www.instagram.com\/psol50\/\",\"https:\/\/www.youtube.com\/channel\/UC7SnJS5o1os7a6CaiNabzcg\"]},{\"@type\":\"Person\",\"@id\":\"https:\/\/psol50.org.br\/#\/schema\/person\/475dfa57d0b815993c714c2e96491fcd\",\"name\":\"Comunica\u00e7\u00e3o PSOL\",\"image\":{\"@type\":\"ImageObject\",\"inLanguage\":\"pt-BR\",\"@id\":\"https:\/\/psol50.org.br\/#\/schema\/person\/image\/\",\"url\":\"https:\/\/secure.gravatar.com\/avatar\/b34fc4f4e468a4e51785917065a3db57b841f5c95dba6ad8c73aaf8f66f8f9bf?s=96&d=mm&r=g\",\"contentUrl\":\"https:\/\/secure.gravatar.com\/avatar\/b34fc4f4e468a4e51785917065a3db57b841f5c95dba6ad8c73aaf8f66f8f9bf?s=96&d=mm&r=g\",\"caption\":\"Comunica\u00e7\u00e3o PSOL\"}}]}<\/script>\n<!-- \/ Yoast SEO plugin. -->","yoast_head_json":{"title":"Entrevista com Professor Toninho, pr\u00e9 candidato do PSOL \u00e0 prefeitura de Embu das Artes - PSOL 50","robots":{"index":"index","follow":"follow","max-snippet":"max-snippet:-1","max-image-preview":"max-image-preview:large","max-video-preview":"max-video-preview:-1"},"canonical":"https:\/\/psol50.org.br\/entrevista-com-professor-toninho-pre-candidato-do-psol-a-prefeitura-de-embu-das-artes\/","og_locale":"pt_BR","og_type":"article","og_title":"Entrevista com Professor Toninho, pr\u00e9 candidato do PSOL \u00e0 prefeitura de Embu das Artes - PSOL 50","og_description":"Joana D&#8217;arc entrevista Professor Toninho, casado, 2 filhos, formado em Hist\u00f3ria pela USP, professor da rede estadual de ensino h\u00e1 23 anos.Cumpriu tr\u00eas mandatos\u00a0 atuando como vereador em Embu das Artes, \u00e9 filiado e militante do Partido Socialismo e Liberdade (PSOL) e do Circulo Palmarino (Corrente Nacional do Movimento Negro). E dono do blog: http:\/\/professortoninho50.blogspot.com\/ [&hellip;]","og_url":"https:\/\/psol50.org.br\/entrevista-com-professor-toninho-pre-candidato-do-psol-a-prefeitura-de-embu-das-artes\/","og_site_name":"PSOL 50","article_publisher":"https:\/\/www.facebook.com\/psol50","article_published_time":"2012-02-29T00:00:00+00:00","og_image":[{"url":"http:\/\/psol50.org.br\/files\/2012\/02\/ProfessorToninho.jpg","type":"","width":"","height":""}],"author":"Comunica\u00e7\u00e3o PSOL","twitter_card":"summary_large_image","twitter_creator":"@psol50","twitter_site":"@psol50","twitter_misc":{"Escrito por":"Comunica\u00e7\u00e3o PSOL","Est. tempo de leitura":"8 minutos"},"schema":{"@context":"https:\/\/schema.org","@graph":[{"@type":"Article","@id":"https:\/\/psol50.org.br\/entrevista-com-professor-toninho-pre-candidato-do-psol-a-prefeitura-de-embu-das-artes\/#article","isPartOf":{"@id":"https:\/\/psol50.org.br\/entrevista-com-professor-toninho-pre-candidato-do-psol-a-prefeitura-de-embu-das-artes\/"},"author":{"name":"Comunica\u00e7\u00e3o PSOL","@id":"https:\/\/psol50.org.br\/#\/schema\/person\/475dfa57d0b815993c714c2e96491fcd"},"headline":"Entrevista com Professor Toninho, pr\u00e9 candidato do PSOL \u00e0 prefeitura de Embu das Artes","datePublished":"2012-02-29T00:00:00+00:00","mainEntityOfPage":{"@id":"https:\/\/psol50.org.br\/entrevista-com-professor-toninho-pre-candidato-do-psol-a-prefeitura-de-embu-das-artes\/"},"wordCount":1570,"commentCount":0,"publisher":{"@id":"https:\/\/psol50.org.br\/#organization"},"image":{"@id":"https:\/\/psol50.org.br\/entrevista-com-professor-toninho-pre-candidato-do-psol-a-prefeitura-de-embu-das-artes\/#primaryimage"},"thumbnailUrl":"http:\/\/psol50.org.br\/files\/2012\/02\/ProfessorToninho.jpg","keywords":["PSOL"],"articleSection":["Arquivo"],"inLanguage":"pt-BR","potentialAction":[{"@type":"CommentAction","name":"Comment","target":["https:\/\/psol50.org.br\/entrevista-com-professor-toninho-pre-candidato-do-psol-a-prefeitura-de-embu-das-artes\/#respond"]}]},{"@type":"WebPage","@id":"https:\/\/psol50.org.br\/entrevista-com-professor-toninho-pre-candidato-do-psol-a-prefeitura-de-embu-das-artes\/","url":"https:\/\/psol50.org.br\/entrevista-com-professor-toninho-pre-candidato-do-psol-a-prefeitura-de-embu-das-artes\/","name":"Entrevista com Professor Toninho, pr\u00e9 candidato do PSOL \u00e0 prefeitura de Embu das Artes - PSOL 50","isPartOf":{"@id":"https:\/\/psol50.org.br\/#website"},"primaryImageOfPage":{"@id":"https:\/\/psol50.org.br\/entrevista-com-professor-toninho-pre-candidato-do-psol-a-prefeitura-de-embu-das-artes\/#primaryimage"},"image":{"@id":"https:\/\/psol50.org.br\/entrevista-com-professor-toninho-pre-candidato-do-psol-a-prefeitura-de-embu-das-artes\/#primaryimage"},"thumbnailUrl":"http:\/\/psol50.org.br\/files\/2012\/02\/ProfessorToninho.jpg","datePublished":"2012-02-29T00:00:00+00:00","breadcrumb":{"@id":"https:\/\/psol50.org.br\/entrevista-com-professor-toninho-pre-candidato-do-psol-a-prefeitura-de-embu-das-artes\/#breadcrumb"},"inLanguage":"pt-BR","potentialAction":[{"@type":"ReadAction","target":["https:\/\/psol50.org.br\/entrevista-com-professor-toninho-pre-candidato-do-psol-a-prefeitura-de-embu-das-artes\/"]}]},{"@type":"ImageObject","inLanguage":"pt-BR","@id":"https:\/\/psol50.org.br\/entrevista-com-professor-toninho-pre-candidato-do-psol-a-prefeitura-de-embu-das-artes\/#primaryimage","url":"http:\/\/psol50.org.br\/files\/2012\/02\/ProfessorToninho.jpg","contentUrl":"http:\/\/psol50.org.br\/files\/2012\/02\/ProfessorToninho.jpg"},{"@type":"BreadcrumbList","@id":"https:\/\/psol50.org.br\/entrevista-com-professor-toninho-pre-candidato-do-psol-a-prefeitura-de-embu-das-artes\/#breadcrumb","itemListElement":[{"@type":"ListItem","position":1,"name":"In\u00edcio","item":"https:\/\/psol50.org.br\/"},{"@type":"ListItem","position":2,"name":"Entrevista com Professor Toninho, pr\u00e9 candidato do PSOL \u00e0 prefeitura de Embu das Artes"}]},{"@type":"WebSite","@id":"https:\/\/psol50.org.br\/#website","url":"https:\/\/psol50.org.br\/","name":"PSOL 50","description":"Site oficial do Partido Socialismo e Liberdade","publisher":{"@id":"https:\/\/psol50.org.br\/#organization"},"alternateName":"PSOL50","potentialAction":[{"@type":"SearchAction","target":{"@type":"EntryPoint","urlTemplate":"https:\/\/psol50.org.br\/?s={search_term_string}"},"query-input":{"@type":"PropertyValueSpecification","valueRequired":true,"valueName":"search_term_string"}}],"inLanguage":"pt-BR"},{"@type":"Organization","@id":"https:\/\/psol50.org.br\/#organization","name":"PSOL 50","alternateName":"PSOL 50","url":"https:\/\/psol50.org.br\/","logo":{"@type":"ImageObject","inLanguage":"pt-BR","@id":"https:\/\/psol50.org.br\/#\/schema\/logo\/image\/","url":"https:\/\/psol50.org.br\/inc\/uploads\/2018\/07\/capa.png","contentUrl":"https:\/\/psol50.org.br\/inc\/uploads\/2018\/07\/capa.png","width":1350,"height":900,"caption":"PSOL 50"},"image":{"@id":"https:\/\/psol50.org.br\/#\/schema\/logo\/image\/"},"sameAs":["https:\/\/www.facebook.com\/psol50","https:\/\/x.com\/psol50","https:\/\/www.instagram.com\/psol50\/","https:\/\/www.youtube.com\/channel\/UC7SnJS5o1os7a6CaiNabzcg"]},{"@type":"Person","@id":"https:\/\/psol50.org.br\/#\/schema\/person\/475dfa57d0b815993c714c2e96491fcd","name":"Comunica\u00e7\u00e3o PSOL","image":{"@type":"ImageObject","inLanguage":"pt-BR","@id":"https:\/\/psol50.org.br\/#\/schema\/person\/image\/","url":"https:\/\/secure.gravatar.com\/avatar\/b34fc4f4e468a4e51785917065a3db57b841f5c95dba6ad8c73aaf8f66f8f9bf?s=96&d=mm&r=g","contentUrl":"https:\/\/secure.gravatar.com\/avatar\/b34fc4f4e468a4e51785917065a3db57b841f5c95dba6ad8c73aaf8f66f8f9bf?s=96&d=mm&r=g","caption":"Comunica\u00e7\u00e3o PSOL"}}]}},"_links":{"self":[{"href":"https:\/\/psol50.org.br\/rest\/wp\/v2\/posts\/1731","targetHints":{"allow":["GET"]}}],"collection":[{"href":"https:\/\/psol50.org.br\/rest\/wp\/v2\/posts"}],"about":[{"href":"https:\/\/psol50.org.br\/rest\/wp\/v2\/types\/post"}],"author":[{"embeddable":true,"href":"https:\/\/psol50.org.br\/rest\/wp\/v2\/users\/2"}],"replies":[{"embeddable":true,"href":"https:\/\/psol50.org.br\/rest\/wp\/v2\/comments?post=1731"}],"version-history":[{"count":0,"href":"https:\/\/psol50.org.br\/rest\/wp\/v2\/posts\/1731\/revisions"}],"wp:attachment":[{"href":"https:\/\/psol50.org.br\/rest\/wp\/v2\/media?parent=1731"}],"wp:term":[{"taxonomy":"category","embeddable":true,"href":"https:\/\/psol50.org.br\/rest\/wp\/v2\/categories?post=1731"},{"taxonomy":"post_tag","embeddable":true,"href":"https:\/\/psol50.org.br\/rest\/wp\/v2\/tags?post=1731"}],"curies":[{"name":"wp","href":"https:\/\/api.w.org\/{rel}","templated":true}]}}