{"id":1737,"date":"2012-03-08T00:00:00","date_gmt":"2012-03-08T00:00:00","guid":{"rendered":"http:\/\/psol50.org.br\/arquivo\/2012\/03\/08\/psol-salvador-realiza-3o-congresso-municipal-neste-sabado-10\/"},"modified":"2012-03-08T00:00:00","modified_gmt":"2012-03-08T00:00:00","slug":"psol-salvador-realiza-3o-congresso-municipal-neste-sabado-10","status":"publish","type":"post","link":"https:\/\/psol50.org.br\/psol-salvador-realiza-3o-congresso-municipal-neste-sabado-10\/","title":{"rendered":"PSOL Salvador realiza 3\u00ba Congresso Municipal neste s\u00e1bado, 10"},"content":{"rendered":"<p style=\"text-align: justify\"><a href=\"http:\/\/psol50.org.br\/blog\/2012\/03\/08\/psol-salvador-realiza-3%c2%ba-congresso-municipal-neste-sabado-10\/congresso_ssa\/\" rel=\"attachment wp-att-14146\"><img loading=\"lazy\" decoding=\"async\" class=\"alignleft size-medium wp-image-14146\" src=\"http:\/\/psol50.org.br\/files\/2012\/03\/Congresso_SSA-300x225.jpg\" alt=\"\" width=\"300\" height=\"225\" \/><\/a>O Partido Socialismo e Liberdade (PSOL) de Salvador (BA) realiza neste s\u00e1bado, dia 10, o 3\u00ba Congresso Municipal no Col\u00e9gio Estadual Edgard Santos, Rua Prediliano Pita, Garcia. Na ocasi\u00e3o ser\u00e3o debatidas a\u00e7\u00f5es referentes \u00e0 conjuntura municipal e as tarefas dos socialistas para a constru\u00e7\u00e3o de uma Salvador sem exclus\u00e3o; concep\u00e7\u00e3o e tarefas partid\u00e1rias; organiza\u00e7\u00e3o do PSOL e elei\u00e7\u00e3o da dire\u00e7\u00e3o municipal. &#8220;Tamb\u00e9m estar\u00e1 na ordem do dia a discuss\u00e3o sobre a interven\u00e7\u00e3o do PSOL nas elei\u00e7\u00f5es de 2012 onde defendemos uma candidatura pr\u00f3pria e alian\u00e7a com os partidos de esquerda como, por exemplo, o PSTU e PCB&#8221;, afirma Hamilton Assis, presidente do PSOL Salvador.<\/p>\n<p style=\"text-align: justify\">Para Hilton Coelho, vice-presidente do PSOL estadual, o 3\u00ba Congresso Estadual aprovar\u00e1 uma s\u00e9rie de resolu\u00e7\u00f5es pol\u00edticas para nortear as a\u00e7\u00f5es da legenda no pr\u00f3ximo per\u00edodo. &#8220;A expectativa \u00e9 que o PSOL participe das elei\u00e7\u00f5es 2012 com um n\u00famero maior de candidaturas \u00e0 C\u00e2mara Municipal. Queremos fazer o debate pol\u00edtico em alto n\u00edvel e avaliamos ter reais condi\u00e7\u00f5es de conquistar mandatos populares nos Legislativos e ser uma alternativa concreta para uma nova pol\u00edtica administrativa para Salvador. \u00c9 um momento importante para aprofundar o debate partid\u00e1rio sobre a t\u00e1tica e pol\u00edtica de alian\u00e7as para 2012&#8221;.<\/p>\n<p style=\"text-align: justify\">Marcos Mendes, presidente do PSOL-Bahia finaliza afirmando que &#8220;o principal desafio do PSOL em salvador \u00e9 dar continuidade ao trabalho de organiza\u00e7\u00e3o e fortalecimento do partido. Somos uma refer\u00eancia nas lutas sociais, de \u00e9tica na pol\u00edtica e de combatividade. O PSOL est\u00e1 ajudando a construir um projeto alternativo para a sociedade. Temos a convic\u00e7\u00e3o de que estamos no caminho certo. Mas sabemos que \u00e9 necess\u00e1rio conquistar cora\u00e7\u00f5es e mentes para transformar o PSOL numa refer\u00eancia de massas&#8221;.<\/p>\n<p style=\"text-align: justify\"><em><strong>Programa\u00e7\u00e3o<\/strong><\/em><\/p>\n<ul>\n<li>9h. Abertura \/ Regimento \/ Conjuntura e T\u00e1tica<\/li>\n<li>11h30min: Lan\u00e7amento das revistas da Funda\u00e7\u00e3o Lauro Campos<\/li>\n<li>12h: Almo\u00e7o<\/li>\n<li>13h: Eixos Program\u00e1ticos e T\u00e1tica Eleitoral<\/li>\n<li>16h: Aprova\u00e7\u00e3o das Resolu\u00e7\u00f5es<\/li>\n<li>17h: Elei\u00e7\u00e3o da dire\u00e7\u00e3o Municipal e aprova\u00e7\u00e3o das pr\u00e9-candidaturas a vereador e candidatura a prefeito.<\/li>\n<\/ul>\n<p style=\"text-align: justify\">\n","protected":false},"excerpt":{"rendered":"<p>O Partido Socialismo e Liberdade (PSOL) de Salvador (BA) realiza neste s\u00e1bado, dia 10, o 3\u00ba Congresso Municipal no Col\u00e9gio Estadual Edgard Santos, Rua Prediliano Pita, Garcia. Na ocasi\u00e3o ser\u00e3o debatidas a\u00e7\u00f5es referentes \u00e0 conjuntura municipal e as tarefas dos socialistas para a constru\u00e7\u00e3o de uma Salvador sem exclus\u00e3o; concep\u00e7\u00e3o e tarefas partid\u00e1rias; organiza\u00e7\u00e3o do [&hellip;]<\/p>\n","protected":false},"author":2,"featured_media":0,"comment_status":"open","ping_status":"open","sticky":false,"template":"","format":"standard","meta":{"_acf_changed":false,"footnotes":""},"categories":[4766],"tags":[22],"class_list":{"0":"post-1737","1":"post","2":"type-post","3":"status-publish","4":"format-standard","6":"category-arquivo","7":"tag-psol"},"acf":[],"yoast_head":"<!-- This site is optimized with the Yoast SEO plugin v26.5 - https:\/\/yoast.com\/wordpress\/plugins\/seo\/ -->\n<title>PSOL Salvador realiza 3\u00ba Congresso Municipal neste s\u00e1bado, 10 - PSOL 50<\/title>\n<meta name=\"robots\" content=\"index, follow, max-snippet:-1, max-image-preview:large, max-video-preview:-1\" \/>\n<link rel=\"canonical\" href=\"https:\/\/psol50.org.br\/psol-salvador-realiza-3o-congresso-municipal-neste-sabado-10\/\" \/>\n<meta property=\"og:locale\" content=\"pt_BR\" \/>\n<meta property=\"og:type\" content=\"article\" \/>\n<meta property=\"og:title\" content=\"PSOL Salvador realiza 3\u00ba Congresso Municipal neste s\u00e1bado, 10 - PSOL 50\" \/>\n<meta property=\"og:description\" content=\"O Partido Socialismo e Liberdade (PSOL) de Salvador (BA) realiza neste s\u00e1bado, dia 10, o 3\u00ba Congresso Municipal no Col\u00e9gio Estadual Edgard Santos, Rua Prediliano Pita, Garcia. Na ocasi\u00e3o ser\u00e3o debatidas a\u00e7\u00f5es referentes \u00e0 conjuntura municipal e as tarefas dos socialistas para a constru\u00e7\u00e3o de uma Salvador sem exclus\u00e3o; concep\u00e7\u00e3o e tarefas partid\u00e1rias; organiza\u00e7\u00e3o do [&hellip;]\" \/>\n<meta property=\"og:url\" content=\"https:\/\/psol50.org.br\/psol-salvador-realiza-3o-congresso-municipal-neste-sabado-10\/\" \/>\n<meta property=\"og:site_name\" content=\"PSOL 50\" \/>\n<meta property=\"article:publisher\" content=\"https:\/\/www.facebook.com\/psol50\" \/>\n<meta property=\"article:published_time\" content=\"2012-03-08T00:00:00+00:00\" \/>\n<meta property=\"og:image\" content=\"http:\/\/psol50.org.br\/files\/2012\/03\/Congresso_SSA-300x225.jpg\" \/>\n<meta name=\"author\" content=\"Comunica\u00e7\u00e3o PSOL\" \/>\n<meta name=\"twitter:card\" content=\"summary_large_image\" \/>\n<meta name=\"twitter:creator\" content=\"@psol50\" \/>\n<meta name=\"twitter:site\" content=\"@psol50\" \/>\n<meta name=\"twitter:label1\" content=\"Escrito por\" \/>\n\t<meta name=\"twitter:data1\" content=\"Comunica\u00e7\u00e3o PSOL\" \/>\n\t<meta name=\"twitter:label2\" content=\"Est. tempo de leitura\" \/>\n\t<meta name=\"twitter:data2\" content=\"2 minutos\" \/>\n<script type=\"application\/ld+json\" class=\"yoast-schema-graph\">{\"@context\":\"https:\/\/schema.org\",\"@graph\":[{\"@type\":\"Article\",\"@id\":\"https:\/\/psol50.org.br\/psol-salvador-realiza-3o-congresso-municipal-neste-sabado-10\/#article\",\"isPartOf\":{\"@id\":\"https:\/\/psol50.org.br\/psol-salvador-realiza-3o-congresso-municipal-neste-sabado-10\/\"},\"author\":{\"name\":\"Comunica\u00e7\u00e3o PSOL\",\"@id\":\"https:\/\/psol50.org.br\/#\/schema\/person\/475dfa57d0b815993c714c2e96491fcd\"},\"headline\":\"PSOL Salvador realiza 3\u00ba Congresso Municipal neste s\u00e1bado, 10\",\"datePublished\":\"2012-03-08T00:00:00+00:00\",\"mainEntityOfPage\":{\"@id\":\"https:\/\/psol50.org.br\/psol-salvador-realiza-3o-congresso-municipal-neste-sabado-10\/\"},\"wordCount\":369,\"commentCount\":0,\"publisher\":{\"@id\":\"https:\/\/psol50.org.br\/#organization\"},\"image\":{\"@id\":\"https:\/\/psol50.org.br\/psol-salvador-realiza-3o-congresso-municipal-neste-sabado-10\/#primaryimage\"},\"thumbnailUrl\":\"http:\/\/psol50.org.br\/files\/2012\/03\/Congresso_SSA-300x225.jpg\",\"keywords\":[\"PSOL\"],\"articleSection\":[\"Arquivo\"],\"inLanguage\":\"pt-BR\",\"potentialAction\":[{\"@type\":\"CommentAction\",\"name\":\"Comment\",\"target\":[\"https:\/\/psol50.org.br\/psol-salvador-realiza-3o-congresso-municipal-neste-sabado-10\/#respond\"]}]},{\"@type\":\"WebPage\",\"@id\":\"https:\/\/psol50.org.br\/psol-salvador-realiza-3o-congresso-municipal-neste-sabado-10\/\",\"url\":\"https:\/\/psol50.org.br\/psol-salvador-realiza-3o-congresso-municipal-neste-sabado-10\/\",\"name\":\"PSOL Salvador realiza 3\u00ba Congresso Municipal neste s\u00e1bado, 10 - PSOL 50\",\"isPartOf\":{\"@id\":\"https:\/\/psol50.org.br\/#website\"},\"primaryImageOfPage\":{\"@id\":\"https:\/\/psol50.org.br\/psol-salvador-realiza-3o-congresso-municipal-neste-sabado-10\/#primaryimage\"},\"image\":{\"@id\":\"https:\/\/psol50.org.br\/psol-salvador-realiza-3o-congresso-municipal-neste-sabado-10\/#primaryimage\"},\"thumbnailUrl\":\"http:\/\/psol50.org.br\/files\/2012\/03\/Congresso_SSA-300x225.jpg\",\"datePublished\":\"2012-03-08T00:00:00+00:00\",\"breadcrumb\":{\"@id\":\"https:\/\/psol50.org.br\/psol-salvador-realiza-3o-congresso-municipal-neste-sabado-10\/#breadcrumb\"},\"inLanguage\":\"pt-BR\",\"potentialAction\":[{\"@type\":\"ReadAction\",\"target\":[\"https:\/\/psol50.org.br\/psol-salvador-realiza-3o-congresso-municipal-neste-sabado-10\/\"]}]},{\"@type\":\"ImageObject\",\"inLanguage\":\"pt-BR\",\"@id\":\"https:\/\/psol50.org.br\/psol-salvador-realiza-3o-congresso-municipal-neste-sabado-10\/#primaryimage\",\"url\":\"http:\/\/psol50.org.br\/files\/2012\/03\/Congresso_SSA-300x225.jpg\",\"contentUrl\":\"http:\/\/psol50.org.br\/files\/2012\/03\/Congresso_SSA-300x225.jpg\"},{\"@type\":\"BreadcrumbList\",\"@id\":\"https:\/\/psol50.org.br\/psol-salvador-realiza-3o-congresso-municipal-neste-sabado-10\/#breadcrumb\",\"itemListElement\":[{\"@type\":\"ListItem\",\"position\":1,\"name\":\"In\u00edcio\",\"item\":\"https:\/\/psol50.org.br\/\"},{\"@type\":\"ListItem\",\"position\":2,\"name\":\"PSOL Salvador realiza 3\u00ba Congresso Municipal neste s\u00e1bado, 10\"}]},{\"@type\":\"WebSite\",\"@id\":\"https:\/\/psol50.org.br\/#website\",\"url\":\"https:\/\/psol50.org.br\/\",\"name\":\"PSOL 50\",\"description\":\"Site oficial do Partido Socialismo e Liberdade\",\"publisher\":{\"@id\":\"https:\/\/psol50.org.br\/#organization\"},\"alternateName\":\"PSOL50\",\"potentialAction\":[{\"@type\":\"SearchAction\",\"target\":{\"@type\":\"EntryPoint\",\"urlTemplate\":\"https:\/\/psol50.org.br\/?s={search_term_string}\"},\"query-input\":{\"@type\":\"PropertyValueSpecification\",\"valueRequired\":true,\"valueName\":\"search_term_string\"}}],\"inLanguage\":\"pt-BR\"},{\"@type\":\"Organization\",\"@id\":\"https:\/\/psol50.org.br\/#organization\",\"name\":\"PSOL 50\",\"alternateName\":\"PSOL 50\",\"url\":\"https:\/\/psol50.org.br\/\",\"logo\":{\"@type\":\"ImageObject\",\"inLanguage\":\"pt-BR\",\"@id\":\"https:\/\/psol50.org.br\/#\/schema\/logo\/image\/\",\"url\":\"https:\/\/psol50.org.br\/inc\/uploads\/2018\/07\/capa.png\",\"contentUrl\":\"https:\/\/psol50.org.br\/inc\/uploads\/2018\/07\/capa.png\",\"width\":1350,\"height\":900,\"caption\":\"PSOL 50\"},\"image\":{\"@id\":\"https:\/\/psol50.org.br\/#\/schema\/logo\/image\/\"},\"sameAs\":[\"https:\/\/www.facebook.com\/psol50\",\"https:\/\/x.com\/psol50\",\"https:\/\/www.instagram.com\/psol50\/\",\"https:\/\/www.youtube.com\/channel\/UC7SnJS5o1os7a6CaiNabzcg\"]},{\"@type\":\"Person\",\"@id\":\"https:\/\/psol50.org.br\/#\/schema\/person\/475dfa57d0b815993c714c2e96491fcd\",\"name\":\"Comunica\u00e7\u00e3o PSOL\",\"image\":{\"@type\":\"ImageObject\",\"inLanguage\":\"pt-BR\",\"@id\":\"https:\/\/psol50.org.br\/#\/schema\/person\/image\/\",\"url\":\"https:\/\/secure.gravatar.com\/avatar\/b34fc4f4e468a4e51785917065a3db57b841f5c95dba6ad8c73aaf8f66f8f9bf?s=96&d=mm&r=g\",\"contentUrl\":\"https:\/\/secure.gravatar.com\/avatar\/b34fc4f4e468a4e51785917065a3db57b841f5c95dba6ad8c73aaf8f66f8f9bf?s=96&d=mm&r=g\",\"caption\":\"Comunica\u00e7\u00e3o PSOL\"}}]}<\/script>\n<!-- \/ Yoast SEO plugin. -->","yoast_head_json":{"title":"PSOL Salvador realiza 3\u00ba Congresso Municipal neste s\u00e1bado, 10 - PSOL 50","robots":{"index":"index","follow":"follow","max-snippet":"max-snippet:-1","max-image-preview":"max-image-preview:large","max-video-preview":"max-video-preview:-1"},"canonical":"https:\/\/psol50.org.br\/psol-salvador-realiza-3o-congresso-municipal-neste-sabado-10\/","og_locale":"pt_BR","og_type":"article","og_title":"PSOL Salvador realiza 3\u00ba Congresso Municipal neste s\u00e1bado, 10 - PSOL 50","og_description":"O Partido Socialismo e Liberdade (PSOL) de Salvador (BA) realiza neste s\u00e1bado, dia 10, o 3\u00ba Congresso Municipal no Col\u00e9gio Estadual Edgard Santos, Rua Prediliano Pita, Garcia. Na ocasi\u00e3o ser\u00e3o debatidas a\u00e7\u00f5es referentes \u00e0 conjuntura municipal e as tarefas dos socialistas para a constru\u00e7\u00e3o de uma Salvador sem exclus\u00e3o; concep\u00e7\u00e3o e tarefas partid\u00e1rias; organiza\u00e7\u00e3o do [&hellip;]","og_url":"https:\/\/psol50.org.br\/psol-salvador-realiza-3o-congresso-municipal-neste-sabado-10\/","og_site_name":"PSOL 50","article_publisher":"https:\/\/www.facebook.com\/psol50","article_published_time":"2012-03-08T00:00:00+00:00","og_image":[{"url":"http:\/\/psol50.org.br\/files\/2012\/03\/Congresso_SSA-300x225.jpg","type":"","width":"","height":""}],"author":"Comunica\u00e7\u00e3o PSOL","twitter_card":"summary_large_image","twitter_creator":"@psol50","twitter_site":"@psol50","twitter_misc":{"Escrito por":"Comunica\u00e7\u00e3o PSOL","Est. tempo de leitura":"2 minutos"},"schema":{"@context":"https:\/\/schema.org","@graph":[{"@type":"Article","@id":"https:\/\/psol50.org.br\/psol-salvador-realiza-3o-congresso-municipal-neste-sabado-10\/#article","isPartOf":{"@id":"https:\/\/psol50.org.br\/psol-salvador-realiza-3o-congresso-municipal-neste-sabado-10\/"},"author":{"name":"Comunica\u00e7\u00e3o PSOL","@id":"https:\/\/psol50.org.br\/#\/schema\/person\/475dfa57d0b815993c714c2e96491fcd"},"headline":"PSOL Salvador realiza 3\u00ba Congresso Municipal neste s\u00e1bado, 10","datePublished":"2012-03-08T00:00:00+00:00","mainEntityOfPage":{"@id":"https:\/\/psol50.org.br\/psol-salvador-realiza-3o-congresso-municipal-neste-sabado-10\/"},"wordCount":369,"commentCount":0,"publisher":{"@id":"https:\/\/psol50.org.br\/#organization"},"image":{"@id":"https:\/\/psol50.org.br\/psol-salvador-realiza-3o-congresso-municipal-neste-sabado-10\/#primaryimage"},"thumbnailUrl":"http:\/\/psol50.org.br\/files\/2012\/03\/Congresso_SSA-300x225.jpg","keywords":["PSOL"],"articleSection":["Arquivo"],"inLanguage":"pt-BR","potentialAction":[{"@type":"CommentAction","name":"Comment","target":["https:\/\/psol50.org.br\/psol-salvador-realiza-3o-congresso-municipal-neste-sabado-10\/#respond"]}]},{"@type":"WebPage","@id":"https:\/\/psol50.org.br\/psol-salvador-realiza-3o-congresso-municipal-neste-sabado-10\/","url":"https:\/\/psol50.org.br\/psol-salvador-realiza-3o-congresso-municipal-neste-sabado-10\/","name":"PSOL Salvador realiza 3\u00ba Congresso Municipal neste s\u00e1bado, 10 - PSOL 50","isPartOf":{"@id":"https:\/\/psol50.org.br\/#website"},"primaryImageOfPage":{"@id":"https:\/\/psol50.org.br\/psol-salvador-realiza-3o-congresso-municipal-neste-sabado-10\/#primaryimage"},"image":{"@id":"https:\/\/psol50.org.br\/psol-salvador-realiza-3o-congresso-municipal-neste-sabado-10\/#primaryimage"},"thumbnailUrl":"http:\/\/psol50.org.br\/files\/2012\/03\/Congresso_SSA-300x225.jpg","datePublished":"2012-03-08T00:00:00+00:00","breadcrumb":{"@id":"https:\/\/psol50.org.br\/psol-salvador-realiza-3o-congresso-municipal-neste-sabado-10\/#breadcrumb"},"inLanguage":"pt-BR","potentialAction":[{"@type":"ReadAction","target":["https:\/\/psol50.org.br\/psol-salvador-realiza-3o-congresso-municipal-neste-sabado-10\/"]}]},{"@type":"ImageObject","inLanguage":"pt-BR","@id":"https:\/\/psol50.org.br\/psol-salvador-realiza-3o-congresso-municipal-neste-sabado-10\/#primaryimage","url":"http:\/\/psol50.org.br\/files\/2012\/03\/Congresso_SSA-300x225.jpg","contentUrl":"http:\/\/psol50.org.br\/files\/2012\/03\/Congresso_SSA-300x225.jpg"},{"@type":"BreadcrumbList","@id":"https:\/\/psol50.org.br\/psol-salvador-realiza-3o-congresso-municipal-neste-sabado-10\/#breadcrumb","itemListElement":[{"@type":"ListItem","position":1,"name":"In\u00edcio","item":"https:\/\/psol50.org.br\/"},{"@type":"ListItem","position":2,"name":"PSOL Salvador realiza 3\u00ba Congresso Municipal neste s\u00e1bado, 10"}]},{"@type":"WebSite","@id":"https:\/\/psol50.org.br\/#website","url":"https:\/\/psol50.org.br\/","name":"PSOL 50","description":"Site oficial do Partido Socialismo e Liberdade","publisher":{"@id":"https:\/\/psol50.org.br\/#organization"},"alternateName":"PSOL50","potentialAction":[{"@type":"SearchAction","target":{"@type":"EntryPoint","urlTemplate":"https:\/\/psol50.org.br\/?s={search_term_string}"},"query-input":{"@type":"PropertyValueSpecification","valueRequired":true,"valueName":"search_term_string"}}],"inLanguage":"pt-BR"},{"@type":"Organization","@id":"https:\/\/psol50.org.br\/#organization","name":"PSOL 50","alternateName":"PSOL 50","url":"https:\/\/psol50.org.br\/","logo":{"@type":"ImageObject","inLanguage":"pt-BR","@id":"https:\/\/psol50.org.br\/#\/schema\/logo\/image\/","url":"https:\/\/psol50.org.br\/inc\/uploads\/2018\/07\/capa.png","contentUrl":"https:\/\/psol50.org.br\/inc\/uploads\/2018\/07\/capa.png","width":1350,"height":900,"caption":"PSOL 50"},"image":{"@id":"https:\/\/psol50.org.br\/#\/schema\/logo\/image\/"},"sameAs":["https:\/\/www.facebook.com\/psol50","https:\/\/x.com\/psol50","https:\/\/www.instagram.com\/psol50\/","https:\/\/www.youtube.com\/channel\/UC7SnJS5o1os7a6CaiNabzcg"]},{"@type":"Person","@id":"https:\/\/psol50.org.br\/#\/schema\/person\/475dfa57d0b815993c714c2e96491fcd","name":"Comunica\u00e7\u00e3o PSOL","image":{"@type":"ImageObject","inLanguage":"pt-BR","@id":"https:\/\/psol50.org.br\/#\/schema\/person\/image\/","url":"https:\/\/secure.gravatar.com\/avatar\/b34fc4f4e468a4e51785917065a3db57b841f5c95dba6ad8c73aaf8f66f8f9bf?s=96&d=mm&r=g","contentUrl":"https:\/\/secure.gravatar.com\/avatar\/b34fc4f4e468a4e51785917065a3db57b841f5c95dba6ad8c73aaf8f66f8f9bf?s=96&d=mm&r=g","caption":"Comunica\u00e7\u00e3o PSOL"}}]}},"_links":{"self":[{"href":"https:\/\/psol50.org.br\/rest\/wp\/v2\/posts\/1737","targetHints":{"allow":["GET"]}}],"collection":[{"href":"https:\/\/psol50.org.br\/rest\/wp\/v2\/posts"}],"about":[{"href":"https:\/\/psol50.org.br\/rest\/wp\/v2\/types\/post"}],"author":[{"embeddable":true,"href":"https:\/\/psol50.org.br\/rest\/wp\/v2\/users\/2"}],"replies":[{"embeddable":true,"href":"https:\/\/psol50.org.br\/rest\/wp\/v2\/comments?post=1737"}],"version-history":[{"count":0,"href":"https:\/\/psol50.org.br\/rest\/wp\/v2\/posts\/1737\/revisions"}],"wp:attachment":[{"href":"https:\/\/psol50.org.br\/rest\/wp\/v2\/media?parent=1737"}],"wp:term":[{"taxonomy":"category","embeddable":true,"href":"https:\/\/psol50.org.br\/rest\/wp\/v2\/categories?post=1737"},{"taxonomy":"post_tag","embeddable":true,"href":"https:\/\/psol50.org.br\/rest\/wp\/v2\/tags?post=1737"}],"curies":[{"name":"wp","href":"https:\/\/api.w.org\/{rel}","templated":true}]}}