{"id":17373,"date":"2017-08-01T18:14:09","date_gmt":"2017-08-01T18:14:09","guid":{"rendered":"http:\/\/www.psol50.org.br\/?p=17373"},"modified":"2017-08-01T18:14:09","modified_gmt":"2017-08-01T18:14:09","slug":"contra-manobras-e-compra-de-votos-psol-vai-obstruir-sessao-da-denuncia-contra-temer-nesta-quarta","status":"publish","type":"post","link":"https:\/\/psol50.org.br\/contra-manobras-e-compra-de-votos-psol-vai-obstruir-sessao-da-denuncia-contra-temer-nesta-quarta\/","title":{"rendered":"Contra manobras e compra de votos, PSOL vai obstruir sess\u00e3o da den\u00fancia contra Temer nesta quarta"},"content":{"rendered":"<p>A bancada do PSOL na C\u00e2mara vai obstruir a sess\u00e3o que vai votar a den\u00fancia contra Temer, nesta quarta-feira (02\/07). A decis\u00e3o foi tomada por conta das diversas manobras feitas pelo governo, como a descarada compra de votos com emendas parlamentares e o cerceamento de voz da oposi\u00e7\u00e3o.<\/p>\n<p>O objetivo da movimenta\u00e7\u00e3o da bancada \u00e9 n\u00e3o deixar que o governo consiga o qu\u00f3rum e, assim, enterre a den\u00fancia, j\u00e1 que Temer n\u00e3o precisa vencer a vota\u00e7\u00e3o. Para ele, s\u00f3 \u00e9 necess\u00e1rio que n\u00e3o haja 342 votos favor\u00e1veis no plen\u00e1rio.<\/p>\n<p>Temer foi denunciado pela Procuradoria-Geral da Rep\u00fablica por corrup\u00e7\u00e3o passiva no caso da JBS. O presidente \u00e9 acusado de ser o destinat\u00e1rio da mala com R$500 mil flagrada com o deputado Rocha Loures (PMDB).<\/p>\n<p>Leia mais:\u00a0<a href=\"http:\/\/www.psol50.org.br\/blog\/2017\/07\/31\/com-manobras-denuncia-contra-temer-chega-ao-plenario-da-camara-nesta-quarta-2-2\/\" target=\"_blank\" rel=\"noopener\"><strong><span style=\"color: #3366ff;\"><em>Com manobras, den\u00fancia contra Temer chega ao plen\u00e1rio da C\u00e2mara nesta quarta (2)<\/em><\/span><\/strong><\/a><\/p>\n<p>Nesta ter\u00e7a, o PSOL vem dialogando com o restante da oposi\u00e7\u00e3o para que haja uma mesma estrat\u00e9gia de atua\u00e7\u00e3o da den\u00fancia. Os partidos j\u00e1 acertaram que n\u00e3o v\u00e3o marcar qu\u00f3rum durante a manh\u00e3 e a tarde, na tentativa de empurrar a sess\u00e3o para a noite de quarta, quando a popula\u00e7\u00e3o ter\u00e1 mais condi\u00e7\u00f5es de acompanhar a vota\u00e7\u00e3o.<\/p>\n<blockquote class=\"twitter-tweet\" data-width=\"550\" data-dnt=\"true\">\n<p lang=\"pt\" dir=\"ltr\">\ud83d\udea8AGORA!!! <br \/>A bancada do <a href=\"https:\/\/twitter.com\/psolnacamara?ref_src=twsrc%5Etfw\">@psolnacamara<\/a> se re\u00fane com parlamentares da oposi\u00e7\u00e3o para definir uma estrat\u00e9gia para a vota\u00e7\u00e3o desta quarta-feira. <a href=\"https:\/\/t.co\/plMTvan5hm\">pic.twitter.com\/plMTvan5hm<\/a><\/p>\n<p>&mdash; PSOL na C\u00e2mara (@psolnacamara) <a href=\"https:\/\/twitter.com\/psolnacamara\/status\/892436412053770241?ref_src=twsrc%5Etfw\">August 1, 2017<\/a><\/p><\/blockquote>\n<p><script async src=\"https:\/\/platform.twitter.com\/widgets.js\" charset=\"utf-8\"><\/script><\/p>\n<p>O l\u00edder do PSOL, Glauber Braga, comentou os \u00faltimos fatos de Bras\u00edlia, as movimenta\u00e7\u00f5es da oposi\u00e7\u00e3o e os absurdos do rito estabelecido por Rodrigo Maia. Assista:<\/p>\n<p>&nbsp;<\/p>\n<p><a href=\"https:\/\/www.facebook.com\/glauber.braga1\/videos\/849393838550972\/\">https:\/\/www.facebook.com\/glauber.braga1\/videos\/849393838550972\/<\/a><\/p>\n","protected":false},"excerpt":{"rendered":"<p>A bancada do PSOL na C\u00e2mara vai obstruir a sess\u00e3o que vai votar a den\u00fancia contra Temer, nesta quarta-feira (02\/07). A decis\u00e3o foi tomada por conta das diversas manobras feitas pelo governo, como a descarada compra de votos com emendas parlamentares e o cerceamento de voz da oposi\u00e7\u00e3o. O objetivo da movimenta\u00e7\u00e3o da bancada \u00e9 [&hellip;]<\/p>\n","protected":false},"author":2,"featured_media":17375,"comment_status":"open","ping_status":"open","sticky":false,"template":"","format":"standard","meta":{"_acf_changed":false,"footnotes":""},"categories":[10,1882,6],"tags":[58,3429,79,2169,552,1748,417],"class_list":{"0":"post-17373","1":"post","2":"type-post","3":"status-publish","4":"format-standard","5":"has-post-thumbnail","7":"category-acao-parlamentares","8":"category-brasil","9":"category-noticias","10":"tag-corrupcao","11":"tag-da-re","12":"tag-denuncia","13":"tag-fora-temer","14":"tag-ivan-valente","15":"tag-michel-temer","16":"tag-psol-na-camara"},"acf":[],"yoast_head":"<!-- This site is optimized with the Yoast SEO plugin v26.5 - https:\/\/yoast.com\/wordpress\/plugins\/seo\/ -->\n<title>Contra manobras e compra de votos, PSOL vai obstruir sess\u00e3o da den\u00fancia contra Temer nesta quarta - PSOL 50<\/title>\n<meta name=\"robots\" content=\"index, follow, max-snippet:-1, max-image-preview:large, max-video-preview:-1\" \/>\n<link rel=\"canonical\" href=\"https:\/\/psol50.org.br\/contra-manobras-e-compra-de-votos-psol-vai-obstruir-sessao-da-denuncia-contra-temer-nesta-quarta\/\" \/>\n<meta property=\"og:locale\" content=\"pt_BR\" \/>\n<meta property=\"og:type\" content=\"article\" \/>\n<meta property=\"og:title\" content=\"Contra manobras e compra de votos, PSOL vai obstruir sess\u00e3o da den\u00fancia contra Temer nesta quarta - PSOL 50\" \/>\n<meta property=\"og:description\" content=\"A bancada do PSOL na C\u00e2mara vai obstruir a sess\u00e3o que vai votar a den\u00fancia contra Temer, nesta quarta-feira (02\/07). A decis\u00e3o foi tomada por conta das diversas manobras feitas pelo governo, como a descarada compra de votos com emendas parlamentares e o cerceamento de voz da oposi\u00e7\u00e3o. O objetivo da movimenta\u00e7\u00e3o da bancada \u00e9 [&hellip;]\" \/>\n<meta property=\"og:url\" content=\"https:\/\/psol50.org.br\/contra-manobras-e-compra-de-votos-psol-vai-obstruir-sessao-da-denuncia-contra-temer-nesta-quarta\/\" \/>\n<meta property=\"og:site_name\" content=\"PSOL 50\" \/>\n<meta property=\"article:publisher\" content=\"https:\/\/www.facebook.com\/psol50\" \/>\n<meta property=\"article:published_time\" content=\"2017-08-01T18:14:09+00:00\" \/>\n<meta property=\"og:image\" content=\"https:\/\/psol50.org.br\/inc\/uploads\/2018\/07\/capa.png\" \/>\n\t<meta property=\"og:image:width\" content=\"1350\" \/>\n\t<meta property=\"og:image:height\" content=\"900\" \/>\n\t<meta property=\"og:image:type\" content=\"image\/png\" \/>\n<meta name=\"author\" content=\"Comunica\u00e7\u00e3o PSOL\" \/>\n<meta name=\"twitter:card\" content=\"summary_large_image\" \/>\n<meta name=\"twitter:creator\" content=\"@psol50\" \/>\n<meta name=\"twitter:site\" content=\"@psol50\" \/>\n<meta name=\"twitter:label1\" content=\"Escrito por\" \/>\n\t<meta name=\"twitter:data1\" content=\"Comunica\u00e7\u00e3o PSOL\" \/>\n\t<meta name=\"twitter:label2\" content=\"Est. tempo de leitura\" \/>\n\t<meta name=\"twitter:data2\" content=\"1 minuto\" \/>\n<script type=\"application\/ld+json\" class=\"yoast-schema-graph\">{\"@context\":\"https:\/\/schema.org\",\"@graph\":[{\"@type\":\"Article\",\"@id\":\"https:\/\/psol50.org.br\/contra-manobras-e-compra-de-votos-psol-vai-obstruir-sessao-da-denuncia-contra-temer-nesta-quarta\/#article\",\"isPartOf\":{\"@id\":\"https:\/\/psol50.org.br\/contra-manobras-e-compra-de-votos-psol-vai-obstruir-sessao-da-denuncia-contra-temer-nesta-quarta\/\"},\"author\":{\"name\":\"Comunica\u00e7\u00e3o PSOL\",\"@id\":\"https:\/\/psol50.org.br\/#\/schema\/person\/475dfa57d0b815993c714c2e96491fcd\"},\"headline\":\"Contra manobras e compra de votos, PSOL vai obstruir sess\u00e3o da den\u00fancia contra Temer nesta quarta\",\"datePublished\":\"2017-08-01T18:14:09+00:00\",\"mainEntityOfPage\":{\"@id\":\"https:\/\/psol50.org.br\/contra-manobras-e-compra-de-votos-psol-vai-obstruir-sessao-da-denuncia-contra-temer-nesta-quarta\/\"},\"wordCount\":287,\"commentCount\":0,\"publisher\":{\"@id\":\"https:\/\/psol50.org.br\/#organization\"},\"image\":{\"@id\":\"https:\/\/psol50.org.br\/contra-manobras-e-compra-de-votos-psol-vai-obstruir-sessao-da-denuncia-contra-temer-nesta-quarta\/#primaryimage\"},\"thumbnailUrl\":\"\",\"keywords\":[\"corrup\u00e7\u00e3o\",\"da Re\",\"den\u00fancia\",\"Fora Temer\",\"Ivan Valente\",\"Michel Temer\",\"PSOL na C\u00e2mara\"],\"articleSection\":[\"A\u00e7\u00e3o Parlamentar\",\"Brasil\",\"Not\u00edcias\"],\"inLanguage\":\"pt-BR\",\"potentialAction\":[{\"@type\":\"CommentAction\",\"name\":\"Comment\",\"target\":[\"https:\/\/psol50.org.br\/contra-manobras-e-compra-de-votos-psol-vai-obstruir-sessao-da-denuncia-contra-temer-nesta-quarta\/#respond\"]}]},{\"@type\":\"WebPage\",\"@id\":\"https:\/\/psol50.org.br\/contra-manobras-e-compra-de-votos-psol-vai-obstruir-sessao-da-denuncia-contra-temer-nesta-quarta\/\",\"url\":\"https:\/\/psol50.org.br\/contra-manobras-e-compra-de-votos-psol-vai-obstruir-sessao-da-denuncia-contra-temer-nesta-quarta\/\",\"name\":\"Contra manobras e compra de votos, PSOL vai obstruir sess\u00e3o da den\u00fancia contra Temer nesta quarta - PSOL 50\",\"isPartOf\":{\"@id\":\"https:\/\/psol50.org.br\/#website\"},\"primaryImageOfPage\":{\"@id\":\"https:\/\/psol50.org.br\/contra-manobras-e-compra-de-votos-psol-vai-obstruir-sessao-da-denuncia-contra-temer-nesta-quarta\/#primaryimage\"},\"image\":{\"@id\":\"https:\/\/psol50.org.br\/contra-manobras-e-compra-de-votos-psol-vai-obstruir-sessao-da-denuncia-contra-temer-nesta-quarta\/#primaryimage\"},\"thumbnailUrl\":\"\",\"datePublished\":\"2017-08-01T18:14:09+00:00\",\"breadcrumb\":{\"@id\":\"https:\/\/psol50.org.br\/contra-manobras-e-compra-de-votos-psol-vai-obstruir-sessao-da-denuncia-contra-temer-nesta-quarta\/#breadcrumb\"},\"inLanguage\":\"pt-BR\",\"potentialAction\":[{\"@type\":\"ReadAction\",\"target\":[\"https:\/\/psol50.org.br\/contra-manobras-e-compra-de-votos-psol-vai-obstruir-sessao-da-denuncia-contra-temer-nesta-quarta\/\"]}]},{\"@type\":\"ImageObject\",\"inLanguage\":\"pt-BR\",\"@id\":\"https:\/\/psol50.org.br\/contra-manobras-e-compra-de-votos-psol-vai-obstruir-sessao-da-denuncia-contra-temer-nesta-quarta\/#primaryimage\",\"url\":\"\",\"contentUrl\":\"\"},{\"@type\":\"BreadcrumbList\",\"@id\":\"https:\/\/psol50.org.br\/contra-manobras-e-compra-de-votos-psol-vai-obstruir-sessao-da-denuncia-contra-temer-nesta-quarta\/#breadcrumb\",\"itemListElement\":[{\"@type\":\"ListItem\",\"position\":1,\"name\":\"In\u00edcio\",\"item\":\"https:\/\/psol50.org.br\/\"},{\"@type\":\"ListItem\",\"position\":2,\"name\":\"Contra manobras e compra de votos, PSOL vai obstruir sess\u00e3o da den\u00fancia contra Temer nesta quarta\"}]},{\"@type\":\"WebSite\",\"@id\":\"https:\/\/psol50.org.br\/#website\",\"url\":\"https:\/\/psol50.org.br\/\",\"name\":\"PSOL 50\",\"description\":\"Site oficial do Partido Socialismo e Liberdade\",\"publisher\":{\"@id\":\"https:\/\/psol50.org.br\/#organization\"},\"alternateName\":\"PSOL50\",\"potentialAction\":[{\"@type\":\"SearchAction\",\"target\":{\"@type\":\"EntryPoint\",\"urlTemplate\":\"https:\/\/psol50.org.br\/?s={search_term_string}\"},\"query-input\":{\"@type\":\"PropertyValueSpecification\",\"valueRequired\":true,\"valueName\":\"search_term_string\"}}],\"inLanguage\":\"pt-BR\"},{\"@type\":\"Organization\",\"@id\":\"https:\/\/psol50.org.br\/#organization\",\"name\":\"PSOL 50\",\"alternateName\":\"PSOL 50\",\"url\":\"https:\/\/psol50.org.br\/\",\"logo\":{\"@type\":\"ImageObject\",\"inLanguage\":\"pt-BR\",\"@id\":\"https:\/\/psol50.org.br\/#\/schema\/logo\/image\/\",\"url\":\"https:\/\/psol50.org.br\/inc\/uploads\/2018\/07\/capa.png\",\"contentUrl\":\"https:\/\/psol50.org.br\/inc\/uploads\/2018\/07\/capa.png\",\"width\":1350,\"height\":900,\"caption\":\"PSOL 50\"},\"image\":{\"@id\":\"https:\/\/psol50.org.br\/#\/schema\/logo\/image\/\"},\"sameAs\":[\"https:\/\/www.facebook.com\/psol50\",\"https:\/\/x.com\/psol50\",\"https:\/\/www.instagram.com\/psol50\/\",\"https:\/\/www.youtube.com\/channel\/UC7SnJS5o1os7a6CaiNabzcg\"]},{\"@type\":\"Person\",\"@id\":\"https:\/\/psol50.org.br\/#\/schema\/person\/475dfa57d0b815993c714c2e96491fcd\",\"name\":\"Comunica\u00e7\u00e3o PSOL\",\"image\":{\"@type\":\"ImageObject\",\"inLanguage\":\"pt-BR\",\"@id\":\"https:\/\/psol50.org.br\/#\/schema\/person\/image\/\",\"url\":\"https:\/\/secure.gravatar.com\/avatar\/b34fc4f4e468a4e51785917065a3db57b841f5c95dba6ad8c73aaf8f66f8f9bf?s=96&d=mm&r=g\",\"contentUrl\":\"https:\/\/secure.gravatar.com\/avatar\/b34fc4f4e468a4e51785917065a3db57b841f5c95dba6ad8c73aaf8f66f8f9bf?s=96&d=mm&r=g\",\"caption\":\"Comunica\u00e7\u00e3o PSOL\"}}]}<\/script>\n<!-- \/ Yoast SEO plugin. -->","yoast_head_json":{"title":"Contra manobras e compra de votos, PSOL vai obstruir sess\u00e3o da den\u00fancia contra Temer nesta quarta - PSOL 50","robots":{"index":"index","follow":"follow","max-snippet":"max-snippet:-1","max-image-preview":"max-image-preview:large","max-video-preview":"max-video-preview:-1"},"canonical":"https:\/\/psol50.org.br\/contra-manobras-e-compra-de-votos-psol-vai-obstruir-sessao-da-denuncia-contra-temer-nesta-quarta\/","og_locale":"pt_BR","og_type":"article","og_title":"Contra manobras e compra de votos, PSOL vai obstruir sess\u00e3o da den\u00fancia contra Temer nesta quarta - PSOL 50","og_description":"A bancada do PSOL na C\u00e2mara vai obstruir a sess\u00e3o que vai votar a den\u00fancia contra Temer, nesta quarta-feira (02\/07). A decis\u00e3o foi tomada por conta das diversas manobras feitas pelo governo, como a descarada compra de votos com emendas parlamentares e o cerceamento de voz da oposi\u00e7\u00e3o. O objetivo da movimenta\u00e7\u00e3o da bancada \u00e9 [&hellip;]","og_url":"https:\/\/psol50.org.br\/contra-manobras-e-compra-de-votos-psol-vai-obstruir-sessao-da-denuncia-contra-temer-nesta-quarta\/","og_site_name":"PSOL 50","article_publisher":"https:\/\/www.facebook.com\/psol50","article_published_time":"2017-08-01T18:14:09+00:00","og_image":[{"width":1350,"height":900,"url":"https:\/\/psol50.org.br\/inc\/uploads\/2018\/07\/capa.png","type":"image\/png"}],"author":"Comunica\u00e7\u00e3o PSOL","twitter_card":"summary_large_image","twitter_creator":"@psol50","twitter_site":"@psol50","twitter_misc":{"Escrito por":"Comunica\u00e7\u00e3o PSOL","Est. tempo de leitura":"1 minuto"},"schema":{"@context":"https:\/\/schema.org","@graph":[{"@type":"Article","@id":"https:\/\/psol50.org.br\/contra-manobras-e-compra-de-votos-psol-vai-obstruir-sessao-da-denuncia-contra-temer-nesta-quarta\/#article","isPartOf":{"@id":"https:\/\/psol50.org.br\/contra-manobras-e-compra-de-votos-psol-vai-obstruir-sessao-da-denuncia-contra-temer-nesta-quarta\/"},"author":{"name":"Comunica\u00e7\u00e3o PSOL","@id":"https:\/\/psol50.org.br\/#\/schema\/person\/475dfa57d0b815993c714c2e96491fcd"},"headline":"Contra manobras e compra de votos, PSOL vai obstruir sess\u00e3o da den\u00fancia contra Temer nesta quarta","datePublished":"2017-08-01T18:14:09+00:00","mainEntityOfPage":{"@id":"https:\/\/psol50.org.br\/contra-manobras-e-compra-de-votos-psol-vai-obstruir-sessao-da-denuncia-contra-temer-nesta-quarta\/"},"wordCount":287,"commentCount":0,"publisher":{"@id":"https:\/\/psol50.org.br\/#organization"},"image":{"@id":"https:\/\/psol50.org.br\/contra-manobras-e-compra-de-votos-psol-vai-obstruir-sessao-da-denuncia-contra-temer-nesta-quarta\/#primaryimage"},"thumbnailUrl":"","keywords":["corrup\u00e7\u00e3o","da Re","den\u00fancia","Fora Temer","Ivan Valente","Michel Temer","PSOL na C\u00e2mara"],"articleSection":["A\u00e7\u00e3o Parlamentar","Brasil","Not\u00edcias"],"inLanguage":"pt-BR","potentialAction":[{"@type":"CommentAction","name":"Comment","target":["https:\/\/psol50.org.br\/contra-manobras-e-compra-de-votos-psol-vai-obstruir-sessao-da-denuncia-contra-temer-nesta-quarta\/#respond"]}]},{"@type":"WebPage","@id":"https:\/\/psol50.org.br\/contra-manobras-e-compra-de-votos-psol-vai-obstruir-sessao-da-denuncia-contra-temer-nesta-quarta\/","url":"https:\/\/psol50.org.br\/contra-manobras-e-compra-de-votos-psol-vai-obstruir-sessao-da-denuncia-contra-temer-nesta-quarta\/","name":"Contra manobras e compra de votos, PSOL vai obstruir sess\u00e3o da den\u00fancia contra Temer nesta quarta - PSOL 50","isPartOf":{"@id":"https:\/\/psol50.org.br\/#website"},"primaryImageOfPage":{"@id":"https:\/\/psol50.org.br\/contra-manobras-e-compra-de-votos-psol-vai-obstruir-sessao-da-denuncia-contra-temer-nesta-quarta\/#primaryimage"},"image":{"@id":"https:\/\/psol50.org.br\/contra-manobras-e-compra-de-votos-psol-vai-obstruir-sessao-da-denuncia-contra-temer-nesta-quarta\/#primaryimage"},"thumbnailUrl":"","datePublished":"2017-08-01T18:14:09+00:00","breadcrumb":{"@id":"https:\/\/psol50.org.br\/contra-manobras-e-compra-de-votos-psol-vai-obstruir-sessao-da-denuncia-contra-temer-nesta-quarta\/#breadcrumb"},"inLanguage":"pt-BR","potentialAction":[{"@type":"ReadAction","target":["https:\/\/psol50.org.br\/contra-manobras-e-compra-de-votos-psol-vai-obstruir-sessao-da-denuncia-contra-temer-nesta-quarta\/"]}]},{"@type":"ImageObject","inLanguage":"pt-BR","@id":"https:\/\/psol50.org.br\/contra-manobras-e-compra-de-votos-psol-vai-obstruir-sessao-da-denuncia-contra-temer-nesta-quarta\/#primaryimage","url":"","contentUrl":""},{"@type":"BreadcrumbList","@id":"https:\/\/psol50.org.br\/contra-manobras-e-compra-de-votos-psol-vai-obstruir-sessao-da-denuncia-contra-temer-nesta-quarta\/#breadcrumb","itemListElement":[{"@type":"ListItem","position":1,"name":"In\u00edcio","item":"https:\/\/psol50.org.br\/"},{"@type":"ListItem","position":2,"name":"Contra manobras e compra de votos, PSOL vai obstruir sess\u00e3o da den\u00fancia contra Temer nesta quarta"}]},{"@type":"WebSite","@id":"https:\/\/psol50.org.br\/#website","url":"https:\/\/psol50.org.br\/","name":"PSOL 50","description":"Site oficial do Partido Socialismo e Liberdade","publisher":{"@id":"https:\/\/psol50.org.br\/#organization"},"alternateName":"PSOL50","potentialAction":[{"@type":"SearchAction","target":{"@type":"EntryPoint","urlTemplate":"https:\/\/psol50.org.br\/?s={search_term_string}"},"query-input":{"@type":"PropertyValueSpecification","valueRequired":true,"valueName":"search_term_string"}}],"inLanguage":"pt-BR"},{"@type":"Organization","@id":"https:\/\/psol50.org.br\/#organization","name":"PSOL 50","alternateName":"PSOL 50","url":"https:\/\/psol50.org.br\/","logo":{"@type":"ImageObject","inLanguage":"pt-BR","@id":"https:\/\/psol50.org.br\/#\/schema\/logo\/image\/","url":"https:\/\/psol50.org.br\/inc\/uploads\/2018\/07\/capa.png","contentUrl":"https:\/\/psol50.org.br\/inc\/uploads\/2018\/07\/capa.png","width":1350,"height":900,"caption":"PSOL 50"},"image":{"@id":"https:\/\/psol50.org.br\/#\/schema\/logo\/image\/"},"sameAs":["https:\/\/www.facebook.com\/psol50","https:\/\/x.com\/psol50","https:\/\/www.instagram.com\/psol50\/","https:\/\/www.youtube.com\/channel\/UC7SnJS5o1os7a6CaiNabzcg"]},{"@type":"Person","@id":"https:\/\/psol50.org.br\/#\/schema\/person\/475dfa57d0b815993c714c2e96491fcd","name":"Comunica\u00e7\u00e3o PSOL","image":{"@type":"ImageObject","inLanguage":"pt-BR","@id":"https:\/\/psol50.org.br\/#\/schema\/person\/image\/","url":"https:\/\/secure.gravatar.com\/avatar\/b34fc4f4e468a4e51785917065a3db57b841f5c95dba6ad8c73aaf8f66f8f9bf?s=96&d=mm&r=g","contentUrl":"https:\/\/secure.gravatar.com\/avatar\/b34fc4f4e468a4e51785917065a3db57b841f5c95dba6ad8c73aaf8f66f8f9bf?s=96&d=mm&r=g","caption":"Comunica\u00e7\u00e3o PSOL"}}]}},"_links":{"self":[{"href":"https:\/\/psol50.org.br\/rest\/wp\/v2\/posts\/17373","targetHints":{"allow":["GET"]}}],"collection":[{"href":"https:\/\/psol50.org.br\/rest\/wp\/v2\/posts"}],"about":[{"href":"https:\/\/psol50.org.br\/rest\/wp\/v2\/types\/post"}],"author":[{"embeddable":true,"href":"https:\/\/psol50.org.br\/rest\/wp\/v2\/users\/2"}],"replies":[{"embeddable":true,"href":"https:\/\/psol50.org.br\/rest\/wp\/v2\/comments?post=17373"}],"version-history":[{"count":0,"href":"https:\/\/psol50.org.br\/rest\/wp\/v2\/posts\/17373\/revisions"}],"wp:featuredmedia":[{"embeddable":true,"href":"https:\/\/psol50.org.br\/rest\/"}],"wp:attachment":[{"href":"https:\/\/psol50.org.br\/rest\/wp\/v2\/media?parent=17373"}],"wp:term":[{"taxonomy":"category","embeddable":true,"href":"https:\/\/psol50.org.br\/rest\/wp\/v2\/categories?post=17373"},{"taxonomy":"post_tag","embeddable":true,"href":"https:\/\/psol50.org.br\/rest\/wp\/v2\/tags?post=17373"}],"curies":[{"name":"wp","href":"https:\/\/api.w.org\/{rel}","templated":true}]}}