{"id":17407,"date":"2017-08-02T23:14:04","date_gmt":"2017-08-02T23:14:04","guid":{"rendered":"http:\/\/www.psol50.org.br\/?p=17407"},"modified":"2017-08-02T23:14:04","modified_gmt":"2017-08-02T23:14:04","slug":"camara-sela-acordao-e-nega-investigacao-contra-temer","status":"publish","type":"post","link":"https:\/\/psol50.org.br\/camara-sela-acordao-e-nega-investigacao-contra-temer\/","title":{"rendered":"C\u00e2mara sela acord\u00e3o e nega investiga\u00e7\u00e3o contra Temer"},"content":{"rendered":"<p>Os deputados da base de apoio do governo ileg\u00edtimo rejeitaram, em sess\u00e3o nesta quarta-feira (02\/08), a investiga\u00e7\u00e3o contra Michel Temer, mantendo o relat\u00f3rio da CCJ sobre a den\u00fancia feita pela Procuradoria-Geral da Rep\u00fablica por corrup\u00e7\u00e3o passiva.<\/p>\n<p>O relat\u00f3rio \u00e9 do deputado Paulo Abi-Acke (PSDB\/MG). Foram 263 votos favor\u00e1veis ao texto e 227 contr\u00e1rios, com 2 absten\u00e7\u00f5es, totalizando 492 votos. Foram 19 parlamentares ausentes.<\/p>\n<p>A den\u00fancia da PGR contra Temer foi com base nas dela\u00e7\u00f5es feitas \u00e0 opera\u00e7\u00e3o Lava Jato pelo empres\u00e1rio Joesley Batista, da JBS. O presidente \u00e9 acusado de ser o destinat\u00e1rio da mala com R$500 mil flagrada com o deputado Rocha Loures (PMDB).<\/p>\n<p>A decis\u00e3o selou, portanto, o acord\u00e3o que vinha sendo costurado ao longo das \u00faltimas semanas, que inclu\u00eda troca de favores e libera\u00e7\u00e3o de emendas parlamentares para garantir os votos em favor de Temer. At\u00e9 \u00e0s v\u00e9speras da sess\u00e3o, o Pal\u00e1cio do Planalto movimentou as pe\u00e7as do xadrez, negociando com diversos parlamentares coniventes com o seu governo e favor\u00e1veis \u00e0s reformas que colocam em risco direitos hist\u00f3ricos da popula\u00e7\u00e3o brasileira. Algumas medidas tamb\u00e9m foram feitas de \u00faltima hora, para agradar alguns setores do empresariado, incluindo a bancada ruralista.<\/p>\n<p>A bancada do PSOL, que denunciou durante todo o tempo as manobras em curso, votou contra o parecer de Paulo Abi-Acke. Durante o dia, o partido esteve em obstru\u00e7\u00e3o para tentar impedir o qu\u00f3rum, j\u00e1 que Temer n\u00e3o precisaria vencer a vota\u00e7\u00e3o, sendo apenas necess\u00e1rio que n\u00e3o houvesse 342 votos favor\u00e1veis no plen\u00e1rio.<\/p>\n<p>Ainda no in\u00edcio da sess\u00e3o, a oposi\u00e7\u00e3o, por iniciativa do PSOL, <a href=\"http:\/\/www.psol50.org.br\/blog\/2017\/08\/02\/oposicao-entra-com-mandado-de-seguranca-para-votacao-da-denuncia-e-nao-do-relatorio-da-ccj\/\" target=\"_blank\" rel=\"noopener\"><span style=\"color: #0000ff;\"><strong>protocolou, no STF, um Mandado de Seguran\u00e7a com pedido de liminar<\/strong><\/span><\/a> para que fosse votada a den\u00fancia contra Michel Temer e n\u00e3o o parecer da CCJ.\u00a0Caso fosse concedida, a liminar mudaria o formato do voto em rela\u00e7\u00e3o \u00e0 den\u00fancia. N\u00e3o seria, portanto, necess\u00e1rio votar o relat\u00f3rio, e sim a pr\u00f3pria den\u00fancia. O entendimento se baseou no artigo 86 da Constitui\u00e7\u00e3o Federal, que trata da acusa\u00e7\u00e3o contra o presidente da Rep\u00fablica por crimes comuns.<\/p>\n<p>Durante a orienta\u00e7\u00e3o do voto do PSOL, o l\u00edder do partido, Glauber Braga, fez contundente fala denunciando o acord\u00e3o. Para Glauber, os deputados que votaram a favor de Temer s\u00e3o agora c\u00famplices da mala de dinheiro de Rocha Loures. Assista:<\/p>\n<p><a href=\"https:\/\/www.facebook.com\/glauber.braga1\/videos\/849971328493223\/\">https:\/\/www.facebook.com\/glauber.braga1\/videos\/849971328493223\/<\/a><\/p>\n<p>Antes, Glauber Braga criticou a blindagem feita pela base de apoio, sob a lideran\u00e7a do presidente da Casa, Rodrigo Maia (DEM-RJ), que encaminhou o encerramento da discuss\u00e3o antes mesmo de atingir o qu\u00f3rum de 342 deputados. Braga disse que o PSOL atuar\u00e1 at\u00e9 o fim para garantir que Temer saia do comando do pa\u00eds.<\/p>\n<p>Como forma de protesto, a bancada do\u00a0<strong><a href=\"https:\/\/www.facebook.com\/psolnacamara\">PSOL na C\u00e2mara<\/a><\/strong>\u00a0levou uma mala simbolizando os 500 mil entregues a Rocha Loures, ex-assessor presidencial de Temer.<\/p>\n<figure id=\"attachment_17408\" aria-describedby=\"caption-attachment-17408\" style=\"width: 960px\" class=\"wp-caption alignnone\"><img loading=\"lazy\" decoding=\"async\" class=\"wp-image-17408 size-full\" src=\"http:\/\/www.psol50.org.br\/inc\/uploads\/2017\/08\/Bancada_vota\u00e7\u00e3o_Temer.jpg\" alt=\"\" width=\"960\" height=\"720\" \/><figcaption id=\"caption-attachment-17408\" class=\"wp-caption-text\"><em>Foto: PSOL na C\u00e2mara<\/em><\/figcaption><\/figure>\n<p>&nbsp;<\/p>\n<p>&nbsp;<\/p>\n","protected":false},"excerpt":{"rendered":"<p>Os deputados da base de apoio do governo ileg\u00edtimo rejeitaram, em sess\u00e3o nesta quarta-feira (02\/08), a investiga\u00e7\u00e3o contra Michel Temer, mantendo o relat\u00f3rio da CCJ sobre a den\u00fancia feita pela Procuradoria-Geral da Rep\u00fablica por corrup\u00e7\u00e3o passiva. O relat\u00f3rio \u00e9 do deputado Paulo Abi-Acke (PSDB\/MG). Foram 263 votos favor\u00e1veis ao texto e 227 contr\u00e1rios, com 2 [&hellip;]<\/p>\n","protected":false},"author":2,"featured_media":17410,"comment_status":"open","ping_status":"open","sticky":false,"template":"","format":"standard","meta":{"_acf_changed":false,"footnotes":""},"categories":[10,1882,6],"tags":[3433,709,58,79,61,1748,77,22],"class_list":{"0":"post-17407","1":"post","2":"type-post","3":"status-publish","4":"format-standard","5":"has-post-thumbnail","7":"category-acao-parlamentares","8":"category-brasil","9":"category-noticias","10":"tag-acordao","11":"tag-camara-dos-deputados","12":"tag-corrupcao","13":"tag-denuncia","14":"tag-investigacao","15":"tag-michel-temer","16":"tag-pgr","17":"tag-psol"},"acf":[],"yoast_head":"<!-- This site is optimized with the Yoast SEO plugin v26.5 - https:\/\/yoast.com\/wordpress\/plugins\/seo\/ -->\n<title>C\u00e2mara sela acord\u00e3o e nega investiga\u00e7\u00e3o contra Temer - PSOL 50<\/title>\n<meta name=\"robots\" content=\"index, follow, max-snippet:-1, max-image-preview:large, max-video-preview:-1\" \/>\n<link rel=\"canonical\" href=\"https:\/\/psol50.org.br\/camara-sela-acordao-e-nega-investigacao-contra-temer\/\" \/>\n<meta property=\"og:locale\" content=\"pt_BR\" \/>\n<meta property=\"og:type\" content=\"article\" \/>\n<meta property=\"og:title\" content=\"C\u00e2mara sela acord\u00e3o e nega investiga\u00e7\u00e3o contra Temer - PSOL 50\" \/>\n<meta property=\"og:description\" content=\"Os deputados da base de apoio do governo ileg\u00edtimo rejeitaram, em sess\u00e3o nesta quarta-feira (02\/08), a investiga\u00e7\u00e3o contra Michel Temer, mantendo o relat\u00f3rio da CCJ sobre a den\u00fancia feita pela Procuradoria-Geral da Rep\u00fablica por corrup\u00e7\u00e3o passiva. O relat\u00f3rio \u00e9 do deputado Paulo Abi-Acke (PSDB\/MG). Foram 263 votos favor\u00e1veis ao texto e 227 contr\u00e1rios, com 2 [&hellip;]\" \/>\n<meta property=\"og:url\" content=\"https:\/\/psol50.org.br\/camara-sela-acordao-e-nega-investigacao-contra-temer\/\" \/>\n<meta property=\"og:site_name\" content=\"PSOL 50\" \/>\n<meta property=\"article:publisher\" content=\"https:\/\/www.facebook.com\/psol50\" \/>\n<meta property=\"article:published_time\" content=\"2017-08-02T23:14:04+00:00\" \/>\n<meta property=\"og:image\" content=\"https:\/\/psol50.org.br\/inc\/uploads\/2018\/07\/capa.png\" \/>\n\t<meta property=\"og:image:width\" content=\"1350\" \/>\n\t<meta property=\"og:image:height\" content=\"900\" \/>\n\t<meta property=\"og:image:type\" content=\"image\/png\" \/>\n<meta name=\"author\" content=\"Comunica\u00e7\u00e3o PSOL\" \/>\n<meta name=\"twitter:card\" content=\"summary_large_image\" \/>\n<meta name=\"twitter:creator\" content=\"@psol50\" \/>\n<meta name=\"twitter:site\" content=\"@psol50\" \/>\n<meta name=\"twitter:label1\" content=\"Escrito por\" \/>\n\t<meta name=\"twitter:data1\" content=\"Comunica\u00e7\u00e3o PSOL\" \/>\n\t<meta name=\"twitter:label2\" content=\"Est. tempo de leitura\" \/>\n\t<meta name=\"twitter:data2\" content=\"3 minutos\" \/>\n<script type=\"application\/ld+json\" class=\"yoast-schema-graph\">{\"@context\":\"https:\/\/schema.org\",\"@graph\":[{\"@type\":\"Article\",\"@id\":\"https:\/\/psol50.org.br\/camara-sela-acordao-e-nega-investigacao-contra-temer\/#article\",\"isPartOf\":{\"@id\":\"https:\/\/psol50.org.br\/camara-sela-acordao-e-nega-investigacao-contra-temer\/\"},\"author\":{\"name\":\"Comunica\u00e7\u00e3o PSOL\",\"@id\":\"https:\/\/psol50.org.br\/#\/schema\/person\/475dfa57d0b815993c714c2e96491fcd\"},\"headline\":\"C\u00e2mara sela acord\u00e3o e nega investiga\u00e7\u00e3o contra Temer\",\"datePublished\":\"2017-08-02T23:14:04+00:00\",\"mainEntityOfPage\":{\"@id\":\"https:\/\/psol50.org.br\/camara-sela-acordao-e-nega-investigacao-contra-temer\/\"},\"wordCount\":532,\"commentCount\":0,\"publisher\":{\"@id\":\"https:\/\/psol50.org.br\/#organization\"},\"image\":{\"@id\":\"https:\/\/psol50.org.br\/camara-sela-acordao-e-nega-investigacao-contra-temer\/#primaryimage\"},\"thumbnailUrl\":\"\",\"keywords\":[\"acord\u00e3o\",\"C\u00e2mara dos Deputados\",\"corrup\u00e7\u00e3o\",\"den\u00fancia\",\"investiga\u00e7\u00e3o\",\"Michel Temer\",\"PGR\",\"PSOL\"],\"articleSection\":[\"A\u00e7\u00e3o Parlamentar\",\"Brasil\",\"Not\u00edcias\"],\"inLanguage\":\"pt-BR\",\"potentialAction\":[{\"@type\":\"CommentAction\",\"name\":\"Comment\",\"target\":[\"https:\/\/psol50.org.br\/camara-sela-acordao-e-nega-investigacao-contra-temer\/#respond\"]}]},{\"@type\":\"WebPage\",\"@id\":\"https:\/\/psol50.org.br\/camara-sela-acordao-e-nega-investigacao-contra-temer\/\",\"url\":\"https:\/\/psol50.org.br\/camara-sela-acordao-e-nega-investigacao-contra-temer\/\",\"name\":\"C\u00e2mara sela acord\u00e3o e nega investiga\u00e7\u00e3o contra Temer - PSOL 50\",\"isPartOf\":{\"@id\":\"https:\/\/psol50.org.br\/#website\"},\"primaryImageOfPage\":{\"@id\":\"https:\/\/psol50.org.br\/camara-sela-acordao-e-nega-investigacao-contra-temer\/#primaryimage\"},\"image\":{\"@id\":\"https:\/\/psol50.org.br\/camara-sela-acordao-e-nega-investigacao-contra-temer\/#primaryimage\"},\"thumbnailUrl\":\"\",\"datePublished\":\"2017-08-02T23:14:04+00:00\",\"breadcrumb\":{\"@id\":\"https:\/\/psol50.org.br\/camara-sela-acordao-e-nega-investigacao-contra-temer\/#breadcrumb\"},\"inLanguage\":\"pt-BR\",\"potentialAction\":[{\"@type\":\"ReadAction\",\"target\":[\"https:\/\/psol50.org.br\/camara-sela-acordao-e-nega-investigacao-contra-temer\/\"]}]},{\"@type\":\"ImageObject\",\"inLanguage\":\"pt-BR\",\"@id\":\"https:\/\/psol50.org.br\/camara-sela-acordao-e-nega-investigacao-contra-temer\/#primaryimage\",\"url\":\"\",\"contentUrl\":\"\"},{\"@type\":\"BreadcrumbList\",\"@id\":\"https:\/\/psol50.org.br\/camara-sela-acordao-e-nega-investigacao-contra-temer\/#breadcrumb\",\"itemListElement\":[{\"@type\":\"ListItem\",\"position\":1,\"name\":\"In\u00edcio\",\"item\":\"https:\/\/psol50.org.br\/\"},{\"@type\":\"ListItem\",\"position\":2,\"name\":\"C\u00e2mara sela acord\u00e3o e nega investiga\u00e7\u00e3o contra Temer\"}]},{\"@type\":\"WebSite\",\"@id\":\"https:\/\/psol50.org.br\/#website\",\"url\":\"https:\/\/psol50.org.br\/\",\"name\":\"PSOL 50\",\"description\":\"Site oficial do Partido Socialismo e Liberdade\",\"publisher\":{\"@id\":\"https:\/\/psol50.org.br\/#organization\"},\"alternateName\":\"PSOL50\",\"potentialAction\":[{\"@type\":\"SearchAction\",\"target\":{\"@type\":\"EntryPoint\",\"urlTemplate\":\"https:\/\/psol50.org.br\/?s={search_term_string}\"},\"query-input\":{\"@type\":\"PropertyValueSpecification\",\"valueRequired\":true,\"valueName\":\"search_term_string\"}}],\"inLanguage\":\"pt-BR\"},{\"@type\":\"Organization\",\"@id\":\"https:\/\/psol50.org.br\/#organization\",\"name\":\"PSOL 50\",\"alternateName\":\"PSOL 50\",\"url\":\"https:\/\/psol50.org.br\/\",\"logo\":{\"@type\":\"ImageObject\",\"inLanguage\":\"pt-BR\",\"@id\":\"https:\/\/psol50.org.br\/#\/schema\/logo\/image\/\",\"url\":\"https:\/\/psol50.org.br\/inc\/uploads\/2018\/07\/capa.png\",\"contentUrl\":\"https:\/\/psol50.org.br\/inc\/uploads\/2018\/07\/capa.png\",\"width\":1350,\"height\":900,\"caption\":\"PSOL 50\"},\"image\":{\"@id\":\"https:\/\/psol50.org.br\/#\/schema\/logo\/image\/\"},\"sameAs\":[\"https:\/\/www.facebook.com\/psol50\",\"https:\/\/x.com\/psol50\",\"https:\/\/www.instagram.com\/psol50\/\",\"https:\/\/www.youtube.com\/channel\/UC7SnJS5o1os7a6CaiNabzcg\"]},{\"@type\":\"Person\",\"@id\":\"https:\/\/psol50.org.br\/#\/schema\/person\/475dfa57d0b815993c714c2e96491fcd\",\"name\":\"Comunica\u00e7\u00e3o PSOL\",\"image\":{\"@type\":\"ImageObject\",\"inLanguage\":\"pt-BR\",\"@id\":\"https:\/\/psol50.org.br\/#\/schema\/person\/image\/\",\"url\":\"https:\/\/secure.gravatar.com\/avatar\/b34fc4f4e468a4e51785917065a3db57b841f5c95dba6ad8c73aaf8f66f8f9bf?s=96&d=mm&r=g\",\"contentUrl\":\"https:\/\/secure.gravatar.com\/avatar\/b34fc4f4e468a4e51785917065a3db57b841f5c95dba6ad8c73aaf8f66f8f9bf?s=96&d=mm&r=g\",\"caption\":\"Comunica\u00e7\u00e3o PSOL\"}}]}<\/script>\n<!-- \/ Yoast SEO plugin. -->","yoast_head_json":{"title":"C\u00e2mara sela acord\u00e3o e nega investiga\u00e7\u00e3o contra Temer - PSOL 50","robots":{"index":"index","follow":"follow","max-snippet":"max-snippet:-1","max-image-preview":"max-image-preview:large","max-video-preview":"max-video-preview:-1"},"canonical":"https:\/\/psol50.org.br\/camara-sela-acordao-e-nega-investigacao-contra-temer\/","og_locale":"pt_BR","og_type":"article","og_title":"C\u00e2mara sela acord\u00e3o e nega investiga\u00e7\u00e3o contra Temer - PSOL 50","og_description":"Os deputados da base de apoio do governo ileg\u00edtimo rejeitaram, em sess\u00e3o nesta quarta-feira (02\/08), a investiga\u00e7\u00e3o contra Michel Temer, mantendo o relat\u00f3rio da CCJ sobre a den\u00fancia feita pela Procuradoria-Geral da Rep\u00fablica por corrup\u00e7\u00e3o passiva. O relat\u00f3rio \u00e9 do deputado Paulo Abi-Acke (PSDB\/MG). Foram 263 votos favor\u00e1veis ao texto e 227 contr\u00e1rios, com 2 [&hellip;]","og_url":"https:\/\/psol50.org.br\/camara-sela-acordao-e-nega-investigacao-contra-temer\/","og_site_name":"PSOL 50","article_publisher":"https:\/\/www.facebook.com\/psol50","article_published_time":"2017-08-02T23:14:04+00:00","og_image":[{"width":1350,"height":900,"url":"https:\/\/psol50.org.br\/inc\/uploads\/2018\/07\/capa.png","type":"image\/png"}],"author":"Comunica\u00e7\u00e3o PSOL","twitter_card":"summary_large_image","twitter_creator":"@psol50","twitter_site":"@psol50","twitter_misc":{"Escrito por":"Comunica\u00e7\u00e3o PSOL","Est. tempo de leitura":"3 minutos"},"schema":{"@context":"https:\/\/schema.org","@graph":[{"@type":"Article","@id":"https:\/\/psol50.org.br\/camara-sela-acordao-e-nega-investigacao-contra-temer\/#article","isPartOf":{"@id":"https:\/\/psol50.org.br\/camara-sela-acordao-e-nega-investigacao-contra-temer\/"},"author":{"name":"Comunica\u00e7\u00e3o PSOL","@id":"https:\/\/psol50.org.br\/#\/schema\/person\/475dfa57d0b815993c714c2e96491fcd"},"headline":"C\u00e2mara sela acord\u00e3o e nega investiga\u00e7\u00e3o contra Temer","datePublished":"2017-08-02T23:14:04+00:00","mainEntityOfPage":{"@id":"https:\/\/psol50.org.br\/camara-sela-acordao-e-nega-investigacao-contra-temer\/"},"wordCount":532,"commentCount":0,"publisher":{"@id":"https:\/\/psol50.org.br\/#organization"},"image":{"@id":"https:\/\/psol50.org.br\/camara-sela-acordao-e-nega-investigacao-contra-temer\/#primaryimage"},"thumbnailUrl":"","keywords":["acord\u00e3o","C\u00e2mara dos Deputados","corrup\u00e7\u00e3o","den\u00fancia","investiga\u00e7\u00e3o","Michel Temer","PGR","PSOL"],"articleSection":["A\u00e7\u00e3o Parlamentar","Brasil","Not\u00edcias"],"inLanguage":"pt-BR","potentialAction":[{"@type":"CommentAction","name":"Comment","target":["https:\/\/psol50.org.br\/camara-sela-acordao-e-nega-investigacao-contra-temer\/#respond"]}]},{"@type":"WebPage","@id":"https:\/\/psol50.org.br\/camara-sela-acordao-e-nega-investigacao-contra-temer\/","url":"https:\/\/psol50.org.br\/camara-sela-acordao-e-nega-investigacao-contra-temer\/","name":"C\u00e2mara sela acord\u00e3o e nega investiga\u00e7\u00e3o contra Temer - PSOL 50","isPartOf":{"@id":"https:\/\/psol50.org.br\/#website"},"primaryImageOfPage":{"@id":"https:\/\/psol50.org.br\/camara-sela-acordao-e-nega-investigacao-contra-temer\/#primaryimage"},"image":{"@id":"https:\/\/psol50.org.br\/camara-sela-acordao-e-nega-investigacao-contra-temer\/#primaryimage"},"thumbnailUrl":"","datePublished":"2017-08-02T23:14:04+00:00","breadcrumb":{"@id":"https:\/\/psol50.org.br\/camara-sela-acordao-e-nega-investigacao-contra-temer\/#breadcrumb"},"inLanguage":"pt-BR","potentialAction":[{"@type":"ReadAction","target":["https:\/\/psol50.org.br\/camara-sela-acordao-e-nega-investigacao-contra-temer\/"]}]},{"@type":"ImageObject","inLanguage":"pt-BR","@id":"https:\/\/psol50.org.br\/camara-sela-acordao-e-nega-investigacao-contra-temer\/#primaryimage","url":"","contentUrl":""},{"@type":"BreadcrumbList","@id":"https:\/\/psol50.org.br\/camara-sela-acordao-e-nega-investigacao-contra-temer\/#breadcrumb","itemListElement":[{"@type":"ListItem","position":1,"name":"In\u00edcio","item":"https:\/\/psol50.org.br\/"},{"@type":"ListItem","position":2,"name":"C\u00e2mara sela acord\u00e3o e nega investiga\u00e7\u00e3o contra Temer"}]},{"@type":"WebSite","@id":"https:\/\/psol50.org.br\/#website","url":"https:\/\/psol50.org.br\/","name":"PSOL 50","description":"Site oficial do Partido Socialismo e Liberdade","publisher":{"@id":"https:\/\/psol50.org.br\/#organization"},"alternateName":"PSOL50","potentialAction":[{"@type":"SearchAction","target":{"@type":"EntryPoint","urlTemplate":"https:\/\/psol50.org.br\/?s={search_term_string}"},"query-input":{"@type":"PropertyValueSpecification","valueRequired":true,"valueName":"search_term_string"}}],"inLanguage":"pt-BR"},{"@type":"Organization","@id":"https:\/\/psol50.org.br\/#organization","name":"PSOL 50","alternateName":"PSOL 50","url":"https:\/\/psol50.org.br\/","logo":{"@type":"ImageObject","inLanguage":"pt-BR","@id":"https:\/\/psol50.org.br\/#\/schema\/logo\/image\/","url":"https:\/\/psol50.org.br\/inc\/uploads\/2018\/07\/capa.png","contentUrl":"https:\/\/psol50.org.br\/inc\/uploads\/2018\/07\/capa.png","width":1350,"height":900,"caption":"PSOL 50"},"image":{"@id":"https:\/\/psol50.org.br\/#\/schema\/logo\/image\/"},"sameAs":["https:\/\/www.facebook.com\/psol50","https:\/\/x.com\/psol50","https:\/\/www.instagram.com\/psol50\/","https:\/\/www.youtube.com\/channel\/UC7SnJS5o1os7a6CaiNabzcg"]},{"@type":"Person","@id":"https:\/\/psol50.org.br\/#\/schema\/person\/475dfa57d0b815993c714c2e96491fcd","name":"Comunica\u00e7\u00e3o PSOL","image":{"@type":"ImageObject","inLanguage":"pt-BR","@id":"https:\/\/psol50.org.br\/#\/schema\/person\/image\/","url":"https:\/\/secure.gravatar.com\/avatar\/b34fc4f4e468a4e51785917065a3db57b841f5c95dba6ad8c73aaf8f66f8f9bf?s=96&d=mm&r=g","contentUrl":"https:\/\/secure.gravatar.com\/avatar\/b34fc4f4e468a4e51785917065a3db57b841f5c95dba6ad8c73aaf8f66f8f9bf?s=96&d=mm&r=g","caption":"Comunica\u00e7\u00e3o PSOL"}}]}},"_links":{"self":[{"href":"https:\/\/psol50.org.br\/rest\/wp\/v2\/posts\/17407","targetHints":{"allow":["GET"]}}],"collection":[{"href":"https:\/\/psol50.org.br\/rest\/wp\/v2\/posts"}],"about":[{"href":"https:\/\/psol50.org.br\/rest\/wp\/v2\/types\/post"}],"author":[{"embeddable":true,"href":"https:\/\/psol50.org.br\/rest\/wp\/v2\/users\/2"}],"replies":[{"embeddable":true,"href":"https:\/\/psol50.org.br\/rest\/wp\/v2\/comments?post=17407"}],"version-history":[{"count":0,"href":"https:\/\/psol50.org.br\/rest\/wp\/v2\/posts\/17407\/revisions"}],"wp:featuredmedia":[{"embeddable":true,"href":"https:\/\/psol50.org.br\/rest\/"}],"wp:attachment":[{"href":"https:\/\/psol50.org.br\/rest\/wp\/v2\/media?parent=17407"}],"wp:term":[{"taxonomy":"category","embeddable":true,"href":"https:\/\/psol50.org.br\/rest\/wp\/v2\/categories?post=17407"},{"taxonomy":"post_tag","embeddable":true,"href":"https:\/\/psol50.org.br\/rest\/wp\/v2\/tags?post=17407"}],"curies":[{"name":"wp","href":"https:\/\/api.w.org\/{rel}","templated":true}]}}