{"id":1742,"date":"2012-03-11T00:00:00","date_gmt":"2012-03-11T00:00:00","guid":{"rendered":"http:\/\/psol50.org.br\/arquivo\/2012\/03\/11\/hamilton-assis-e-o-pre-candidato-consensual-do-psol-a-prefeito-de-salvador\/"},"modified":"2012-03-11T00:00:00","modified_gmt":"2012-03-11T00:00:00","slug":"hamilton-assis-e-o-pre-candidato-consensual-do-psol-a-prefeito-de-salvador","status":"publish","type":"post","link":"https:\/\/psol50.org.br\/hamilton-assis-e-o-pre-candidato-consensual-do-psol-a-prefeito-de-salvador\/","title":{"rendered":"Hamilton Assis \u00e9 o pr\u00e9-candidato consensual do PSOL a prefeito de Salvador"},"content":{"rendered":"<p style=\"text-align: justify\"><a href=\"http:\/\/psol50.org.br\/blog\/2012\/03\/11\/hamilton-assis-e-o-pre-candidato-consensual-do-psol-a-prefeito-de-salvador\/hamilton_zilmar\/\" rel=\"attachment wp-att-14296\"><img loading=\"lazy\" decoding=\"async\" class=\"alignleft size-medium wp-image-14296\" src=\"http:\/\/psol50.org.br\/files\/2012\/03\/Hamilton_Zilmar-300x225.jpg\" alt=\"\" width=\"300\" height=\"225\" \/><\/a>O Partido Socialismo e Liberdade (PSOL) de Salvador realizou neste s\u00e1bado, 10, seu 3\u00ba Congresso Municipal. Todas as decis\u00f5es foram tomadas por consenso e aprovaram-se resolu\u00e7\u00f5es sobre a conjuntura, a t\u00e1tica eleitoral, eixos program\u00e1ticos para Salvador, a organiza\u00e7\u00e3o do partido e a elei\u00e7\u00e3o do Diret\u00f3rio Municipal.<\/p>\n<p style=\"text-align: justify\">Hamilton Assis, pedagogo, ex-candidato a vice-presidente na chapa de Pl\u00ednio de Arruda Sampaio em 2010, foi escolhido por unanimidade como pr\u00e9-candidato do PSOL a prefeito de Salvador e tamb\u00e9m eleito consensualmente presidente do partido na capital.<\/p>\n<p style=\"text-align: justify\">Foi aprovada uma vis\u00e3o de conjuntura afirmando-se que &#8220;vivemos um per\u00edodo onde nunca antes na Hist\u00f3ria do Brasil a hegemonia do capital esteve t\u00e3o est\u00e1vel e garantida por um pacto entre partidos de origem na esquerda, o grande empresariado e a grande m\u00eddia. Por outro lado cresce a resist\u00eancia popular aos ataques do capital sobre trabalhadoras e trabalhadores&#8221;, informa Hamilton Assis.<\/p>\n<p style=\"text-align: justify\">Com rela\u00e7\u00e3o \u00e0 conjuntura municipal o PSOL avaliou que administra\u00e7\u00e3o de Jo\u00e3o Henrique se tornou em um desastre para a cidade principalmente para as popula\u00e7\u00f5es pobres que depende dos servi\u00e7os p\u00fablicos e que os partidos que hoje articulam candidaturas de oposi\u00e7\u00e3o \u00e0 administra\u00e7\u00e3o municipal, a exemplo do PSBD, PMDB, PT, DEM e PCdoB, tamb\u00e9m s\u00e3o respons\u00e1veis por tudo isso, pois estiveram na base de sustenta\u00e7\u00e3o de Jo\u00e3o Henrique durante todo o seu mandato.<\/p>\n<p style=\"text-align: justify\">O PSOL tamb\u00e9m definiu os eixos de um &#8220;Programa Democr\u00e1tico e Popular para o Munic\u00edpio de Salvador&#8221; que compreende a democratiza\u00e7\u00e3o da gest\u00e3o p\u00fablica, com a introdu\u00e7\u00e3o do planejamento integrado e participativo que se articular\u00e1 com um Congresso da cidade; sustentabilidade urbana e ambiental que implicar\u00e1 na revis\u00e3o do PDDU, aprovado de forma ilegal pela C\u00e2mara de Vereadores e, a elabora\u00e7\u00e3o de um padr\u00e3o de sustentabilidade urbana que subordine a expans\u00e3o da cidade \u00e0s determinantes s\u00f3cio ambientais que tenham como meta a viabiliza\u00e7\u00e3o de uma melhor qualidade de vida para todos os habitantes da cidade principalmente aqueles que moram nos bairros perif\u00e9ricos; por fim, garantia dos direitos sociais assegurando a qualidade, efetividade e acesso ao servi\u00e7o p\u00fablico; emprego e renda, moradia, mobilidade urbana, sa\u00fade, seguran\u00e7a e educa\u00e7\u00e3o de qualidade como direitos elementar para o exerc\u00edcio da cidadania.<\/p>\n<p style=\"text-align: justify\">Hamilton Assis acrescenta que &#8220;para efetivar este programa o PSOL prop\u00f5e estabelecer alian\u00e7a com os partidos de esquerda socialista e vai buscar forma uma frente de oposi\u00e7\u00e3o de esquerda com PCB e PSTU, sendo que o PCB j\u00e1 tem posi\u00e7\u00e3o favor\u00e1vel. No encontro tamb\u00e9m foi indicada uma lista inicial de pr\u00e9-candidatos a vereador, que o partido espera completar, alcan\u00e7ando cerca de 60 candidatos e assim buscar eleger uma bancada na C\u00e2mara&#8221;.<\/p>\n<p style=\"text-align: justify\">&#8220;Sobre a organiza\u00e7\u00e3o do partido em Salvador, a resolu\u00e7\u00e3o diz que o PSOL j\u00e1 demonstrou a sua viabilidade. A continuidade passa necessariamente pelo fortalecimento dos n\u00facleos, inst\u00e2ncias de base do partido; pelo aperfei\u00e7oamento da democracia interna; crit\u00e9rios politizados de filia\u00e7\u00e3o e milit\u00e2ncia; a elabora\u00e7\u00e3o e aplica\u00e7\u00e3o de um estatuto que assegure o controle da dire\u00e7\u00e3o partid\u00e1ria pela base militante; o estabelecimento de canais de comunica\u00e7\u00e3o permanentes com o conjunto da milit\u00e2ncia, e a sociedade civil organizada; e consolida\u00e7\u00e3o da unidade partid\u00e1ria. Por fim Hamilton Assis afirmou em seu discurso de posse que a pr\u00e1tica e a reflex\u00e3o constante sobre ela ser\u00e1 o \u00fanico meio de construirmos diariamente nosso projeto socialista de mundo. Ousar lutar venceremos!&#8221;, finaliza Hamilton Assis.<\/p>\n","protected":false},"excerpt":{"rendered":"<p>O Partido Socialismo e Liberdade (PSOL) de Salvador realizou neste s\u00e1bado, 10, seu 3\u00ba Congresso Municipal. Todas as decis\u00f5es foram tomadas por consenso e aprovaram-se resolu\u00e7\u00f5es sobre a conjuntura, a t\u00e1tica eleitoral, eixos program\u00e1ticos para Salvador, a organiza\u00e7\u00e3o do partido e a elei\u00e7\u00e3o do Diret\u00f3rio Municipal. Hamilton Assis, pedagogo, ex-candidato a vice-presidente na chapa de [&hellip;]<\/p>\n","protected":false},"author":2,"featured_media":0,"comment_status":"open","ping_status":"open","sticky":false,"template":"","format":"standard","meta":{"_acf_changed":false,"footnotes":""},"categories":[4766],"tags":[22],"class_list":{"0":"post-1742","1":"post","2":"type-post","3":"status-publish","4":"format-standard","6":"category-arquivo","7":"tag-psol"},"acf":[],"yoast_head":"<!-- This site is optimized with the Yoast SEO plugin v26.5 - https:\/\/yoast.com\/wordpress\/plugins\/seo\/ -->\n<title>Hamilton Assis \u00e9 o pr\u00e9-candidato consensual do PSOL a prefeito de Salvador - PSOL 50<\/title>\n<meta name=\"robots\" content=\"index, follow, max-snippet:-1, max-image-preview:large, max-video-preview:-1\" \/>\n<link rel=\"canonical\" href=\"https:\/\/psol50.org.br\/hamilton-assis-e-o-pre-candidato-consensual-do-psol-a-prefeito-de-salvador\/\" \/>\n<meta property=\"og:locale\" content=\"pt_BR\" \/>\n<meta property=\"og:type\" content=\"article\" \/>\n<meta property=\"og:title\" content=\"Hamilton Assis \u00e9 o pr\u00e9-candidato consensual do PSOL a prefeito de Salvador - PSOL 50\" \/>\n<meta property=\"og:description\" content=\"O Partido Socialismo e Liberdade (PSOL) de Salvador realizou neste s\u00e1bado, 10, seu 3\u00ba Congresso Municipal. Todas as decis\u00f5es foram tomadas por consenso e aprovaram-se resolu\u00e7\u00f5es sobre a conjuntura, a t\u00e1tica eleitoral, eixos program\u00e1ticos para Salvador, a organiza\u00e7\u00e3o do partido e a elei\u00e7\u00e3o do Diret\u00f3rio Municipal. Hamilton Assis, pedagogo, ex-candidato a vice-presidente na chapa de [&hellip;]\" \/>\n<meta property=\"og:url\" content=\"https:\/\/psol50.org.br\/hamilton-assis-e-o-pre-candidato-consensual-do-psol-a-prefeito-de-salvador\/\" \/>\n<meta property=\"og:site_name\" content=\"PSOL 50\" \/>\n<meta property=\"article:publisher\" content=\"https:\/\/www.facebook.com\/psol50\" \/>\n<meta property=\"article:published_time\" content=\"2012-03-11T00:00:00+00:00\" \/>\n<meta property=\"og:image\" content=\"http:\/\/psol50.org.br\/files\/2012\/03\/Hamilton_Zilmar-300x225.jpg\" \/>\n<meta name=\"author\" content=\"Comunica\u00e7\u00e3o PSOL\" \/>\n<meta name=\"twitter:card\" content=\"summary_large_image\" \/>\n<meta name=\"twitter:creator\" content=\"@psol50\" \/>\n<meta name=\"twitter:site\" content=\"@psol50\" \/>\n<meta name=\"twitter:label1\" content=\"Escrito por\" \/>\n\t<meta name=\"twitter:data1\" content=\"Comunica\u00e7\u00e3o PSOL\" \/>\n\t<meta name=\"twitter:label2\" content=\"Est. tempo de leitura\" \/>\n\t<meta name=\"twitter:data2\" content=\"3 minutos\" \/>\n<script type=\"application\/ld+json\" class=\"yoast-schema-graph\">{\"@context\":\"https:\/\/schema.org\",\"@graph\":[{\"@type\":\"Article\",\"@id\":\"https:\/\/psol50.org.br\/hamilton-assis-e-o-pre-candidato-consensual-do-psol-a-prefeito-de-salvador\/#article\",\"isPartOf\":{\"@id\":\"https:\/\/psol50.org.br\/hamilton-assis-e-o-pre-candidato-consensual-do-psol-a-prefeito-de-salvador\/\"},\"author\":{\"name\":\"Comunica\u00e7\u00e3o PSOL\",\"@id\":\"https:\/\/psol50.org.br\/#\/schema\/person\/475dfa57d0b815993c714c2e96491fcd\"},\"headline\":\"Hamilton Assis \u00e9 o pr\u00e9-candidato consensual do PSOL a prefeito de Salvador\",\"datePublished\":\"2012-03-11T00:00:00+00:00\",\"mainEntityOfPage\":{\"@id\":\"https:\/\/psol50.org.br\/hamilton-assis-e-o-pre-candidato-consensual-do-psol-a-prefeito-de-salvador\/\"},\"wordCount\":627,\"commentCount\":0,\"publisher\":{\"@id\":\"https:\/\/psol50.org.br\/#organization\"},\"image\":{\"@id\":\"https:\/\/psol50.org.br\/hamilton-assis-e-o-pre-candidato-consensual-do-psol-a-prefeito-de-salvador\/#primaryimage\"},\"thumbnailUrl\":\"http:\/\/psol50.org.br\/files\/2012\/03\/Hamilton_Zilmar-300x225.jpg\",\"keywords\":[\"PSOL\"],\"articleSection\":[\"Arquivo\"],\"inLanguage\":\"pt-BR\",\"potentialAction\":[{\"@type\":\"CommentAction\",\"name\":\"Comment\",\"target\":[\"https:\/\/psol50.org.br\/hamilton-assis-e-o-pre-candidato-consensual-do-psol-a-prefeito-de-salvador\/#respond\"]}]},{\"@type\":\"WebPage\",\"@id\":\"https:\/\/psol50.org.br\/hamilton-assis-e-o-pre-candidato-consensual-do-psol-a-prefeito-de-salvador\/\",\"url\":\"https:\/\/psol50.org.br\/hamilton-assis-e-o-pre-candidato-consensual-do-psol-a-prefeito-de-salvador\/\",\"name\":\"Hamilton Assis \u00e9 o pr\u00e9-candidato consensual do PSOL a prefeito de Salvador - PSOL 50\",\"isPartOf\":{\"@id\":\"https:\/\/psol50.org.br\/#website\"},\"primaryImageOfPage\":{\"@id\":\"https:\/\/psol50.org.br\/hamilton-assis-e-o-pre-candidato-consensual-do-psol-a-prefeito-de-salvador\/#primaryimage\"},\"image\":{\"@id\":\"https:\/\/psol50.org.br\/hamilton-assis-e-o-pre-candidato-consensual-do-psol-a-prefeito-de-salvador\/#primaryimage\"},\"thumbnailUrl\":\"http:\/\/psol50.org.br\/files\/2012\/03\/Hamilton_Zilmar-300x225.jpg\",\"datePublished\":\"2012-03-11T00:00:00+00:00\",\"breadcrumb\":{\"@id\":\"https:\/\/psol50.org.br\/hamilton-assis-e-o-pre-candidato-consensual-do-psol-a-prefeito-de-salvador\/#breadcrumb\"},\"inLanguage\":\"pt-BR\",\"potentialAction\":[{\"@type\":\"ReadAction\",\"target\":[\"https:\/\/psol50.org.br\/hamilton-assis-e-o-pre-candidato-consensual-do-psol-a-prefeito-de-salvador\/\"]}]},{\"@type\":\"ImageObject\",\"inLanguage\":\"pt-BR\",\"@id\":\"https:\/\/psol50.org.br\/hamilton-assis-e-o-pre-candidato-consensual-do-psol-a-prefeito-de-salvador\/#primaryimage\",\"url\":\"http:\/\/psol50.org.br\/files\/2012\/03\/Hamilton_Zilmar-300x225.jpg\",\"contentUrl\":\"http:\/\/psol50.org.br\/files\/2012\/03\/Hamilton_Zilmar-300x225.jpg\"},{\"@type\":\"BreadcrumbList\",\"@id\":\"https:\/\/psol50.org.br\/hamilton-assis-e-o-pre-candidato-consensual-do-psol-a-prefeito-de-salvador\/#breadcrumb\",\"itemListElement\":[{\"@type\":\"ListItem\",\"position\":1,\"name\":\"In\u00edcio\",\"item\":\"https:\/\/psol50.org.br\/\"},{\"@type\":\"ListItem\",\"position\":2,\"name\":\"Hamilton Assis \u00e9 o pr\u00e9-candidato consensual do PSOL a prefeito de Salvador\"}]},{\"@type\":\"WebSite\",\"@id\":\"https:\/\/psol50.org.br\/#website\",\"url\":\"https:\/\/psol50.org.br\/\",\"name\":\"PSOL 50\",\"description\":\"Site oficial do Partido Socialismo e Liberdade\",\"publisher\":{\"@id\":\"https:\/\/psol50.org.br\/#organization\"},\"alternateName\":\"PSOL50\",\"potentialAction\":[{\"@type\":\"SearchAction\",\"target\":{\"@type\":\"EntryPoint\",\"urlTemplate\":\"https:\/\/psol50.org.br\/?s={search_term_string}\"},\"query-input\":{\"@type\":\"PropertyValueSpecification\",\"valueRequired\":true,\"valueName\":\"search_term_string\"}}],\"inLanguage\":\"pt-BR\"},{\"@type\":\"Organization\",\"@id\":\"https:\/\/psol50.org.br\/#organization\",\"name\":\"PSOL 50\",\"alternateName\":\"PSOL 50\",\"url\":\"https:\/\/psol50.org.br\/\",\"logo\":{\"@type\":\"ImageObject\",\"inLanguage\":\"pt-BR\",\"@id\":\"https:\/\/psol50.org.br\/#\/schema\/logo\/image\/\",\"url\":\"https:\/\/psol50.org.br\/inc\/uploads\/2018\/07\/capa.png\",\"contentUrl\":\"https:\/\/psol50.org.br\/inc\/uploads\/2018\/07\/capa.png\",\"width\":1350,\"height\":900,\"caption\":\"PSOL 50\"},\"image\":{\"@id\":\"https:\/\/psol50.org.br\/#\/schema\/logo\/image\/\"},\"sameAs\":[\"https:\/\/www.facebook.com\/psol50\",\"https:\/\/x.com\/psol50\",\"https:\/\/www.instagram.com\/psol50\/\",\"https:\/\/www.youtube.com\/channel\/UC7SnJS5o1os7a6CaiNabzcg\"]},{\"@type\":\"Person\",\"@id\":\"https:\/\/psol50.org.br\/#\/schema\/person\/475dfa57d0b815993c714c2e96491fcd\",\"name\":\"Comunica\u00e7\u00e3o PSOL\",\"image\":{\"@type\":\"ImageObject\",\"inLanguage\":\"pt-BR\",\"@id\":\"https:\/\/psol50.org.br\/#\/schema\/person\/image\/\",\"url\":\"https:\/\/secure.gravatar.com\/avatar\/b34fc4f4e468a4e51785917065a3db57b841f5c95dba6ad8c73aaf8f66f8f9bf?s=96&d=mm&r=g\",\"contentUrl\":\"https:\/\/secure.gravatar.com\/avatar\/b34fc4f4e468a4e51785917065a3db57b841f5c95dba6ad8c73aaf8f66f8f9bf?s=96&d=mm&r=g\",\"caption\":\"Comunica\u00e7\u00e3o PSOL\"}}]}<\/script>\n<!-- \/ Yoast SEO plugin. -->","yoast_head_json":{"title":"Hamilton Assis \u00e9 o pr\u00e9-candidato consensual do PSOL a prefeito de Salvador - PSOL 50","robots":{"index":"index","follow":"follow","max-snippet":"max-snippet:-1","max-image-preview":"max-image-preview:large","max-video-preview":"max-video-preview:-1"},"canonical":"https:\/\/psol50.org.br\/hamilton-assis-e-o-pre-candidato-consensual-do-psol-a-prefeito-de-salvador\/","og_locale":"pt_BR","og_type":"article","og_title":"Hamilton Assis \u00e9 o pr\u00e9-candidato consensual do PSOL a prefeito de Salvador - PSOL 50","og_description":"O Partido Socialismo e Liberdade (PSOL) de Salvador realizou neste s\u00e1bado, 10, seu 3\u00ba Congresso Municipal. Todas as decis\u00f5es foram tomadas por consenso e aprovaram-se resolu\u00e7\u00f5es sobre a conjuntura, a t\u00e1tica eleitoral, eixos program\u00e1ticos para Salvador, a organiza\u00e7\u00e3o do partido e a elei\u00e7\u00e3o do Diret\u00f3rio Municipal. Hamilton Assis, pedagogo, ex-candidato a vice-presidente na chapa de [&hellip;]","og_url":"https:\/\/psol50.org.br\/hamilton-assis-e-o-pre-candidato-consensual-do-psol-a-prefeito-de-salvador\/","og_site_name":"PSOL 50","article_publisher":"https:\/\/www.facebook.com\/psol50","article_published_time":"2012-03-11T00:00:00+00:00","og_image":[{"url":"http:\/\/psol50.org.br\/files\/2012\/03\/Hamilton_Zilmar-300x225.jpg","type":"","width":"","height":""}],"author":"Comunica\u00e7\u00e3o PSOL","twitter_card":"summary_large_image","twitter_creator":"@psol50","twitter_site":"@psol50","twitter_misc":{"Escrito por":"Comunica\u00e7\u00e3o PSOL","Est. tempo de leitura":"3 minutos"},"schema":{"@context":"https:\/\/schema.org","@graph":[{"@type":"Article","@id":"https:\/\/psol50.org.br\/hamilton-assis-e-o-pre-candidato-consensual-do-psol-a-prefeito-de-salvador\/#article","isPartOf":{"@id":"https:\/\/psol50.org.br\/hamilton-assis-e-o-pre-candidato-consensual-do-psol-a-prefeito-de-salvador\/"},"author":{"name":"Comunica\u00e7\u00e3o PSOL","@id":"https:\/\/psol50.org.br\/#\/schema\/person\/475dfa57d0b815993c714c2e96491fcd"},"headline":"Hamilton Assis \u00e9 o pr\u00e9-candidato consensual do PSOL a prefeito de Salvador","datePublished":"2012-03-11T00:00:00+00:00","mainEntityOfPage":{"@id":"https:\/\/psol50.org.br\/hamilton-assis-e-o-pre-candidato-consensual-do-psol-a-prefeito-de-salvador\/"},"wordCount":627,"commentCount":0,"publisher":{"@id":"https:\/\/psol50.org.br\/#organization"},"image":{"@id":"https:\/\/psol50.org.br\/hamilton-assis-e-o-pre-candidato-consensual-do-psol-a-prefeito-de-salvador\/#primaryimage"},"thumbnailUrl":"http:\/\/psol50.org.br\/files\/2012\/03\/Hamilton_Zilmar-300x225.jpg","keywords":["PSOL"],"articleSection":["Arquivo"],"inLanguage":"pt-BR","potentialAction":[{"@type":"CommentAction","name":"Comment","target":["https:\/\/psol50.org.br\/hamilton-assis-e-o-pre-candidato-consensual-do-psol-a-prefeito-de-salvador\/#respond"]}]},{"@type":"WebPage","@id":"https:\/\/psol50.org.br\/hamilton-assis-e-o-pre-candidato-consensual-do-psol-a-prefeito-de-salvador\/","url":"https:\/\/psol50.org.br\/hamilton-assis-e-o-pre-candidato-consensual-do-psol-a-prefeito-de-salvador\/","name":"Hamilton Assis \u00e9 o pr\u00e9-candidato consensual do PSOL a prefeito de Salvador - PSOL 50","isPartOf":{"@id":"https:\/\/psol50.org.br\/#website"},"primaryImageOfPage":{"@id":"https:\/\/psol50.org.br\/hamilton-assis-e-o-pre-candidato-consensual-do-psol-a-prefeito-de-salvador\/#primaryimage"},"image":{"@id":"https:\/\/psol50.org.br\/hamilton-assis-e-o-pre-candidato-consensual-do-psol-a-prefeito-de-salvador\/#primaryimage"},"thumbnailUrl":"http:\/\/psol50.org.br\/files\/2012\/03\/Hamilton_Zilmar-300x225.jpg","datePublished":"2012-03-11T00:00:00+00:00","breadcrumb":{"@id":"https:\/\/psol50.org.br\/hamilton-assis-e-o-pre-candidato-consensual-do-psol-a-prefeito-de-salvador\/#breadcrumb"},"inLanguage":"pt-BR","potentialAction":[{"@type":"ReadAction","target":["https:\/\/psol50.org.br\/hamilton-assis-e-o-pre-candidato-consensual-do-psol-a-prefeito-de-salvador\/"]}]},{"@type":"ImageObject","inLanguage":"pt-BR","@id":"https:\/\/psol50.org.br\/hamilton-assis-e-o-pre-candidato-consensual-do-psol-a-prefeito-de-salvador\/#primaryimage","url":"http:\/\/psol50.org.br\/files\/2012\/03\/Hamilton_Zilmar-300x225.jpg","contentUrl":"http:\/\/psol50.org.br\/files\/2012\/03\/Hamilton_Zilmar-300x225.jpg"},{"@type":"BreadcrumbList","@id":"https:\/\/psol50.org.br\/hamilton-assis-e-o-pre-candidato-consensual-do-psol-a-prefeito-de-salvador\/#breadcrumb","itemListElement":[{"@type":"ListItem","position":1,"name":"In\u00edcio","item":"https:\/\/psol50.org.br\/"},{"@type":"ListItem","position":2,"name":"Hamilton Assis \u00e9 o pr\u00e9-candidato consensual do PSOL a prefeito de Salvador"}]},{"@type":"WebSite","@id":"https:\/\/psol50.org.br\/#website","url":"https:\/\/psol50.org.br\/","name":"PSOL 50","description":"Site oficial do Partido Socialismo e Liberdade","publisher":{"@id":"https:\/\/psol50.org.br\/#organization"},"alternateName":"PSOL50","potentialAction":[{"@type":"SearchAction","target":{"@type":"EntryPoint","urlTemplate":"https:\/\/psol50.org.br\/?s={search_term_string}"},"query-input":{"@type":"PropertyValueSpecification","valueRequired":true,"valueName":"search_term_string"}}],"inLanguage":"pt-BR"},{"@type":"Organization","@id":"https:\/\/psol50.org.br\/#organization","name":"PSOL 50","alternateName":"PSOL 50","url":"https:\/\/psol50.org.br\/","logo":{"@type":"ImageObject","inLanguage":"pt-BR","@id":"https:\/\/psol50.org.br\/#\/schema\/logo\/image\/","url":"https:\/\/psol50.org.br\/inc\/uploads\/2018\/07\/capa.png","contentUrl":"https:\/\/psol50.org.br\/inc\/uploads\/2018\/07\/capa.png","width":1350,"height":900,"caption":"PSOL 50"},"image":{"@id":"https:\/\/psol50.org.br\/#\/schema\/logo\/image\/"},"sameAs":["https:\/\/www.facebook.com\/psol50","https:\/\/x.com\/psol50","https:\/\/www.instagram.com\/psol50\/","https:\/\/www.youtube.com\/channel\/UC7SnJS5o1os7a6CaiNabzcg"]},{"@type":"Person","@id":"https:\/\/psol50.org.br\/#\/schema\/person\/475dfa57d0b815993c714c2e96491fcd","name":"Comunica\u00e7\u00e3o PSOL","image":{"@type":"ImageObject","inLanguage":"pt-BR","@id":"https:\/\/psol50.org.br\/#\/schema\/person\/image\/","url":"https:\/\/secure.gravatar.com\/avatar\/b34fc4f4e468a4e51785917065a3db57b841f5c95dba6ad8c73aaf8f66f8f9bf?s=96&d=mm&r=g","contentUrl":"https:\/\/secure.gravatar.com\/avatar\/b34fc4f4e468a4e51785917065a3db57b841f5c95dba6ad8c73aaf8f66f8f9bf?s=96&d=mm&r=g","caption":"Comunica\u00e7\u00e3o PSOL"}}]}},"_links":{"self":[{"href":"https:\/\/psol50.org.br\/rest\/wp\/v2\/posts\/1742","targetHints":{"allow":["GET"]}}],"collection":[{"href":"https:\/\/psol50.org.br\/rest\/wp\/v2\/posts"}],"about":[{"href":"https:\/\/psol50.org.br\/rest\/wp\/v2\/types\/post"}],"author":[{"embeddable":true,"href":"https:\/\/psol50.org.br\/rest\/wp\/v2\/users\/2"}],"replies":[{"embeddable":true,"href":"https:\/\/psol50.org.br\/rest\/wp\/v2\/comments?post=1742"}],"version-history":[{"count":0,"href":"https:\/\/psol50.org.br\/rest\/wp\/v2\/posts\/1742\/revisions"}],"wp:attachment":[{"href":"https:\/\/psol50.org.br\/rest\/wp\/v2\/media?parent=1742"}],"wp:term":[{"taxonomy":"category","embeddable":true,"href":"https:\/\/psol50.org.br\/rest\/wp\/v2\/categories?post=1742"},{"taxonomy":"post_tag","embeddable":true,"href":"https:\/\/psol50.org.br\/rest\/wp\/v2\/tags?post=1742"}],"curies":[{"name":"wp","href":"https:\/\/api.w.org\/{rel}","templated":true}]}}