{"id":17470,"date":"2017-08-04T19:22:39","date_gmt":"2017-08-04T19:22:39","guid":{"rendered":"http:\/\/www.psol50.org.br\/?p=17470"},"modified":"2017-08-04T19:22:39","modified_gmt":"2017-08-04T19:22:39","slug":"proximo-golpe-do-congresso-a-contrarreforma-politica","status":"publish","type":"post","link":"https:\/\/psol50.org.br\/proximo-golpe-do-congresso-a-contrarreforma-politica\/","title":{"rendered":"Pr\u00f3ximo golpe do Congresso: a contrarreforma pol\u00edtica"},"content":{"rendered":"<p>Votada (e enterrada) a den\u00fancia da Procuradoria-Geral da Rep\u00fablica (PGR) contra Michel Temer e aprovada a Reforma Trabalhista, agora a C\u00e2mara dos Deputados move sua aten\u00e7\u00e3o para o pr\u00f3ximo golpe contra a popula\u00e7\u00e3o e a democracia: a reforma pol\u00edtica.<\/p>\n<p>Uma grande necessidade para democratizar a pol\u00edtica brasileira, nas m\u00e3os dos parlamentares a proposta se tornou uma forma de aumentar a concentra\u00e7\u00e3o do poder no pa\u00eds.<\/p>\n<p>S\u00e3o dois os principais projetos em tramita\u00e7\u00e3o, que em pouco tempo devem ser votados: as PECs 77 e 282. Por serem emendas constitucionais, ambas precisam ser aprovadas em dois turnos na C\u00e2mara e no Senado antes de 1\u00ba de outubro deste ano para valer j\u00e1 nas elei\u00e7\u00f5es de 2018.<\/p>\n<p>A PEC 77 tem relatoria do deputado Vicente C\u00e2ndido (PT\/SP) na comiss\u00e3o especial para o tema. Ela \u00e9 a mais atrasada: n\u00e3o foi votada nem na C\u00e2mara, nem no Senado. Traz duas propostas principais:<\/p>\n<p>A primeira \u00e9 a cria\u00e7\u00e3o do Fundo Eleitoral, correspondente a 0,25% da receita corrente l\u00edquida, valor exorbitante e maior do que o or\u00e7amento de diversos minist\u00e9rios em 2016. Com a atual forma altamente desigual de distribui\u00e7\u00e3o das receitas p\u00fablicas aos partidos, essa proposta visa basicamente o aumento da j\u00e1 grande concentra\u00e7\u00e3o de recursos nos grandes partidos brasileiros, com o objetivo de travar poss\u00edveis mudan\u00e7as no quadro partid\u00e1rio do pa\u00eds.<\/p>\n<p>A segunda \u00e9 a ado\u00e7\u00e3o do Sistema Distrital Misto. Nele, as vagas seriam divididas: 50% seriam preenchidas em vota\u00e7\u00e3o como no sistema atual e os 50% restantes em vota\u00e7\u00f5es majorit\u00e1rias em distritos definidos pela Justi\u00e7a Eleitoral. A proposta aumenta ainda mais o personalismo na pol\u00edtica brasileira, enfraquecendo os partidos e os projetos coletivos.<\/p>\n<p>A bancada do PSOL na C\u00e2mara ser\u00e1 contr\u00e1ria a ambas as propostas.<\/p>\n<p>J\u00e1 na PEC 282, quem relata \u00e9 a deputada Sh\u00e9ridan Oliveira (PSDB\/RR). A proposta nasceu no Senado, pelas m\u00e3os de A\u00e9cio Neves (PSDB\/MG) e Ricardo Ferra\u00e7o (PSDB\/ES), e j\u00e1 foi votada por l\u00e1. Est\u00e1 na C\u00e2mara e consegue ser ainda pior do que a primeira.<\/p>\n<p>Apesar de conter o fim das coliga\u00e7\u00f5es proporcionais, medida defendida pelo PSOL h\u00e1 tempos, que diminui o fisiologismo dos acordos eleitorais entre partidos sem qualquer afinidade pol\u00edtica e acaba criando diversas incongru\u00eancias no sistema, \u00e9 nela que est\u00e1 o ovo da serpente:\u00a0<strong>a cl\u00e1usula de barreira<\/strong>.<\/p>\n<p>A proposta tucana \u00e9, sob o pretexto de acabar com os partidos de aluguel, atacar os ideol\u00f3gicos e com projeto de fato, como \u00e9 o caso do PSOL.<\/p>\n<p>O projeto prev\u00ea que, para que os partidos tenham acesso ao fundo partid\u00e1rio, tempo de TV e Lideran\u00e7a na C\u00e2mara e no Senado, deve alcan\u00e7ar pelo menos 2% de votos para deputado federal em 14 estados da federa\u00e7\u00e3o &#8211; caso de poucos partidos.<\/p>\n<p>H\u00e1 medidas alternativas sendo negociadas, mas toda cl\u00e1usula de barreira \u00e9 um ataque \u00e0 livre organiza\u00e7\u00e3o pol\u00edtica, direito fundamental a ser defendido no pa\u00eds. H\u00e1 outras formas de diminuir o fisiologismo dos partidos de aluguel, como o pr\u00f3prio fim das coliga\u00e7\u00f5es proporcionais.<\/p>\n<p>O PSOL ser\u00e1 terminantemente contr\u00e1rio \u00e0 cl\u00e1usula de barreira: ela \u00e9 uma tentativa dos grandes partidos de calar vozes contr\u00e1rias e independentes no pa\u00eds.<\/p>\n<p>O tema da (contra)reforma pol\u00edtica vai dar o tom dos pr\u00f3ximos debates do Congresso Nacional. A tentativa ser\u00e1 votar a toque de caixa: toda a movimenta\u00e7\u00e3o \u00e9 para que valha j\u00e1 em 2018. \u00c9 preciso estar atento!<\/p>\n<p>As informa\u00e7\u00f5es s\u00e3o da Lideran\u00e7a do PSOL na C\u00e2mara dos Deputados.<\/p>\n","protected":false},"excerpt":{"rendered":"<p>Votada (e enterrada) a den\u00fancia da Procuradoria-Geral da Rep\u00fablica (PGR) contra Michel Temer e aprovada a Reforma Trabalhista, agora a C\u00e2mara dos Deputados move sua aten\u00e7\u00e3o para o pr\u00f3ximo golpe contra a popula\u00e7\u00e3o e a democracia: a reforma pol\u00edtica. Uma grande necessidade para democratizar a pol\u00edtica brasileira, nas m\u00e3os dos parlamentares a proposta se tornou [&hellip;]<\/p>\n","protected":false},"author":2,"featured_media":17476,"comment_status":"open","ping_status":"open","sticky":false,"template":"","format":"standard","meta":{"_acf_changed":false,"footnotes":""},"categories":[10,1882,6],"tags":[3063,3441,709,3064,87,3442,1023,1748,3443,3444,3360,1590,22,417,319,3046,3166,2431,3445],"class_list":{"0":"post-17470","1":"post","2":"type-post","3":"status-publish","4":"format-standard","5":"has-post-thumbnail","7":"category-acao-parlamentares","8":"category-brasil","9":"category-noticias","10":"tag-aecio-neves","11":"tag-antonio-candido","12":"tag-camara-dos-deputados","13":"tag-clausula-de-barreira","14":"tag-democracia","15":"tag-distritao","16":"tag-fundo-eleitoral","17":"tag-michel-temer","18":"tag-pec-282","19":"tag-pec-77","20":"tag-procuradoria-geral-da-repuplica","21":"tag-psdb","22":"tag-psol","23":"tag-psol-na-camara","24":"tag-pt","25":"tag-reforma-politica","26":"tag-ricardo-ferraco","27":"tag-senado-federal","28":"tag-sheridan-oliveira"},"acf":[],"yoast_head":"<!-- This site is optimized with the Yoast SEO plugin v26.5 - https:\/\/yoast.com\/wordpress\/plugins\/seo\/ -->\n<title>Pr\u00f3ximo golpe do Congresso: a contrarreforma pol\u00edtica - PSOL 50<\/title>\n<meta name=\"robots\" content=\"index, follow, max-snippet:-1, max-image-preview:large, max-video-preview:-1\" \/>\n<link rel=\"canonical\" href=\"https:\/\/psol50.org.br\/proximo-golpe-do-congresso-a-contrarreforma-politica\/\" \/>\n<meta property=\"og:locale\" content=\"pt_BR\" \/>\n<meta property=\"og:type\" content=\"article\" \/>\n<meta property=\"og:title\" content=\"Pr\u00f3ximo golpe do Congresso: a contrarreforma pol\u00edtica - PSOL 50\" \/>\n<meta property=\"og:description\" content=\"Votada (e enterrada) a den\u00fancia da Procuradoria-Geral da Rep\u00fablica (PGR) contra Michel Temer e aprovada a Reforma Trabalhista, agora a C\u00e2mara dos Deputados move sua aten\u00e7\u00e3o para o pr\u00f3ximo golpe contra a popula\u00e7\u00e3o e a democracia: a reforma pol\u00edtica. Uma grande necessidade para democratizar a pol\u00edtica brasileira, nas m\u00e3os dos parlamentares a proposta se tornou [&hellip;]\" \/>\n<meta property=\"og:url\" content=\"https:\/\/psol50.org.br\/proximo-golpe-do-congresso-a-contrarreforma-politica\/\" \/>\n<meta property=\"og:site_name\" content=\"PSOL 50\" \/>\n<meta property=\"article:publisher\" content=\"https:\/\/www.facebook.com\/psol50\" \/>\n<meta property=\"article:published_time\" content=\"2017-08-04T19:22:39+00:00\" \/>\n<meta property=\"og:image\" content=\"https:\/\/psol50.org.br\/inc\/uploads\/2018\/07\/capa.png\" \/>\n\t<meta property=\"og:image:width\" content=\"1350\" \/>\n\t<meta property=\"og:image:height\" content=\"900\" \/>\n\t<meta property=\"og:image:type\" content=\"image\/png\" \/>\n<meta name=\"author\" content=\"Comunica\u00e7\u00e3o PSOL\" \/>\n<meta name=\"twitter:card\" content=\"summary_large_image\" \/>\n<meta name=\"twitter:creator\" content=\"@psol50\" \/>\n<meta name=\"twitter:site\" content=\"@psol50\" \/>\n<meta name=\"twitter:label1\" content=\"Escrito por\" \/>\n\t<meta name=\"twitter:data1\" content=\"Comunica\u00e7\u00e3o PSOL\" \/>\n\t<meta name=\"twitter:label2\" content=\"Est. tempo de leitura\" \/>\n\t<meta name=\"twitter:data2\" content=\"3 minutos\" \/>\n<script type=\"application\/ld+json\" class=\"yoast-schema-graph\">{\"@context\":\"https:\/\/schema.org\",\"@graph\":[{\"@type\":\"Article\",\"@id\":\"https:\/\/psol50.org.br\/proximo-golpe-do-congresso-a-contrarreforma-politica\/#article\",\"isPartOf\":{\"@id\":\"https:\/\/psol50.org.br\/proximo-golpe-do-congresso-a-contrarreforma-politica\/\"},\"author\":{\"name\":\"Comunica\u00e7\u00e3o PSOL\",\"@id\":\"https:\/\/psol50.org.br\/#\/schema\/person\/475dfa57d0b815993c714c2e96491fcd\"},\"headline\":\"Pr\u00f3ximo golpe do Congresso: a contrarreforma pol\u00edtica\",\"datePublished\":\"2017-08-04T19:22:39+00:00\",\"mainEntityOfPage\":{\"@id\":\"https:\/\/psol50.org.br\/proximo-golpe-do-congresso-a-contrarreforma-politica\/\"},\"wordCount\":616,\"commentCount\":0,\"publisher\":{\"@id\":\"https:\/\/psol50.org.br\/#organization\"},\"image\":{\"@id\":\"https:\/\/psol50.org.br\/proximo-golpe-do-congresso-a-contrarreforma-politica\/#primaryimage\"},\"thumbnailUrl\":\"\",\"keywords\":[\"A\u00e9cio Neves\",\"Antonio Candido\",\"C\u00e2mara dos Deputados\",\"cl\u00e1usula de barreira\",\"democracia\",\"Distrit\u00e3o\",\"Fundo Eleitoral\",\"Michel Temer\",\"PEC 282\",\"PEC 77\",\"Procuradoria-Geral da Rep\u00faplica\",\"PSDB\",\"PSOL\",\"PSOL na C\u00e2mara\",\"PT\",\"Reforma Pol\u00edtica\",\"Ricardo Ferra\u00e7o\",\"Senado Federal\",\"Sh\u00e9ridan Oliveira\"],\"articleSection\":[\"A\u00e7\u00e3o Parlamentar\",\"Brasil\",\"Not\u00edcias\"],\"inLanguage\":\"pt-BR\",\"potentialAction\":[{\"@type\":\"CommentAction\",\"name\":\"Comment\",\"target\":[\"https:\/\/psol50.org.br\/proximo-golpe-do-congresso-a-contrarreforma-politica\/#respond\"]}]},{\"@type\":\"WebPage\",\"@id\":\"https:\/\/psol50.org.br\/proximo-golpe-do-congresso-a-contrarreforma-politica\/\",\"url\":\"https:\/\/psol50.org.br\/proximo-golpe-do-congresso-a-contrarreforma-politica\/\",\"name\":\"Pr\u00f3ximo golpe do Congresso: a contrarreforma pol\u00edtica - PSOL 50\",\"isPartOf\":{\"@id\":\"https:\/\/psol50.org.br\/#website\"},\"primaryImageOfPage\":{\"@id\":\"https:\/\/psol50.org.br\/proximo-golpe-do-congresso-a-contrarreforma-politica\/#primaryimage\"},\"image\":{\"@id\":\"https:\/\/psol50.org.br\/proximo-golpe-do-congresso-a-contrarreforma-politica\/#primaryimage\"},\"thumbnailUrl\":\"\",\"datePublished\":\"2017-08-04T19:22:39+00:00\",\"breadcrumb\":{\"@id\":\"https:\/\/psol50.org.br\/proximo-golpe-do-congresso-a-contrarreforma-politica\/#breadcrumb\"},\"inLanguage\":\"pt-BR\",\"potentialAction\":[{\"@type\":\"ReadAction\",\"target\":[\"https:\/\/psol50.org.br\/proximo-golpe-do-congresso-a-contrarreforma-politica\/\"]}]},{\"@type\":\"ImageObject\",\"inLanguage\":\"pt-BR\",\"@id\":\"https:\/\/psol50.org.br\/proximo-golpe-do-congresso-a-contrarreforma-politica\/#primaryimage\",\"url\":\"\",\"contentUrl\":\"\"},{\"@type\":\"BreadcrumbList\",\"@id\":\"https:\/\/psol50.org.br\/proximo-golpe-do-congresso-a-contrarreforma-politica\/#breadcrumb\",\"itemListElement\":[{\"@type\":\"ListItem\",\"position\":1,\"name\":\"In\u00edcio\",\"item\":\"https:\/\/psol50.org.br\/\"},{\"@type\":\"ListItem\",\"position\":2,\"name\":\"Pr\u00f3ximo golpe do Congresso: a contrarreforma pol\u00edtica\"}]},{\"@type\":\"WebSite\",\"@id\":\"https:\/\/psol50.org.br\/#website\",\"url\":\"https:\/\/psol50.org.br\/\",\"name\":\"PSOL 50\",\"description\":\"Site oficial do Partido Socialismo e Liberdade\",\"publisher\":{\"@id\":\"https:\/\/psol50.org.br\/#organization\"},\"alternateName\":\"PSOL50\",\"potentialAction\":[{\"@type\":\"SearchAction\",\"target\":{\"@type\":\"EntryPoint\",\"urlTemplate\":\"https:\/\/psol50.org.br\/?s={search_term_string}\"},\"query-input\":{\"@type\":\"PropertyValueSpecification\",\"valueRequired\":true,\"valueName\":\"search_term_string\"}}],\"inLanguage\":\"pt-BR\"},{\"@type\":\"Organization\",\"@id\":\"https:\/\/psol50.org.br\/#organization\",\"name\":\"PSOL 50\",\"alternateName\":\"PSOL 50\",\"url\":\"https:\/\/psol50.org.br\/\",\"logo\":{\"@type\":\"ImageObject\",\"inLanguage\":\"pt-BR\",\"@id\":\"https:\/\/psol50.org.br\/#\/schema\/logo\/image\/\",\"url\":\"https:\/\/psol50.org.br\/inc\/uploads\/2018\/07\/capa.png\",\"contentUrl\":\"https:\/\/psol50.org.br\/inc\/uploads\/2018\/07\/capa.png\",\"width\":1350,\"height\":900,\"caption\":\"PSOL 50\"},\"image\":{\"@id\":\"https:\/\/psol50.org.br\/#\/schema\/logo\/image\/\"},\"sameAs\":[\"https:\/\/www.facebook.com\/psol50\",\"https:\/\/x.com\/psol50\",\"https:\/\/www.instagram.com\/psol50\/\",\"https:\/\/www.youtube.com\/channel\/UC7SnJS5o1os7a6CaiNabzcg\"]},{\"@type\":\"Person\",\"@id\":\"https:\/\/psol50.org.br\/#\/schema\/person\/475dfa57d0b815993c714c2e96491fcd\",\"name\":\"Comunica\u00e7\u00e3o PSOL\",\"image\":{\"@type\":\"ImageObject\",\"inLanguage\":\"pt-BR\",\"@id\":\"https:\/\/psol50.org.br\/#\/schema\/person\/image\/\",\"url\":\"https:\/\/secure.gravatar.com\/avatar\/b34fc4f4e468a4e51785917065a3db57b841f5c95dba6ad8c73aaf8f66f8f9bf?s=96&d=mm&r=g\",\"contentUrl\":\"https:\/\/secure.gravatar.com\/avatar\/b34fc4f4e468a4e51785917065a3db57b841f5c95dba6ad8c73aaf8f66f8f9bf?s=96&d=mm&r=g\",\"caption\":\"Comunica\u00e7\u00e3o PSOL\"}}]}<\/script>\n<!-- \/ Yoast SEO plugin. -->","yoast_head_json":{"title":"Pr\u00f3ximo golpe do Congresso: a contrarreforma pol\u00edtica - PSOL 50","robots":{"index":"index","follow":"follow","max-snippet":"max-snippet:-1","max-image-preview":"max-image-preview:large","max-video-preview":"max-video-preview:-1"},"canonical":"https:\/\/psol50.org.br\/proximo-golpe-do-congresso-a-contrarreforma-politica\/","og_locale":"pt_BR","og_type":"article","og_title":"Pr\u00f3ximo golpe do Congresso: a contrarreforma pol\u00edtica - PSOL 50","og_description":"Votada (e enterrada) a den\u00fancia da Procuradoria-Geral da Rep\u00fablica (PGR) contra Michel Temer e aprovada a Reforma Trabalhista, agora a C\u00e2mara dos Deputados move sua aten\u00e7\u00e3o para o pr\u00f3ximo golpe contra a popula\u00e7\u00e3o e a democracia: a reforma pol\u00edtica. Uma grande necessidade para democratizar a pol\u00edtica brasileira, nas m\u00e3os dos parlamentares a proposta se tornou [&hellip;]","og_url":"https:\/\/psol50.org.br\/proximo-golpe-do-congresso-a-contrarreforma-politica\/","og_site_name":"PSOL 50","article_publisher":"https:\/\/www.facebook.com\/psol50","article_published_time":"2017-08-04T19:22:39+00:00","og_image":[{"width":1350,"height":900,"url":"https:\/\/psol50.org.br\/inc\/uploads\/2018\/07\/capa.png","type":"image\/png"}],"author":"Comunica\u00e7\u00e3o PSOL","twitter_card":"summary_large_image","twitter_creator":"@psol50","twitter_site":"@psol50","twitter_misc":{"Escrito por":"Comunica\u00e7\u00e3o PSOL","Est. tempo de leitura":"3 minutos"},"schema":{"@context":"https:\/\/schema.org","@graph":[{"@type":"Article","@id":"https:\/\/psol50.org.br\/proximo-golpe-do-congresso-a-contrarreforma-politica\/#article","isPartOf":{"@id":"https:\/\/psol50.org.br\/proximo-golpe-do-congresso-a-contrarreforma-politica\/"},"author":{"name":"Comunica\u00e7\u00e3o PSOL","@id":"https:\/\/psol50.org.br\/#\/schema\/person\/475dfa57d0b815993c714c2e96491fcd"},"headline":"Pr\u00f3ximo golpe do Congresso: a contrarreforma pol\u00edtica","datePublished":"2017-08-04T19:22:39+00:00","mainEntityOfPage":{"@id":"https:\/\/psol50.org.br\/proximo-golpe-do-congresso-a-contrarreforma-politica\/"},"wordCount":616,"commentCount":0,"publisher":{"@id":"https:\/\/psol50.org.br\/#organization"},"image":{"@id":"https:\/\/psol50.org.br\/proximo-golpe-do-congresso-a-contrarreforma-politica\/#primaryimage"},"thumbnailUrl":"","keywords":["A\u00e9cio Neves","Antonio Candido","C\u00e2mara dos Deputados","cl\u00e1usula de barreira","democracia","Distrit\u00e3o","Fundo Eleitoral","Michel Temer","PEC 282","PEC 77","Procuradoria-Geral da Rep\u00faplica","PSDB","PSOL","PSOL na C\u00e2mara","PT","Reforma Pol\u00edtica","Ricardo Ferra\u00e7o","Senado Federal","Sh\u00e9ridan Oliveira"],"articleSection":["A\u00e7\u00e3o Parlamentar","Brasil","Not\u00edcias"],"inLanguage":"pt-BR","potentialAction":[{"@type":"CommentAction","name":"Comment","target":["https:\/\/psol50.org.br\/proximo-golpe-do-congresso-a-contrarreforma-politica\/#respond"]}]},{"@type":"WebPage","@id":"https:\/\/psol50.org.br\/proximo-golpe-do-congresso-a-contrarreforma-politica\/","url":"https:\/\/psol50.org.br\/proximo-golpe-do-congresso-a-contrarreforma-politica\/","name":"Pr\u00f3ximo golpe do Congresso: a contrarreforma pol\u00edtica - PSOL 50","isPartOf":{"@id":"https:\/\/psol50.org.br\/#website"},"primaryImageOfPage":{"@id":"https:\/\/psol50.org.br\/proximo-golpe-do-congresso-a-contrarreforma-politica\/#primaryimage"},"image":{"@id":"https:\/\/psol50.org.br\/proximo-golpe-do-congresso-a-contrarreforma-politica\/#primaryimage"},"thumbnailUrl":"","datePublished":"2017-08-04T19:22:39+00:00","breadcrumb":{"@id":"https:\/\/psol50.org.br\/proximo-golpe-do-congresso-a-contrarreforma-politica\/#breadcrumb"},"inLanguage":"pt-BR","potentialAction":[{"@type":"ReadAction","target":["https:\/\/psol50.org.br\/proximo-golpe-do-congresso-a-contrarreforma-politica\/"]}]},{"@type":"ImageObject","inLanguage":"pt-BR","@id":"https:\/\/psol50.org.br\/proximo-golpe-do-congresso-a-contrarreforma-politica\/#primaryimage","url":"","contentUrl":""},{"@type":"BreadcrumbList","@id":"https:\/\/psol50.org.br\/proximo-golpe-do-congresso-a-contrarreforma-politica\/#breadcrumb","itemListElement":[{"@type":"ListItem","position":1,"name":"In\u00edcio","item":"https:\/\/psol50.org.br\/"},{"@type":"ListItem","position":2,"name":"Pr\u00f3ximo golpe do Congresso: a contrarreforma pol\u00edtica"}]},{"@type":"WebSite","@id":"https:\/\/psol50.org.br\/#website","url":"https:\/\/psol50.org.br\/","name":"PSOL 50","description":"Site oficial do Partido Socialismo e Liberdade","publisher":{"@id":"https:\/\/psol50.org.br\/#organization"},"alternateName":"PSOL50","potentialAction":[{"@type":"SearchAction","target":{"@type":"EntryPoint","urlTemplate":"https:\/\/psol50.org.br\/?s={search_term_string}"},"query-input":{"@type":"PropertyValueSpecification","valueRequired":true,"valueName":"search_term_string"}}],"inLanguage":"pt-BR"},{"@type":"Organization","@id":"https:\/\/psol50.org.br\/#organization","name":"PSOL 50","alternateName":"PSOL 50","url":"https:\/\/psol50.org.br\/","logo":{"@type":"ImageObject","inLanguage":"pt-BR","@id":"https:\/\/psol50.org.br\/#\/schema\/logo\/image\/","url":"https:\/\/psol50.org.br\/inc\/uploads\/2018\/07\/capa.png","contentUrl":"https:\/\/psol50.org.br\/inc\/uploads\/2018\/07\/capa.png","width":1350,"height":900,"caption":"PSOL 50"},"image":{"@id":"https:\/\/psol50.org.br\/#\/schema\/logo\/image\/"},"sameAs":["https:\/\/www.facebook.com\/psol50","https:\/\/x.com\/psol50","https:\/\/www.instagram.com\/psol50\/","https:\/\/www.youtube.com\/channel\/UC7SnJS5o1os7a6CaiNabzcg"]},{"@type":"Person","@id":"https:\/\/psol50.org.br\/#\/schema\/person\/475dfa57d0b815993c714c2e96491fcd","name":"Comunica\u00e7\u00e3o PSOL","image":{"@type":"ImageObject","inLanguage":"pt-BR","@id":"https:\/\/psol50.org.br\/#\/schema\/person\/image\/","url":"https:\/\/secure.gravatar.com\/avatar\/b34fc4f4e468a4e51785917065a3db57b841f5c95dba6ad8c73aaf8f66f8f9bf?s=96&d=mm&r=g","contentUrl":"https:\/\/secure.gravatar.com\/avatar\/b34fc4f4e468a4e51785917065a3db57b841f5c95dba6ad8c73aaf8f66f8f9bf?s=96&d=mm&r=g","caption":"Comunica\u00e7\u00e3o PSOL"}}]}},"_links":{"self":[{"href":"https:\/\/psol50.org.br\/rest\/wp\/v2\/posts\/17470","targetHints":{"allow":["GET"]}}],"collection":[{"href":"https:\/\/psol50.org.br\/rest\/wp\/v2\/posts"}],"about":[{"href":"https:\/\/psol50.org.br\/rest\/wp\/v2\/types\/post"}],"author":[{"embeddable":true,"href":"https:\/\/psol50.org.br\/rest\/wp\/v2\/users\/2"}],"replies":[{"embeddable":true,"href":"https:\/\/psol50.org.br\/rest\/wp\/v2\/comments?post=17470"}],"version-history":[{"count":0,"href":"https:\/\/psol50.org.br\/rest\/wp\/v2\/posts\/17470\/revisions"}],"wp:featuredmedia":[{"embeddable":true,"href":"https:\/\/psol50.org.br\/rest\/"}],"wp:attachment":[{"href":"https:\/\/psol50.org.br\/rest\/wp\/v2\/media?parent=17470"}],"wp:term":[{"taxonomy":"category","embeddable":true,"href":"https:\/\/psol50.org.br\/rest\/wp\/v2\/categories?post=17470"},{"taxonomy":"post_tag","embeddable":true,"href":"https:\/\/psol50.org.br\/rest\/wp\/v2\/tags?post=17470"}],"curies":[{"name":"wp","href":"https:\/\/api.w.org\/{rel}","templated":true}]}}