{"id":17471,"date":"2017-08-04T14:29:36","date_gmt":"2017-08-04T14:29:36","guid":{"rendered":"http:\/\/www.psol50.org.br\/?p=17471"},"modified":"2017-08-04T14:29:36","modified_gmt":"2017-08-04T14:29:36","slug":"bancada-do-psol-se-solidariza-com-a-comunidade-universitaria-da-unila","status":"publish","type":"post","link":"https:\/\/psol50.org.br\/bancada-do-psol-se-solidariza-com-a-comunidade-universitaria-da-unila\/","title":{"rendered":"Bancada do PSOL se solidariza com a comunidade universit\u00e1ria da Unila"},"content":{"rendered":"<p>Confira, abaixo, a nota da bancada do PSOL na C\u00e2mara, sobre a medida provis\u00f3ria que acaba com a\u00a0Universidade Federal da Integra\u00e7\u00e3o Latino-Americana (Unila), com sede no Paran\u00e1.<\/p>\n<p><em>A bancada do<strong>\u00a0<a class=\"profileLink\" href=\"https:\/\/www.facebook.com\/psolnacamara\/?fref=mentions\" data-hovercard=\"\/ajax\/hovercard\/page.php?id=197749170329322&amp;extragetparams=%7B%22fref%22%3A%22mentions%22%7D\" data-hovercard-prefer-more-content-show=\"1\"><span style=\"color: #0000ff;\">PSOL<\/span> na C\u00e2mara<\/a><\/strong>\u00a0rejeita a Emenda Aditiva \u00e0 Medida Provis\u00f3ria n\u00ba 785\/2017, de autoria do Deputado Federal S\u00e9rgio Souza (PMDB\/PR), que tem por objetivo a extin\u00e7\u00e3o da Unila \u2013 Universidade Federal da Integra\u00e7\u00e3o Latino-Americana. A emenda prop\u00f5e a cria\u00e7\u00e3o de uma nova universidade, com a inclus\u00e3o de dois campi da UFPR, o de Palotina e Toledo. Na pr\u00e1tica, essa emenda significa n\u00e3o s\u00f3 a mudan\u00e7a de nome, mas o fim do projeto e da proposta da Unila. O ataque \u00e0 Unila se insere em um contexto mais amplo: de desmonte da educa\u00e7\u00e3o p\u00fablica superior.\u00a0<\/em><\/p>\n<p><em>Como afirma manifesto escrito pelos estudantes da universidade, \u201ca Unila tem como miss\u00e3o institucional formar quadros para contribuir com a integra\u00e7\u00e3o latino-americana e caribenha, com o desenvolvimento e com interc\u00e2mbio cultural, cient\u00edfico e educacional da Regi\u00e3o. Para alcan\u00e7ar esse objetivo, traz uma concep\u00e7\u00e3o inovadora, de universidade diversa, interdisciplinar, bil\u00edngue e internacionalista. Hoje, atrav\u00e9s dessa proposta de extin\u00e7\u00e3o, a institui\u00e7\u00e3o sofre o mais duro golpe contra sua integridade e contra sua identidade\u201d.<\/em><\/p>\n<p><em>Vale destacar que essa emenda foi inclu\u00edda sorrateiramente em uma MP que trata de tema inteiramente distinto: altera\u00e7\u00f5es no Fies, programa de cr\u00e9dito estudantil que repassa dinheiro para faculdades privadas. Em defesa da Unila, o PSOL lutar\u00e1 contra a emenda contrabandeada.<\/em><\/p>\n","protected":false},"excerpt":{"rendered":"<p>Confira, abaixo, a nota da bancada do PSOL na C\u00e2mara, sobre a medida provis\u00f3ria que acaba com a\u00a0Universidade Federal da Integra\u00e7\u00e3o Latino-Americana (Unila), com sede no Paran\u00e1. A bancada do\u00a0PSOL na C\u00e2mara\u00a0rejeita a Emenda Aditiva \u00e0 Medida Provis\u00f3ria n\u00ba 785\/2017, de autoria do Deputado Federal S\u00e9rgio Souza (PMDB\/PR), que tem por objetivo a extin\u00e7\u00e3o da [&hellip;]<\/p>\n","protected":false},"author":2,"featured_media":17473,"comment_status":"open","ping_status":"open","sticky":false,"template":"","format":"standard","meta":{"_acf_changed":false,"footnotes":""},"categories":[10,1882,2208,6],"tags":[2066,3446,1423,3447,3448],"class_list":{"0":"post-17471","1":"post","2":"type-post","3":"status-publish","4":"format-standard","5":"has-post-thumbnail","7":"category-acao-parlamentares","8":"category-brasil","9":"category-educacao","10":"category-noticias","11":"tag-bancada-do-psol-na-camara","12":"tag-deputado-sergio-souza","13":"tag-medida-provisoria","14":"tag-unila","15":"tag-universidade-federal-da-integracao-latino-americana"},"acf":[],"yoast_head":"<!-- This site is optimized with the Yoast SEO plugin v26.5 - https:\/\/yoast.com\/wordpress\/plugins\/seo\/ -->\n<title>Bancada do PSOL se solidariza com a comunidade universit\u00e1ria da Unila - PSOL 50<\/title>\n<meta name=\"robots\" content=\"index, follow, max-snippet:-1, max-image-preview:large, max-video-preview:-1\" \/>\n<link rel=\"canonical\" href=\"https:\/\/psol50.org.br\/bancada-do-psol-se-solidariza-com-a-comunidade-universitaria-da-unila\/\" \/>\n<meta property=\"og:locale\" content=\"pt_BR\" \/>\n<meta property=\"og:type\" content=\"article\" \/>\n<meta property=\"og:title\" content=\"Bancada do PSOL se solidariza com a comunidade universit\u00e1ria da Unila - PSOL 50\" \/>\n<meta property=\"og:description\" content=\"Confira, abaixo, a nota da bancada do PSOL na C\u00e2mara, sobre a medida provis\u00f3ria que acaba com a\u00a0Universidade Federal da Integra\u00e7\u00e3o Latino-Americana (Unila), com sede no Paran\u00e1. A bancada do\u00a0PSOL na C\u00e2mara\u00a0rejeita a Emenda Aditiva \u00e0 Medida Provis\u00f3ria n\u00ba 785\/2017, de autoria do Deputado Federal S\u00e9rgio Souza (PMDB\/PR), que tem por objetivo a extin\u00e7\u00e3o da [&hellip;]\" \/>\n<meta property=\"og:url\" content=\"https:\/\/psol50.org.br\/bancada-do-psol-se-solidariza-com-a-comunidade-universitaria-da-unila\/\" \/>\n<meta property=\"og:site_name\" content=\"PSOL 50\" \/>\n<meta property=\"article:publisher\" content=\"https:\/\/www.facebook.com\/psol50\" \/>\n<meta property=\"article:published_time\" content=\"2017-08-04T14:29:36+00:00\" \/>\n<meta property=\"og:image\" content=\"https:\/\/psol50.org.br\/inc\/uploads\/2018\/07\/capa.png\" \/>\n\t<meta property=\"og:image:width\" content=\"1350\" \/>\n\t<meta property=\"og:image:height\" content=\"900\" \/>\n\t<meta property=\"og:image:type\" content=\"image\/png\" \/>\n<meta name=\"author\" content=\"Comunica\u00e7\u00e3o PSOL\" \/>\n<meta name=\"twitter:card\" content=\"summary_large_image\" \/>\n<meta name=\"twitter:creator\" content=\"@psol50\" \/>\n<meta name=\"twitter:site\" content=\"@psol50\" \/>\n<meta name=\"twitter:label1\" content=\"Escrito por\" \/>\n\t<meta name=\"twitter:data1\" content=\"Comunica\u00e7\u00e3o PSOL\" \/>\n\t<meta name=\"twitter:label2\" content=\"Est. tempo de leitura\" \/>\n\t<meta name=\"twitter:data2\" content=\"1 minuto\" \/>\n<script type=\"application\/ld+json\" class=\"yoast-schema-graph\">{\"@context\":\"https:\/\/schema.org\",\"@graph\":[{\"@type\":\"Article\",\"@id\":\"https:\/\/psol50.org.br\/bancada-do-psol-se-solidariza-com-a-comunidade-universitaria-da-unila\/#article\",\"isPartOf\":{\"@id\":\"https:\/\/psol50.org.br\/bancada-do-psol-se-solidariza-com-a-comunidade-universitaria-da-unila\/\"},\"author\":{\"name\":\"Comunica\u00e7\u00e3o PSOL\",\"@id\":\"https:\/\/psol50.org.br\/#\/schema\/person\/475dfa57d0b815993c714c2e96491fcd\"},\"headline\":\"Bancada do PSOL se solidariza com a comunidade universit\u00e1ria da Unila\",\"datePublished\":\"2017-08-04T14:29:36+00:00\",\"mainEntityOfPage\":{\"@id\":\"https:\/\/psol50.org.br\/bancada-do-psol-se-solidariza-com-a-comunidade-universitaria-da-unila\/\"},\"wordCount\":276,\"commentCount\":0,\"publisher\":{\"@id\":\"https:\/\/psol50.org.br\/#organization\"},\"image\":{\"@id\":\"https:\/\/psol50.org.br\/bancada-do-psol-se-solidariza-com-a-comunidade-universitaria-da-unila\/#primaryimage\"},\"thumbnailUrl\":\"\",\"keywords\":[\"bancada do PSOL na C\u00e2mara\",\"deputado S\u00e9rgio Souza\",\"medida provis\u00f3ria\",\"Unila\",\"Universidade Federal da Integra\u00e7\u00e3o Latino-Americana\"],\"articleSection\":[\"A\u00e7\u00e3o Parlamentar\",\"Brasil\",\"Educa\u00e7\u00e3o\",\"Not\u00edcias\"],\"inLanguage\":\"pt-BR\",\"potentialAction\":[{\"@type\":\"CommentAction\",\"name\":\"Comment\",\"target\":[\"https:\/\/psol50.org.br\/bancada-do-psol-se-solidariza-com-a-comunidade-universitaria-da-unila\/#respond\"]}]},{\"@type\":\"WebPage\",\"@id\":\"https:\/\/psol50.org.br\/bancada-do-psol-se-solidariza-com-a-comunidade-universitaria-da-unila\/\",\"url\":\"https:\/\/psol50.org.br\/bancada-do-psol-se-solidariza-com-a-comunidade-universitaria-da-unila\/\",\"name\":\"Bancada do PSOL se solidariza com a comunidade universit\u00e1ria da Unila - PSOL 50\",\"isPartOf\":{\"@id\":\"https:\/\/psol50.org.br\/#website\"},\"primaryImageOfPage\":{\"@id\":\"https:\/\/psol50.org.br\/bancada-do-psol-se-solidariza-com-a-comunidade-universitaria-da-unila\/#primaryimage\"},\"image\":{\"@id\":\"https:\/\/psol50.org.br\/bancada-do-psol-se-solidariza-com-a-comunidade-universitaria-da-unila\/#primaryimage\"},\"thumbnailUrl\":\"\",\"datePublished\":\"2017-08-04T14:29:36+00:00\",\"breadcrumb\":{\"@id\":\"https:\/\/psol50.org.br\/bancada-do-psol-se-solidariza-com-a-comunidade-universitaria-da-unila\/#breadcrumb\"},\"inLanguage\":\"pt-BR\",\"potentialAction\":[{\"@type\":\"ReadAction\",\"target\":[\"https:\/\/psol50.org.br\/bancada-do-psol-se-solidariza-com-a-comunidade-universitaria-da-unila\/\"]}]},{\"@type\":\"ImageObject\",\"inLanguage\":\"pt-BR\",\"@id\":\"https:\/\/psol50.org.br\/bancada-do-psol-se-solidariza-com-a-comunidade-universitaria-da-unila\/#primaryimage\",\"url\":\"\",\"contentUrl\":\"\"},{\"@type\":\"BreadcrumbList\",\"@id\":\"https:\/\/psol50.org.br\/bancada-do-psol-se-solidariza-com-a-comunidade-universitaria-da-unila\/#breadcrumb\",\"itemListElement\":[{\"@type\":\"ListItem\",\"position\":1,\"name\":\"In\u00edcio\",\"item\":\"https:\/\/psol50.org.br\/\"},{\"@type\":\"ListItem\",\"position\":2,\"name\":\"Bancada do PSOL se solidariza com a comunidade universit\u00e1ria da Unila\"}]},{\"@type\":\"WebSite\",\"@id\":\"https:\/\/psol50.org.br\/#website\",\"url\":\"https:\/\/psol50.org.br\/\",\"name\":\"PSOL 50\",\"description\":\"Site oficial do Partido Socialismo e Liberdade\",\"publisher\":{\"@id\":\"https:\/\/psol50.org.br\/#organization\"},\"alternateName\":\"PSOL50\",\"potentialAction\":[{\"@type\":\"SearchAction\",\"target\":{\"@type\":\"EntryPoint\",\"urlTemplate\":\"https:\/\/psol50.org.br\/?s={search_term_string}\"},\"query-input\":{\"@type\":\"PropertyValueSpecification\",\"valueRequired\":true,\"valueName\":\"search_term_string\"}}],\"inLanguage\":\"pt-BR\"},{\"@type\":\"Organization\",\"@id\":\"https:\/\/psol50.org.br\/#organization\",\"name\":\"PSOL 50\",\"alternateName\":\"PSOL 50\",\"url\":\"https:\/\/psol50.org.br\/\",\"logo\":{\"@type\":\"ImageObject\",\"inLanguage\":\"pt-BR\",\"@id\":\"https:\/\/psol50.org.br\/#\/schema\/logo\/image\/\",\"url\":\"https:\/\/psol50.org.br\/inc\/uploads\/2018\/07\/capa.png\",\"contentUrl\":\"https:\/\/psol50.org.br\/inc\/uploads\/2018\/07\/capa.png\",\"width\":1350,\"height\":900,\"caption\":\"PSOL 50\"},\"image\":{\"@id\":\"https:\/\/psol50.org.br\/#\/schema\/logo\/image\/\"},\"sameAs\":[\"https:\/\/www.facebook.com\/psol50\",\"https:\/\/x.com\/psol50\",\"https:\/\/www.instagram.com\/psol50\/\",\"https:\/\/www.youtube.com\/channel\/UC7SnJS5o1os7a6CaiNabzcg\"]},{\"@type\":\"Person\",\"@id\":\"https:\/\/psol50.org.br\/#\/schema\/person\/475dfa57d0b815993c714c2e96491fcd\",\"name\":\"Comunica\u00e7\u00e3o PSOL\",\"image\":{\"@type\":\"ImageObject\",\"inLanguage\":\"pt-BR\",\"@id\":\"https:\/\/psol50.org.br\/#\/schema\/person\/image\/\",\"url\":\"https:\/\/secure.gravatar.com\/avatar\/b34fc4f4e468a4e51785917065a3db57b841f5c95dba6ad8c73aaf8f66f8f9bf?s=96&d=mm&r=g\",\"contentUrl\":\"https:\/\/secure.gravatar.com\/avatar\/b34fc4f4e468a4e51785917065a3db57b841f5c95dba6ad8c73aaf8f66f8f9bf?s=96&d=mm&r=g\",\"caption\":\"Comunica\u00e7\u00e3o PSOL\"}}]}<\/script>\n<!-- \/ Yoast SEO plugin. -->","yoast_head_json":{"title":"Bancada do PSOL se solidariza com a comunidade universit\u00e1ria da Unila - PSOL 50","robots":{"index":"index","follow":"follow","max-snippet":"max-snippet:-1","max-image-preview":"max-image-preview:large","max-video-preview":"max-video-preview:-1"},"canonical":"https:\/\/psol50.org.br\/bancada-do-psol-se-solidariza-com-a-comunidade-universitaria-da-unila\/","og_locale":"pt_BR","og_type":"article","og_title":"Bancada do PSOL se solidariza com a comunidade universit\u00e1ria da Unila - PSOL 50","og_description":"Confira, abaixo, a nota da bancada do PSOL na C\u00e2mara, sobre a medida provis\u00f3ria que acaba com a\u00a0Universidade Federal da Integra\u00e7\u00e3o Latino-Americana (Unila), com sede no Paran\u00e1. A bancada do\u00a0PSOL na C\u00e2mara\u00a0rejeita a Emenda Aditiva \u00e0 Medida Provis\u00f3ria n\u00ba 785\/2017, de autoria do Deputado Federal S\u00e9rgio Souza (PMDB\/PR), que tem por objetivo a extin\u00e7\u00e3o da [&hellip;]","og_url":"https:\/\/psol50.org.br\/bancada-do-psol-se-solidariza-com-a-comunidade-universitaria-da-unila\/","og_site_name":"PSOL 50","article_publisher":"https:\/\/www.facebook.com\/psol50","article_published_time":"2017-08-04T14:29:36+00:00","og_image":[{"width":1350,"height":900,"url":"https:\/\/psol50.org.br\/inc\/uploads\/2018\/07\/capa.png","type":"image\/png"}],"author":"Comunica\u00e7\u00e3o PSOL","twitter_card":"summary_large_image","twitter_creator":"@psol50","twitter_site":"@psol50","twitter_misc":{"Escrito por":"Comunica\u00e7\u00e3o PSOL","Est. tempo de leitura":"1 minuto"},"schema":{"@context":"https:\/\/schema.org","@graph":[{"@type":"Article","@id":"https:\/\/psol50.org.br\/bancada-do-psol-se-solidariza-com-a-comunidade-universitaria-da-unila\/#article","isPartOf":{"@id":"https:\/\/psol50.org.br\/bancada-do-psol-se-solidariza-com-a-comunidade-universitaria-da-unila\/"},"author":{"name":"Comunica\u00e7\u00e3o PSOL","@id":"https:\/\/psol50.org.br\/#\/schema\/person\/475dfa57d0b815993c714c2e96491fcd"},"headline":"Bancada do PSOL se solidariza com a comunidade universit\u00e1ria da Unila","datePublished":"2017-08-04T14:29:36+00:00","mainEntityOfPage":{"@id":"https:\/\/psol50.org.br\/bancada-do-psol-se-solidariza-com-a-comunidade-universitaria-da-unila\/"},"wordCount":276,"commentCount":0,"publisher":{"@id":"https:\/\/psol50.org.br\/#organization"},"image":{"@id":"https:\/\/psol50.org.br\/bancada-do-psol-se-solidariza-com-a-comunidade-universitaria-da-unila\/#primaryimage"},"thumbnailUrl":"","keywords":["bancada do PSOL na C\u00e2mara","deputado S\u00e9rgio Souza","medida provis\u00f3ria","Unila","Universidade Federal da Integra\u00e7\u00e3o Latino-Americana"],"articleSection":["A\u00e7\u00e3o Parlamentar","Brasil","Educa\u00e7\u00e3o","Not\u00edcias"],"inLanguage":"pt-BR","potentialAction":[{"@type":"CommentAction","name":"Comment","target":["https:\/\/psol50.org.br\/bancada-do-psol-se-solidariza-com-a-comunidade-universitaria-da-unila\/#respond"]}]},{"@type":"WebPage","@id":"https:\/\/psol50.org.br\/bancada-do-psol-se-solidariza-com-a-comunidade-universitaria-da-unila\/","url":"https:\/\/psol50.org.br\/bancada-do-psol-se-solidariza-com-a-comunidade-universitaria-da-unila\/","name":"Bancada do PSOL se solidariza com a comunidade universit\u00e1ria da Unila - PSOL 50","isPartOf":{"@id":"https:\/\/psol50.org.br\/#website"},"primaryImageOfPage":{"@id":"https:\/\/psol50.org.br\/bancada-do-psol-se-solidariza-com-a-comunidade-universitaria-da-unila\/#primaryimage"},"image":{"@id":"https:\/\/psol50.org.br\/bancada-do-psol-se-solidariza-com-a-comunidade-universitaria-da-unila\/#primaryimage"},"thumbnailUrl":"","datePublished":"2017-08-04T14:29:36+00:00","breadcrumb":{"@id":"https:\/\/psol50.org.br\/bancada-do-psol-se-solidariza-com-a-comunidade-universitaria-da-unila\/#breadcrumb"},"inLanguage":"pt-BR","potentialAction":[{"@type":"ReadAction","target":["https:\/\/psol50.org.br\/bancada-do-psol-se-solidariza-com-a-comunidade-universitaria-da-unila\/"]}]},{"@type":"ImageObject","inLanguage":"pt-BR","@id":"https:\/\/psol50.org.br\/bancada-do-psol-se-solidariza-com-a-comunidade-universitaria-da-unila\/#primaryimage","url":"","contentUrl":""},{"@type":"BreadcrumbList","@id":"https:\/\/psol50.org.br\/bancada-do-psol-se-solidariza-com-a-comunidade-universitaria-da-unila\/#breadcrumb","itemListElement":[{"@type":"ListItem","position":1,"name":"In\u00edcio","item":"https:\/\/psol50.org.br\/"},{"@type":"ListItem","position":2,"name":"Bancada do PSOL se solidariza com a comunidade universit\u00e1ria da Unila"}]},{"@type":"WebSite","@id":"https:\/\/psol50.org.br\/#website","url":"https:\/\/psol50.org.br\/","name":"PSOL 50","description":"Site oficial do Partido Socialismo e Liberdade","publisher":{"@id":"https:\/\/psol50.org.br\/#organization"},"alternateName":"PSOL50","potentialAction":[{"@type":"SearchAction","target":{"@type":"EntryPoint","urlTemplate":"https:\/\/psol50.org.br\/?s={search_term_string}"},"query-input":{"@type":"PropertyValueSpecification","valueRequired":true,"valueName":"search_term_string"}}],"inLanguage":"pt-BR"},{"@type":"Organization","@id":"https:\/\/psol50.org.br\/#organization","name":"PSOL 50","alternateName":"PSOL 50","url":"https:\/\/psol50.org.br\/","logo":{"@type":"ImageObject","inLanguage":"pt-BR","@id":"https:\/\/psol50.org.br\/#\/schema\/logo\/image\/","url":"https:\/\/psol50.org.br\/inc\/uploads\/2018\/07\/capa.png","contentUrl":"https:\/\/psol50.org.br\/inc\/uploads\/2018\/07\/capa.png","width":1350,"height":900,"caption":"PSOL 50"},"image":{"@id":"https:\/\/psol50.org.br\/#\/schema\/logo\/image\/"},"sameAs":["https:\/\/www.facebook.com\/psol50","https:\/\/x.com\/psol50","https:\/\/www.instagram.com\/psol50\/","https:\/\/www.youtube.com\/channel\/UC7SnJS5o1os7a6CaiNabzcg"]},{"@type":"Person","@id":"https:\/\/psol50.org.br\/#\/schema\/person\/475dfa57d0b815993c714c2e96491fcd","name":"Comunica\u00e7\u00e3o PSOL","image":{"@type":"ImageObject","inLanguage":"pt-BR","@id":"https:\/\/psol50.org.br\/#\/schema\/person\/image\/","url":"https:\/\/secure.gravatar.com\/avatar\/b34fc4f4e468a4e51785917065a3db57b841f5c95dba6ad8c73aaf8f66f8f9bf?s=96&d=mm&r=g","contentUrl":"https:\/\/secure.gravatar.com\/avatar\/b34fc4f4e468a4e51785917065a3db57b841f5c95dba6ad8c73aaf8f66f8f9bf?s=96&d=mm&r=g","caption":"Comunica\u00e7\u00e3o PSOL"}}]}},"_links":{"self":[{"href":"https:\/\/psol50.org.br\/rest\/wp\/v2\/posts\/17471","targetHints":{"allow":["GET"]}}],"collection":[{"href":"https:\/\/psol50.org.br\/rest\/wp\/v2\/posts"}],"about":[{"href":"https:\/\/psol50.org.br\/rest\/wp\/v2\/types\/post"}],"author":[{"embeddable":true,"href":"https:\/\/psol50.org.br\/rest\/wp\/v2\/users\/2"}],"replies":[{"embeddable":true,"href":"https:\/\/psol50.org.br\/rest\/wp\/v2\/comments?post=17471"}],"version-history":[{"count":0,"href":"https:\/\/psol50.org.br\/rest\/wp\/v2\/posts\/17471\/revisions"}],"wp:featuredmedia":[{"embeddable":true,"href":"https:\/\/psol50.org.br\/rest\/"}],"wp:attachment":[{"href":"https:\/\/psol50.org.br\/rest\/wp\/v2\/media?parent=17471"}],"wp:term":[{"taxonomy":"category","embeddable":true,"href":"https:\/\/psol50.org.br\/rest\/wp\/v2\/categories?post=17471"},{"taxonomy":"post_tag","embeddable":true,"href":"https:\/\/psol50.org.br\/rest\/wp\/v2\/tags?post=17471"}],"curies":[{"name":"wp","href":"https:\/\/api.w.org\/{rel}","templated":true}]}}