{"id":17488,"date":"2017-08-07T14:18:18","date_gmt":"2017-08-07T14:18:18","guid":{"rendered":"http:\/\/www.psol50.org.br\/?p=17488"},"modified":"2017-08-07T14:18:18","modified_gmt":"2017-08-07T14:18:18","slug":"mais-retrocessos-temer-articula-agenda-para-votar-reforma-da-previdencia","status":"publish","type":"post","link":"https:\/\/psol50.org.br\/mais-retrocessos-temer-articula-agenda-para-votar-reforma-da-previdencia\/","title":{"rendered":"Mais retrocessos: Temer articula agenda para votar reforma da Previd\u00eancia"},"content":{"rendered":"<p>Ap\u00f3s ser salvo pela C\u00e2mara dos Deputados da investiga\u00e7\u00e3o por corrup\u00e7\u00e3o passiva, o presidente Michel Temer gira o seu empenho para votar as medidas consideradas priorit\u00e1rias de seu governo, entre as quais a reforma da Previd\u00eancia (PEC 287\/2016). J\u00e1 aprovada em comiss\u00e3o especial, a mat\u00e9ria est\u00e1 paralisada devido \u00e0 falta de acordo entre os deputados e tamb\u00e9m \u00e0 crise pol\u00edtica no governo ap\u00f3s a den\u00fancia protocolada contra Temer pela Procuradoria-Geral da Rep\u00fablica.<\/p>\n<p>Na tarde deste domingo (06\/08), o presidente ileg\u00edtimo recebeu, no Pal\u00e1cio do Planalto, o deputado Rodrigo Maia (DEM-RJ), presidente da C\u00e2mara dos Deputados; e o senador Eun\u00edcio Oliveira (PMDB-CE), presidente do Senado Federal, para articular a agenda de vota\u00e7\u00e3o da mat\u00e9ria no Congresso Nacional. A expectativa do governo \u00e9 votar a reforma no plen\u00e1rio da C\u00e2mara at\u00e9 o in\u00edcio de setembro e em seguida enviar para o Senado. Tamb\u00e9m participaram da reuni\u00e3o os ministros da Fazenda, Henrique Meireles; da Secretaria de Governo, Ant\u00f4nio Imbassahy; e da Secretaria-Geral da Presid\u00eancia, Moreira Franco.<\/p>\n<p>Por se tratar de uma emenda constitucional, a reforma da Previd\u00eancia precisa de no m\u00ednimo 308 votos para ser aprovada, do total de 513 deputados. Segundo lideran\u00e7as governistas no Congresso, o objetivo agora \u00e9 reorganizar a base para conseguir esse qu\u00f3rum, que \u00e9 considerado alto. At\u00e9 o momento, o Pal\u00e1cio do Planalto n\u00e3o tem os votos necess\u00e1rios para aprovar a reforma.<\/p>\n<figure id=\"attachment_17490\" aria-describedby=\"caption-attachment-17490\" style=\"width: 1000px\" class=\"wp-caption aligncenter\"><img loading=\"lazy\" decoding=\"async\" class=\"wp-image-17490 size-large\" src=\"http:\/\/www.psol50.org.br\/inc\/uploads\/2017\/08\/Temer_ministros_ValterCampanato_ABr-1024x683.jpg\" alt=\"\" width=\"1000\" height=\"667\" \/><figcaption id=\"caption-attachment-17490\" class=\"wp-caption-text\"><em>Foto: Valter Campanato\/Ag\u00eancia Brasil<\/em><\/figcaption><\/figure>\n<p>Mas na reuni\u00e3o, Temer garantiu o apoio de Maia e Eun\u00edcio para levar adiante a vota\u00e7\u00e3o das mudan\u00e7as nas regras da aposentadoria de trabalhadores dos setores p\u00fablico e privado e tamb\u00e9m de outras medidas do pacote econ\u00f4mico do governo. Para isso, ir\u00e3o pressionar os deputados que votaram a favor da investiga\u00e7\u00e3o contra Temer, como os do PSDB e de outros partidos da base aliada.<\/p>\n<p>Al\u00e9m da PEC 287, <a href=\"http:\/\/www.psol50.org.br\/blog\/2017\/08\/04\/proximo-golpe-do-congresso-a-contrarreforma-politica\/\" target=\"_blank\" rel=\"noopener\"><strong><span style=\"color: #0000ff;\">o governo tamb\u00e9m se empenha para acelerar a tramita\u00e7\u00e3o da reforma pol\u00edtica<\/span><\/strong><\/a>. \u00a0S\u00e3o dois os principais projetos em tramita\u00e7\u00e3o, que em pouco tempo devem ser votados: as PECs 77 e 282. Por serem emendas constitucionais, ambas precisam ser aprovadas em dois turnos na C\u00e2mara e no Senado antes de 1\u00ba de outubro deste ano para valer j\u00e1 nas elei\u00e7\u00f5es de 2018.<\/div>\n<p>O PSOL manter\u00e1 a sua coer\u00eancia, denunciando os ataques preparados pelo governo, cada vez mais afundado numa crise pol\u00edtica sem precedentes. Para o partido, \u00e9 evidente o esfor\u00e7o de Temer e seus aliados para votar os projetos antes que uma segunda den\u00fancia contra ele chegue \u00e0 C\u00e2mara dos Deputados. At\u00e9 l\u00e1, vai continuar valendo a pol\u00edtica de troca de favores, compra de votos e libera\u00e7\u00e3o de emendas parlamentares. O PSOL, por meio de sua bancada na C\u00e2mara e sua milit\u00e2ncia nas ruas, dir\u00e1 n\u00e3o \u00e0s reformas pol\u00edtica e da Previd\u00eancia.<\/p>\n","protected":false},"excerpt":{"rendered":"<p>Ap\u00f3s ser salvo pela C\u00e2mara dos Deputados da investiga\u00e7\u00e3o por corrup\u00e7\u00e3o passiva, o presidente Michel Temer gira o seu empenho para votar as medidas consideradas priorit\u00e1rias de seu governo, entre as quais a reforma da Previd\u00eancia (PEC 287\/2016). J\u00e1 aprovada em comiss\u00e3o especial, a mat\u00e9ria est\u00e1 paralisada devido \u00e0 falta de acordo entre os deputados [&hellip;]<\/p>\n","protected":false},"author":2,"featured_media":17489,"comment_status":"open","ping_status":"open","sticky":false,"template":"","format":"standard","meta":{"_acf_changed":false,"footnotes":""},"categories":[1882,6],"tags":[3370,709,79,3452,387,61,1748,22,39,3046,64,2431],"class_list":{"0":"post-17488","1":"post","2":"type-post","3":"status-publish","4":"format-standard","5":"has-post-thumbnail","7":"category-brasil","8":"category-noticias","9":"tag-base-aliada","10":"tag-camara-dos-deputados","11":"tag-denuncia","12":"tag-eunicio-oliveira","13":"tag-governo","14":"tag-investigacao","15":"tag-michel-temer","16":"tag-psol","17":"tag-reforma-da-previdencia","18":"tag-reforma-politica","19":"tag-rodrigo-maia","20":"tag-senado-federal"},"acf":[],"yoast_head":"<!-- This site is optimized with the Yoast SEO plugin v26.5 - https:\/\/yoast.com\/wordpress\/plugins\/seo\/ -->\n<title>Mais retrocessos: Temer articula agenda para votar reforma da Previd\u00eancia - PSOL 50<\/title>\n<meta name=\"robots\" content=\"index, follow, max-snippet:-1, max-image-preview:large, max-video-preview:-1\" \/>\n<link rel=\"canonical\" href=\"https:\/\/psol50.org.br\/mais-retrocessos-temer-articula-agenda-para-votar-reforma-da-previdencia\/\" \/>\n<meta property=\"og:locale\" content=\"pt_BR\" \/>\n<meta property=\"og:type\" content=\"article\" \/>\n<meta property=\"og:title\" content=\"Mais retrocessos: Temer articula agenda para votar reforma da Previd\u00eancia - PSOL 50\" \/>\n<meta property=\"og:description\" content=\"Ap\u00f3s ser salvo pela C\u00e2mara dos Deputados da investiga\u00e7\u00e3o por corrup\u00e7\u00e3o passiva, o presidente Michel Temer gira o seu empenho para votar as medidas consideradas priorit\u00e1rias de seu governo, entre as quais a reforma da Previd\u00eancia (PEC 287\/2016). J\u00e1 aprovada em comiss\u00e3o especial, a mat\u00e9ria est\u00e1 paralisada devido \u00e0 falta de acordo entre os deputados [&hellip;]\" \/>\n<meta property=\"og:url\" content=\"https:\/\/psol50.org.br\/mais-retrocessos-temer-articula-agenda-para-votar-reforma-da-previdencia\/\" \/>\n<meta property=\"og:site_name\" content=\"PSOL 50\" \/>\n<meta property=\"article:publisher\" content=\"https:\/\/www.facebook.com\/psol50\" \/>\n<meta property=\"article:published_time\" content=\"2017-08-07T14:18:18+00:00\" \/>\n<meta property=\"og:image\" content=\"https:\/\/psol50.org.br\/inc\/uploads\/2018\/07\/capa.png\" \/>\n\t<meta property=\"og:image:width\" content=\"1350\" \/>\n\t<meta property=\"og:image:height\" content=\"900\" \/>\n\t<meta property=\"og:image:type\" content=\"image\/png\" \/>\n<meta name=\"author\" content=\"Comunica\u00e7\u00e3o PSOL\" \/>\n<meta name=\"twitter:card\" content=\"summary_large_image\" \/>\n<meta name=\"twitter:creator\" content=\"@psol50\" \/>\n<meta name=\"twitter:site\" content=\"@psol50\" \/>\n<meta name=\"twitter:label1\" content=\"Escrito por\" \/>\n\t<meta name=\"twitter:data1\" content=\"Comunica\u00e7\u00e3o PSOL\" \/>\n\t<meta name=\"twitter:label2\" content=\"Est. tempo de leitura\" \/>\n\t<meta name=\"twitter:data2\" content=\"3 minutos\" \/>\n<script type=\"application\/ld+json\" class=\"yoast-schema-graph\">{\"@context\":\"https:\/\/schema.org\",\"@graph\":[{\"@type\":\"Article\",\"@id\":\"https:\/\/psol50.org.br\/mais-retrocessos-temer-articula-agenda-para-votar-reforma-da-previdencia\/#article\",\"isPartOf\":{\"@id\":\"https:\/\/psol50.org.br\/mais-retrocessos-temer-articula-agenda-para-votar-reforma-da-previdencia\/\"},\"author\":{\"name\":\"Comunica\u00e7\u00e3o PSOL\",\"@id\":\"https:\/\/psol50.org.br\/#\/schema\/person\/475dfa57d0b815993c714c2e96491fcd\"},\"headline\":\"Mais retrocessos: Temer articula agenda para votar reforma da Previd\u00eancia\",\"datePublished\":\"2017-08-07T14:18:18+00:00\",\"mainEntityOfPage\":{\"@id\":\"https:\/\/psol50.org.br\/mais-retrocessos-temer-articula-agenda-para-votar-reforma-da-previdencia\/\"},\"wordCount\":513,\"commentCount\":0,\"publisher\":{\"@id\":\"https:\/\/psol50.org.br\/#organization\"},\"image\":{\"@id\":\"https:\/\/psol50.org.br\/mais-retrocessos-temer-articula-agenda-para-votar-reforma-da-previdencia\/#primaryimage\"},\"thumbnailUrl\":\"\",\"keywords\":[\"base aliada\",\"C\u00e2mara dos Deputados\",\"den\u00fancia\",\"Eun\u00edcio Oliveira\",\"governo\",\"investiga\u00e7\u00e3o\",\"Michel Temer\",\"PSOL\",\"reforma da previd\u00eancia\",\"Reforma Pol\u00edtica\",\"Rodrigo Maia\",\"Senado Federal\"],\"articleSection\":[\"Brasil\",\"Not\u00edcias\"],\"inLanguage\":\"pt-BR\",\"potentialAction\":[{\"@type\":\"CommentAction\",\"name\":\"Comment\",\"target\":[\"https:\/\/psol50.org.br\/mais-retrocessos-temer-articula-agenda-para-votar-reforma-da-previdencia\/#respond\"]}]},{\"@type\":\"WebPage\",\"@id\":\"https:\/\/psol50.org.br\/mais-retrocessos-temer-articula-agenda-para-votar-reforma-da-previdencia\/\",\"url\":\"https:\/\/psol50.org.br\/mais-retrocessos-temer-articula-agenda-para-votar-reforma-da-previdencia\/\",\"name\":\"Mais retrocessos: Temer articula agenda para votar reforma da Previd\u00eancia - PSOL 50\",\"isPartOf\":{\"@id\":\"https:\/\/psol50.org.br\/#website\"},\"primaryImageOfPage\":{\"@id\":\"https:\/\/psol50.org.br\/mais-retrocessos-temer-articula-agenda-para-votar-reforma-da-previdencia\/#primaryimage\"},\"image\":{\"@id\":\"https:\/\/psol50.org.br\/mais-retrocessos-temer-articula-agenda-para-votar-reforma-da-previdencia\/#primaryimage\"},\"thumbnailUrl\":\"\",\"datePublished\":\"2017-08-07T14:18:18+00:00\",\"breadcrumb\":{\"@id\":\"https:\/\/psol50.org.br\/mais-retrocessos-temer-articula-agenda-para-votar-reforma-da-previdencia\/#breadcrumb\"},\"inLanguage\":\"pt-BR\",\"potentialAction\":[{\"@type\":\"ReadAction\",\"target\":[\"https:\/\/psol50.org.br\/mais-retrocessos-temer-articula-agenda-para-votar-reforma-da-previdencia\/\"]}]},{\"@type\":\"ImageObject\",\"inLanguage\":\"pt-BR\",\"@id\":\"https:\/\/psol50.org.br\/mais-retrocessos-temer-articula-agenda-para-votar-reforma-da-previdencia\/#primaryimage\",\"url\":\"\",\"contentUrl\":\"\"},{\"@type\":\"BreadcrumbList\",\"@id\":\"https:\/\/psol50.org.br\/mais-retrocessos-temer-articula-agenda-para-votar-reforma-da-previdencia\/#breadcrumb\",\"itemListElement\":[{\"@type\":\"ListItem\",\"position\":1,\"name\":\"In\u00edcio\",\"item\":\"https:\/\/psol50.org.br\/\"},{\"@type\":\"ListItem\",\"position\":2,\"name\":\"Mais retrocessos: Temer articula agenda para votar reforma da Previd\u00eancia\"}]},{\"@type\":\"WebSite\",\"@id\":\"https:\/\/psol50.org.br\/#website\",\"url\":\"https:\/\/psol50.org.br\/\",\"name\":\"PSOL 50\",\"description\":\"Site oficial do Partido Socialismo e Liberdade\",\"publisher\":{\"@id\":\"https:\/\/psol50.org.br\/#organization\"},\"alternateName\":\"PSOL50\",\"potentialAction\":[{\"@type\":\"SearchAction\",\"target\":{\"@type\":\"EntryPoint\",\"urlTemplate\":\"https:\/\/psol50.org.br\/?s={search_term_string}\"},\"query-input\":{\"@type\":\"PropertyValueSpecification\",\"valueRequired\":true,\"valueName\":\"search_term_string\"}}],\"inLanguage\":\"pt-BR\"},{\"@type\":\"Organization\",\"@id\":\"https:\/\/psol50.org.br\/#organization\",\"name\":\"PSOL 50\",\"alternateName\":\"PSOL 50\",\"url\":\"https:\/\/psol50.org.br\/\",\"logo\":{\"@type\":\"ImageObject\",\"inLanguage\":\"pt-BR\",\"@id\":\"https:\/\/psol50.org.br\/#\/schema\/logo\/image\/\",\"url\":\"https:\/\/psol50.org.br\/inc\/uploads\/2018\/07\/capa.png\",\"contentUrl\":\"https:\/\/psol50.org.br\/inc\/uploads\/2018\/07\/capa.png\",\"width\":1350,\"height\":900,\"caption\":\"PSOL 50\"},\"image\":{\"@id\":\"https:\/\/psol50.org.br\/#\/schema\/logo\/image\/\"},\"sameAs\":[\"https:\/\/www.facebook.com\/psol50\",\"https:\/\/x.com\/psol50\",\"https:\/\/www.instagram.com\/psol50\/\",\"https:\/\/www.youtube.com\/channel\/UC7SnJS5o1os7a6CaiNabzcg\"]},{\"@type\":\"Person\",\"@id\":\"https:\/\/psol50.org.br\/#\/schema\/person\/475dfa57d0b815993c714c2e96491fcd\",\"name\":\"Comunica\u00e7\u00e3o PSOL\",\"image\":{\"@type\":\"ImageObject\",\"inLanguage\":\"pt-BR\",\"@id\":\"https:\/\/psol50.org.br\/#\/schema\/person\/image\/\",\"url\":\"https:\/\/secure.gravatar.com\/avatar\/b34fc4f4e468a4e51785917065a3db57b841f5c95dba6ad8c73aaf8f66f8f9bf?s=96&d=mm&r=g\",\"contentUrl\":\"https:\/\/secure.gravatar.com\/avatar\/b34fc4f4e468a4e51785917065a3db57b841f5c95dba6ad8c73aaf8f66f8f9bf?s=96&d=mm&r=g\",\"caption\":\"Comunica\u00e7\u00e3o PSOL\"}}]}<\/script>\n<!-- \/ Yoast SEO plugin. -->","yoast_head_json":{"title":"Mais retrocessos: Temer articula agenda para votar reforma da Previd\u00eancia - PSOL 50","robots":{"index":"index","follow":"follow","max-snippet":"max-snippet:-1","max-image-preview":"max-image-preview:large","max-video-preview":"max-video-preview:-1"},"canonical":"https:\/\/psol50.org.br\/mais-retrocessos-temer-articula-agenda-para-votar-reforma-da-previdencia\/","og_locale":"pt_BR","og_type":"article","og_title":"Mais retrocessos: Temer articula agenda para votar reforma da Previd\u00eancia - PSOL 50","og_description":"Ap\u00f3s ser salvo pela C\u00e2mara dos Deputados da investiga\u00e7\u00e3o por corrup\u00e7\u00e3o passiva, o presidente Michel Temer gira o seu empenho para votar as medidas consideradas priorit\u00e1rias de seu governo, entre as quais a reforma da Previd\u00eancia (PEC 287\/2016). J\u00e1 aprovada em comiss\u00e3o especial, a mat\u00e9ria est\u00e1 paralisada devido \u00e0 falta de acordo entre os deputados [&hellip;]","og_url":"https:\/\/psol50.org.br\/mais-retrocessos-temer-articula-agenda-para-votar-reforma-da-previdencia\/","og_site_name":"PSOL 50","article_publisher":"https:\/\/www.facebook.com\/psol50","article_published_time":"2017-08-07T14:18:18+00:00","og_image":[{"width":1350,"height":900,"url":"https:\/\/psol50.org.br\/inc\/uploads\/2018\/07\/capa.png","type":"image\/png"}],"author":"Comunica\u00e7\u00e3o PSOL","twitter_card":"summary_large_image","twitter_creator":"@psol50","twitter_site":"@psol50","twitter_misc":{"Escrito por":"Comunica\u00e7\u00e3o PSOL","Est. tempo de leitura":"3 minutos"},"schema":{"@context":"https:\/\/schema.org","@graph":[{"@type":"Article","@id":"https:\/\/psol50.org.br\/mais-retrocessos-temer-articula-agenda-para-votar-reforma-da-previdencia\/#article","isPartOf":{"@id":"https:\/\/psol50.org.br\/mais-retrocessos-temer-articula-agenda-para-votar-reforma-da-previdencia\/"},"author":{"name":"Comunica\u00e7\u00e3o PSOL","@id":"https:\/\/psol50.org.br\/#\/schema\/person\/475dfa57d0b815993c714c2e96491fcd"},"headline":"Mais retrocessos: Temer articula agenda para votar reforma da Previd\u00eancia","datePublished":"2017-08-07T14:18:18+00:00","mainEntityOfPage":{"@id":"https:\/\/psol50.org.br\/mais-retrocessos-temer-articula-agenda-para-votar-reforma-da-previdencia\/"},"wordCount":513,"commentCount":0,"publisher":{"@id":"https:\/\/psol50.org.br\/#organization"},"image":{"@id":"https:\/\/psol50.org.br\/mais-retrocessos-temer-articula-agenda-para-votar-reforma-da-previdencia\/#primaryimage"},"thumbnailUrl":"","keywords":["base aliada","C\u00e2mara dos Deputados","den\u00fancia","Eun\u00edcio Oliveira","governo","investiga\u00e7\u00e3o","Michel Temer","PSOL","reforma da previd\u00eancia","Reforma Pol\u00edtica","Rodrigo Maia","Senado Federal"],"articleSection":["Brasil","Not\u00edcias"],"inLanguage":"pt-BR","potentialAction":[{"@type":"CommentAction","name":"Comment","target":["https:\/\/psol50.org.br\/mais-retrocessos-temer-articula-agenda-para-votar-reforma-da-previdencia\/#respond"]}]},{"@type":"WebPage","@id":"https:\/\/psol50.org.br\/mais-retrocessos-temer-articula-agenda-para-votar-reforma-da-previdencia\/","url":"https:\/\/psol50.org.br\/mais-retrocessos-temer-articula-agenda-para-votar-reforma-da-previdencia\/","name":"Mais retrocessos: Temer articula agenda para votar reforma da Previd\u00eancia - PSOL 50","isPartOf":{"@id":"https:\/\/psol50.org.br\/#website"},"primaryImageOfPage":{"@id":"https:\/\/psol50.org.br\/mais-retrocessos-temer-articula-agenda-para-votar-reforma-da-previdencia\/#primaryimage"},"image":{"@id":"https:\/\/psol50.org.br\/mais-retrocessos-temer-articula-agenda-para-votar-reforma-da-previdencia\/#primaryimage"},"thumbnailUrl":"","datePublished":"2017-08-07T14:18:18+00:00","breadcrumb":{"@id":"https:\/\/psol50.org.br\/mais-retrocessos-temer-articula-agenda-para-votar-reforma-da-previdencia\/#breadcrumb"},"inLanguage":"pt-BR","potentialAction":[{"@type":"ReadAction","target":["https:\/\/psol50.org.br\/mais-retrocessos-temer-articula-agenda-para-votar-reforma-da-previdencia\/"]}]},{"@type":"ImageObject","inLanguage":"pt-BR","@id":"https:\/\/psol50.org.br\/mais-retrocessos-temer-articula-agenda-para-votar-reforma-da-previdencia\/#primaryimage","url":"","contentUrl":""},{"@type":"BreadcrumbList","@id":"https:\/\/psol50.org.br\/mais-retrocessos-temer-articula-agenda-para-votar-reforma-da-previdencia\/#breadcrumb","itemListElement":[{"@type":"ListItem","position":1,"name":"In\u00edcio","item":"https:\/\/psol50.org.br\/"},{"@type":"ListItem","position":2,"name":"Mais retrocessos: Temer articula agenda para votar reforma da Previd\u00eancia"}]},{"@type":"WebSite","@id":"https:\/\/psol50.org.br\/#website","url":"https:\/\/psol50.org.br\/","name":"PSOL 50","description":"Site oficial do Partido Socialismo e Liberdade","publisher":{"@id":"https:\/\/psol50.org.br\/#organization"},"alternateName":"PSOL50","potentialAction":[{"@type":"SearchAction","target":{"@type":"EntryPoint","urlTemplate":"https:\/\/psol50.org.br\/?s={search_term_string}"},"query-input":{"@type":"PropertyValueSpecification","valueRequired":true,"valueName":"search_term_string"}}],"inLanguage":"pt-BR"},{"@type":"Organization","@id":"https:\/\/psol50.org.br\/#organization","name":"PSOL 50","alternateName":"PSOL 50","url":"https:\/\/psol50.org.br\/","logo":{"@type":"ImageObject","inLanguage":"pt-BR","@id":"https:\/\/psol50.org.br\/#\/schema\/logo\/image\/","url":"https:\/\/psol50.org.br\/inc\/uploads\/2018\/07\/capa.png","contentUrl":"https:\/\/psol50.org.br\/inc\/uploads\/2018\/07\/capa.png","width":1350,"height":900,"caption":"PSOL 50"},"image":{"@id":"https:\/\/psol50.org.br\/#\/schema\/logo\/image\/"},"sameAs":["https:\/\/www.facebook.com\/psol50","https:\/\/x.com\/psol50","https:\/\/www.instagram.com\/psol50\/","https:\/\/www.youtube.com\/channel\/UC7SnJS5o1os7a6CaiNabzcg"]},{"@type":"Person","@id":"https:\/\/psol50.org.br\/#\/schema\/person\/475dfa57d0b815993c714c2e96491fcd","name":"Comunica\u00e7\u00e3o PSOL","image":{"@type":"ImageObject","inLanguage":"pt-BR","@id":"https:\/\/psol50.org.br\/#\/schema\/person\/image\/","url":"https:\/\/secure.gravatar.com\/avatar\/b34fc4f4e468a4e51785917065a3db57b841f5c95dba6ad8c73aaf8f66f8f9bf?s=96&d=mm&r=g","contentUrl":"https:\/\/secure.gravatar.com\/avatar\/b34fc4f4e468a4e51785917065a3db57b841f5c95dba6ad8c73aaf8f66f8f9bf?s=96&d=mm&r=g","caption":"Comunica\u00e7\u00e3o PSOL"}}]}},"_links":{"self":[{"href":"https:\/\/psol50.org.br\/rest\/wp\/v2\/posts\/17488","targetHints":{"allow":["GET"]}}],"collection":[{"href":"https:\/\/psol50.org.br\/rest\/wp\/v2\/posts"}],"about":[{"href":"https:\/\/psol50.org.br\/rest\/wp\/v2\/types\/post"}],"author":[{"embeddable":true,"href":"https:\/\/psol50.org.br\/rest\/wp\/v2\/users\/2"}],"replies":[{"embeddable":true,"href":"https:\/\/psol50.org.br\/rest\/wp\/v2\/comments?post=17488"}],"version-history":[{"count":0,"href":"https:\/\/psol50.org.br\/rest\/wp\/v2\/posts\/17488\/revisions"}],"wp:featuredmedia":[{"embeddable":true,"href":"https:\/\/psol50.org.br\/rest\/"}],"wp:attachment":[{"href":"https:\/\/psol50.org.br\/rest\/wp\/v2\/media?parent=17488"}],"wp:term":[{"taxonomy":"category","embeddable":true,"href":"https:\/\/psol50.org.br\/rest\/wp\/v2\/categories?post=17488"},{"taxonomy":"post_tag","embeddable":true,"href":"https:\/\/psol50.org.br\/rest\/wp\/v2\/tags?post=17488"}],"curies":[{"name":"wp","href":"https:\/\/api.w.org\/{rel}","templated":true}]}}