{"id":1749,"date":"2012-03-30T00:00:00","date_gmt":"2012-03-30T00:00:00","guid":{"rendered":"http:\/\/psol50.org.br\/arquivo\/2012\/03\/30\/elias-vaz-psol-go-desmente-calunias-de-site-contra-ele-e-outros-vereadores\/"},"modified":"2012-03-30T00:00:00","modified_gmt":"2012-03-30T00:00:00","slug":"elias-vaz-psol-go-desmente-calunias-de-site-contra-ele-e-outros-vereadores","status":"publish","type":"post","link":"https:\/\/psol50.org.br\/elias-vaz-psol-go-desmente-calunias-de-site-contra-ele-e-outros-vereadores\/","title":{"rendered":"Elias Vaz (PSOL-GO) desmente cal\u00fanias de site contra ele e outros vereadores"},"content":{"rendered":"<p style=\"text-align: justify\"><a href=\"http:\/\/psol50.org.br\/blog\/2012\/03\/30\/elias-vaz-psol-go-desmente-calunias-de-site-contra-ele-e-outros-vereadores\/eliaz-vaz-1\/\" rel=\"attachment wp-att-14680\"><img loading=\"lazy\" decoding=\"async\" class=\"alignleft size-full wp-image-14680\" src=\"http:\/\/psol50.org.br\/files\/2012\/03\/ELIAZ-VAZ-1.jpg\" alt=\"\" width=\"365\" height=\"300\" \/><\/a>Sobre a veicula\u00e7\u00e3o da not\u00edcia mentirosa, irrespons\u00e1vel e leviana, produzida por um Portal que todos sabem estar a servi\u00e7o do PT, que insinua uma rela\u00e7\u00e3o entre os vereadores de oposi\u00e7\u00e3o da C\u00e2mara Municipal de Goi\u00e2nia com o Sr. Carlos Augusto de Almeida Ramos, o Carlinhos Cachoeira, declaro o seguinte:<\/p>\n<p style=\"text-align: justify\"><strong> 1. PRIMEIRA MENTIRA:<\/strong><\/p>\n<p style=\"text-align: justify\">\u00c9 MENTIRA que haja coincid\u00eancia entre a den\u00fancia feita por mim e o come\u00e7o dos contatos entre o Senhor Carlinhos Cachoeira e o Delegado da Pol\u00edcia Federal de Goi\u00e1s. Fiz a den\u00fancia em 17 de janeiro de 2011 e n\u00e3o em 8 de agosto de 2011, como alegam os caluniadores. Esta representa\u00e7\u00e3o foi levada ao Minist\u00e9rio P\u00fablico Federal, haja vista se tratarem de recursos federais advindos do PRODETUR, operacionalizado pelo Minist\u00e9rio do Turismo, o que atrai para a esfera federal o controle dos gastos (TCU, PGR e Justi\u00e7a Federal).<\/p>\n<p style=\"text-align: justify\">Esta manipula\u00e7\u00e3o grosseira tenta vincular a minha imagem a lobbies econ\u00f4micos envolvidos na concorr\u00eancia para reformas no Parque Mutirama. Isto n\u00e3o tem nenhuma proced\u00eancia, visto que fiz a den\u00fancia em data muito anterior \u00e0 mencionada pelo site e com demonstra\u00e7\u00f5es claras de irregularidades, tanto que o pr\u00f3prio Minist\u00e9rio P\u00fablico Federal constatou, com estudos t\u00e9cnicos e mostra de documentos fraudados, que, de fato, houve desvios de mais de R$ 2 milh\u00f5es ainda no in\u00edcio da obra.<\/p>\n<p style=\"text-align: justify\"><strong>2. SEGUNDA MENTIRA:<\/strong><\/p>\n<p style=\"text-align: justify\">\u00c9 MENTIRA que as den\u00fancias foram feitas abrangendo aspectos que coincidem com supostas iniciativas do Delegado amigo do Sr. Cachoeira. A den\u00fancia feita por mim <strong>no dia 05\/08\/2011 <\/strong>\u00e9 relativa apenas aos brinquedos sucateados do Mutirama &#8211; brinquedos velhos comprados a pre\u00e7o de novos. Esta foi feita perante o Minist\u00e9rio P\u00fablico Estadual e n\u00e3o tem NENHUMA rela\u00e7\u00e3o com o inqu\u00e9rito da Pol\u00edcia Federal, ao qual se refere o suposto grampo apresentado na mat\u00e9ria caluniosa.<\/p>\n<p style=\"text-align: justify\">As irregularidades na aquisi\u00e7\u00e3o e reforma dos brinquedos do Parque Mutirama prov\u00eam de recursos exclusivos do Munic\u00edpio, de compet\u00eancia da Justi\u00e7a Estadual, e nada t\u00eam a ver com a inst\u00e2ncia Federal. Os supostos di\u00e1logos transcritos pelo site se referem \u00e0 licita\u00e7\u00e3o para as obras urban\u00edsticas, da parte f\u00edsica do Parque, financiadas com recursos da Uni\u00e3o, investigadas pelo Minist\u00e9rio P\u00fablico Federal desde janeiro de 2011, que culminou na pris\u00e3o de 5 pessoas, por desvios de mais de R$ 2 milh\u00f5es.<\/p>\n<p style=\"text-align: justify\"><strong>3. DO ENCONTRO COM O CARLOS CACHOEIRA PARA TRATAR DE ASSUNTOS DA PREFEITURA DE GOI\u00c2NIA<\/strong><\/p>\n<p style=\"text-align: justify\">O encontro que tive com o Senhor Carlos Cachoeira para tratar de assuntos da Prefeitura de Goi\u00e2nia foi realizado a pedido da pr\u00f3pria administra\u00e7\u00e3o municipal. O Chefe de Gabinete do Prefeito, Cairo de Freitas, que disse estar falando em nome do pr\u00f3prio Prefeito, pediu uma reuni\u00e3o com os vereadores de oposi\u00e7\u00e3o para conversar sobre o Mutirama. Por\u00e9m, o Sr. Cairo chegou \u00e0 reuni\u00e3o acompanhado do Sr. Carlos Cachoeira e do ex-presidente da C\u00e2mara Municipal de Goi\u00e2nia, Wladimir Garcez.<\/p>\n<p style=\"text-align: justify\">Este encontro foi realizado na resid\u00eancia do Vereador Santana Gomes, entre o final do m\u00eas de setembro e o in\u00edcio do m\u00eas de outubro, a pedido do Chefe de Gabinete do Prefeito \u2013 COMO ELE PR\u00d3PRIO J\u00c1 RECONHECEU PUBLICAMENTE. A pauta da reuni\u00e3o seria um poss\u00edvel acordo para contornar a crise da compra de brinquedos usados para o Parque Mutirama.<\/p>\n<p style=\"text-align: justify\">No in\u00edcio da reuni\u00e3o o Senhor Carlos Cachoeira se manifestou no sentido de achar importante a realiza\u00e7\u00e3o de um acordo. O Chefe de Gabinete do Prefeito disse que a obra era muito importante para a Prefeitura e seria fundamental achar uma sa\u00edda para o imbr\u00f3glio que se transformara a contrata\u00e7\u00e3o. Na ocasi\u00e3o eu disse que, caso o Prefeito sanasse as irregularidades, colocando brinquedos novos no Parque e n\u00e3o os brinquedos velhos e superfaturados, eu aplaudiria. O chefe de Gabinete disse que iria tentar viabilizar uma solu\u00e7\u00e3o.<\/p>\n<p style=\"text-align: justify\">Diante do sil\u00eancio que se seguiu e entendendo que a inten\u00e7\u00e3o era meramente protelat\u00f3ria, decorrido um m\u00eas e diante da continuidade das obras, protocolei a competente A\u00e7\u00e3o Popular na Justi\u00e7a Estadual no dia 1\u00ba de novembro de 2011. Se tem algu\u00e9m que deve explicar a presen\u00e7a e a fun\u00e7\u00e3o do Sr. Carlinhos Cachoeira nesse encontro \u00e9 o Prefeito de Goi\u00e2nia e seu chefe de Gabinete!<\/p>\n<p style=\"text-align: justify\"><strong>4. DO PORTAL ONDE FOI VEICULADA A MAT\u00c9RIA<\/strong><\/p>\n<p style=\"text-align: justify\">A not\u00edcia veiculada pelo Portal Brasil247, al\u00e9m de mentirosa, foi publicada em um site que, segundo informa\u00e7\u00f5es oficiosas, possui liga\u00e7\u00f5es com destacados militantes do Partido dos Trabalhadores (ao qual \u00e9 filiado o Prefeito Paulo Garcia) e tem como escopo criar fact\u00f3ides e confus\u00e3o na cabe\u00e7a da popula\u00e7\u00e3o. Conv\u00e9m verificar quem s\u00e3o seus mantenedores e seus v\u00ednculos com altas figuras denunciadas no inqu\u00e9rito do \u2018Mensal\u00e3o\u2019.<\/p>\n<p style=\"text-align: justify\">O Presidente do site, Sr. LEONARDO DE REZENDE ATTUCH, foi identificado na opera\u00e7\u00e3o Satiagraha como jornalista que plantava mat\u00e9rias falsas na imprensa, encomendadas por Daniel Dantas e Naji Nahas. Desse modo, al\u00e9m dos erros grosseiros da mat\u00e9ria, logo se v\u00ea que \u00e9 especialista em cal\u00fanias e difama\u00e7\u00f5es.<\/p>\n<p style=\"text-align: justify\"><strong>5. DAS GRAVA\u00c7\u00d5ES DA OPERA\u00c7\u00c3O MONTE CARLO<\/strong><\/p>\n<p style=\"text-align: justify\">Meu nome n\u00e3o aparece em qualquer grava\u00e7\u00e3o ou investiga\u00e7\u00e3o da Pol\u00edcia. Todos conhecem minha conduta. Al\u00e9m disso, nenhuma grava\u00e7\u00e3o apresentada mostra rela\u00e7\u00e3o da den\u00fancia feita com qualquer vereador desta Capital.<\/p>\n<p style=\"text-align: justify\"><strong>6. DOS FACT\u00d3IDES<\/strong><\/p>\n<p style=\"text-align: justify\">A not\u00edcia criada \u00e9 uma maneira s\u00f3rdida de macular as graves den\u00fancias que fiz contra a Administra\u00e7\u00e3o Municipal, tentando criar uma verdadeira cortina de fuma\u00e7a para cobrir os in\u00fameros casos de corrup\u00e7\u00e3o. Por\u00e9m, as irregularidades s\u00e3o claras, e ningu\u00e9m vai me calar, POIS QUEM N\u00c3O DEVE N\u00c3O TEME.<\/p>\n<p style=\"text-align: justify\"><a href=\"http:\/\/www.eliasvaz.com.br\/site\/\"><strong>ELIAS VAZ, VEREADOR DO PSOL \u2013 Goi\u00e2nia (GO)<\/strong><\/a><\/p>\n<p style=\"text-align: justify\"><a href=\"http:\/\/www.eliasvaz.com.br\/site\/\"><strong>28 de mar\u00e7o de 2012.<\/strong><\/a><\/p>\n","protected":false},"excerpt":{"rendered":"<p>Sobre a veicula\u00e7\u00e3o da not\u00edcia mentirosa, irrespons\u00e1vel e leviana, produzida por um Portal que todos sabem estar a servi\u00e7o do PT, que insinua uma rela\u00e7\u00e3o entre os vereadores de oposi\u00e7\u00e3o da C\u00e2mara Municipal de Goi\u00e2nia com o Sr. Carlos Augusto de Almeida Ramos, o Carlinhos Cachoeira, declaro o seguinte: 1. PRIMEIRA MENTIRA: \u00c9 MENTIRA que [&hellip;]<\/p>\n","protected":false},"author":2,"featured_media":0,"comment_status":"open","ping_status":"open","sticky":false,"template":"","format":"standard","meta":{"_acf_changed":false,"footnotes":""},"categories":[4766],"tags":[22],"class_list":{"0":"post-1749","1":"post","2":"type-post","3":"status-publish","4":"format-standard","6":"category-arquivo","7":"tag-psol"},"acf":[],"yoast_head":"<!-- This site is optimized with the Yoast SEO plugin v26.5 - https:\/\/yoast.com\/wordpress\/plugins\/seo\/ -->\n<title>Elias Vaz (PSOL-GO) desmente cal\u00fanias de site contra ele e outros vereadores - PSOL 50<\/title>\n<meta name=\"robots\" content=\"index, follow, max-snippet:-1, max-image-preview:large, max-video-preview:-1\" \/>\n<link rel=\"canonical\" href=\"https:\/\/psol50.org.br\/elias-vaz-psol-go-desmente-calunias-de-site-contra-ele-e-outros-vereadores\/\" \/>\n<meta property=\"og:locale\" content=\"pt_BR\" \/>\n<meta property=\"og:type\" content=\"article\" \/>\n<meta property=\"og:title\" content=\"Elias Vaz (PSOL-GO) desmente cal\u00fanias de site contra ele e outros vereadores - PSOL 50\" \/>\n<meta property=\"og:description\" content=\"Sobre a veicula\u00e7\u00e3o da not\u00edcia mentirosa, irrespons\u00e1vel e leviana, produzida por um Portal que todos sabem estar a servi\u00e7o do PT, que insinua uma rela\u00e7\u00e3o entre os vereadores de oposi\u00e7\u00e3o da C\u00e2mara Municipal de Goi\u00e2nia com o Sr. Carlos Augusto de Almeida Ramos, o Carlinhos Cachoeira, declaro o seguinte: 1. PRIMEIRA MENTIRA: \u00c9 MENTIRA que [&hellip;]\" \/>\n<meta property=\"og:url\" content=\"https:\/\/psol50.org.br\/elias-vaz-psol-go-desmente-calunias-de-site-contra-ele-e-outros-vereadores\/\" \/>\n<meta property=\"og:site_name\" content=\"PSOL 50\" \/>\n<meta property=\"article:publisher\" content=\"https:\/\/www.facebook.com\/psol50\" \/>\n<meta property=\"article:published_time\" content=\"2012-03-30T00:00:00+00:00\" \/>\n<meta property=\"og:image\" content=\"http:\/\/psol50.org.br\/files\/2012\/03\/ELIAZ-VAZ-1.jpg\" \/>\n<meta name=\"author\" content=\"Comunica\u00e7\u00e3o PSOL\" \/>\n<meta name=\"twitter:card\" content=\"summary_large_image\" \/>\n<meta name=\"twitter:creator\" content=\"@psol50\" \/>\n<meta name=\"twitter:site\" content=\"@psol50\" \/>\n<meta name=\"twitter:label1\" content=\"Escrito por\" \/>\n\t<meta name=\"twitter:data1\" content=\"Comunica\u00e7\u00e3o PSOL\" \/>\n\t<meta name=\"twitter:label2\" content=\"Est. tempo de leitura\" \/>\n\t<meta name=\"twitter:data2\" content=\"5 minutos\" \/>\n<script type=\"application\/ld+json\" class=\"yoast-schema-graph\">{\"@context\":\"https:\/\/schema.org\",\"@graph\":[{\"@type\":\"Article\",\"@id\":\"https:\/\/psol50.org.br\/elias-vaz-psol-go-desmente-calunias-de-site-contra-ele-e-outros-vereadores\/#article\",\"isPartOf\":{\"@id\":\"https:\/\/psol50.org.br\/elias-vaz-psol-go-desmente-calunias-de-site-contra-ele-e-outros-vereadores\/\"},\"author\":{\"name\":\"Comunica\u00e7\u00e3o PSOL\",\"@id\":\"https:\/\/psol50.org.br\/#\/schema\/person\/475dfa57d0b815993c714c2e96491fcd\"},\"headline\":\"Elias Vaz (PSOL-GO) desmente cal\u00fanias de site contra ele e outros vereadores\",\"datePublished\":\"2012-03-30T00:00:00+00:00\",\"mainEntityOfPage\":{\"@id\":\"https:\/\/psol50.org.br\/elias-vaz-psol-go-desmente-calunias-de-site-contra-ele-e-outros-vereadores\/\"},\"wordCount\":1019,\"commentCount\":0,\"publisher\":{\"@id\":\"https:\/\/psol50.org.br\/#organization\"},\"image\":{\"@id\":\"https:\/\/psol50.org.br\/elias-vaz-psol-go-desmente-calunias-de-site-contra-ele-e-outros-vereadores\/#primaryimage\"},\"thumbnailUrl\":\"http:\/\/psol50.org.br\/files\/2012\/03\/ELIAZ-VAZ-1.jpg\",\"keywords\":[\"PSOL\"],\"articleSection\":[\"Arquivo\"],\"inLanguage\":\"pt-BR\",\"potentialAction\":[{\"@type\":\"CommentAction\",\"name\":\"Comment\",\"target\":[\"https:\/\/psol50.org.br\/elias-vaz-psol-go-desmente-calunias-de-site-contra-ele-e-outros-vereadores\/#respond\"]}]},{\"@type\":\"WebPage\",\"@id\":\"https:\/\/psol50.org.br\/elias-vaz-psol-go-desmente-calunias-de-site-contra-ele-e-outros-vereadores\/\",\"url\":\"https:\/\/psol50.org.br\/elias-vaz-psol-go-desmente-calunias-de-site-contra-ele-e-outros-vereadores\/\",\"name\":\"Elias Vaz (PSOL-GO) desmente cal\u00fanias de site contra ele e outros vereadores - PSOL 50\",\"isPartOf\":{\"@id\":\"https:\/\/psol50.org.br\/#website\"},\"primaryImageOfPage\":{\"@id\":\"https:\/\/psol50.org.br\/elias-vaz-psol-go-desmente-calunias-de-site-contra-ele-e-outros-vereadores\/#primaryimage\"},\"image\":{\"@id\":\"https:\/\/psol50.org.br\/elias-vaz-psol-go-desmente-calunias-de-site-contra-ele-e-outros-vereadores\/#primaryimage\"},\"thumbnailUrl\":\"http:\/\/psol50.org.br\/files\/2012\/03\/ELIAZ-VAZ-1.jpg\",\"datePublished\":\"2012-03-30T00:00:00+00:00\",\"breadcrumb\":{\"@id\":\"https:\/\/psol50.org.br\/elias-vaz-psol-go-desmente-calunias-de-site-contra-ele-e-outros-vereadores\/#breadcrumb\"},\"inLanguage\":\"pt-BR\",\"potentialAction\":[{\"@type\":\"ReadAction\",\"target\":[\"https:\/\/psol50.org.br\/elias-vaz-psol-go-desmente-calunias-de-site-contra-ele-e-outros-vereadores\/\"]}]},{\"@type\":\"ImageObject\",\"inLanguage\":\"pt-BR\",\"@id\":\"https:\/\/psol50.org.br\/elias-vaz-psol-go-desmente-calunias-de-site-contra-ele-e-outros-vereadores\/#primaryimage\",\"url\":\"http:\/\/psol50.org.br\/files\/2012\/03\/ELIAZ-VAZ-1.jpg\",\"contentUrl\":\"http:\/\/psol50.org.br\/files\/2012\/03\/ELIAZ-VAZ-1.jpg\"},{\"@type\":\"BreadcrumbList\",\"@id\":\"https:\/\/psol50.org.br\/elias-vaz-psol-go-desmente-calunias-de-site-contra-ele-e-outros-vereadores\/#breadcrumb\",\"itemListElement\":[{\"@type\":\"ListItem\",\"position\":1,\"name\":\"In\u00edcio\",\"item\":\"https:\/\/psol50.org.br\/\"},{\"@type\":\"ListItem\",\"position\":2,\"name\":\"Elias Vaz (PSOL-GO) desmente cal\u00fanias de site contra ele e outros vereadores\"}]},{\"@type\":\"WebSite\",\"@id\":\"https:\/\/psol50.org.br\/#website\",\"url\":\"https:\/\/psol50.org.br\/\",\"name\":\"PSOL 50\",\"description\":\"Site oficial do Partido Socialismo e Liberdade\",\"publisher\":{\"@id\":\"https:\/\/psol50.org.br\/#organization\"},\"alternateName\":\"PSOL50\",\"potentialAction\":[{\"@type\":\"SearchAction\",\"target\":{\"@type\":\"EntryPoint\",\"urlTemplate\":\"https:\/\/psol50.org.br\/?s={search_term_string}\"},\"query-input\":{\"@type\":\"PropertyValueSpecification\",\"valueRequired\":true,\"valueName\":\"search_term_string\"}}],\"inLanguage\":\"pt-BR\"},{\"@type\":\"Organization\",\"@id\":\"https:\/\/psol50.org.br\/#organization\",\"name\":\"PSOL 50\",\"alternateName\":\"PSOL 50\",\"url\":\"https:\/\/psol50.org.br\/\",\"logo\":{\"@type\":\"ImageObject\",\"inLanguage\":\"pt-BR\",\"@id\":\"https:\/\/psol50.org.br\/#\/schema\/logo\/image\/\",\"url\":\"https:\/\/psol50.org.br\/inc\/uploads\/2018\/07\/capa.png\",\"contentUrl\":\"https:\/\/psol50.org.br\/inc\/uploads\/2018\/07\/capa.png\",\"width\":1350,\"height\":900,\"caption\":\"PSOL 50\"},\"image\":{\"@id\":\"https:\/\/psol50.org.br\/#\/schema\/logo\/image\/\"},\"sameAs\":[\"https:\/\/www.facebook.com\/psol50\",\"https:\/\/x.com\/psol50\",\"https:\/\/www.instagram.com\/psol50\/\",\"https:\/\/www.youtube.com\/channel\/UC7SnJS5o1os7a6CaiNabzcg\"]},{\"@type\":\"Person\",\"@id\":\"https:\/\/psol50.org.br\/#\/schema\/person\/475dfa57d0b815993c714c2e96491fcd\",\"name\":\"Comunica\u00e7\u00e3o PSOL\",\"image\":{\"@type\":\"ImageObject\",\"inLanguage\":\"pt-BR\",\"@id\":\"https:\/\/psol50.org.br\/#\/schema\/person\/image\/\",\"url\":\"https:\/\/secure.gravatar.com\/avatar\/b34fc4f4e468a4e51785917065a3db57b841f5c95dba6ad8c73aaf8f66f8f9bf?s=96&d=mm&r=g\",\"contentUrl\":\"https:\/\/secure.gravatar.com\/avatar\/b34fc4f4e468a4e51785917065a3db57b841f5c95dba6ad8c73aaf8f66f8f9bf?s=96&d=mm&r=g\",\"caption\":\"Comunica\u00e7\u00e3o PSOL\"}}]}<\/script>\n<!-- \/ Yoast SEO plugin. -->","yoast_head_json":{"title":"Elias Vaz (PSOL-GO) desmente cal\u00fanias de site contra ele e outros vereadores - PSOL 50","robots":{"index":"index","follow":"follow","max-snippet":"max-snippet:-1","max-image-preview":"max-image-preview:large","max-video-preview":"max-video-preview:-1"},"canonical":"https:\/\/psol50.org.br\/elias-vaz-psol-go-desmente-calunias-de-site-contra-ele-e-outros-vereadores\/","og_locale":"pt_BR","og_type":"article","og_title":"Elias Vaz (PSOL-GO) desmente cal\u00fanias de site contra ele e outros vereadores - PSOL 50","og_description":"Sobre a veicula\u00e7\u00e3o da not\u00edcia mentirosa, irrespons\u00e1vel e leviana, produzida por um Portal que todos sabem estar a servi\u00e7o do PT, que insinua uma rela\u00e7\u00e3o entre os vereadores de oposi\u00e7\u00e3o da C\u00e2mara Municipal de Goi\u00e2nia com o Sr. Carlos Augusto de Almeida Ramos, o Carlinhos Cachoeira, declaro o seguinte: 1. PRIMEIRA MENTIRA: \u00c9 MENTIRA que [&hellip;]","og_url":"https:\/\/psol50.org.br\/elias-vaz-psol-go-desmente-calunias-de-site-contra-ele-e-outros-vereadores\/","og_site_name":"PSOL 50","article_publisher":"https:\/\/www.facebook.com\/psol50","article_published_time":"2012-03-30T00:00:00+00:00","og_image":[{"url":"http:\/\/psol50.org.br\/files\/2012\/03\/ELIAZ-VAZ-1.jpg","type":"","width":"","height":""}],"author":"Comunica\u00e7\u00e3o PSOL","twitter_card":"summary_large_image","twitter_creator":"@psol50","twitter_site":"@psol50","twitter_misc":{"Escrito por":"Comunica\u00e7\u00e3o PSOL","Est. tempo de leitura":"5 minutos"},"schema":{"@context":"https:\/\/schema.org","@graph":[{"@type":"Article","@id":"https:\/\/psol50.org.br\/elias-vaz-psol-go-desmente-calunias-de-site-contra-ele-e-outros-vereadores\/#article","isPartOf":{"@id":"https:\/\/psol50.org.br\/elias-vaz-psol-go-desmente-calunias-de-site-contra-ele-e-outros-vereadores\/"},"author":{"name":"Comunica\u00e7\u00e3o PSOL","@id":"https:\/\/psol50.org.br\/#\/schema\/person\/475dfa57d0b815993c714c2e96491fcd"},"headline":"Elias Vaz (PSOL-GO) desmente cal\u00fanias de site contra ele e outros vereadores","datePublished":"2012-03-30T00:00:00+00:00","mainEntityOfPage":{"@id":"https:\/\/psol50.org.br\/elias-vaz-psol-go-desmente-calunias-de-site-contra-ele-e-outros-vereadores\/"},"wordCount":1019,"commentCount":0,"publisher":{"@id":"https:\/\/psol50.org.br\/#organization"},"image":{"@id":"https:\/\/psol50.org.br\/elias-vaz-psol-go-desmente-calunias-de-site-contra-ele-e-outros-vereadores\/#primaryimage"},"thumbnailUrl":"http:\/\/psol50.org.br\/files\/2012\/03\/ELIAZ-VAZ-1.jpg","keywords":["PSOL"],"articleSection":["Arquivo"],"inLanguage":"pt-BR","potentialAction":[{"@type":"CommentAction","name":"Comment","target":["https:\/\/psol50.org.br\/elias-vaz-psol-go-desmente-calunias-de-site-contra-ele-e-outros-vereadores\/#respond"]}]},{"@type":"WebPage","@id":"https:\/\/psol50.org.br\/elias-vaz-psol-go-desmente-calunias-de-site-contra-ele-e-outros-vereadores\/","url":"https:\/\/psol50.org.br\/elias-vaz-psol-go-desmente-calunias-de-site-contra-ele-e-outros-vereadores\/","name":"Elias Vaz (PSOL-GO) desmente cal\u00fanias de site contra ele e outros vereadores - PSOL 50","isPartOf":{"@id":"https:\/\/psol50.org.br\/#website"},"primaryImageOfPage":{"@id":"https:\/\/psol50.org.br\/elias-vaz-psol-go-desmente-calunias-de-site-contra-ele-e-outros-vereadores\/#primaryimage"},"image":{"@id":"https:\/\/psol50.org.br\/elias-vaz-psol-go-desmente-calunias-de-site-contra-ele-e-outros-vereadores\/#primaryimage"},"thumbnailUrl":"http:\/\/psol50.org.br\/files\/2012\/03\/ELIAZ-VAZ-1.jpg","datePublished":"2012-03-30T00:00:00+00:00","breadcrumb":{"@id":"https:\/\/psol50.org.br\/elias-vaz-psol-go-desmente-calunias-de-site-contra-ele-e-outros-vereadores\/#breadcrumb"},"inLanguage":"pt-BR","potentialAction":[{"@type":"ReadAction","target":["https:\/\/psol50.org.br\/elias-vaz-psol-go-desmente-calunias-de-site-contra-ele-e-outros-vereadores\/"]}]},{"@type":"ImageObject","inLanguage":"pt-BR","@id":"https:\/\/psol50.org.br\/elias-vaz-psol-go-desmente-calunias-de-site-contra-ele-e-outros-vereadores\/#primaryimage","url":"http:\/\/psol50.org.br\/files\/2012\/03\/ELIAZ-VAZ-1.jpg","contentUrl":"http:\/\/psol50.org.br\/files\/2012\/03\/ELIAZ-VAZ-1.jpg"},{"@type":"BreadcrumbList","@id":"https:\/\/psol50.org.br\/elias-vaz-psol-go-desmente-calunias-de-site-contra-ele-e-outros-vereadores\/#breadcrumb","itemListElement":[{"@type":"ListItem","position":1,"name":"In\u00edcio","item":"https:\/\/psol50.org.br\/"},{"@type":"ListItem","position":2,"name":"Elias Vaz (PSOL-GO) desmente cal\u00fanias de site contra ele e outros vereadores"}]},{"@type":"WebSite","@id":"https:\/\/psol50.org.br\/#website","url":"https:\/\/psol50.org.br\/","name":"PSOL 50","description":"Site oficial do Partido Socialismo e Liberdade","publisher":{"@id":"https:\/\/psol50.org.br\/#organization"},"alternateName":"PSOL50","potentialAction":[{"@type":"SearchAction","target":{"@type":"EntryPoint","urlTemplate":"https:\/\/psol50.org.br\/?s={search_term_string}"},"query-input":{"@type":"PropertyValueSpecification","valueRequired":true,"valueName":"search_term_string"}}],"inLanguage":"pt-BR"},{"@type":"Organization","@id":"https:\/\/psol50.org.br\/#organization","name":"PSOL 50","alternateName":"PSOL 50","url":"https:\/\/psol50.org.br\/","logo":{"@type":"ImageObject","inLanguage":"pt-BR","@id":"https:\/\/psol50.org.br\/#\/schema\/logo\/image\/","url":"https:\/\/psol50.org.br\/inc\/uploads\/2018\/07\/capa.png","contentUrl":"https:\/\/psol50.org.br\/inc\/uploads\/2018\/07\/capa.png","width":1350,"height":900,"caption":"PSOL 50"},"image":{"@id":"https:\/\/psol50.org.br\/#\/schema\/logo\/image\/"},"sameAs":["https:\/\/www.facebook.com\/psol50","https:\/\/x.com\/psol50","https:\/\/www.instagram.com\/psol50\/","https:\/\/www.youtube.com\/channel\/UC7SnJS5o1os7a6CaiNabzcg"]},{"@type":"Person","@id":"https:\/\/psol50.org.br\/#\/schema\/person\/475dfa57d0b815993c714c2e96491fcd","name":"Comunica\u00e7\u00e3o PSOL","image":{"@type":"ImageObject","inLanguage":"pt-BR","@id":"https:\/\/psol50.org.br\/#\/schema\/person\/image\/","url":"https:\/\/secure.gravatar.com\/avatar\/b34fc4f4e468a4e51785917065a3db57b841f5c95dba6ad8c73aaf8f66f8f9bf?s=96&d=mm&r=g","contentUrl":"https:\/\/secure.gravatar.com\/avatar\/b34fc4f4e468a4e51785917065a3db57b841f5c95dba6ad8c73aaf8f66f8f9bf?s=96&d=mm&r=g","caption":"Comunica\u00e7\u00e3o PSOL"}}]}},"_links":{"self":[{"href":"https:\/\/psol50.org.br\/rest\/wp\/v2\/posts\/1749","targetHints":{"allow":["GET"]}}],"collection":[{"href":"https:\/\/psol50.org.br\/rest\/wp\/v2\/posts"}],"about":[{"href":"https:\/\/psol50.org.br\/rest\/wp\/v2\/types\/post"}],"author":[{"embeddable":true,"href":"https:\/\/psol50.org.br\/rest\/wp\/v2\/users\/2"}],"replies":[{"embeddable":true,"href":"https:\/\/psol50.org.br\/rest\/wp\/v2\/comments?post=1749"}],"version-history":[{"count":0,"href":"https:\/\/psol50.org.br\/rest\/wp\/v2\/posts\/1749\/revisions"}],"wp:attachment":[{"href":"https:\/\/psol50.org.br\/rest\/wp\/v2\/media?parent=1749"}],"wp:term":[{"taxonomy":"category","embeddable":true,"href":"https:\/\/psol50.org.br\/rest\/wp\/v2\/categories?post=1749"},{"taxonomy":"post_tag","embeddable":true,"href":"https:\/\/psol50.org.br\/rest\/wp\/v2\/tags?post=1749"}],"curies":[{"name":"wp","href":"https:\/\/api.w.org\/{rel}","templated":true}]}}