{"id":17498,"date":"2017-08-08T15:40:03","date_gmt":"2017-08-08T15:40:03","guid":{"rendered":"http:\/\/www.psol50.org.br\/?p=17498"},"modified":"2017-08-08T15:40:03","modified_gmt":"2017-08-08T15:40:03","slug":"jean-wyllys-aecio-neves-ja-pode-pedir-musica-no-fantastico","status":"publish","type":"post","link":"https:\/\/psol50.org.br\/jean-wyllys-aecio-neves-ja-pode-pedir-musica-no-fantastico\/","title":{"rendered":"Jean Wyllys | A\u00e9cio Neves j\u00e1 pode pedir m\u00fasica no Fant\u00e1stico"},"content":{"rendered":"<p>\u00c9 inacredit\u00e1vel a situa\u00e7\u00e3o do presidente nacional do PSDB, A\u00e9cio Neves! Depois de ter o primo e a irm\u00e3 presos preventivamente, ambos acusados de corrup\u00e7\u00e3o em esquemas para benefici\u00e1-lo, o senador j\u00e1 recebeu contra si tr\u00eas pedidos de pris\u00e3o! Todos baseados em ind\u00edcios irrefut\u00e1veis, inclusive o lend\u00e1rio grampo do senador Romero Juc\u00e1, l\u00edder do PMDB, no qual ele diz que \u201cA\u00e9cio seria o primeiro a ser comido pelas investiga\u00e7\u00f5es\u201d.<\/p>\n<p>A\u00e9ci<span class=\"text_exposed_show\">o parece que desfruta de uma esp\u00e9cie de prote\u00e7\u00e3o dos lordes, atrav\u00e9s da qual todas as suas condutas mais absurdas e escancaradas s\u00e3o blindadas com o apoio tanto dos colegas no Legislativo, na base do governo, quanto no Judici\u00e1rio, que por alguma raz\u00e3o se mant\u00e9m inerte enquanto ele descaradamente arma sua pr\u00f3pria impunidade e garante a continua\u00e7\u00e3o de esquemas que sacrificam a popula\u00e7\u00e3o em benef\u00edcio de empres\u00e1rios corruptos.<\/p>\n<p><\/span>E ainda mais surreal \u00e9 a rea\u00e7\u00e3o de Gilmar Mendes que, ministro do Supremo, ao inv\u00e9s de se manifestar nos autos do processo que vai julgar, prefere se reportar \u00e0 imprensa, e como se fosse o advogado de A\u00e9cio, e n\u00e3o o membro julgador da den\u00fancia. O ministro, de fato, chegou a defender A\u00e9cio por telefone para jornalistas, como se fosse da sua assessoria jur\u00eddica, dizendo que o procurador-geral se comporta politicamente.<\/p>\n<p>A impress\u00e3o \u00e9 que, de repente, A\u00e9cio vai pedir uma m\u00fasica no Fant\u00e1stico do pr\u00f3ximo domingo, depois de marcar tr\u00eas pedidos de pris\u00e3o no campeonato brasileiro da primeira divis\u00e3o em corrup\u00e7\u00e3o. Ou talvez suas excel\u00eancias estejam esperando por provas mais robustas dos crimes praticados por ele, como um longa-metragem da sua carreira ou, quem sabe, um concerto musical sob o tema das rela\u00e7\u00f5es prom\u00edscuas que ele manteve durante todos os \u00faltimos anos com os empres\u00e1rios que j\u00e1 fecharam acordos de dela\u00e7\u00e3o premiada.<\/p>\n<p>\u00c9 verdadeiramente um achincalhe o que estamos assistindo.<\/p>\n","protected":false},"excerpt":{"rendered":"<p>\u00c9 inacredit\u00e1vel a situa\u00e7\u00e3o do presidente nacional do PSDB, A\u00e9cio Neves! Depois de ter o primo e a irm\u00e3 presos preventivamente, ambos acusados de corrup\u00e7\u00e3o em esquemas para benefici\u00e1-lo, o senador j\u00e1 recebeu contra si tr\u00eas pedidos de pris\u00e3o! Todos baseados em ind\u00edcios irrefut\u00e1veis, inclusive o lend\u00e1rio grampo do senador Romero Juc\u00e1, l\u00edder do PMDB, [&hellip;]<\/p>\n","protected":false},"author":2,"featured_media":13215,"comment_status":"open","ping_status":"open","sticky":false,"template":"","format":"standard","meta":{"_acf_changed":false,"footnotes":""},"categories":[3,1882],"tags":[3063,58,3459,663,3460,1590],"class_list":{"0":"post-17498","1":"post","2":"type-post","3":"status-publish","4":"format-standard","5":"has-post-thumbnail","7":"category-artigos-e-entrevistas","8":"category-brasil","9":"tag-aecio-neves","10":"tag-corrupcao","11":"tag-fantastico","12":"tag-jean-wyllys","13":"tag-pedidos-de-prisao","14":"tag-psdb"},"acf":[],"yoast_head":"<!-- This site is optimized with the Yoast SEO plugin v26.5 - https:\/\/yoast.com\/wordpress\/plugins\/seo\/ -->\n<title>Jean Wyllys | A\u00e9cio Neves j\u00e1 pode pedir m\u00fasica no Fant\u00e1stico - PSOL 50<\/title>\n<meta name=\"robots\" content=\"index, follow, max-snippet:-1, max-image-preview:large, max-video-preview:-1\" \/>\n<link rel=\"canonical\" href=\"https:\/\/psol50.org.br\/jean-wyllys-aecio-neves-ja-pode-pedir-musica-no-fantastico\/\" \/>\n<meta property=\"og:locale\" content=\"pt_BR\" \/>\n<meta property=\"og:type\" content=\"article\" \/>\n<meta property=\"og:title\" content=\"Jean Wyllys | A\u00e9cio Neves j\u00e1 pode pedir m\u00fasica no Fant\u00e1stico - PSOL 50\" \/>\n<meta property=\"og:description\" content=\"\u00c9 inacredit\u00e1vel a situa\u00e7\u00e3o do presidente nacional do PSDB, A\u00e9cio Neves! Depois de ter o primo e a irm\u00e3 presos preventivamente, ambos acusados de corrup\u00e7\u00e3o em esquemas para benefici\u00e1-lo, o senador j\u00e1 recebeu contra si tr\u00eas pedidos de pris\u00e3o! Todos baseados em ind\u00edcios irrefut\u00e1veis, inclusive o lend\u00e1rio grampo do senador Romero Juc\u00e1, l\u00edder do PMDB, [&hellip;]\" \/>\n<meta property=\"og:url\" content=\"https:\/\/psol50.org.br\/jean-wyllys-aecio-neves-ja-pode-pedir-musica-no-fantastico\/\" \/>\n<meta property=\"og:site_name\" content=\"PSOL 50\" \/>\n<meta property=\"article:publisher\" content=\"https:\/\/www.facebook.com\/psol50\" \/>\n<meta property=\"article:published_time\" content=\"2017-08-08T15:40:03+00:00\" \/>\n<meta property=\"og:image\" content=\"https:\/\/psol50.org.br\/inc\/uploads\/2018\/07\/capa.png\" \/>\n\t<meta property=\"og:image:width\" content=\"1350\" \/>\n\t<meta property=\"og:image:height\" content=\"900\" \/>\n\t<meta property=\"og:image:type\" content=\"image\/png\" \/>\n<meta name=\"author\" content=\"Comunica\u00e7\u00e3o PSOL\" \/>\n<meta name=\"twitter:card\" content=\"summary_large_image\" \/>\n<meta name=\"twitter:creator\" content=\"@psol50\" \/>\n<meta name=\"twitter:site\" content=\"@psol50\" \/>\n<meta name=\"twitter:label1\" content=\"Escrito por\" \/>\n\t<meta name=\"twitter:data1\" content=\"Comunica\u00e7\u00e3o PSOL\" \/>\n\t<meta name=\"twitter:label2\" content=\"Est. tempo de leitura\" \/>\n\t<meta name=\"twitter:data2\" content=\"2 minutos\" \/>\n<script type=\"application\/ld+json\" class=\"yoast-schema-graph\">{\"@context\":\"https:\/\/schema.org\",\"@graph\":[{\"@type\":\"Article\",\"@id\":\"https:\/\/psol50.org.br\/jean-wyllys-aecio-neves-ja-pode-pedir-musica-no-fantastico\/#article\",\"isPartOf\":{\"@id\":\"https:\/\/psol50.org.br\/jean-wyllys-aecio-neves-ja-pode-pedir-musica-no-fantastico\/\"},\"author\":{\"name\":\"Comunica\u00e7\u00e3o PSOL\",\"@id\":\"https:\/\/psol50.org.br\/#\/schema\/person\/475dfa57d0b815993c714c2e96491fcd\"},\"headline\":\"Jean Wyllys | A\u00e9cio Neves j\u00e1 pode pedir m\u00fasica no Fant\u00e1stico\",\"datePublished\":\"2017-08-08T15:40:03+00:00\",\"mainEntityOfPage\":{\"@id\":\"https:\/\/psol50.org.br\/jean-wyllys-aecio-neves-ja-pode-pedir-musica-no-fantastico\/\"},\"wordCount\":354,\"commentCount\":0,\"publisher\":{\"@id\":\"https:\/\/psol50.org.br\/#organization\"},\"image\":{\"@id\":\"https:\/\/psol50.org.br\/jean-wyllys-aecio-neves-ja-pode-pedir-musica-no-fantastico\/#primaryimage\"},\"thumbnailUrl\":\"\",\"keywords\":[\"A\u00e9cio Neves\",\"corrup\u00e7\u00e3o\",\"Fant\u00e1stico\",\"Jean Wyllys\",\"pedidos de pris\u00e3o\",\"PSDB\"],\"articleSection\":[\"Artigos\",\"Brasil\"],\"inLanguage\":\"pt-BR\",\"potentialAction\":[{\"@type\":\"CommentAction\",\"name\":\"Comment\",\"target\":[\"https:\/\/psol50.org.br\/jean-wyllys-aecio-neves-ja-pode-pedir-musica-no-fantastico\/#respond\"]}]},{\"@type\":\"WebPage\",\"@id\":\"https:\/\/psol50.org.br\/jean-wyllys-aecio-neves-ja-pode-pedir-musica-no-fantastico\/\",\"url\":\"https:\/\/psol50.org.br\/jean-wyllys-aecio-neves-ja-pode-pedir-musica-no-fantastico\/\",\"name\":\"Jean Wyllys | A\u00e9cio Neves j\u00e1 pode pedir m\u00fasica no Fant\u00e1stico - PSOL 50\",\"isPartOf\":{\"@id\":\"https:\/\/psol50.org.br\/#website\"},\"primaryImageOfPage\":{\"@id\":\"https:\/\/psol50.org.br\/jean-wyllys-aecio-neves-ja-pode-pedir-musica-no-fantastico\/#primaryimage\"},\"image\":{\"@id\":\"https:\/\/psol50.org.br\/jean-wyllys-aecio-neves-ja-pode-pedir-musica-no-fantastico\/#primaryimage\"},\"thumbnailUrl\":\"\",\"datePublished\":\"2017-08-08T15:40:03+00:00\",\"breadcrumb\":{\"@id\":\"https:\/\/psol50.org.br\/jean-wyllys-aecio-neves-ja-pode-pedir-musica-no-fantastico\/#breadcrumb\"},\"inLanguage\":\"pt-BR\",\"potentialAction\":[{\"@type\":\"ReadAction\",\"target\":[\"https:\/\/psol50.org.br\/jean-wyllys-aecio-neves-ja-pode-pedir-musica-no-fantastico\/\"]}]},{\"@type\":\"ImageObject\",\"inLanguage\":\"pt-BR\",\"@id\":\"https:\/\/psol50.org.br\/jean-wyllys-aecio-neves-ja-pode-pedir-musica-no-fantastico\/#primaryimage\",\"url\":\"\",\"contentUrl\":\"\"},{\"@type\":\"BreadcrumbList\",\"@id\":\"https:\/\/psol50.org.br\/jean-wyllys-aecio-neves-ja-pode-pedir-musica-no-fantastico\/#breadcrumb\",\"itemListElement\":[{\"@type\":\"ListItem\",\"position\":1,\"name\":\"In\u00edcio\",\"item\":\"https:\/\/psol50.org.br\/\"},{\"@type\":\"ListItem\",\"position\":2,\"name\":\"Jean Wyllys | A\u00e9cio Neves j\u00e1 pode pedir m\u00fasica no Fant\u00e1stico\"}]},{\"@type\":\"WebSite\",\"@id\":\"https:\/\/psol50.org.br\/#website\",\"url\":\"https:\/\/psol50.org.br\/\",\"name\":\"PSOL 50\",\"description\":\"Site oficial do Partido Socialismo e Liberdade\",\"publisher\":{\"@id\":\"https:\/\/psol50.org.br\/#organization\"},\"alternateName\":\"PSOL50\",\"potentialAction\":[{\"@type\":\"SearchAction\",\"target\":{\"@type\":\"EntryPoint\",\"urlTemplate\":\"https:\/\/psol50.org.br\/?s={search_term_string}\"},\"query-input\":{\"@type\":\"PropertyValueSpecification\",\"valueRequired\":true,\"valueName\":\"search_term_string\"}}],\"inLanguage\":\"pt-BR\"},{\"@type\":\"Organization\",\"@id\":\"https:\/\/psol50.org.br\/#organization\",\"name\":\"PSOL 50\",\"alternateName\":\"PSOL 50\",\"url\":\"https:\/\/psol50.org.br\/\",\"logo\":{\"@type\":\"ImageObject\",\"inLanguage\":\"pt-BR\",\"@id\":\"https:\/\/psol50.org.br\/#\/schema\/logo\/image\/\",\"url\":\"https:\/\/psol50.org.br\/inc\/uploads\/2018\/07\/capa.png\",\"contentUrl\":\"https:\/\/psol50.org.br\/inc\/uploads\/2018\/07\/capa.png\",\"width\":1350,\"height\":900,\"caption\":\"PSOL 50\"},\"image\":{\"@id\":\"https:\/\/psol50.org.br\/#\/schema\/logo\/image\/\"},\"sameAs\":[\"https:\/\/www.facebook.com\/psol50\",\"https:\/\/x.com\/psol50\",\"https:\/\/www.instagram.com\/psol50\/\",\"https:\/\/www.youtube.com\/channel\/UC7SnJS5o1os7a6CaiNabzcg\"]},{\"@type\":\"Person\",\"@id\":\"https:\/\/psol50.org.br\/#\/schema\/person\/475dfa57d0b815993c714c2e96491fcd\",\"name\":\"Comunica\u00e7\u00e3o PSOL\",\"image\":{\"@type\":\"ImageObject\",\"inLanguage\":\"pt-BR\",\"@id\":\"https:\/\/psol50.org.br\/#\/schema\/person\/image\/\",\"url\":\"https:\/\/secure.gravatar.com\/avatar\/b34fc4f4e468a4e51785917065a3db57b841f5c95dba6ad8c73aaf8f66f8f9bf?s=96&d=mm&r=g\",\"contentUrl\":\"https:\/\/secure.gravatar.com\/avatar\/b34fc4f4e468a4e51785917065a3db57b841f5c95dba6ad8c73aaf8f66f8f9bf?s=96&d=mm&r=g\",\"caption\":\"Comunica\u00e7\u00e3o PSOL\"}}]}<\/script>\n<!-- \/ Yoast SEO plugin. -->","yoast_head_json":{"title":"Jean Wyllys | A\u00e9cio Neves j\u00e1 pode pedir m\u00fasica no Fant\u00e1stico - PSOL 50","robots":{"index":"index","follow":"follow","max-snippet":"max-snippet:-1","max-image-preview":"max-image-preview:large","max-video-preview":"max-video-preview:-1"},"canonical":"https:\/\/psol50.org.br\/jean-wyllys-aecio-neves-ja-pode-pedir-musica-no-fantastico\/","og_locale":"pt_BR","og_type":"article","og_title":"Jean Wyllys | A\u00e9cio Neves j\u00e1 pode pedir m\u00fasica no Fant\u00e1stico - PSOL 50","og_description":"\u00c9 inacredit\u00e1vel a situa\u00e7\u00e3o do presidente nacional do PSDB, A\u00e9cio Neves! Depois de ter o primo e a irm\u00e3 presos preventivamente, ambos acusados de corrup\u00e7\u00e3o em esquemas para benefici\u00e1-lo, o senador j\u00e1 recebeu contra si tr\u00eas pedidos de pris\u00e3o! Todos baseados em ind\u00edcios irrefut\u00e1veis, inclusive o lend\u00e1rio grampo do senador Romero Juc\u00e1, l\u00edder do PMDB, [&hellip;]","og_url":"https:\/\/psol50.org.br\/jean-wyllys-aecio-neves-ja-pode-pedir-musica-no-fantastico\/","og_site_name":"PSOL 50","article_publisher":"https:\/\/www.facebook.com\/psol50","article_published_time":"2017-08-08T15:40:03+00:00","og_image":[{"width":1350,"height":900,"url":"https:\/\/psol50.org.br\/inc\/uploads\/2018\/07\/capa.png","type":"image\/png"}],"author":"Comunica\u00e7\u00e3o PSOL","twitter_card":"summary_large_image","twitter_creator":"@psol50","twitter_site":"@psol50","twitter_misc":{"Escrito por":"Comunica\u00e7\u00e3o PSOL","Est. tempo de leitura":"2 minutos"},"schema":{"@context":"https:\/\/schema.org","@graph":[{"@type":"Article","@id":"https:\/\/psol50.org.br\/jean-wyllys-aecio-neves-ja-pode-pedir-musica-no-fantastico\/#article","isPartOf":{"@id":"https:\/\/psol50.org.br\/jean-wyllys-aecio-neves-ja-pode-pedir-musica-no-fantastico\/"},"author":{"name":"Comunica\u00e7\u00e3o PSOL","@id":"https:\/\/psol50.org.br\/#\/schema\/person\/475dfa57d0b815993c714c2e96491fcd"},"headline":"Jean Wyllys | A\u00e9cio Neves j\u00e1 pode pedir m\u00fasica no Fant\u00e1stico","datePublished":"2017-08-08T15:40:03+00:00","mainEntityOfPage":{"@id":"https:\/\/psol50.org.br\/jean-wyllys-aecio-neves-ja-pode-pedir-musica-no-fantastico\/"},"wordCount":354,"commentCount":0,"publisher":{"@id":"https:\/\/psol50.org.br\/#organization"},"image":{"@id":"https:\/\/psol50.org.br\/jean-wyllys-aecio-neves-ja-pode-pedir-musica-no-fantastico\/#primaryimage"},"thumbnailUrl":"","keywords":["A\u00e9cio Neves","corrup\u00e7\u00e3o","Fant\u00e1stico","Jean Wyllys","pedidos de pris\u00e3o","PSDB"],"articleSection":["Artigos","Brasil"],"inLanguage":"pt-BR","potentialAction":[{"@type":"CommentAction","name":"Comment","target":["https:\/\/psol50.org.br\/jean-wyllys-aecio-neves-ja-pode-pedir-musica-no-fantastico\/#respond"]}]},{"@type":"WebPage","@id":"https:\/\/psol50.org.br\/jean-wyllys-aecio-neves-ja-pode-pedir-musica-no-fantastico\/","url":"https:\/\/psol50.org.br\/jean-wyllys-aecio-neves-ja-pode-pedir-musica-no-fantastico\/","name":"Jean Wyllys | A\u00e9cio Neves j\u00e1 pode pedir m\u00fasica no Fant\u00e1stico - PSOL 50","isPartOf":{"@id":"https:\/\/psol50.org.br\/#website"},"primaryImageOfPage":{"@id":"https:\/\/psol50.org.br\/jean-wyllys-aecio-neves-ja-pode-pedir-musica-no-fantastico\/#primaryimage"},"image":{"@id":"https:\/\/psol50.org.br\/jean-wyllys-aecio-neves-ja-pode-pedir-musica-no-fantastico\/#primaryimage"},"thumbnailUrl":"","datePublished":"2017-08-08T15:40:03+00:00","breadcrumb":{"@id":"https:\/\/psol50.org.br\/jean-wyllys-aecio-neves-ja-pode-pedir-musica-no-fantastico\/#breadcrumb"},"inLanguage":"pt-BR","potentialAction":[{"@type":"ReadAction","target":["https:\/\/psol50.org.br\/jean-wyllys-aecio-neves-ja-pode-pedir-musica-no-fantastico\/"]}]},{"@type":"ImageObject","inLanguage":"pt-BR","@id":"https:\/\/psol50.org.br\/jean-wyllys-aecio-neves-ja-pode-pedir-musica-no-fantastico\/#primaryimage","url":"","contentUrl":""},{"@type":"BreadcrumbList","@id":"https:\/\/psol50.org.br\/jean-wyllys-aecio-neves-ja-pode-pedir-musica-no-fantastico\/#breadcrumb","itemListElement":[{"@type":"ListItem","position":1,"name":"In\u00edcio","item":"https:\/\/psol50.org.br\/"},{"@type":"ListItem","position":2,"name":"Jean Wyllys | A\u00e9cio Neves j\u00e1 pode pedir m\u00fasica no Fant\u00e1stico"}]},{"@type":"WebSite","@id":"https:\/\/psol50.org.br\/#website","url":"https:\/\/psol50.org.br\/","name":"PSOL 50","description":"Site oficial do Partido Socialismo e Liberdade","publisher":{"@id":"https:\/\/psol50.org.br\/#organization"},"alternateName":"PSOL50","potentialAction":[{"@type":"SearchAction","target":{"@type":"EntryPoint","urlTemplate":"https:\/\/psol50.org.br\/?s={search_term_string}"},"query-input":{"@type":"PropertyValueSpecification","valueRequired":true,"valueName":"search_term_string"}}],"inLanguage":"pt-BR"},{"@type":"Organization","@id":"https:\/\/psol50.org.br\/#organization","name":"PSOL 50","alternateName":"PSOL 50","url":"https:\/\/psol50.org.br\/","logo":{"@type":"ImageObject","inLanguage":"pt-BR","@id":"https:\/\/psol50.org.br\/#\/schema\/logo\/image\/","url":"https:\/\/psol50.org.br\/inc\/uploads\/2018\/07\/capa.png","contentUrl":"https:\/\/psol50.org.br\/inc\/uploads\/2018\/07\/capa.png","width":1350,"height":900,"caption":"PSOL 50"},"image":{"@id":"https:\/\/psol50.org.br\/#\/schema\/logo\/image\/"},"sameAs":["https:\/\/www.facebook.com\/psol50","https:\/\/x.com\/psol50","https:\/\/www.instagram.com\/psol50\/","https:\/\/www.youtube.com\/channel\/UC7SnJS5o1os7a6CaiNabzcg"]},{"@type":"Person","@id":"https:\/\/psol50.org.br\/#\/schema\/person\/475dfa57d0b815993c714c2e96491fcd","name":"Comunica\u00e7\u00e3o PSOL","image":{"@type":"ImageObject","inLanguage":"pt-BR","@id":"https:\/\/psol50.org.br\/#\/schema\/person\/image\/","url":"https:\/\/secure.gravatar.com\/avatar\/b34fc4f4e468a4e51785917065a3db57b841f5c95dba6ad8c73aaf8f66f8f9bf?s=96&d=mm&r=g","contentUrl":"https:\/\/secure.gravatar.com\/avatar\/b34fc4f4e468a4e51785917065a3db57b841f5c95dba6ad8c73aaf8f66f8f9bf?s=96&d=mm&r=g","caption":"Comunica\u00e7\u00e3o PSOL"}}]}},"_links":{"self":[{"href":"https:\/\/psol50.org.br\/rest\/wp\/v2\/posts\/17498","targetHints":{"allow":["GET"]}}],"collection":[{"href":"https:\/\/psol50.org.br\/rest\/wp\/v2\/posts"}],"about":[{"href":"https:\/\/psol50.org.br\/rest\/wp\/v2\/types\/post"}],"author":[{"embeddable":true,"href":"https:\/\/psol50.org.br\/rest\/wp\/v2\/users\/2"}],"replies":[{"embeddable":true,"href":"https:\/\/psol50.org.br\/rest\/wp\/v2\/comments?post=17498"}],"version-history":[{"count":0,"href":"https:\/\/psol50.org.br\/rest\/wp\/v2\/posts\/17498\/revisions"}],"wp:featuredmedia":[{"embeddable":true,"href":"https:\/\/psol50.org.br\/rest\/"}],"wp:attachment":[{"href":"https:\/\/psol50.org.br\/rest\/wp\/v2\/media?parent=17498"}],"wp:term":[{"taxonomy":"category","embeddable":true,"href":"https:\/\/psol50.org.br\/rest\/wp\/v2\/categories?post=17498"},{"taxonomy":"post_tag","embeddable":true,"href":"https:\/\/psol50.org.br\/rest\/wp\/v2\/tags?post=17498"}],"curies":[{"name":"wp","href":"https:\/\/api.w.org\/{rel}","templated":true}]}}