{"id":17500,"date":"2017-08-08T17:45:03","date_gmt":"2017-08-08T17:45:03","guid":{"rendered":"http:\/\/www.psol50.org.br\/?p=17500"},"modified":"2017-08-08T17:45:03","modified_gmt":"2017-08-08T17:45:03","slug":"tj-rj-nega-habeas-corpus-a-rafael-braga","status":"publish","type":"post","link":"https:\/\/psol50.org.br\/tj-rj-nega-habeas-corpus-a-rafael-braga\/","title":{"rendered":"TJ-RJ nega habeas corpus a Rafael Braga"},"content":{"rendered":"<p>Nesta ter\u00e7a-feira (08\/08),\u00a0a 1\u00aa C\u00e2mara Criminal do Tribunal de Justi\u00e7a do Rio de Janeiro (TJ-RJ) \u00a0negou o pedido de <em>habeas corpus<\/em> impetrado pela defesa do jovem Rafael\u00a0Braga, decidindo por mant\u00ea-lo preso.<\/p>\n<p>Os desembargadores Katya Monnerat\u00a0e\u00a0Ant\u00f4nio Boente\u00a0votaram a favor da manuten\u00e7\u00e3o do encarceramento de Rafael e apenas o desembargador Luiz Zveiter votou contra, ap\u00f3s um pedido de vista. O placar final da vota\u00e7\u00e3o foi de 2&#215;1.<\/p>\n<p>A defesa de Rafael Braga informou que ir\u00e1 recorrer ao STJ.<\/p>\n<blockquote class=\"twitter-tweet\" data-width=\"550\" data-dnt=\"true\">\n<p lang=\"pt\" dir=\"ltr\">Justi\u00e7a do Rio nega habeas corpus e mant\u00e9m Rafael Braga preso. Seu &quot;crime&quot; \u00e9 ser pobre e negro. <a href=\"https:\/\/twitter.com\/hashtag\/LibertemRafaelBraga?src=hash&amp;ref_src=twsrc%5Etfw\">#LibertemRafaelBraga<\/a><\/p>\n<p>&mdash; Guilherme Boulos (@GuilhermeBoulos) <a href=\"https:\/\/twitter.com\/GuilhermeBoulos\/status\/894971527212535808?ref_src=twsrc%5Etfw\">August 8, 2017<\/a><\/p><\/blockquote>\n<p><script async src=\"https:\/\/platform.twitter.com\/widgets.js\" charset=\"utf-8\"><\/script><\/p>\n<p><strong>Entenda o caso<br \/>\n<\/strong>Em uma das manifesta\u00e7\u00f5es de junho de 2013 &#8211; da qual Rafael sequer participava, apenas passava pelo local -, o jovem havia sido acusado de &#8220;porte de artefato explosivo&#8221; por carregar uma garrafa de \u00e1gua sanit\u00e1ria e uma de pinho sol. Na \u00e9poca, ele foi condenado a cinco anos de pris\u00e3o, tendo sido o \u00fanico preso no contexto das manifesta\u00e7\u00f5es. Sua defesa, no entanto, conseguiu o direito de pris\u00e3o domiciliar com tornozeleira eletr\u00f4nica.<\/p>\n<p>Em janeiro de 2016, Rafael Braga foi detido novamente, condenado a 11 anos e tr\u00eas meses de pris\u00e3o por suposto envolvimento com tr\u00e1fico de drogas, portando 0,6g de maconha, 9,3g de coca\u00edna e um roj\u00e3o. A \u00fanica base de sua condena\u00e7\u00e3o, no entanto, \u00e9 a palavra dos pr\u00f3prios policiais.<\/p>\n<p>O caso de Rafael Braga tem sido motivo de indigna\u00e7\u00e3o de segmentos da sociedade, principalmente do movimento negro, uma vez que trata-se de um claro exemplo de justi\u00e7a seletiva e racismo institucional no Brasil. O\u00a0<a href=\"http:\/\/www.psol50.org.br\/blog\/2017\/08\/02\/nota-do-psol-libertem-rafael-braga\/\" target=\"_blank\" rel=\"noopener\"><span style=\"color: #0000ff;\"><strong>PSOL se solidariza com o movimento\u00a0e faz parte da campanha #LibertemRafaelBraga<\/strong><\/span><\/a> desde o in\u00edcio. Continuaremos lutando para que esse e outros casos similares sejam resolvidos.<\/p>\n<p>As mobiliza\u00e7\u00f5es pela sua liberdade devem aumentar ap\u00f3s a decis\u00e3o da Justi\u00e7a do Rio.<\/p>\n<p>https:\/\/www.instagram.com\/p\/BXioPV1h7Ll\/<\/p>\n","protected":false},"excerpt":{"rendered":"<p>Nesta ter\u00e7a-feira (08\/08),\u00a0a 1\u00aa C\u00e2mara Criminal do Tribunal de Justi\u00e7a do Rio de Janeiro (TJ-RJ) \u00a0negou o pedido de habeas corpus impetrado pela defesa do jovem Rafael\u00a0Braga, decidindo por mant\u00ea-lo preso. Os desembargadores Katya Monnerat\u00a0e\u00a0Ant\u00f4nio Boente\u00a0votaram a favor da manuten\u00e7\u00e3o do encarceramento de Rafael e apenas o desembargador Luiz Zveiter votou contra, ap\u00f3s um pedido [&hellip;]<\/p>\n","protected":false},"author":2,"featured_media":17834,"comment_status":"open","ping_status":"open","sticky":false,"template":"","format":"standard","meta":{"_acf_changed":false,"footnotes":""},"categories":[1882,6],"tags":[3461,54,1824,3462,3463,127,2103,2361],"class_list":{"0":"post-17500","1":"post","2":"type-post","3":"status-publish","4":"format-standard","5":"has-post-thumbnail","7":"category-brasil","8":"category-noticias","9":"tag-3461","10":"tag-justica","11":"tag-liberdade","12":"tag-libertemrafaelbraga","13":"tag-pinho-sol","14":"tag-racismo","15":"tag-rafael-braga","16":"tag-tjrj"},"acf":[],"yoast_head":"<!-- This site is optimized with the Yoast SEO plugin v26.5 - https:\/\/yoast.com\/wordpress\/plugins\/seo\/ -->\n<title>TJ-RJ nega habeas corpus a Rafael Braga - PSOL 50<\/title>\n<meta name=\"robots\" content=\"index, follow, max-snippet:-1, max-image-preview:large, max-video-preview:-1\" \/>\n<link rel=\"canonical\" href=\"https:\/\/psol50.org.br\/tj-rj-nega-habeas-corpus-a-rafael-braga\/\" \/>\n<meta property=\"og:locale\" content=\"pt_BR\" \/>\n<meta property=\"og:type\" content=\"article\" \/>\n<meta property=\"og:title\" content=\"TJ-RJ nega habeas corpus a Rafael Braga - PSOL 50\" \/>\n<meta property=\"og:description\" content=\"Nesta ter\u00e7a-feira (08\/08),\u00a0a 1\u00aa C\u00e2mara Criminal do Tribunal de Justi\u00e7a do Rio de Janeiro (TJ-RJ) \u00a0negou o pedido de habeas corpus impetrado pela defesa do jovem Rafael\u00a0Braga, decidindo por mant\u00ea-lo preso. Os desembargadores Katya Monnerat\u00a0e\u00a0Ant\u00f4nio Boente\u00a0votaram a favor da manuten\u00e7\u00e3o do encarceramento de Rafael e apenas o desembargador Luiz Zveiter votou contra, ap\u00f3s um pedido [&hellip;]\" \/>\n<meta property=\"og:url\" content=\"https:\/\/psol50.org.br\/tj-rj-nega-habeas-corpus-a-rafael-braga\/\" \/>\n<meta property=\"og:site_name\" content=\"PSOL 50\" \/>\n<meta property=\"article:publisher\" content=\"https:\/\/www.facebook.com\/psol50\" \/>\n<meta property=\"article:published_time\" content=\"2017-08-08T17:45:03+00:00\" \/>\n<meta property=\"og:image\" content=\"https:\/\/psol50.org.br\/inc\/uploads\/2018\/07\/capa.png\" \/>\n\t<meta property=\"og:image:width\" content=\"1350\" \/>\n\t<meta property=\"og:image:height\" content=\"900\" \/>\n\t<meta property=\"og:image:type\" content=\"image\/png\" \/>\n<meta name=\"author\" content=\"Comunica\u00e7\u00e3o PSOL\" \/>\n<meta name=\"twitter:card\" content=\"summary_large_image\" \/>\n<meta name=\"twitter:creator\" content=\"@psol50\" \/>\n<meta name=\"twitter:site\" content=\"@psol50\" \/>\n<meta name=\"twitter:label1\" content=\"Escrito por\" \/>\n\t<meta name=\"twitter:data1\" content=\"Comunica\u00e7\u00e3o PSOL\" \/>\n\t<meta name=\"twitter:label2\" content=\"Est. tempo de leitura\" \/>\n\t<meta name=\"twitter:data2\" content=\"2 minutos\" \/>\n<script type=\"application\/ld+json\" class=\"yoast-schema-graph\">{\"@context\":\"https:\/\/schema.org\",\"@graph\":[{\"@type\":\"Article\",\"@id\":\"https:\/\/psol50.org.br\/tj-rj-nega-habeas-corpus-a-rafael-braga\/#article\",\"isPartOf\":{\"@id\":\"https:\/\/psol50.org.br\/tj-rj-nega-habeas-corpus-a-rafael-braga\/\"},\"author\":{\"name\":\"Comunica\u00e7\u00e3o PSOL\",\"@id\":\"https:\/\/psol50.org.br\/#\/schema\/person\/475dfa57d0b815993c714c2e96491fcd\"},\"headline\":\"TJ-RJ nega habeas corpus a Rafael Braga\",\"datePublished\":\"2017-08-08T17:45:03+00:00\",\"mainEntityOfPage\":{\"@id\":\"https:\/\/psol50.org.br\/tj-rj-nega-habeas-corpus-a-rafael-braga\/\"},\"wordCount\":323,\"commentCount\":0,\"publisher\":{\"@id\":\"https:\/\/psol50.org.br\/#organization\"},\"image\":{\"@id\":\"https:\/\/psol50.org.br\/tj-rj-nega-habeas-corpus-a-rafael-braga\/#primaryimage\"},\"thumbnailUrl\":\"\",\"keywords\":[\"2013\",\"justi\u00e7a\",\"liberdade\",\"LibertemRafaelBraga\",\"pinho sol\",\"racismo\",\"Rafael Braga\",\"TJRJ\"],\"articleSection\":[\"Brasil\",\"Not\u00edcias\"],\"inLanguage\":\"pt-BR\",\"potentialAction\":[{\"@type\":\"CommentAction\",\"name\":\"Comment\",\"target\":[\"https:\/\/psol50.org.br\/tj-rj-nega-habeas-corpus-a-rafael-braga\/#respond\"]}]},{\"@type\":\"WebPage\",\"@id\":\"https:\/\/psol50.org.br\/tj-rj-nega-habeas-corpus-a-rafael-braga\/\",\"url\":\"https:\/\/psol50.org.br\/tj-rj-nega-habeas-corpus-a-rafael-braga\/\",\"name\":\"TJ-RJ nega habeas corpus a Rafael Braga - PSOL 50\",\"isPartOf\":{\"@id\":\"https:\/\/psol50.org.br\/#website\"},\"primaryImageOfPage\":{\"@id\":\"https:\/\/psol50.org.br\/tj-rj-nega-habeas-corpus-a-rafael-braga\/#primaryimage\"},\"image\":{\"@id\":\"https:\/\/psol50.org.br\/tj-rj-nega-habeas-corpus-a-rafael-braga\/#primaryimage\"},\"thumbnailUrl\":\"\",\"datePublished\":\"2017-08-08T17:45:03+00:00\",\"breadcrumb\":{\"@id\":\"https:\/\/psol50.org.br\/tj-rj-nega-habeas-corpus-a-rafael-braga\/#breadcrumb\"},\"inLanguage\":\"pt-BR\",\"potentialAction\":[{\"@type\":\"ReadAction\",\"target\":[\"https:\/\/psol50.org.br\/tj-rj-nega-habeas-corpus-a-rafael-braga\/\"]}]},{\"@type\":\"ImageObject\",\"inLanguage\":\"pt-BR\",\"@id\":\"https:\/\/psol50.org.br\/tj-rj-nega-habeas-corpus-a-rafael-braga\/#primaryimage\",\"url\":\"\",\"contentUrl\":\"\"},{\"@type\":\"BreadcrumbList\",\"@id\":\"https:\/\/psol50.org.br\/tj-rj-nega-habeas-corpus-a-rafael-braga\/#breadcrumb\",\"itemListElement\":[{\"@type\":\"ListItem\",\"position\":1,\"name\":\"In\u00edcio\",\"item\":\"https:\/\/psol50.org.br\/\"},{\"@type\":\"ListItem\",\"position\":2,\"name\":\"TJ-RJ nega habeas corpus a Rafael Braga\"}]},{\"@type\":\"WebSite\",\"@id\":\"https:\/\/psol50.org.br\/#website\",\"url\":\"https:\/\/psol50.org.br\/\",\"name\":\"PSOL 50\",\"description\":\"Site oficial do Partido Socialismo e Liberdade\",\"publisher\":{\"@id\":\"https:\/\/psol50.org.br\/#organization\"},\"alternateName\":\"PSOL50\",\"potentialAction\":[{\"@type\":\"SearchAction\",\"target\":{\"@type\":\"EntryPoint\",\"urlTemplate\":\"https:\/\/psol50.org.br\/?s={search_term_string}\"},\"query-input\":{\"@type\":\"PropertyValueSpecification\",\"valueRequired\":true,\"valueName\":\"search_term_string\"}}],\"inLanguage\":\"pt-BR\"},{\"@type\":\"Organization\",\"@id\":\"https:\/\/psol50.org.br\/#organization\",\"name\":\"PSOL 50\",\"alternateName\":\"PSOL 50\",\"url\":\"https:\/\/psol50.org.br\/\",\"logo\":{\"@type\":\"ImageObject\",\"inLanguage\":\"pt-BR\",\"@id\":\"https:\/\/psol50.org.br\/#\/schema\/logo\/image\/\",\"url\":\"https:\/\/psol50.org.br\/inc\/uploads\/2018\/07\/capa.png\",\"contentUrl\":\"https:\/\/psol50.org.br\/inc\/uploads\/2018\/07\/capa.png\",\"width\":1350,\"height\":900,\"caption\":\"PSOL 50\"},\"image\":{\"@id\":\"https:\/\/psol50.org.br\/#\/schema\/logo\/image\/\"},\"sameAs\":[\"https:\/\/www.facebook.com\/psol50\",\"https:\/\/x.com\/psol50\",\"https:\/\/www.instagram.com\/psol50\/\",\"https:\/\/www.youtube.com\/channel\/UC7SnJS5o1os7a6CaiNabzcg\"]},{\"@type\":\"Person\",\"@id\":\"https:\/\/psol50.org.br\/#\/schema\/person\/475dfa57d0b815993c714c2e96491fcd\",\"name\":\"Comunica\u00e7\u00e3o PSOL\",\"image\":{\"@type\":\"ImageObject\",\"inLanguage\":\"pt-BR\",\"@id\":\"https:\/\/psol50.org.br\/#\/schema\/person\/image\/\",\"url\":\"https:\/\/secure.gravatar.com\/avatar\/b34fc4f4e468a4e51785917065a3db57b841f5c95dba6ad8c73aaf8f66f8f9bf?s=96&d=mm&r=g\",\"contentUrl\":\"https:\/\/secure.gravatar.com\/avatar\/b34fc4f4e468a4e51785917065a3db57b841f5c95dba6ad8c73aaf8f66f8f9bf?s=96&d=mm&r=g\",\"caption\":\"Comunica\u00e7\u00e3o PSOL\"}}]}<\/script>\n<!-- \/ Yoast SEO plugin. -->","yoast_head_json":{"title":"TJ-RJ nega habeas corpus a Rafael Braga - PSOL 50","robots":{"index":"index","follow":"follow","max-snippet":"max-snippet:-1","max-image-preview":"max-image-preview:large","max-video-preview":"max-video-preview:-1"},"canonical":"https:\/\/psol50.org.br\/tj-rj-nega-habeas-corpus-a-rafael-braga\/","og_locale":"pt_BR","og_type":"article","og_title":"TJ-RJ nega habeas corpus a Rafael Braga - PSOL 50","og_description":"Nesta ter\u00e7a-feira (08\/08),\u00a0a 1\u00aa C\u00e2mara Criminal do Tribunal de Justi\u00e7a do Rio de Janeiro (TJ-RJ) \u00a0negou o pedido de habeas corpus impetrado pela defesa do jovem Rafael\u00a0Braga, decidindo por mant\u00ea-lo preso. Os desembargadores Katya Monnerat\u00a0e\u00a0Ant\u00f4nio Boente\u00a0votaram a favor da manuten\u00e7\u00e3o do encarceramento de Rafael e apenas o desembargador Luiz Zveiter votou contra, ap\u00f3s um pedido [&hellip;]","og_url":"https:\/\/psol50.org.br\/tj-rj-nega-habeas-corpus-a-rafael-braga\/","og_site_name":"PSOL 50","article_publisher":"https:\/\/www.facebook.com\/psol50","article_published_time":"2017-08-08T17:45:03+00:00","og_image":[{"width":1350,"height":900,"url":"https:\/\/psol50.org.br\/inc\/uploads\/2018\/07\/capa.png","type":"image\/png"}],"author":"Comunica\u00e7\u00e3o PSOL","twitter_card":"summary_large_image","twitter_creator":"@psol50","twitter_site":"@psol50","twitter_misc":{"Escrito por":"Comunica\u00e7\u00e3o PSOL","Est. tempo de leitura":"2 minutos"},"schema":{"@context":"https:\/\/schema.org","@graph":[{"@type":"Article","@id":"https:\/\/psol50.org.br\/tj-rj-nega-habeas-corpus-a-rafael-braga\/#article","isPartOf":{"@id":"https:\/\/psol50.org.br\/tj-rj-nega-habeas-corpus-a-rafael-braga\/"},"author":{"name":"Comunica\u00e7\u00e3o PSOL","@id":"https:\/\/psol50.org.br\/#\/schema\/person\/475dfa57d0b815993c714c2e96491fcd"},"headline":"TJ-RJ nega habeas corpus a Rafael Braga","datePublished":"2017-08-08T17:45:03+00:00","mainEntityOfPage":{"@id":"https:\/\/psol50.org.br\/tj-rj-nega-habeas-corpus-a-rafael-braga\/"},"wordCount":323,"commentCount":0,"publisher":{"@id":"https:\/\/psol50.org.br\/#organization"},"image":{"@id":"https:\/\/psol50.org.br\/tj-rj-nega-habeas-corpus-a-rafael-braga\/#primaryimage"},"thumbnailUrl":"","keywords":["2013","justi\u00e7a","liberdade","LibertemRafaelBraga","pinho sol","racismo","Rafael Braga","TJRJ"],"articleSection":["Brasil","Not\u00edcias"],"inLanguage":"pt-BR","potentialAction":[{"@type":"CommentAction","name":"Comment","target":["https:\/\/psol50.org.br\/tj-rj-nega-habeas-corpus-a-rafael-braga\/#respond"]}]},{"@type":"WebPage","@id":"https:\/\/psol50.org.br\/tj-rj-nega-habeas-corpus-a-rafael-braga\/","url":"https:\/\/psol50.org.br\/tj-rj-nega-habeas-corpus-a-rafael-braga\/","name":"TJ-RJ nega habeas corpus a Rafael Braga - PSOL 50","isPartOf":{"@id":"https:\/\/psol50.org.br\/#website"},"primaryImageOfPage":{"@id":"https:\/\/psol50.org.br\/tj-rj-nega-habeas-corpus-a-rafael-braga\/#primaryimage"},"image":{"@id":"https:\/\/psol50.org.br\/tj-rj-nega-habeas-corpus-a-rafael-braga\/#primaryimage"},"thumbnailUrl":"","datePublished":"2017-08-08T17:45:03+00:00","breadcrumb":{"@id":"https:\/\/psol50.org.br\/tj-rj-nega-habeas-corpus-a-rafael-braga\/#breadcrumb"},"inLanguage":"pt-BR","potentialAction":[{"@type":"ReadAction","target":["https:\/\/psol50.org.br\/tj-rj-nega-habeas-corpus-a-rafael-braga\/"]}]},{"@type":"ImageObject","inLanguage":"pt-BR","@id":"https:\/\/psol50.org.br\/tj-rj-nega-habeas-corpus-a-rafael-braga\/#primaryimage","url":"","contentUrl":""},{"@type":"BreadcrumbList","@id":"https:\/\/psol50.org.br\/tj-rj-nega-habeas-corpus-a-rafael-braga\/#breadcrumb","itemListElement":[{"@type":"ListItem","position":1,"name":"In\u00edcio","item":"https:\/\/psol50.org.br\/"},{"@type":"ListItem","position":2,"name":"TJ-RJ nega habeas corpus a Rafael Braga"}]},{"@type":"WebSite","@id":"https:\/\/psol50.org.br\/#website","url":"https:\/\/psol50.org.br\/","name":"PSOL 50","description":"Site oficial do Partido Socialismo e Liberdade","publisher":{"@id":"https:\/\/psol50.org.br\/#organization"},"alternateName":"PSOL50","potentialAction":[{"@type":"SearchAction","target":{"@type":"EntryPoint","urlTemplate":"https:\/\/psol50.org.br\/?s={search_term_string}"},"query-input":{"@type":"PropertyValueSpecification","valueRequired":true,"valueName":"search_term_string"}}],"inLanguage":"pt-BR"},{"@type":"Organization","@id":"https:\/\/psol50.org.br\/#organization","name":"PSOL 50","alternateName":"PSOL 50","url":"https:\/\/psol50.org.br\/","logo":{"@type":"ImageObject","inLanguage":"pt-BR","@id":"https:\/\/psol50.org.br\/#\/schema\/logo\/image\/","url":"https:\/\/psol50.org.br\/inc\/uploads\/2018\/07\/capa.png","contentUrl":"https:\/\/psol50.org.br\/inc\/uploads\/2018\/07\/capa.png","width":1350,"height":900,"caption":"PSOL 50"},"image":{"@id":"https:\/\/psol50.org.br\/#\/schema\/logo\/image\/"},"sameAs":["https:\/\/www.facebook.com\/psol50","https:\/\/x.com\/psol50","https:\/\/www.instagram.com\/psol50\/","https:\/\/www.youtube.com\/channel\/UC7SnJS5o1os7a6CaiNabzcg"]},{"@type":"Person","@id":"https:\/\/psol50.org.br\/#\/schema\/person\/475dfa57d0b815993c714c2e96491fcd","name":"Comunica\u00e7\u00e3o PSOL","image":{"@type":"ImageObject","inLanguage":"pt-BR","@id":"https:\/\/psol50.org.br\/#\/schema\/person\/image\/","url":"https:\/\/secure.gravatar.com\/avatar\/b34fc4f4e468a4e51785917065a3db57b841f5c95dba6ad8c73aaf8f66f8f9bf?s=96&d=mm&r=g","contentUrl":"https:\/\/secure.gravatar.com\/avatar\/b34fc4f4e468a4e51785917065a3db57b841f5c95dba6ad8c73aaf8f66f8f9bf?s=96&d=mm&r=g","caption":"Comunica\u00e7\u00e3o PSOL"}}]}},"_links":{"self":[{"href":"https:\/\/psol50.org.br\/rest\/wp\/v2\/posts\/17500","targetHints":{"allow":["GET"]}}],"collection":[{"href":"https:\/\/psol50.org.br\/rest\/wp\/v2\/posts"}],"about":[{"href":"https:\/\/psol50.org.br\/rest\/wp\/v2\/types\/post"}],"author":[{"embeddable":true,"href":"https:\/\/psol50.org.br\/rest\/wp\/v2\/users\/2"}],"replies":[{"embeddable":true,"href":"https:\/\/psol50.org.br\/rest\/wp\/v2\/comments?post=17500"}],"version-history":[{"count":0,"href":"https:\/\/psol50.org.br\/rest\/wp\/v2\/posts\/17500\/revisions"}],"wp:featuredmedia":[{"embeddable":true,"href":"https:\/\/psol50.org.br\/rest\/"}],"wp:attachment":[{"href":"https:\/\/psol50.org.br\/rest\/wp\/v2\/media?parent=17500"}],"wp:term":[{"taxonomy":"category","embeddable":true,"href":"https:\/\/psol50.org.br\/rest\/wp\/v2\/categories?post=17500"},{"taxonomy":"post_tag","embeddable":true,"href":"https:\/\/psol50.org.br\/rest\/wp\/v2\/tags?post=17500"}],"curies":[{"name":"wp","href":"https:\/\/api.w.org\/{rel}","templated":true}]}}