{"id":17508,"date":"2017-08-10T13:14:11","date_gmt":"2017-08-10T13:14:11","guid":{"rendered":"http:\/\/www.psol50.org.br\/?p=17508"},"modified":"2017-08-10T13:14:11","modified_gmt":"2017-08-10T13:14:11","slug":"com-voto-contrario-do-psol-comissao-na-camara-aprova-distritao-defendido-por-temer","status":"publish","type":"post","link":"https:\/\/psol50.org.br\/com-voto-contrario-do-psol-comissao-na-camara-aprova-distritao-defendido-por-temer\/","title":{"rendered":"Com voto contr\u00e1rio do PSOL, comiss\u00e3o na C\u00e2mara aprova &#8220;distrit\u00e3o&#8221; defendido por Temer"},"content":{"rendered":"<p>Em sess\u00e3o que durou at\u00e9 a madrugada desta quinta-feira (10\/08), a comiss\u00e3o especial que analisa as propostas de reforma pol\u00edtica aprovou o chamado &#8220;distrit\u00e3o&#8221;, promovendo profundas altera\u00e7\u00f5es no sistema eleitoral j\u00e1 valendo para 2018 e 2020. Com o voto contr\u00e1rio do PSOL, o destaque que modificou o texto-base do relat\u00f3rio do deputado Vicente C\u00e2ndido (PT-SP), \u00e0 Proposta de Emenda \u00e0 Constitui\u00e7\u00e3o (PEC) 77\/03, contou com 17 votos favor\u00e1veis, 15 contr\u00e1rios e duas absten\u00e7\u00f5es.<\/p>\n<p>O modelo, <a href=\"http:\/\/www.psol50.org.br\/blog\/2015\/05\/15\/psol-critica-clausula-de-barreira-distritao-e-financiamento-privado\/\" target=\"_blank\" rel=\"noopener\"><strong><span style=\"color: #0000ff;\">criticado amplamente pelo PSOL ainda em 2015, quando o tema foi pautado por Eduardo Cunha<\/span><\/strong><\/a>, ex-presidente da Casa cassado e atualmente preso, favorece a reelei\u00e7\u00e3o dos parlamentares nas elei\u00e7\u00f5es de deputados em 2018 e vereadores em 2020. A proposta n\u00e3o constava no texto original do relat\u00f3rio, mas a press\u00e3o da base aliada de Michel Temer conseguiu incluir o novo modelo. No entanto, para que a mudan\u00e7a aprovada na comiss\u00e3o entre efetivamente em vigor na pr\u00f3xima elei\u00e7\u00e3o a proposta precisa ser aprovada at\u00e9 7 de outubro, com 308 votos entre os 513 deputados e 49 votos entre os 81 senadores em duas vota\u00e7\u00f5es em cada Casa.<\/p>\n<p>O modelo, considerado antidemocr\u00e1tico e excludente, existe apenas em quatro pa\u00edses, que n\u00e3o s\u00e3o nenhum exemplo de democracia: Afeganist\u00e3o, Jord\u00e2nia, Vanuatu e Ilha Pitcairn (Polin\u00e9sia). Ela prev\u00ea que os mais votados em cada estado sejam eleitos, ignorando os partidos e desprezando os votos dados aos demais candidatos. N\u00e3o \u00e0 toa o PMDB, de Temer, Romero Juc\u00e1, Renan Calheiros, Eduardo Cunha, Eliseu Padilha e tantos outros, est\u00e1 \u00e0 frente do movimento para tentar aprovar o sistema. <span style=\"color: #0000ff;\"><a href=\"http:\/\/www.psol50.org.br\/blog\/2015\/05\/27\/reforma-politica-distritao-e-rejeitado-em-votacao-na-camara\/\" target=\"_blank\" rel=\"noopener\"><strong><span style=\"color: #0000ff;\">Mesmo tendo sido rejeitado em 2015<\/span><\/strong><\/a><span style=\"color: #000000;\">,<\/span><\/span> agora o tema ganhou for\u00e7a devido ao empenho de deputados e senadores preocupados com os desdobramentos da opera\u00e7\u00e3o Lava-Jato, o que podem dificultar a reelei\u00e7\u00e3o daqueles pol\u00edticos que j\u00e1 t\u00eam mandato.<\/p>\n<p>&#8220;\u00c9 o sistema majorit\u00e1rio valendo para todas as elei\u00e7\u00f5es. Prefiro chamar de detrit\u00e3o. Enfraquece os partidos e acaba com a solidariedade partid\u00e1ria, criando a figura do voto in\u00fatil. \u00c9 uma medida contra a pol\u00edtica em si porque acaba com a ideia de partido\u201d, disse o deputado Chico Alencar (PSOL-RJ), durante os debates ocorridos ainda em 2015.<\/p>\n<p>O texto apresentado originalmente pelo relator mantinha o sistema eleitoral atual para 2018 e 2020 e estabelecia que o sistema de voto distrital misto, que combina voto majorit\u00e1rio e em lista preordenada, fosse regulamentado pelo Congresso em 2019 e, se regulamentado, passaria a valer para as elei\u00e7\u00f5es de 2022. A mudan\u00e7a foi aprovada em destaque do PMDB, com apoio das bancadas do DEM, do PSDB, do PSD e do PP.<\/p>\n<p>Para o PSOL, o novo sistema acaba com a ideia de solidariedade partid\u00e1ria para privilegiar apenas um candidato, uma vez que deputados e vereadores s\u00e3o eleitos apenas pela quantidade de votos recebidos, n\u00e3o sendo considerados os votos em legenda. Isso acaba por enfraquecer os partidos pol\u00edticos ideol\u00f3gicos e program\u00e1ticos, como o PSOL. Com o distrit\u00e3o, os candidatos obrigatoriamente precisar\u00e3o de muitos votos para ser eleitos e aumentar\u00e1 a tend\u00eancia dos partidos de lan\u00e7ar figuras populares, que nada t\u00eam a ver com o programa partid\u00e1rio. Isso pode diluir o esp\u00edrito coletivo dos partidos, dificultando ainda mais a forma\u00e7\u00e3o de maiorias no Congresso Nacional, fazendo com que o chefe do Executivo, seja ele prefeito, governador ou presidente, precise realizar ainda mais concess\u00f5es em nome da chamada governabilidade.<\/p>\n<p>Na reuni\u00e3o, tamb\u00e9m foi aprovada a cria\u00e7\u00e3o de um fundo p\u00fablico de R$ 3,6 bilh\u00f5es para financiar as campanhas no pr\u00f3ximo ano, ponto que ainda pode ser alterado por emendas. O PSOL tamb\u00e9m se posicionou contr\u00e1rio a esse ponto, considerando o alto valor destinado ao fundo, ainda mais num contexto de crise, alegado pelo pr\u00f3prio governo. O partido destacou ser a favor do financiamento p\u00fablico, mas n\u00e3o nos moldes previstos no texto aprovado. <span data-offset-key=\"14f08-2-0\">O valor \u00e9 muito superior aos investimentos previstos em Sa\u00fade, Educa\u00e7\u00e3o, Habita\u00e7\u00e3o, Desporto e demais \u00e1reas de grande import\u00e2ncia para a sociedade.<\/span><\/p>\n<p>A deputada Luiza Erundina (SP), titular do PSOL na comiss\u00e3o especial que debate a PEC 77\/03, al\u00e9m de votar contra o destaque do distrit\u00e3o, criticou a pressa do governo em querer aprovar o texto. Ela classificou o modelo como esdr\u00faxulo.<\/p>\n<p>https:\/\/www.facebook.com\/luizaerundina\/videos\/1661232307243011\/<\/p>\n<p>Ivan Valente (SP), suplente do PSOL na comiss\u00e3o, tamb\u00e9m criticou a mat\u00e9ria e destacou que reforma pol\u00edtica n\u00e3o \u00e9 para fortalecer individualidades e personalidades. &#8220;\u00c9 para fortalecer projetos, programas, ideias, identidade p\u00fablica. E para isso que serve partido pol\u00edtico&#8221;.<\/p>\n<p>https:\/\/www.facebook.com\/psolnacamara\/videos\/1178219408948955\/<\/p>\n","protected":false},"excerpt":{"rendered":"<p>Em sess\u00e3o que durou at\u00e9 a madrugada desta quinta-feira (10\/08), a comiss\u00e3o especial que analisa as propostas de reforma pol\u00edtica aprovou o chamado &#8220;distrit\u00e3o&#8221;, promovendo profundas altera\u00e7\u00f5es no sistema eleitoral j\u00e1 valendo para 2018 e 2020. Com o voto contr\u00e1rio do PSOL, o destaque que modificou o texto-base do relat\u00f3rio do deputado Vicente C\u00e2ndido (PT-SP), [&hellip;]<\/p>\n","protected":false},"author":2,"featured_media":17832,"comment_status":"open","ping_status":"open","sticky":false,"template":"","format":"standard","meta":{"_acf_changed":false,"footnotes":""},"categories":[10,1882,6],"tags":[3442,3464,3465,552,553,1748,3466,2152,22,3046,3467],"class_list":{"0":"post-17508","1":"post","2":"type-post","3":"status-publish","4":"format-standard","5":"has-post-thumbnail","7":"category-acao-parlamentares","8":"category-brasil","9":"category-noticias","10":"tag-distritao","11":"tag-eleicao-majoritaria","12":"tag-eleicao-proporcional","13":"tag-ivan-valente","14":"tag-luiza-erundina","15":"tag-michel-temer","16":"tag-pec-772003","17":"tag-pmdb","18":"tag-psol","19":"tag-reforma-politica","20":"tag-sistema-eleitoral"},"acf":[],"yoast_head":"<!-- This site is optimized with the Yoast SEO plugin v26.5 - https:\/\/yoast.com\/wordpress\/plugins\/seo\/ -->\n<title>Com voto contr\u00e1rio do PSOL, comiss\u00e3o na C\u00e2mara aprova &quot;distrit\u00e3o&quot; defendido por Temer - PSOL 50<\/title>\n<meta name=\"robots\" content=\"index, follow, max-snippet:-1, max-image-preview:large, max-video-preview:-1\" \/>\n<link rel=\"canonical\" href=\"https:\/\/psol50.org.br\/com-voto-contrario-do-psol-comissao-na-camara-aprova-distritao-defendido-por-temer\/\" \/>\n<meta property=\"og:locale\" content=\"pt_BR\" \/>\n<meta property=\"og:type\" content=\"article\" \/>\n<meta property=\"og:title\" content=\"Com voto contr\u00e1rio do PSOL, comiss\u00e3o na C\u00e2mara aprova &quot;distrit\u00e3o&quot; defendido por Temer - PSOL 50\" \/>\n<meta property=\"og:description\" content=\"Em sess\u00e3o que durou at\u00e9 a madrugada desta quinta-feira (10\/08), a comiss\u00e3o especial que analisa as propostas de reforma pol\u00edtica aprovou o chamado &#8220;distrit\u00e3o&#8221;, promovendo profundas altera\u00e7\u00f5es no sistema eleitoral j\u00e1 valendo para 2018 e 2020. Com o voto contr\u00e1rio do PSOL, o destaque que modificou o texto-base do relat\u00f3rio do deputado Vicente C\u00e2ndido (PT-SP), [&hellip;]\" \/>\n<meta property=\"og:url\" content=\"https:\/\/psol50.org.br\/com-voto-contrario-do-psol-comissao-na-camara-aprova-distritao-defendido-por-temer\/\" \/>\n<meta property=\"og:site_name\" content=\"PSOL 50\" \/>\n<meta property=\"article:publisher\" content=\"https:\/\/www.facebook.com\/psol50\" \/>\n<meta property=\"article:published_time\" content=\"2017-08-10T13:14:11+00:00\" \/>\n<meta property=\"og:image\" content=\"https:\/\/psol50.org.br\/inc\/uploads\/2018\/07\/capa.png\" \/>\n\t<meta property=\"og:image:width\" content=\"1350\" \/>\n\t<meta property=\"og:image:height\" content=\"900\" \/>\n\t<meta property=\"og:image:type\" content=\"image\/png\" \/>\n<meta name=\"author\" content=\"Comunica\u00e7\u00e3o PSOL\" \/>\n<meta name=\"twitter:card\" content=\"summary_large_image\" \/>\n<meta name=\"twitter:creator\" content=\"@psol50\" \/>\n<meta name=\"twitter:site\" content=\"@psol50\" \/>\n<meta name=\"twitter:label1\" content=\"Escrito por\" \/>\n\t<meta name=\"twitter:data1\" content=\"Comunica\u00e7\u00e3o PSOL\" \/>\n\t<meta name=\"twitter:label2\" content=\"Est. tempo de leitura\" \/>\n\t<meta name=\"twitter:data2\" content=\"4 minutos\" \/>\n<script type=\"application\/ld+json\" class=\"yoast-schema-graph\">{\"@context\":\"https:\/\/schema.org\",\"@graph\":[{\"@type\":\"Article\",\"@id\":\"https:\/\/psol50.org.br\/com-voto-contrario-do-psol-comissao-na-camara-aprova-distritao-defendido-por-temer\/#article\",\"isPartOf\":{\"@id\":\"https:\/\/psol50.org.br\/com-voto-contrario-do-psol-comissao-na-camara-aprova-distritao-defendido-por-temer\/\"},\"author\":{\"name\":\"Comunica\u00e7\u00e3o PSOL\",\"@id\":\"https:\/\/psol50.org.br\/#\/schema\/person\/475dfa57d0b815993c714c2e96491fcd\"},\"headline\":\"Com voto contr\u00e1rio do PSOL, comiss\u00e3o na C\u00e2mara aprova &#8220;distrit\u00e3o&#8221; defendido por Temer\",\"datePublished\":\"2017-08-10T13:14:11+00:00\",\"mainEntityOfPage\":{\"@id\":\"https:\/\/psol50.org.br\/com-voto-contrario-do-psol-comissao-na-camara-aprova-distritao-defendido-por-temer\/\"},\"wordCount\":800,\"commentCount\":0,\"publisher\":{\"@id\":\"https:\/\/psol50.org.br\/#organization\"},\"image\":{\"@id\":\"https:\/\/psol50.org.br\/com-voto-contrario-do-psol-comissao-na-camara-aprova-distritao-defendido-por-temer\/#primaryimage\"},\"thumbnailUrl\":\"\",\"keywords\":[\"Distrit\u00e3o\",\"elei\u00e7\u00e3o majorit\u00e1ria\",\"elei\u00e7\u00e3o proporcional\",\"Ivan Valente\",\"Luiza Erundina\",\"Michel Temer\",\"PEC 77\/2003\",\"PMDB\",\"PSOL\",\"Reforma Pol\u00edtica\",\"sistema eleitoral\"],\"articleSection\":[\"A\u00e7\u00e3o Parlamentar\",\"Brasil\",\"Not\u00edcias\"],\"inLanguage\":\"pt-BR\",\"potentialAction\":[{\"@type\":\"CommentAction\",\"name\":\"Comment\",\"target\":[\"https:\/\/psol50.org.br\/com-voto-contrario-do-psol-comissao-na-camara-aprova-distritao-defendido-por-temer\/#respond\"]}]},{\"@type\":\"WebPage\",\"@id\":\"https:\/\/psol50.org.br\/com-voto-contrario-do-psol-comissao-na-camara-aprova-distritao-defendido-por-temer\/\",\"url\":\"https:\/\/psol50.org.br\/com-voto-contrario-do-psol-comissao-na-camara-aprova-distritao-defendido-por-temer\/\",\"name\":\"Com voto contr\u00e1rio do PSOL, comiss\u00e3o na C\u00e2mara aprova \\\"distrit\u00e3o\\\" defendido por Temer - PSOL 50\",\"isPartOf\":{\"@id\":\"https:\/\/psol50.org.br\/#website\"},\"primaryImageOfPage\":{\"@id\":\"https:\/\/psol50.org.br\/com-voto-contrario-do-psol-comissao-na-camara-aprova-distritao-defendido-por-temer\/#primaryimage\"},\"image\":{\"@id\":\"https:\/\/psol50.org.br\/com-voto-contrario-do-psol-comissao-na-camara-aprova-distritao-defendido-por-temer\/#primaryimage\"},\"thumbnailUrl\":\"\",\"datePublished\":\"2017-08-10T13:14:11+00:00\",\"breadcrumb\":{\"@id\":\"https:\/\/psol50.org.br\/com-voto-contrario-do-psol-comissao-na-camara-aprova-distritao-defendido-por-temer\/#breadcrumb\"},\"inLanguage\":\"pt-BR\",\"potentialAction\":[{\"@type\":\"ReadAction\",\"target\":[\"https:\/\/psol50.org.br\/com-voto-contrario-do-psol-comissao-na-camara-aprova-distritao-defendido-por-temer\/\"]}]},{\"@type\":\"ImageObject\",\"inLanguage\":\"pt-BR\",\"@id\":\"https:\/\/psol50.org.br\/com-voto-contrario-do-psol-comissao-na-camara-aprova-distritao-defendido-por-temer\/#primaryimage\",\"url\":\"\",\"contentUrl\":\"\"},{\"@type\":\"BreadcrumbList\",\"@id\":\"https:\/\/psol50.org.br\/com-voto-contrario-do-psol-comissao-na-camara-aprova-distritao-defendido-por-temer\/#breadcrumb\",\"itemListElement\":[{\"@type\":\"ListItem\",\"position\":1,\"name\":\"In\u00edcio\",\"item\":\"https:\/\/psol50.org.br\/\"},{\"@type\":\"ListItem\",\"position\":2,\"name\":\"Com voto contr\u00e1rio do PSOL, comiss\u00e3o na C\u00e2mara aprova &#8220;distrit\u00e3o&#8221; defendido por Temer\"}]},{\"@type\":\"WebSite\",\"@id\":\"https:\/\/psol50.org.br\/#website\",\"url\":\"https:\/\/psol50.org.br\/\",\"name\":\"PSOL 50\",\"description\":\"Site oficial do Partido Socialismo e Liberdade\",\"publisher\":{\"@id\":\"https:\/\/psol50.org.br\/#organization\"},\"alternateName\":\"PSOL50\",\"potentialAction\":[{\"@type\":\"SearchAction\",\"target\":{\"@type\":\"EntryPoint\",\"urlTemplate\":\"https:\/\/psol50.org.br\/?s={search_term_string}\"},\"query-input\":{\"@type\":\"PropertyValueSpecification\",\"valueRequired\":true,\"valueName\":\"search_term_string\"}}],\"inLanguage\":\"pt-BR\"},{\"@type\":\"Organization\",\"@id\":\"https:\/\/psol50.org.br\/#organization\",\"name\":\"PSOL 50\",\"alternateName\":\"PSOL 50\",\"url\":\"https:\/\/psol50.org.br\/\",\"logo\":{\"@type\":\"ImageObject\",\"inLanguage\":\"pt-BR\",\"@id\":\"https:\/\/psol50.org.br\/#\/schema\/logo\/image\/\",\"url\":\"https:\/\/psol50.org.br\/inc\/uploads\/2018\/07\/capa.png\",\"contentUrl\":\"https:\/\/psol50.org.br\/inc\/uploads\/2018\/07\/capa.png\",\"width\":1350,\"height\":900,\"caption\":\"PSOL 50\"},\"image\":{\"@id\":\"https:\/\/psol50.org.br\/#\/schema\/logo\/image\/\"},\"sameAs\":[\"https:\/\/www.facebook.com\/psol50\",\"https:\/\/x.com\/psol50\",\"https:\/\/www.instagram.com\/psol50\/\",\"https:\/\/www.youtube.com\/channel\/UC7SnJS5o1os7a6CaiNabzcg\"]},{\"@type\":\"Person\",\"@id\":\"https:\/\/psol50.org.br\/#\/schema\/person\/475dfa57d0b815993c714c2e96491fcd\",\"name\":\"Comunica\u00e7\u00e3o PSOL\",\"image\":{\"@type\":\"ImageObject\",\"inLanguage\":\"pt-BR\",\"@id\":\"https:\/\/psol50.org.br\/#\/schema\/person\/image\/\",\"url\":\"https:\/\/secure.gravatar.com\/avatar\/b34fc4f4e468a4e51785917065a3db57b841f5c95dba6ad8c73aaf8f66f8f9bf?s=96&d=mm&r=g\",\"contentUrl\":\"https:\/\/secure.gravatar.com\/avatar\/b34fc4f4e468a4e51785917065a3db57b841f5c95dba6ad8c73aaf8f66f8f9bf?s=96&d=mm&r=g\",\"caption\":\"Comunica\u00e7\u00e3o PSOL\"}}]}<\/script>\n<!-- \/ Yoast SEO plugin. -->","yoast_head_json":{"title":"Com voto contr\u00e1rio do PSOL, comiss\u00e3o na C\u00e2mara aprova \"distrit\u00e3o\" defendido por Temer - PSOL 50","robots":{"index":"index","follow":"follow","max-snippet":"max-snippet:-1","max-image-preview":"max-image-preview:large","max-video-preview":"max-video-preview:-1"},"canonical":"https:\/\/psol50.org.br\/com-voto-contrario-do-psol-comissao-na-camara-aprova-distritao-defendido-por-temer\/","og_locale":"pt_BR","og_type":"article","og_title":"Com voto contr\u00e1rio do PSOL, comiss\u00e3o na C\u00e2mara aprova \"distrit\u00e3o\" defendido por Temer - PSOL 50","og_description":"Em sess\u00e3o que durou at\u00e9 a madrugada desta quinta-feira (10\/08), a comiss\u00e3o especial que analisa as propostas de reforma pol\u00edtica aprovou o chamado &#8220;distrit\u00e3o&#8221;, promovendo profundas altera\u00e7\u00f5es no sistema eleitoral j\u00e1 valendo para 2018 e 2020. Com o voto contr\u00e1rio do PSOL, o destaque que modificou o texto-base do relat\u00f3rio do deputado Vicente C\u00e2ndido (PT-SP), [&hellip;]","og_url":"https:\/\/psol50.org.br\/com-voto-contrario-do-psol-comissao-na-camara-aprova-distritao-defendido-por-temer\/","og_site_name":"PSOL 50","article_publisher":"https:\/\/www.facebook.com\/psol50","article_published_time":"2017-08-10T13:14:11+00:00","og_image":[{"width":1350,"height":900,"url":"https:\/\/psol50.org.br\/inc\/uploads\/2018\/07\/capa.png","type":"image\/png"}],"author":"Comunica\u00e7\u00e3o PSOL","twitter_card":"summary_large_image","twitter_creator":"@psol50","twitter_site":"@psol50","twitter_misc":{"Escrito por":"Comunica\u00e7\u00e3o PSOL","Est. tempo de leitura":"4 minutos"},"schema":{"@context":"https:\/\/schema.org","@graph":[{"@type":"Article","@id":"https:\/\/psol50.org.br\/com-voto-contrario-do-psol-comissao-na-camara-aprova-distritao-defendido-por-temer\/#article","isPartOf":{"@id":"https:\/\/psol50.org.br\/com-voto-contrario-do-psol-comissao-na-camara-aprova-distritao-defendido-por-temer\/"},"author":{"name":"Comunica\u00e7\u00e3o PSOL","@id":"https:\/\/psol50.org.br\/#\/schema\/person\/475dfa57d0b815993c714c2e96491fcd"},"headline":"Com voto contr\u00e1rio do PSOL, comiss\u00e3o na C\u00e2mara aprova &#8220;distrit\u00e3o&#8221; defendido por Temer","datePublished":"2017-08-10T13:14:11+00:00","mainEntityOfPage":{"@id":"https:\/\/psol50.org.br\/com-voto-contrario-do-psol-comissao-na-camara-aprova-distritao-defendido-por-temer\/"},"wordCount":800,"commentCount":0,"publisher":{"@id":"https:\/\/psol50.org.br\/#organization"},"image":{"@id":"https:\/\/psol50.org.br\/com-voto-contrario-do-psol-comissao-na-camara-aprova-distritao-defendido-por-temer\/#primaryimage"},"thumbnailUrl":"","keywords":["Distrit\u00e3o","elei\u00e7\u00e3o majorit\u00e1ria","elei\u00e7\u00e3o proporcional","Ivan Valente","Luiza Erundina","Michel Temer","PEC 77\/2003","PMDB","PSOL","Reforma Pol\u00edtica","sistema eleitoral"],"articleSection":["A\u00e7\u00e3o Parlamentar","Brasil","Not\u00edcias"],"inLanguage":"pt-BR","potentialAction":[{"@type":"CommentAction","name":"Comment","target":["https:\/\/psol50.org.br\/com-voto-contrario-do-psol-comissao-na-camara-aprova-distritao-defendido-por-temer\/#respond"]}]},{"@type":"WebPage","@id":"https:\/\/psol50.org.br\/com-voto-contrario-do-psol-comissao-na-camara-aprova-distritao-defendido-por-temer\/","url":"https:\/\/psol50.org.br\/com-voto-contrario-do-psol-comissao-na-camara-aprova-distritao-defendido-por-temer\/","name":"Com voto contr\u00e1rio do PSOL, comiss\u00e3o na C\u00e2mara aprova \"distrit\u00e3o\" defendido por Temer - PSOL 50","isPartOf":{"@id":"https:\/\/psol50.org.br\/#website"},"primaryImageOfPage":{"@id":"https:\/\/psol50.org.br\/com-voto-contrario-do-psol-comissao-na-camara-aprova-distritao-defendido-por-temer\/#primaryimage"},"image":{"@id":"https:\/\/psol50.org.br\/com-voto-contrario-do-psol-comissao-na-camara-aprova-distritao-defendido-por-temer\/#primaryimage"},"thumbnailUrl":"","datePublished":"2017-08-10T13:14:11+00:00","breadcrumb":{"@id":"https:\/\/psol50.org.br\/com-voto-contrario-do-psol-comissao-na-camara-aprova-distritao-defendido-por-temer\/#breadcrumb"},"inLanguage":"pt-BR","potentialAction":[{"@type":"ReadAction","target":["https:\/\/psol50.org.br\/com-voto-contrario-do-psol-comissao-na-camara-aprova-distritao-defendido-por-temer\/"]}]},{"@type":"ImageObject","inLanguage":"pt-BR","@id":"https:\/\/psol50.org.br\/com-voto-contrario-do-psol-comissao-na-camara-aprova-distritao-defendido-por-temer\/#primaryimage","url":"","contentUrl":""},{"@type":"BreadcrumbList","@id":"https:\/\/psol50.org.br\/com-voto-contrario-do-psol-comissao-na-camara-aprova-distritao-defendido-por-temer\/#breadcrumb","itemListElement":[{"@type":"ListItem","position":1,"name":"In\u00edcio","item":"https:\/\/psol50.org.br\/"},{"@type":"ListItem","position":2,"name":"Com voto contr\u00e1rio do PSOL, comiss\u00e3o na C\u00e2mara aprova &#8220;distrit\u00e3o&#8221; defendido por Temer"}]},{"@type":"WebSite","@id":"https:\/\/psol50.org.br\/#website","url":"https:\/\/psol50.org.br\/","name":"PSOL 50","description":"Site oficial do Partido Socialismo e Liberdade","publisher":{"@id":"https:\/\/psol50.org.br\/#organization"},"alternateName":"PSOL50","potentialAction":[{"@type":"SearchAction","target":{"@type":"EntryPoint","urlTemplate":"https:\/\/psol50.org.br\/?s={search_term_string}"},"query-input":{"@type":"PropertyValueSpecification","valueRequired":true,"valueName":"search_term_string"}}],"inLanguage":"pt-BR"},{"@type":"Organization","@id":"https:\/\/psol50.org.br\/#organization","name":"PSOL 50","alternateName":"PSOL 50","url":"https:\/\/psol50.org.br\/","logo":{"@type":"ImageObject","inLanguage":"pt-BR","@id":"https:\/\/psol50.org.br\/#\/schema\/logo\/image\/","url":"https:\/\/psol50.org.br\/inc\/uploads\/2018\/07\/capa.png","contentUrl":"https:\/\/psol50.org.br\/inc\/uploads\/2018\/07\/capa.png","width":1350,"height":900,"caption":"PSOL 50"},"image":{"@id":"https:\/\/psol50.org.br\/#\/schema\/logo\/image\/"},"sameAs":["https:\/\/www.facebook.com\/psol50","https:\/\/x.com\/psol50","https:\/\/www.instagram.com\/psol50\/","https:\/\/www.youtube.com\/channel\/UC7SnJS5o1os7a6CaiNabzcg"]},{"@type":"Person","@id":"https:\/\/psol50.org.br\/#\/schema\/person\/475dfa57d0b815993c714c2e96491fcd","name":"Comunica\u00e7\u00e3o PSOL","image":{"@type":"ImageObject","inLanguage":"pt-BR","@id":"https:\/\/psol50.org.br\/#\/schema\/person\/image\/","url":"https:\/\/secure.gravatar.com\/avatar\/b34fc4f4e468a4e51785917065a3db57b841f5c95dba6ad8c73aaf8f66f8f9bf?s=96&d=mm&r=g","contentUrl":"https:\/\/secure.gravatar.com\/avatar\/b34fc4f4e468a4e51785917065a3db57b841f5c95dba6ad8c73aaf8f66f8f9bf?s=96&d=mm&r=g","caption":"Comunica\u00e7\u00e3o PSOL"}}]}},"_links":{"self":[{"href":"https:\/\/psol50.org.br\/rest\/wp\/v2\/posts\/17508","targetHints":{"allow":["GET"]}}],"collection":[{"href":"https:\/\/psol50.org.br\/rest\/wp\/v2\/posts"}],"about":[{"href":"https:\/\/psol50.org.br\/rest\/wp\/v2\/types\/post"}],"author":[{"embeddable":true,"href":"https:\/\/psol50.org.br\/rest\/wp\/v2\/users\/2"}],"replies":[{"embeddable":true,"href":"https:\/\/psol50.org.br\/rest\/wp\/v2\/comments?post=17508"}],"version-history":[{"count":0,"href":"https:\/\/psol50.org.br\/rest\/wp\/v2\/posts\/17508\/revisions"}],"wp:featuredmedia":[{"embeddable":true,"href":"https:\/\/psol50.org.br\/rest\/"}],"wp:attachment":[{"href":"https:\/\/psol50.org.br\/rest\/wp\/v2\/media?parent=17508"}],"wp:term":[{"taxonomy":"category","embeddable":true,"href":"https:\/\/psol50.org.br\/rest\/wp\/v2\/categories?post=17508"},{"taxonomy":"post_tag","embeddable":true,"href":"https:\/\/psol50.org.br\/rest\/wp\/v2\/tags?post=17508"}],"curies":[{"name":"wp","href":"https:\/\/api.w.org\/{rel}","templated":true}]}}