{"id":17517,"date":"2017-08-10T14:50:55","date_gmt":"2017-08-10T14:50:55","guid":{"rendered":"http:\/\/www.psol50.org.br\/?p=17517"},"modified":"2017-08-10T14:50:55","modified_gmt":"2017-08-10T14:50:55","slug":"juliano-medeiros-reforma-politica-a-cereja-do-bolo","status":"publish","type":"post","link":"https:\/\/psol50.org.br\/juliano-medeiros-reforma-politica-a-cereja-do-bolo\/","title":{"rendered":"Juliano Medeiros | Reforma Pol\u00edtica: a cereja do bolo"},"content":{"rendered":"<p>O golpe que destituiu Dilma Rousseff, em abril de 2016, implementou uma radical ofensiva contra os direitos e a soberania nacional. As altera\u00e7\u00f5es da legisla\u00e7\u00e3o trabalhista, com a nova lei das terceiriza\u00e7\u00f5es e a contrarreforma aprovada recentemente, a reforma da previd\u00eancia, a altera\u00e7\u00e3o do marco regulat\u00f3rio da explora\u00e7\u00e3o do petr\u00f3leo e a emenda constitucional que congela os investimentos p\u00fablicos por vinte anos representam o fim do ciclo inaugurado pela Constitui\u00e7\u00e3o de 1988. Mas para concluir a metamorfose do Estado brasileiro, n\u00e3o basta restringir radicalmente sua capacidade de assegurar direitos: \u00e9 preciso sufocar a pr\u00f3pria democracia.<\/p>\n<p>A elite econ\u00f4mica brasileira, que se expressa politicamente nos partidos e entidades de classe que apoiaram o golpe parlamentar de abril, tem ojeriza \u00e0 democracia. N\u00e3o por acaso, essa elite sempre resolveu os impasses oriundos do processo de moderniza\u00e7\u00e3o capitalista rompendo a ordem estabelecida. Foi assim em 1889, 1930 e 1964, por exemplo. Com a crise econ\u00f4mica de 2008 a luta em torno do fundo p\u00fablico colocou novo impasse, resolvido pelo golpe que viabilizou o projeto de destrui\u00e7\u00e3o dos avan\u00e7os assegurados pela Constitui\u00e7\u00e3o Federal de 1988. Mas esse projeto de ataque aos fundamentos da Rep\u00fablica liberal s\u00f3 pode se completar pelo fim do sistema pol\u00edtico tal como o conhecemos: de nada adiantaria viabilizar um programa t\u00e3o radical se houvesse o risco de retomada do Estado por uma for\u00e7a progressista atrav\u00e9s das vias democr\u00e1ticas. \u00c9 preciso, portanto, interditar a democracia em si mesma.<\/p>\n<p><strong><em>Leia mais: <a href=\"http:\/\/www.psol50.org.br\/blog\/2017\/08\/10\/com-voto-contrario-do-psol-comissao-na-camara-aprova-distritao-defendido-por-temer\/\" target=\"_blank\" rel=\"noopener\"><span style=\"color: #3366ff;\">Comiss\u00e3o da C\u00e2mara aprova distrit\u00e3o com voto contr\u00e1rio do PSOL<\/span><\/a><\/em><\/strong><\/p>\n<p>Para isso, muitas hip\u00f3teses est\u00e3o em discuss\u00e3o. Desde a ado\u00e7\u00e3o do parlamentarismo \u2013 mantendo perpetuamente o sistema pol\u00edtica ref\u00e9m de um Congresso Nacional corrupto \u2013 at\u00e9 uma reforma pol\u00edtica que bloqueie o surgimento de novos atores pol\u00edticos fora do establishment. A minirreforma de Eduardo Cunha, promovida em 2015, j\u00e1 buscava atender esse objetivo. Ao impedir a participa\u00e7\u00e3o de partidos como Rede e PSOL nos debates de televis\u00e3o, Cunha e seus aliados buscavam impedir que esses partidos pudessem granjear simpatias junto \u00e0 sociedade.<\/p>\n<p>Agora, em meio a uma brutal crise pol\u00edtica, com mais de 200 parlamentares investigados e um presidente denunciado pela Procuradoria Geral da Rep\u00fablica por corrup\u00e7\u00e3o e obstru\u00e7\u00e3o de justi\u00e7a, os partidos conservadores buscam viabilizar uma reforma pol\u00edtica que ter\u00e1 como consequ\u00eancia a concentra\u00e7\u00e3o do sistema partid\u00e1rio em poucas legendas, a liquida\u00e7\u00e3o das minorias, o fim dos partidos ideol\u00f3gicos e o aprofundamento do personalismo. Seria a \u201ccereja do bolo\u201d dos golpistas.<\/p>\n<p>Duas medidas tramitam na C\u00e2mara dos Deputados. A Proposta de Emenda Constitucional 77, de relatoria do deputado Vicente C\u00e2ndido (PT\/SP) ainda n\u00e3o foi votada nem na C\u00e2mara nem no Senado. \u00c9, portanto, a medida que est\u00e1 mais atrasada. Ela traz uma s\u00e9rie de altera\u00e7\u00e3o no sistema eleitoral, mas as principais s\u00e3o a cria\u00e7\u00e3o de um Fundo Eleitoral e a altera\u00e7\u00e3o do sistema proporcional para o sistema distrital misto.<\/p>\n<p>O Fundo Eleitoral asseguraria um valor correspondente a 0,5% da receita corrente l\u00edquida para o financiamento das elei\u00e7\u00f5es, cerca de R$ 3,6 bilh\u00f5es. A proposta vai ao encontro da proposta de financiamento p\u00fablica das campanhas, existente na maioria das democracias ocidentais e defendido pela esquerda. No entanto, mant\u00e9m padr\u00f5es de financiamento inaceit\u00e1veis para um pa\u00eds como o Brasil. Esses valores s\u00e3o maiores, por exemplo, que aquele destinado em 2016 ao Minist\u00e9rio do Esporte ou da Cultura. \u00c9 claro que a democracia tem um custo que deve ser financiado pela sociedade. S\u00f3 o protofascismo do MBL pode pensar o contr\u00e1rio. No entanto, \u00e9 necess\u00e1rio reduzir drasticamente os valores das campanhas eleitorais e isso n\u00e3o ser\u00e1 feito mantendo, no financiamento p\u00fablico, valores aproximados aos que s\u00e3o gastos hoje pelos grandes partidos.<\/p>\n<p>Outro tema proposto na PEC 77 \u00e9 a ado\u00e7\u00e3o do Sistema Distrital Misto. A proposta enfraquece os partidos e aumenta o personalismo, j\u00e1 que metade das vagas ao legislativo seria eleita pelo sistema majorit\u00e1rio. O relator tem afirmado que o distrital misto (onde as vagas seriam preenchidas 50% pelo sistema atual \u2013 proporcional \u2013 e 50% na vota\u00e7\u00e3o majorit\u00e1ria em distritos definidos pela Justi\u00e7a Eleitoral) \u00e9 um \u201cmal menor\u201d diante da proposta do \u201cdistrit\u00e3o\u201d (que transforma os estados em distritos e a vota\u00e7\u00e3o proporcional em majorit\u00e1ria). Na madrugada da \u00faltima quarta-feira, na vota\u00e7\u00e3o do relat\u00f3rio da PEC 77, por\u00e9m, os velhos partidos da direita (PMDB, PP, DEM, PSD, dentre outros) inclu\u00edram no relat\u00f3rio que ser\u00e1 votado no plen\u00e1rio da C\u00e2mara dos Deputados o famigerado sistema eleitoral que liquida os partidos atrav\u00e9s da transforma\u00e7\u00e3o da vota\u00e7\u00e3o proporcional em vota\u00e7\u00e3o majorit\u00e1ria. Nele se elegem os mais votados, sem contar votos partid\u00e1rios ou coliga\u00e7\u00f5es. \u00c9 o imp\u00e9rio do individualismo. Um sistema adotado em grandes democracias, como Afeganist\u00e3o e Ilhas Maur\u00edcio&#8230;<\/p>\n<p>Outra proposi\u00e7\u00e3o que prop\u00f5e altera\u00e7\u00f5es no sistema pol\u00edtico e eleitoral \u00e9 a PEC 282, cuja relatora \u00e9 a deputada Sh\u00e9ridan Oliveira (PSDB\/RR). Essa \u00e9 a PEC cuja tramita\u00e7\u00e3o est\u00e1 mais adiantada, j\u00e1 que foi votada em dois turnos no Senado Federal. Ela \u00e9 originalmente de autoria dos senadores A\u00e9cio Neves e Ricardo Ferra\u00e7o (ambos do PSDB) e suas duas principais propostas s\u00e3o a introdu\u00e7\u00e3o da cl\u00e1usula de barreira e o fim das coliga\u00e7\u00f5es proporcionais (e cria\u00e7\u00e3o das Federa\u00e7\u00f5es Partid\u00e1rias). Ela prev\u00ea ainda, gra\u00e7as a uma emenda do PCdoB, a distribui\u00e7\u00e3o das sobras, medida extremamente positiva, j\u00e1 que corrige distor\u00e7\u00f5es no preenchimento das vagas ao legislativo no sistema proporcional atual.<\/p>\n<p>O fim das coliga\u00e7\u00f5es \u00e9 uma medida positiva, j\u00e1 que diminui o fisiologismo. Seria uma \u201ccl\u00e1usula de barreira ideol\u00f3gica\u201d, isto \u00e9, partidos representativos e com forte identidade sobreviveriam de forma aut\u00f4noma, sem precisar depender dos votos das grandes legendas. Da mesma forma, a proposta de Federa\u00e7\u00e3o \u00e9 ben\u00e9fica, j\u00e1 que permite que os partidos com afinidade ideol\u00f3gica fa\u00e7am composi\u00e7\u00f5es sem finalidade exclusivamente eleitoral.<\/p>\n<p>A Cl\u00e1usula de Barreira proposta pelos senadores tucanos, declarada inconstitucional pelo Supremo Tribunal Federal em 2005, propunha inicialmente um percentual m\u00ednimo 2% dos votos para deputado federal em, pelo menos, 14 estados. Sem alcan\u00e7ar esse \u00edndice o partido perderia fundo partid\u00e1rio, tempo de TV e Lideran\u00e7a na C\u00e2mara e no Senado. No m\u00e9dio prazo a medida geraria a asfixia de partidos ideol\u00f3gicos como PSOL, Rede e PCdoB. Diante desse cen\u00e1rio, foi negociada uma media\u00e7\u00e3o que prev\u00ea uma cl\u00e1usula de 1,5% em 9 estados, aumentando 0,5% a cada elei\u00e7\u00e3o nacional at\u00e9 2030, quando a cl\u00e1usula alcan\u00e7aria 3%. Vale a pena lembrar que as medidas regressivas introduzidas por Cunha na minirreforma eleitoral de 2015 ainda est\u00e3o em vigor, como a restri\u00e7\u00e3o \u00e0 participa\u00e7\u00e3o em debates de partidos com menos de 10 deputados federais.<\/p>\n<p>Essas altera\u00e7\u00f5es no sistema eleitoral, reunidas, representam um enorme retrocesso. Os esc\u00e2ndalos de corrup\u00e7\u00e3o revelados pela Opera\u00e7\u00e3o Lava Jato, o fim do financiamento empresarial de campanhas e o aumento do controle pela sociedade, acederam uma luz amarela para os velhos partidos da ordem. \u00c9 preciso alterar o sistema eleitoral, destruindo a democracia, para assegurar o que um deputado petista chamou, ironicamente, de \u201cseguro reelei\u00e7\u00e3o\u201d. Para isso, piorar ainda mais nosso sistema eleitoral \u00e9 uma necessidade.<\/p>\n","protected":false},"excerpt":{"rendered":"<p>O golpe que destituiu Dilma Rousseff, em abril de 2016, implementou uma radical ofensiva contra os direitos e a soberania nacional. As altera\u00e7\u00f5es da legisla\u00e7\u00e3o trabalhista, com a nova lei das terceiriza\u00e7\u00f5es e a contrarreforma aprovada recentemente, a reforma da previd\u00eancia, a altera\u00e7\u00e3o do marco regulat\u00f3rio da explora\u00e7\u00e3o do petr\u00f3leo e a emenda constitucional que [&hellip;]<\/p>\n","protected":false},"author":2,"featured_media":17519,"comment_status":"open","ping_status":"open","sticky":false,"template":"","format":"standard","meta":{"_acf_changed":false,"footnotes":""},"categories":[3],"tags":[3064,2792,2890,2169,151,259,1748,316,1722,22,319,924,3046,3468],"class_list":{"0":"post-17517","1":"post","2":"type-post","3":"status-publish","4":"format-standard","5":"has-post-thumbnail","7":"category-artigos-e-entrevistas","8":"tag-clausula-de-barreira","9":"tag-dilma-rousseff","10":"tag-eduardo-cunha","11":"tag-fora-temer","12":"tag-golpe","13":"tag-juliano-medeiros","14":"tag-michel-temer","15":"tag-pcdob","16":"tag-procuradoria-geral-da-republica","17":"tag-psol","18":"tag-pt","19":"tag-rede","20":"tag-reforma-politica","21":"tag-vicente-candido"},"acf":[],"yoast_head":"<!-- This site is optimized with the Yoast SEO plugin v26.5 - https:\/\/yoast.com\/wordpress\/plugins\/seo\/ -->\n<title>Juliano Medeiros | Reforma Pol\u00edtica: a cereja do bolo - PSOL 50<\/title>\n<meta name=\"robots\" content=\"index, follow, max-snippet:-1, max-image-preview:large, max-video-preview:-1\" \/>\n<link rel=\"canonical\" href=\"https:\/\/psol50.org.br\/juliano-medeiros-reforma-politica-a-cereja-do-bolo\/\" \/>\n<meta property=\"og:locale\" content=\"pt_BR\" \/>\n<meta property=\"og:type\" content=\"article\" \/>\n<meta property=\"og:title\" content=\"Juliano Medeiros | Reforma Pol\u00edtica: a cereja do bolo - PSOL 50\" \/>\n<meta property=\"og:description\" content=\"O golpe que destituiu Dilma Rousseff, em abril de 2016, implementou uma radical ofensiva contra os direitos e a soberania nacional. As altera\u00e7\u00f5es da legisla\u00e7\u00e3o trabalhista, com a nova lei das terceiriza\u00e7\u00f5es e a contrarreforma aprovada recentemente, a reforma da previd\u00eancia, a altera\u00e7\u00e3o do marco regulat\u00f3rio da explora\u00e7\u00e3o do petr\u00f3leo e a emenda constitucional que [&hellip;]\" \/>\n<meta property=\"og:url\" content=\"https:\/\/psol50.org.br\/juliano-medeiros-reforma-politica-a-cereja-do-bolo\/\" \/>\n<meta property=\"og:site_name\" content=\"PSOL 50\" \/>\n<meta property=\"article:publisher\" content=\"https:\/\/www.facebook.com\/psol50\" \/>\n<meta property=\"article:published_time\" content=\"2017-08-10T14:50:55+00:00\" \/>\n<meta property=\"og:image\" content=\"https:\/\/psol50.org.br\/inc\/uploads\/2018\/07\/capa.png\" \/>\n\t<meta property=\"og:image:width\" content=\"1350\" \/>\n\t<meta property=\"og:image:height\" content=\"900\" \/>\n\t<meta property=\"og:image:type\" content=\"image\/png\" \/>\n<meta name=\"author\" content=\"Comunica\u00e7\u00e3o PSOL\" \/>\n<meta name=\"twitter:card\" content=\"summary_large_image\" \/>\n<meta name=\"twitter:creator\" content=\"@psol50\" \/>\n<meta name=\"twitter:site\" content=\"@psol50\" \/>\n<meta name=\"twitter:label1\" content=\"Escrito por\" \/>\n\t<meta name=\"twitter:data1\" content=\"Comunica\u00e7\u00e3o PSOL\" \/>\n\t<meta name=\"twitter:label2\" content=\"Est. tempo de leitura\" \/>\n\t<meta name=\"twitter:data2\" content=\"6 minutos\" \/>\n<script type=\"application\/ld+json\" class=\"yoast-schema-graph\">{\"@context\":\"https:\/\/schema.org\",\"@graph\":[{\"@type\":\"Article\",\"@id\":\"https:\/\/psol50.org.br\/juliano-medeiros-reforma-politica-a-cereja-do-bolo\/#article\",\"isPartOf\":{\"@id\":\"https:\/\/psol50.org.br\/juliano-medeiros-reforma-politica-a-cereja-do-bolo\/\"},\"author\":{\"name\":\"Comunica\u00e7\u00e3o PSOL\",\"@id\":\"https:\/\/psol50.org.br\/#\/schema\/person\/475dfa57d0b815993c714c2e96491fcd\"},\"headline\":\"Juliano Medeiros | Reforma Pol\u00edtica: a cereja do bolo\",\"datePublished\":\"2017-08-10T14:50:55+00:00\",\"mainEntityOfPage\":{\"@id\":\"https:\/\/psol50.org.br\/juliano-medeiros-reforma-politica-a-cereja-do-bolo\/\"},\"wordCount\":1251,\"commentCount\":0,\"publisher\":{\"@id\":\"https:\/\/psol50.org.br\/#organization\"},\"image\":{\"@id\":\"https:\/\/psol50.org.br\/juliano-medeiros-reforma-politica-a-cereja-do-bolo\/#primaryimage\"},\"thumbnailUrl\":\"\",\"keywords\":[\"cl\u00e1usula de barreira\",\"Dilma Rousseff\",\"Eduardo Cunha\",\"Fora Temer\",\"golpe\",\"Juliano Medeiros\",\"Michel Temer\",\"PCdoB\",\"Procuradoria Geral da Rep\u00fablica\",\"PSOL\",\"PT\",\"Rede\",\"Reforma Pol\u00edtica\",\"Vicente C\u00e2ndido\"],\"articleSection\":[\"Artigos\"],\"inLanguage\":\"pt-BR\",\"potentialAction\":[{\"@type\":\"CommentAction\",\"name\":\"Comment\",\"target\":[\"https:\/\/psol50.org.br\/juliano-medeiros-reforma-politica-a-cereja-do-bolo\/#respond\"]}]},{\"@type\":\"WebPage\",\"@id\":\"https:\/\/psol50.org.br\/juliano-medeiros-reforma-politica-a-cereja-do-bolo\/\",\"url\":\"https:\/\/psol50.org.br\/juliano-medeiros-reforma-politica-a-cereja-do-bolo\/\",\"name\":\"Juliano Medeiros | Reforma Pol\u00edtica: a cereja do bolo - PSOL 50\",\"isPartOf\":{\"@id\":\"https:\/\/psol50.org.br\/#website\"},\"primaryImageOfPage\":{\"@id\":\"https:\/\/psol50.org.br\/juliano-medeiros-reforma-politica-a-cereja-do-bolo\/#primaryimage\"},\"image\":{\"@id\":\"https:\/\/psol50.org.br\/juliano-medeiros-reforma-politica-a-cereja-do-bolo\/#primaryimage\"},\"thumbnailUrl\":\"\",\"datePublished\":\"2017-08-10T14:50:55+00:00\",\"breadcrumb\":{\"@id\":\"https:\/\/psol50.org.br\/juliano-medeiros-reforma-politica-a-cereja-do-bolo\/#breadcrumb\"},\"inLanguage\":\"pt-BR\",\"potentialAction\":[{\"@type\":\"ReadAction\",\"target\":[\"https:\/\/psol50.org.br\/juliano-medeiros-reforma-politica-a-cereja-do-bolo\/\"]}]},{\"@type\":\"ImageObject\",\"inLanguage\":\"pt-BR\",\"@id\":\"https:\/\/psol50.org.br\/juliano-medeiros-reforma-politica-a-cereja-do-bolo\/#primaryimage\",\"url\":\"\",\"contentUrl\":\"\"},{\"@type\":\"BreadcrumbList\",\"@id\":\"https:\/\/psol50.org.br\/juliano-medeiros-reforma-politica-a-cereja-do-bolo\/#breadcrumb\",\"itemListElement\":[{\"@type\":\"ListItem\",\"position\":1,\"name\":\"In\u00edcio\",\"item\":\"https:\/\/psol50.org.br\/\"},{\"@type\":\"ListItem\",\"position\":2,\"name\":\"Juliano Medeiros | Reforma Pol\u00edtica: a cereja do bolo\"}]},{\"@type\":\"WebSite\",\"@id\":\"https:\/\/psol50.org.br\/#website\",\"url\":\"https:\/\/psol50.org.br\/\",\"name\":\"PSOL 50\",\"description\":\"Site oficial do Partido Socialismo e Liberdade\",\"publisher\":{\"@id\":\"https:\/\/psol50.org.br\/#organization\"},\"alternateName\":\"PSOL50\",\"potentialAction\":[{\"@type\":\"SearchAction\",\"target\":{\"@type\":\"EntryPoint\",\"urlTemplate\":\"https:\/\/psol50.org.br\/?s={search_term_string}\"},\"query-input\":{\"@type\":\"PropertyValueSpecification\",\"valueRequired\":true,\"valueName\":\"search_term_string\"}}],\"inLanguage\":\"pt-BR\"},{\"@type\":\"Organization\",\"@id\":\"https:\/\/psol50.org.br\/#organization\",\"name\":\"PSOL 50\",\"alternateName\":\"PSOL 50\",\"url\":\"https:\/\/psol50.org.br\/\",\"logo\":{\"@type\":\"ImageObject\",\"inLanguage\":\"pt-BR\",\"@id\":\"https:\/\/psol50.org.br\/#\/schema\/logo\/image\/\",\"url\":\"https:\/\/psol50.org.br\/inc\/uploads\/2018\/07\/capa.png\",\"contentUrl\":\"https:\/\/psol50.org.br\/inc\/uploads\/2018\/07\/capa.png\",\"width\":1350,\"height\":900,\"caption\":\"PSOL 50\"},\"image\":{\"@id\":\"https:\/\/psol50.org.br\/#\/schema\/logo\/image\/\"},\"sameAs\":[\"https:\/\/www.facebook.com\/psol50\",\"https:\/\/x.com\/psol50\",\"https:\/\/www.instagram.com\/psol50\/\",\"https:\/\/www.youtube.com\/channel\/UC7SnJS5o1os7a6CaiNabzcg\"]},{\"@type\":\"Person\",\"@id\":\"https:\/\/psol50.org.br\/#\/schema\/person\/475dfa57d0b815993c714c2e96491fcd\",\"name\":\"Comunica\u00e7\u00e3o PSOL\",\"image\":{\"@type\":\"ImageObject\",\"inLanguage\":\"pt-BR\",\"@id\":\"https:\/\/psol50.org.br\/#\/schema\/person\/image\/\",\"url\":\"https:\/\/secure.gravatar.com\/avatar\/b34fc4f4e468a4e51785917065a3db57b841f5c95dba6ad8c73aaf8f66f8f9bf?s=96&d=mm&r=g\",\"contentUrl\":\"https:\/\/secure.gravatar.com\/avatar\/b34fc4f4e468a4e51785917065a3db57b841f5c95dba6ad8c73aaf8f66f8f9bf?s=96&d=mm&r=g\",\"caption\":\"Comunica\u00e7\u00e3o PSOL\"}}]}<\/script>\n<!-- \/ Yoast SEO plugin. -->","yoast_head_json":{"title":"Juliano Medeiros | Reforma Pol\u00edtica: a cereja do bolo - PSOL 50","robots":{"index":"index","follow":"follow","max-snippet":"max-snippet:-1","max-image-preview":"max-image-preview:large","max-video-preview":"max-video-preview:-1"},"canonical":"https:\/\/psol50.org.br\/juliano-medeiros-reforma-politica-a-cereja-do-bolo\/","og_locale":"pt_BR","og_type":"article","og_title":"Juliano Medeiros | Reforma Pol\u00edtica: a cereja do bolo - PSOL 50","og_description":"O golpe que destituiu Dilma Rousseff, em abril de 2016, implementou uma radical ofensiva contra os direitos e a soberania nacional. As altera\u00e7\u00f5es da legisla\u00e7\u00e3o trabalhista, com a nova lei das terceiriza\u00e7\u00f5es e a contrarreforma aprovada recentemente, a reforma da previd\u00eancia, a altera\u00e7\u00e3o do marco regulat\u00f3rio da explora\u00e7\u00e3o do petr\u00f3leo e a emenda constitucional que [&hellip;]","og_url":"https:\/\/psol50.org.br\/juliano-medeiros-reforma-politica-a-cereja-do-bolo\/","og_site_name":"PSOL 50","article_publisher":"https:\/\/www.facebook.com\/psol50","article_published_time":"2017-08-10T14:50:55+00:00","og_image":[{"width":1350,"height":900,"url":"https:\/\/psol50.org.br\/inc\/uploads\/2018\/07\/capa.png","type":"image\/png"}],"author":"Comunica\u00e7\u00e3o PSOL","twitter_card":"summary_large_image","twitter_creator":"@psol50","twitter_site":"@psol50","twitter_misc":{"Escrito por":"Comunica\u00e7\u00e3o PSOL","Est. tempo de leitura":"6 minutos"},"schema":{"@context":"https:\/\/schema.org","@graph":[{"@type":"Article","@id":"https:\/\/psol50.org.br\/juliano-medeiros-reforma-politica-a-cereja-do-bolo\/#article","isPartOf":{"@id":"https:\/\/psol50.org.br\/juliano-medeiros-reforma-politica-a-cereja-do-bolo\/"},"author":{"name":"Comunica\u00e7\u00e3o PSOL","@id":"https:\/\/psol50.org.br\/#\/schema\/person\/475dfa57d0b815993c714c2e96491fcd"},"headline":"Juliano Medeiros | Reforma Pol\u00edtica: a cereja do bolo","datePublished":"2017-08-10T14:50:55+00:00","mainEntityOfPage":{"@id":"https:\/\/psol50.org.br\/juliano-medeiros-reforma-politica-a-cereja-do-bolo\/"},"wordCount":1251,"commentCount":0,"publisher":{"@id":"https:\/\/psol50.org.br\/#organization"},"image":{"@id":"https:\/\/psol50.org.br\/juliano-medeiros-reforma-politica-a-cereja-do-bolo\/#primaryimage"},"thumbnailUrl":"","keywords":["cl\u00e1usula de barreira","Dilma Rousseff","Eduardo Cunha","Fora Temer","golpe","Juliano Medeiros","Michel Temer","PCdoB","Procuradoria Geral da Rep\u00fablica","PSOL","PT","Rede","Reforma Pol\u00edtica","Vicente C\u00e2ndido"],"articleSection":["Artigos"],"inLanguage":"pt-BR","potentialAction":[{"@type":"CommentAction","name":"Comment","target":["https:\/\/psol50.org.br\/juliano-medeiros-reforma-politica-a-cereja-do-bolo\/#respond"]}]},{"@type":"WebPage","@id":"https:\/\/psol50.org.br\/juliano-medeiros-reforma-politica-a-cereja-do-bolo\/","url":"https:\/\/psol50.org.br\/juliano-medeiros-reforma-politica-a-cereja-do-bolo\/","name":"Juliano Medeiros | Reforma Pol\u00edtica: a cereja do bolo - PSOL 50","isPartOf":{"@id":"https:\/\/psol50.org.br\/#website"},"primaryImageOfPage":{"@id":"https:\/\/psol50.org.br\/juliano-medeiros-reforma-politica-a-cereja-do-bolo\/#primaryimage"},"image":{"@id":"https:\/\/psol50.org.br\/juliano-medeiros-reforma-politica-a-cereja-do-bolo\/#primaryimage"},"thumbnailUrl":"","datePublished":"2017-08-10T14:50:55+00:00","breadcrumb":{"@id":"https:\/\/psol50.org.br\/juliano-medeiros-reforma-politica-a-cereja-do-bolo\/#breadcrumb"},"inLanguage":"pt-BR","potentialAction":[{"@type":"ReadAction","target":["https:\/\/psol50.org.br\/juliano-medeiros-reforma-politica-a-cereja-do-bolo\/"]}]},{"@type":"ImageObject","inLanguage":"pt-BR","@id":"https:\/\/psol50.org.br\/juliano-medeiros-reforma-politica-a-cereja-do-bolo\/#primaryimage","url":"","contentUrl":""},{"@type":"BreadcrumbList","@id":"https:\/\/psol50.org.br\/juliano-medeiros-reforma-politica-a-cereja-do-bolo\/#breadcrumb","itemListElement":[{"@type":"ListItem","position":1,"name":"In\u00edcio","item":"https:\/\/psol50.org.br\/"},{"@type":"ListItem","position":2,"name":"Juliano Medeiros | Reforma Pol\u00edtica: a cereja do bolo"}]},{"@type":"WebSite","@id":"https:\/\/psol50.org.br\/#website","url":"https:\/\/psol50.org.br\/","name":"PSOL 50","description":"Site oficial do Partido Socialismo e Liberdade","publisher":{"@id":"https:\/\/psol50.org.br\/#organization"},"alternateName":"PSOL50","potentialAction":[{"@type":"SearchAction","target":{"@type":"EntryPoint","urlTemplate":"https:\/\/psol50.org.br\/?s={search_term_string}"},"query-input":{"@type":"PropertyValueSpecification","valueRequired":true,"valueName":"search_term_string"}}],"inLanguage":"pt-BR"},{"@type":"Organization","@id":"https:\/\/psol50.org.br\/#organization","name":"PSOL 50","alternateName":"PSOL 50","url":"https:\/\/psol50.org.br\/","logo":{"@type":"ImageObject","inLanguage":"pt-BR","@id":"https:\/\/psol50.org.br\/#\/schema\/logo\/image\/","url":"https:\/\/psol50.org.br\/inc\/uploads\/2018\/07\/capa.png","contentUrl":"https:\/\/psol50.org.br\/inc\/uploads\/2018\/07\/capa.png","width":1350,"height":900,"caption":"PSOL 50"},"image":{"@id":"https:\/\/psol50.org.br\/#\/schema\/logo\/image\/"},"sameAs":["https:\/\/www.facebook.com\/psol50","https:\/\/x.com\/psol50","https:\/\/www.instagram.com\/psol50\/","https:\/\/www.youtube.com\/channel\/UC7SnJS5o1os7a6CaiNabzcg"]},{"@type":"Person","@id":"https:\/\/psol50.org.br\/#\/schema\/person\/475dfa57d0b815993c714c2e96491fcd","name":"Comunica\u00e7\u00e3o PSOL","image":{"@type":"ImageObject","inLanguage":"pt-BR","@id":"https:\/\/psol50.org.br\/#\/schema\/person\/image\/","url":"https:\/\/secure.gravatar.com\/avatar\/b34fc4f4e468a4e51785917065a3db57b841f5c95dba6ad8c73aaf8f66f8f9bf?s=96&d=mm&r=g","contentUrl":"https:\/\/secure.gravatar.com\/avatar\/b34fc4f4e468a4e51785917065a3db57b841f5c95dba6ad8c73aaf8f66f8f9bf?s=96&d=mm&r=g","caption":"Comunica\u00e7\u00e3o PSOL"}}]}},"_links":{"self":[{"href":"https:\/\/psol50.org.br\/rest\/wp\/v2\/posts\/17517","targetHints":{"allow":["GET"]}}],"collection":[{"href":"https:\/\/psol50.org.br\/rest\/wp\/v2\/posts"}],"about":[{"href":"https:\/\/psol50.org.br\/rest\/wp\/v2\/types\/post"}],"author":[{"embeddable":true,"href":"https:\/\/psol50.org.br\/rest\/wp\/v2\/users\/2"}],"replies":[{"embeddable":true,"href":"https:\/\/psol50.org.br\/rest\/wp\/v2\/comments?post=17517"}],"version-history":[{"count":0,"href":"https:\/\/psol50.org.br\/rest\/wp\/v2\/posts\/17517\/revisions"}],"wp:featuredmedia":[{"embeddable":true,"href":"https:\/\/psol50.org.br\/rest\/"}],"wp:attachment":[{"href":"https:\/\/psol50.org.br\/rest\/wp\/v2\/media?parent=17517"}],"wp:term":[{"taxonomy":"category","embeddable":true,"href":"https:\/\/psol50.org.br\/rest\/wp\/v2\/categories?post=17517"},{"taxonomy":"post_tag","embeddable":true,"href":"https:\/\/psol50.org.br\/rest\/wp\/v2\/tags?post=17517"}],"curies":[{"name":"wp","href":"https:\/\/api.w.org\/{rel}","templated":true}]}}