{"id":17548,"date":"2017-08-14T14:56:58","date_gmt":"2017-08-14T14:56:58","guid":{"rendered":"http:\/\/www.psol50.org.br\/?p=17548"},"modified":"2017-08-14T14:56:58","modified_gmt":"2017-08-14T14:56:58","slug":"universidades-publicas-por-um-fio-mais-uma-tragedia-do-golpe","status":"publish","type":"post","link":"https:\/\/psol50.org.br\/universidades-publicas-por-um-fio-mais-uma-tragedia-do-golpe\/","title":{"rendered":"Universidades p\u00fablicas por um fio: mais uma trag\u00e9dia do golpe"},"content":{"rendered":"<p>&#8220;A crise da educa\u00e7\u00e3o no Brasil n\u00e3o \u00e9 uma crise, \u00e9 um projeto&#8221;. Assim o antrop\u00f3logo Darcy Ribeiro denunciava as inten\u00e7\u00f5es para o sistema educacional do pa\u00eds, ainda em 1977, auge da ditadura militar. Em 2017, 40 anos depois, o Brasil sente na pele as previs\u00f5es de Darcy.<\/p>\n<p>Atrav\u00e9s de <a href=\"http:\/\/www.psol50.org.br\/blog\/2016\/12\/13\/senado-aprova-pec-55-em-segundo-turno\/\" target=\"_blank\" rel=\"noopener\"><span style=\"color: #0000ff;\"><strong>medidas de ajuste fiscal que v\u00eam sendo aprofundadas desde o golpe parlamentar<\/strong><\/span><\/a> que colocou Michel Temer na presid\u00eancia da Rep\u00fablica, a educa\u00e7\u00e3o p\u00fablica est\u00e1, aos poucos, se definhando.\u00a0O corte or\u00e7ament\u00e1rio intensificado pelo governo ileg\u00edtimo afeta principalmente as universidades federais, que t\u00eam demitido professores, terceirizado funcion\u00e1rios e racionalizado gastos para lidar com o d\u00e9ficit financeiro.<\/p>\n<p>Nesse cen\u00e1rio, pelo menos 11 universidades federais brasileiras correm risco de n\u00e3o conseguir terminar o ano por falta de recursos. N\u00e3o h\u00e1 possibilidade para o funcionamento b\u00e1sico dessas institui\u00e7\u00f5es sem\u00a0dinheiro para pagamento de contas de \u00e1gua, luz, limpeza e seguran\u00e7a, al\u00e9m de atividades acad\u00eamicas e de pesquisa, como manuten\u00e7\u00e3o de bolsas de inicia\u00e7\u00e3o cient\u00edfica, compra de materiais e insumos para laborat\u00f3rio e equipamentos.<\/p>\n<p>Neste ano, os cortes anunciados em mar\u00e7o atingiram R$ 3,6 bilh\u00f5es de despesas diretas do Minist\u00e9rio da Educa\u00e7\u00e3o (MEC), al\u00e9m de R$ 700 milh\u00f5es em emendas parlamentares para a \u00e1rea da educa\u00e7\u00e3o. Levando em conta o total previsto, a pasta realizou um contingenciamento de 15% do or\u00e7amento para o custeio das universidades e 40% da verba para obras.<\/p>\n<p><em><strong>Leia mais:\u00a0<a href=\"http:\/\/www.ivanvalente.com.br\/em-defesa-do-futuro-do-pais-da-universidade-publica-e-da-producao-cientifica\/\" target=\"_blank\" rel=\"noopener\"><span style=\"color: #0000ff;\">Em defesa do futuro do pa\u00eds, da universidade p\u00fablica e da produ\u00e7\u00e3o cient\u00edfica!<\/span><\/a><\/strong><\/em><\/p>\n<p>A aus\u00eancia de investimento para as universidades brasileiras, entretanto, n\u00e3o \u00e9 um problema financeiro. O pa\u00eds tem plena condi\u00e7\u00e3o econ\u00f4mica de manter as institui\u00e7\u00f5es de ensino funcionando, mas possui outras prioridades na hora de aplicar os recursos p\u00fablicos &#8211; como <a href=\"http:\/\/www.psol50.org.br\/blog\/2017\/07\/17\/psol-denuncia-compra-de-votos-de-temer-a-pgr\/\" target=\"_blank\" rel=\"noopener\"><span style=\"color: #0000ff;\"><strong>comprar votos de parlamentares<\/strong><\/span><\/a>, a fim de garantir a blindagem de um presidente investigado por corrup\u00e7\u00e3o. Ou, no caso do governo do Rio de Janeiro &#8211; cuja universidade estadual (UERJ) teve de paralisar o semestre por falta de recursos -, <a href=\"http:\/\/www.psol50.org.br\/blog\/2017\/08\/11\/pezao-nao-tem-dinheiro-para-pagar-servidores-mas-tem-para-contratar-empresa-de-taxi-aereo-por-r-25-milhoes\/\" target=\"_blank\" rel=\"noopener\"><span style=\"color: #0000ff;\"><strong>contratar jatinhos pessoais<\/strong><\/span><\/a>.<\/p>\n<p>Trata-se, sobretudo, de uma decis\u00e3o pol\u00edtica dos governos para um novo projeto educacional &#8211; que segue a l\u00f3gica privatista e higienista, garantindo o acesso ao ensino superior apenas aos grupos privilegiados da sociedade.<\/p>\n<blockquote class=\"twitter-tweet\" data-width=\"550\" data-dnt=\"true\">\n<p lang=\"pt\" dir=\"ltr\">\u00c9 um esc\u00e1rnio com a popula\u00e7\u00e3o, \u00f1 tem recursos para sa\u00fade, educa\u00e7\u00e3o, seguran\u00e7a,mas tem para emendas de parlamentares fisiol\u00f3gicos e corruptos<\/p>\n<p>&mdash; Ivan Valente (@IvanValente) <a href=\"https:\/\/twitter.com\/IvanValente\/status\/892102194505404416?ref_src=twsrc%5Etfw\">July 31, 2017<\/a><\/p><\/blockquote>\n<p><script async src=\"https:\/\/platform.twitter.com\/widgets.js\" charset=\"utf-8\"><\/script><\/p>\n<p>Com 63 universidades espalhadas pelo pa\u00eds, a rede federal de ensino superior forma for\u00e7a de trabalho altamente qualificada e \u00e9 respons\u00e1vel por mais da metade da pesquisa cient\u00edfica produzida no Brasil. Al\u00e9m disso, as institui\u00e7\u00f5es oferecem servi\u00e7os diretos \u00e0 sociedade, como\u00a0cl\u00ednicas e hospitais universit\u00e1rios.\u00a0Com o avan\u00e7o desmedido do neoliberalismo e de suas l\u00f3gicas privativas, tudo isso est\u00e1 em risco.<\/p>\n<p>Paralelo ao corte de verbas das universidade, est\u00e1 o corte\u00a0do n\u00famero de bolsas oferecidas pelo Conselho Nacional de Desenvolvimento Cient\u00edfico e Tecnol\u00f3gico (CNPq) e pela Coordena\u00e7\u00e3o de Aperfei\u00e7oamento de Pessoa de N\u00edvel Superior (Capes). Desde 2015, o n\u00famero de bolsas &#8211; inclusive de mestrado e doutorado &#8211;\u00a0reduziu-se a menos da metade (de 163 mil para 80 mil).<\/p>\n<p>A situa\u00e7\u00e3o este ano \u00e9 ainda mais grave.\u00a0O CNPq recentemente afirmou que todos seu or\u00e7amento est\u00e1 esgotado, ent\u00e3o mesmo as bolsas que deveriam estar garantidas correm o risco de n\u00e3o serem pagas. O instituto afirmou que s\u00f3 possui dinheiro para pagar as bolsas at\u00e9 o in\u00edcio de setembro.<\/p>\n<p>Em plen\u00e1rio, o deputado Edmilson Rodrigues (PA) afirmou que o desmonte do CNPq &#8220;vai contra o desenvolvimento cient\u00edfico, tecnol\u00f3gico e social do pa\u00eds&#8221;. \u00c9 um verdadeiro desservi\u00e7o.<\/p>\n<blockquote class=\"twitter-tweet\" data-width=\"550\" data-dnt=\"true\">\n<p lang=\"pt\" dir=\"ltr\">Na C\u00e2mara manifestei minha indigna\u00e7\u00e3o sobre o iminente corte de mais de 100 mil bolsas do CNPq. \u00c9 um crime contra o desenvolvimento do pa\u00eds! <a href=\"https:\/\/t.co\/D51uQewGWB\">pic.twitter.com\/D51uQewGWB<\/a><\/p>\n<p>&mdash; Edmilson Rodrigues (@EdmilsonPSOL) <a href=\"https:\/\/twitter.com\/EdmilsonPSOL\/status\/895001981642838016?ref_src=twsrc%5Etfw\">August 8, 2017<\/a><\/p><\/blockquote>\n<p><script async src=\"https:\/\/platform.twitter.com\/widgets.js\" charset=\"utf-8\"><\/script><\/p>\n<p>O sucateamento das universidades p\u00fablicas vai em encontro ao projeto neoliberal de Temer e sua base de apoio: querem precarizar o servi\u00e7o at\u00e9 n\u00e3o existir outra alternativa, a n\u00e3o ser privatizar &#8211; seja por meio de financiamento privado, seja cobrando mensalidades dos estudantes.<\/p>\n<p>E, mais uma vez, quem sofre as consequ\u00eancias da crise gerada pelo golpe s\u00e3o aqueles que sequer foram \u00e0s urnas votar por esse projeto: o povo.<\/p>\n","protected":false},"excerpt":{"rendered":"<p>&#8220;A crise da educa\u00e7\u00e3o no Brasil n\u00e3o \u00e9 uma crise, \u00e9 um projeto&#8221;. Assim o antrop\u00f3logo Darcy Ribeiro denunciava as inten\u00e7\u00f5es para o sistema educacional do pa\u00eds, ainda em 1977, auge da ditadura militar. Em 2017, 40 anos depois, o Brasil sente na pele as previs\u00f5es de Darcy. Atrav\u00e9s de medidas de ajuste fiscal que [&hellip;]<\/p>\n","protected":false},"author":2,"featured_media":17820,"comment_status":"open","ping_status":"open","sticky":false,"template":"","format":"standard","meta":{"_acf_changed":false,"footnotes":""},"categories":[1882,2208,6],"tags":[3474,2203,164,151,1575,1748,1105,3475,2500],"class_list":{"0":"post-17548","1":"post","2":"type-post","3":"status-publish","4":"format-standard","5":"has-post-thumbnail","7":"category-brasil","8":"category-educacao","9":"category-noticias","10":"tag-darcy-ribeiro","11":"tag-desmonte","12":"tag-educacao","13":"tag-golpe","14":"tag-governo-federal","15":"tag-michel-temer","16":"tag-ministerio-da-educacao","17":"tag-neoliberalismo","18":"tag-universidade-publica"},"acf":[],"yoast_head":"<!-- This site is optimized with the Yoast SEO plugin v26.5 - https:\/\/yoast.com\/wordpress\/plugins\/seo\/ -->\n<title>Universidades p\u00fablicas por um fio: mais uma trag\u00e9dia do golpe - PSOL 50<\/title>\n<meta name=\"robots\" content=\"index, follow, max-snippet:-1, max-image-preview:large, max-video-preview:-1\" \/>\n<link rel=\"canonical\" href=\"https:\/\/psol50.org.br\/universidades-publicas-por-um-fio-mais-uma-tragedia-do-golpe\/\" \/>\n<meta property=\"og:locale\" content=\"pt_BR\" \/>\n<meta property=\"og:type\" content=\"article\" \/>\n<meta property=\"og:title\" content=\"Universidades p\u00fablicas por um fio: mais uma trag\u00e9dia do golpe - PSOL 50\" \/>\n<meta property=\"og:description\" content=\"&#8220;A crise da educa\u00e7\u00e3o no Brasil n\u00e3o \u00e9 uma crise, \u00e9 um projeto&#8221;. Assim o antrop\u00f3logo Darcy Ribeiro denunciava as inten\u00e7\u00f5es para o sistema educacional do pa\u00eds, ainda em 1977, auge da ditadura militar. Em 2017, 40 anos depois, o Brasil sente na pele as previs\u00f5es de Darcy. Atrav\u00e9s de medidas de ajuste fiscal que [&hellip;]\" \/>\n<meta property=\"og:url\" content=\"https:\/\/psol50.org.br\/universidades-publicas-por-um-fio-mais-uma-tragedia-do-golpe\/\" \/>\n<meta property=\"og:site_name\" content=\"PSOL 50\" \/>\n<meta property=\"article:publisher\" content=\"https:\/\/www.facebook.com\/psol50\" \/>\n<meta property=\"article:published_time\" content=\"2017-08-14T14:56:58+00:00\" \/>\n<meta property=\"og:image\" content=\"https:\/\/psol50.org.br\/inc\/uploads\/2018\/07\/capa.png\" \/>\n\t<meta property=\"og:image:width\" content=\"1350\" \/>\n\t<meta property=\"og:image:height\" content=\"900\" \/>\n\t<meta property=\"og:image:type\" content=\"image\/png\" \/>\n<meta name=\"author\" content=\"Comunica\u00e7\u00e3o PSOL\" \/>\n<meta name=\"twitter:card\" content=\"summary_large_image\" \/>\n<meta name=\"twitter:creator\" content=\"@psol50\" \/>\n<meta name=\"twitter:site\" content=\"@psol50\" \/>\n<meta name=\"twitter:label1\" content=\"Escrito por\" \/>\n\t<meta name=\"twitter:data1\" content=\"Comunica\u00e7\u00e3o PSOL\" \/>\n\t<meta name=\"twitter:label2\" content=\"Est. tempo de leitura\" \/>\n\t<meta name=\"twitter:data2\" content=\"4 minutos\" \/>\n<script type=\"application\/ld+json\" class=\"yoast-schema-graph\">{\"@context\":\"https:\/\/schema.org\",\"@graph\":[{\"@type\":\"Article\",\"@id\":\"https:\/\/psol50.org.br\/universidades-publicas-por-um-fio-mais-uma-tragedia-do-golpe\/#article\",\"isPartOf\":{\"@id\":\"https:\/\/psol50.org.br\/universidades-publicas-por-um-fio-mais-uma-tragedia-do-golpe\/\"},\"author\":{\"name\":\"Comunica\u00e7\u00e3o PSOL\",\"@id\":\"https:\/\/psol50.org.br\/#\/schema\/person\/475dfa57d0b815993c714c2e96491fcd\"},\"headline\":\"Universidades p\u00fablicas por um fio: mais uma trag\u00e9dia do golpe\",\"datePublished\":\"2017-08-14T14:56:58+00:00\",\"mainEntityOfPage\":{\"@id\":\"https:\/\/psol50.org.br\/universidades-publicas-por-um-fio-mais-uma-tragedia-do-golpe\/\"},\"wordCount\":715,\"commentCount\":0,\"publisher\":{\"@id\":\"https:\/\/psol50.org.br\/#organization\"},\"image\":{\"@id\":\"https:\/\/psol50.org.br\/universidades-publicas-por-um-fio-mais-uma-tragedia-do-golpe\/#primaryimage\"},\"thumbnailUrl\":\"\",\"keywords\":[\"Darcy Ribeiro\",\"desmonte\",\"Educa\u00e7\u00e3o\",\"golpe\",\"Governo Federal\",\"Michel Temer\",\"Minist\u00e9rio da Educa\u00e7\u00e3o\",\"neoliberalismo\",\"universidade p\u00fablica\"],\"articleSection\":[\"Brasil\",\"Educa\u00e7\u00e3o\",\"Not\u00edcias\"],\"inLanguage\":\"pt-BR\",\"potentialAction\":[{\"@type\":\"CommentAction\",\"name\":\"Comment\",\"target\":[\"https:\/\/psol50.org.br\/universidades-publicas-por-um-fio-mais-uma-tragedia-do-golpe\/#respond\"]}]},{\"@type\":\"WebPage\",\"@id\":\"https:\/\/psol50.org.br\/universidades-publicas-por-um-fio-mais-uma-tragedia-do-golpe\/\",\"url\":\"https:\/\/psol50.org.br\/universidades-publicas-por-um-fio-mais-uma-tragedia-do-golpe\/\",\"name\":\"Universidades p\u00fablicas por um fio: mais uma trag\u00e9dia do golpe - PSOL 50\",\"isPartOf\":{\"@id\":\"https:\/\/psol50.org.br\/#website\"},\"primaryImageOfPage\":{\"@id\":\"https:\/\/psol50.org.br\/universidades-publicas-por-um-fio-mais-uma-tragedia-do-golpe\/#primaryimage\"},\"image\":{\"@id\":\"https:\/\/psol50.org.br\/universidades-publicas-por-um-fio-mais-uma-tragedia-do-golpe\/#primaryimage\"},\"thumbnailUrl\":\"\",\"datePublished\":\"2017-08-14T14:56:58+00:00\",\"breadcrumb\":{\"@id\":\"https:\/\/psol50.org.br\/universidades-publicas-por-um-fio-mais-uma-tragedia-do-golpe\/#breadcrumb\"},\"inLanguage\":\"pt-BR\",\"potentialAction\":[{\"@type\":\"ReadAction\",\"target\":[\"https:\/\/psol50.org.br\/universidades-publicas-por-um-fio-mais-uma-tragedia-do-golpe\/\"]}]},{\"@type\":\"ImageObject\",\"inLanguage\":\"pt-BR\",\"@id\":\"https:\/\/psol50.org.br\/universidades-publicas-por-um-fio-mais-uma-tragedia-do-golpe\/#primaryimage\",\"url\":\"\",\"contentUrl\":\"\"},{\"@type\":\"BreadcrumbList\",\"@id\":\"https:\/\/psol50.org.br\/universidades-publicas-por-um-fio-mais-uma-tragedia-do-golpe\/#breadcrumb\",\"itemListElement\":[{\"@type\":\"ListItem\",\"position\":1,\"name\":\"In\u00edcio\",\"item\":\"https:\/\/psol50.org.br\/\"},{\"@type\":\"ListItem\",\"position\":2,\"name\":\"Universidades p\u00fablicas por um fio: mais uma trag\u00e9dia do golpe\"}]},{\"@type\":\"WebSite\",\"@id\":\"https:\/\/psol50.org.br\/#website\",\"url\":\"https:\/\/psol50.org.br\/\",\"name\":\"PSOL 50\",\"description\":\"Site oficial do Partido Socialismo e Liberdade\",\"publisher\":{\"@id\":\"https:\/\/psol50.org.br\/#organization\"},\"alternateName\":\"PSOL50\",\"potentialAction\":[{\"@type\":\"SearchAction\",\"target\":{\"@type\":\"EntryPoint\",\"urlTemplate\":\"https:\/\/psol50.org.br\/?s={search_term_string}\"},\"query-input\":{\"@type\":\"PropertyValueSpecification\",\"valueRequired\":true,\"valueName\":\"search_term_string\"}}],\"inLanguage\":\"pt-BR\"},{\"@type\":\"Organization\",\"@id\":\"https:\/\/psol50.org.br\/#organization\",\"name\":\"PSOL 50\",\"alternateName\":\"PSOL 50\",\"url\":\"https:\/\/psol50.org.br\/\",\"logo\":{\"@type\":\"ImageObject\",\"inLanguage\":\"pt-BR\",\"@id\":\"https:\/\/psol50.org.br\/#\/schema\/logo\/image\/\",\"url\":\"https:\/\/psol50.org.br\/inc\/uploads\/2018\/07\/capa.png\",\"contentUrl\":\"https:\/\/psol50.org.br\/inc\/uploads\/2018\/07\/capa.png\",\"width\":1350,\"height\":900,\"caption\":\"PSOL 50\"},\"image\":{\"@id\":\"https:\/\/psol50.org.br\/#\/schema\/logo\/image\/\"},\"sameAs\":[\"https:\/\/www.facebook.com\/psol50\",\"https:\/\/x.com\/psol50\",\"https:\/\/www.instagram.com\/psol50\/\",\"https:\/\/www.youtube.com\/channel\/UC7SnJS5o1os7a6CaiNabzcg\"]},{\"@type\":\"Person\",\"@id\":\"https:\/\/psol50.org.br\/#\/schema\/person\/475dfa57d0b815993c714c2e96491fcd\",\"name\":\"Comunica\u00e7\u00e3o PSOL\",\"image\":{\"@type\":\"ImageObject\",\"inLanguage\":\"pt-BR\",\"@id\":\"https:\/\/psol50.org.br\/#\/schema\/person\/image\/\",\"url\":\"https:\/\/secure.gravatar.com\/avatar\/b34fc4f4e468a4e51785917065a3db57b841f5c95dba6ad8c73aaf8f66f8f9bf?s=96&d=mm&r=g\",\"contentUrl\":\"https:\/\/secure.gravatar.com\/avatar\/b34fc4f4e468a4e51785917065a3db57b841f5c95dba6ad8c73aaf8f66f8f9bf?s=96&d=mm&r=g\",\"caption\":\"Comunica\u00e7\u00e3o PSOL\"}}]}<\/script>\n<!-- \/ Yoast SEO plugin. -->","yoast_head_json":{"title":"Universidades p\u00fablicas por um fio: mais uma trag\u00e9dia do golpe - PSOL 50","robots":{"index":"index","follow":"follow","max-snippet":"max-snippet:-1","max-image-preview":"max-image-preview:large","max-video-preview":"max-video-preview:-1"},"canonical":"https:\/\/psol50.org.br\/universidades-publicas-por-um-fio-mais-uma-tragedia-do-golpe\/","og_locale":"pt_BR","og_type":"article","og_title":"Universidades p\u00fablicas por um fio: mais uma trag\u00e9dia do golpe - PSOL 50","og_description":"&#8220;A crise da educa\u00e7\u00e3o no Brasil n\u00e3o \u00e9 uma crise, \u00e9 um projeto&#8221;. Assim o antrop\u00f3logo Darcy Ribeiro denunciava as inten\u00e7\u00f5es para o sistema educacional do pa\u00eds, ainda em 1977, auge da ditadura militar. Em 2017, 40 anos depois, o Brasil sente na pele as previs\u00f5es de Darcy. Atrav\u00e9s de medidas de ajuste fiscal que [&hellip;]","og_url":"https:\/\/psol50.org.br\/universidades-publicas-por-um-fio-mais-uma-tragedia-do-golpe\/","og_site_name":"PSOL 50","article_publisher":"https:\/\/www.facebook.com\/psol50","article_published_time":"2017-08-14T14:56:58+00:00","og_image":[{"width":1350,"height":900,"url":"https:\/\/psol50.org.br\/inc\/uploads\/2018\/07\/capa.png","type":"image\/png"}],"author":"Comunica\u00e7\u00e3o PSOL","twitter_card":"summary_large_image","twitter_creator":"@psol50","twitter_site":"@psol50","twitter_misc":{"Escrito por":"Comunica\u00e7\u00e3o PSOL","Est. tempo de leitura":"4 minutos"},"schema":{"@context":"https:\/\/schema.org","@graph":[{"@type":"Article","@id":"https:\/\/psol50.org.br\/universidades-publicas-por-um-fio-mais-uma-tragedia-do-golpe\/#article","isPartOf":{"@id":"https:\/\/psol50.org.br\/universidades-publicas-por-um-fio-mais-uma-tragedia-do-golpe\/"},"author":{"name":"Comunica\u00e7\u00e3o PSOL","@id":"https:\/\/psol50.org.br\/#\/schema\/person\/475dfa57d0b815993c714c2e96491fcd"},"headline":"Universidades p\u00fablicas por um fio: mais uma trag\u00e9dia do golpe","datePublished":"2017-08-14T14:56:58+00:00","mainEntityOfPage":{"@id":"https:\/\/psol50.org.br\/universidades-publicas-por-um-fio-mais-uma-tragedia-do-golpe\/"},"wordCount":715,"commentCount":0,"publisher":{"@id":"https:\/\/psol50.org.br\/#organization"},"image":{"@id":"https:\/\/psol50.org.br\/universidades-publicas-por-um-fio-mais-uma-tragedia-do-golpe\/#primaryimage"},"thumbnailUrl":"","keywords":["Darcy Ribeiro","desmonte","Educa\u00e7\u00e3o","golpe","Governo Federal","Michel Temer","Minist\u00e9rio da Educa\u00e7\u00e3o","neoliberalismo","universidade p\u00fablica"],"articleSection":["Brasil","Educa\u00e7\u00e3o","Not\u00edcias"],"inLanguage":"pt-BR","potentialAction":[{"@type":"CommentAction","name":"Comment","target":["https:\/\/psol50.org.br\/universidades-publicas-por-um-fio-mais-uma-tragedia-do-golpe\/#respond"]}]},{"@type":"WebPage","@id":"https:\/\/psol50.org.br\/universidades-publicas-por-um-fio-mais-uma-tragedia-do-golpe\/","url":"https:\/\/psol50.org.br\/universidades-publicas-por-um-fio-mais-uma-tragedia-do-golpe\/","name":"Universidades p\u00fablicas por um fio: mais uma trag\u00e9dia do golpe - PSOL 50","isPartOf":{"@id":"https:\/\/psol50.org.br\/#website"},"primaryImageOfPage":{"@id":"https:\/\/psol50.org.br\/universidades-publicas-por-um-fio-mais-uma-tragedia-do-golpe\/#primaryimage"},"image":{"@id":"https:\/\/psol50.org.br\/universidades-publicas-por-um-fio-mais-uma-tragedia-do-golpe\/#primaryimage"},"thumbnailUrl":"","datePublished":"2017-08-14T14:56:58+00:00","breadcrumb":{"@id":"https:\/\/psol50.org.br\/universidades-publicas-por-um-fio-mais-uma-tragedia-do-golpe\/#breadcrumb"},"inLanguage":"pt-BR","potentialAction":[{"@type":"ReadAction","target":["https:\/\/psol50.org.br\/universidades-publicas-por-um-fio-mais-uma-tragedia-do-golpe\/"]}]},{"@type":"ImageObject","inLanguage":"pt-BR","@id":"https:\/\/psol50.org.br\/universidades-publicas-por-um-fio-mais-uma-tragedia-do-golpe\/#primaryimage","url":"","contentUrl":""},{"@type":"BreadcrumbList","@id":"https:\/\/psol50.org.br\/universidades-publicas-por-um-fio-mais-uma-tragedia-do-golpe\/#breadcrumb","itemListElement":[{"@type":"ListItem","position":1,"name":"In\u00edcio","item":"https:\/\/psol50.org.br\/"},{"@type":"ListItem","position":2,"name":"Universidades p\u00fablicas por um fio: mais uma trag\u00e9dia do golpe"}]},{"@type":"WebSite","@id":"https:\/\/psol50.org.br\/#website","url":"https:\/\/psol50.org.br\/","name":"PSOL 50","description":"Site oficial do Partido Socialismo e Liberdade","publisher":{"@id":"https:\/\/psol50.org.br\/#organization"},"alternateName":"PSOL50","potentialAction":[{"@type":"SearchAction","target":{"@type":"EntryPoint","urlTemplate":"https:\/\/psol50.org.br\/?s={search_term_string}"},"query-input":{"@type":"PropertyValueSpecification","valueRequired":true,"valueName":"search_term_string"}}],"inLanguage":"pt-BR"},{"@type":"Organization","@id":"https:\/\/psol50.org.br\/#organization","name":"PSOL 50","alternateName":"PSOL 50","url":"https:\/\/psol50.org.br\/","logo":{"@type":"ImageObject","inLanguage":"pt-BR","@id":"https:\/\/psol50.org.br\/#\/schema\/logo\/image\/","url":"https:\/\/psol50.org.br\/inc\/uploads\/2018\/07\/capa.png","contentUrl":"https:\/\/psol50.org.br\/inc\/uploads\/2018\/07\/capa.png","width":1350,"height":900,"caption":"PSOL 50"},"image":{"@id":"https:\/\/psol50.org.br\/#\/schema\/logo\/image\/"},"sameAs":["https:\/\/www.facebook.com\/psol50","https:\/\/x.com\/psol50","https:\/\/www.instagram.com\/psol50\/","https:\/\/www.youtube.com\/channel\/UC7SnJS5o1os7a6CaiNabzcg"]},{"@type":"Person","@id":"https:\/\/psol50.org.br\/#\/schema\/person\/475dfa57d0b815993c714c2e96491fcd","name":"Comunica\u00e7\u00e3o PSOL","image":{"@type":"ImageObject","inLanguage":"pt-BR","@id":"https:\/\/psol50.org.br\/#\/schema\/person\/image\/","url":"https:\/\/secure.gravatar.com\/avatar\/b34fc4f4e468a4e51785917065a3db57b841f5c95dba6ad8c73aaf8f66f8f9bf?s=96&d=mm&r=g","contentUrl":"https:\/\/secure.gravatar.com\/avatar\/b34fc4f4e468a4e51785917065a3db57b841f5c95dba6ad8c73aaf8f66f8f9bf?s=96&d=mm&r=g","caption":"Comunica\u00e7\u00e3o PSOL"}}]}},"_links":{"self":[{"href":"https:\/\/psol50.org.br\/rest\/wp\/v2\/posts\/17548","targetHints":{"allow":["GET"]}}],"collection":[{"href":"https:\/\/psol50.org.br\/rest\/wp\/v2\/posts"}],"about":[{"href":"https:\/\/psol50.org.br\/rest\/wp\/v2\/types\/post"}],"author":[{"embeddable":true,"href":"https:\/\/psol50.org.br\/rest\/wp\/v2\/users\/2"}],"replies":[{"embeddable":true,"href":"https:\/\/psol50.org.br\/rest\/wp\/v2\/comments?post=17548"}],"version-history":[{"count":0,"href":"https:\/\/psol50.org.br\/rest\/wp\/v2\/posts\/17548\/revisions"}],"wp:featuredmedia":[{"embeddable":true,"href":"https:\/\/psol50.org.br\/rest\/"}],"wp:attachment":[{"href":"https:\/\/psol50.org.br\/rest\/wp\/v2\/media?parent=17548"}],"wp:term":[{"taxonomy":"category","embeddable":true,"href":"https:\/\/psol50.org.br\/rest\/wp\/v2\/categories?post=17548"},{"taxonomy":"post_tag","embeddable":true,"href":"https:\/\/psol50.org.br\/rest\/wp\/v2\/tags?post=17548"}],"curies":[{"name":"wp","href":"https:\/\/api.w.org\/{rel}","templated":true}]}}