{"id":17560,"date":"2017-08-14T13:47:46","date_gmt":"2017-08-14T13:47:46","guid":{"rendered":"http:\/\/www.psol50.org.br\/?p=17560"},"modified":"2017-08-14T13:47:46","modified_gmt":"2017-08-14T13:47:46","slug":"movimentos-sociais-lancam-plataforma-para-debater-uma-alternativa-de-esquerda-para-o-pais","status":"publish","type":"post","link":"https:\/\/psol50.org.br\/movimentos-sociais-lancam-plataforma-para-debater-uma-alternativa-de-esquerda-para-o-pais\/","title":{"rendered":"Movimentos sociais lan\u00e7am plataforma para debater uma alternativa de esquerda para o pa\u00eds"},"content":{"rendered":"<p>Movimentos sociais que est\u00e3o organizados na Frente Povo Sem Medo lan\u00e7am nesta segunda-feira (14\/08) a plataforma Vamos!, que ser\u00e1 um canal na internet para debater projetos pensando o futuro do pa\u00eds. Junto ao lan\u00e7amento do site, ser\u00e1 realizada uma s\u00e9rie de debates em diversas capitais brasileiras, transmitidos atrav\u00e9s do Vamos!.\u00a0 Na oportunidade, os internautas poder\u00e3o participar de forma interativa, sugerindo temas para a elabora\u00e7\u00e3o de um programa de esquerda para o Brasil.<\/p>\n<p>A iniciativa \u00e9 inspirada no Podemos, da Espanha, e os encontros ser\u00e3o em espa\u00e7os p\u00fablicos, com ampla participa\u00e7\u00e3o da sociedade. Os idealizadores do projeto explicam que o objetivo \u00e9 garantir que a participa\u00e7\u00e3o nos debates n\u00e3o fique restrita \u00e0 milit\u00e2ncia. &#8220;Essa ferramenta de rede permite que mais gente participe, pessoas que \u00e0s vezes n\u00e3o t\u00eam o costume de se organizar e atuar em movimentos de rua&#8221;, disse, \u00e0 Folha de S. Paulo, Guilherme Boulos, dirigente nacional do MTST e um dos articuladores do Vamos!.<\/p>\n<p>Propostas referentes a diversos temas, como sa\u00fade, educa\u00e7\u00e3o, moradia, participa\u00e7\u00e3o social, juventude, comunica\u00e7\u00e3o, direitos humanos, ra\u00e7a, g\u00eanero, LGBT, meio ambiente, entre tantos outros, ser\u00e3o debatidos. O Fora Temer tamb\u00e9m estar\u00e1 na pauta.<\/p>\n<p>Boulos argumenta que h\u00e1 uma demanda de participa\u00e7\u00e3o pol\u00edtica na sociedade, expressada muito por meio das redes sociais, em especial pela juventude.<\/p>\n","protected":false},"excerpt":{"rendered":"<p>Movimentos sociais que est\u00e3o organizados na Frente Povo Sem Medo lan\u00e7am nesta segunda-feira (14\/08) a plataforma Vamos!, que ser\u00e1 um canal na internet para debater projetos pensando o futuro do pa\u00eds. Junto ao lan\u00e7amento do site, ser\u00e1 realizada uma s\u00e9rie de debates em diversas capitais brasileiras, transmitidos atrav\u00e9s do Vamos!.\u00a0 Na oportunidade, os internautas poder\u00e3o [&hellip;]<\/p>\n","protected":false},"author":2,"featured_media":17822,"comment_status":"open","ping_status":"open","sticky":false,"template":"","format":"standard","meta":{"_acf_changed":false,"footnotes":""},"categories":[1882,1104,6],"tags":[3190,3480,790,2169,977,1927,99,3481,1945,2302,3482,2525],"class_list":{"0":"post-17560","1":"post","2":"type-post","3":"status-publish","4":"format-standard","5":"has-post-thumbnail","7":"category-brasil","8":"category-movimento","9":"category-noticias","10":"tag-alternativa","11":"tag-debates","12":"tag-esquerda","13":"tag-fora-temer","14":"tag-guilherme-boulos","15":"tag-juventude","16":"tag-movimentos-sociais","17":"tag-palataforma","18":"tag-povo-sem-medo","19":"tag-site","20":"tag-sociedade","21":"tag-vamos"},"acf":[],"yoast_head":"<!-- This site is optimized with the Yoast SEO plugin v26.5 - https:\/\/yoast.com\/wordpress\/plugins\/seo\/ -->\n<title>Movimentos sociais lan\u00e7am plataforma para debater uma alternativa de esquerda para o pa\u00eds - PSOL 50<\/title>\n<meta name=\"robots\" content=\"index, follow, max-snippet:-1, max-image-preview:large, max-video-preview:-1\" \/>\n<link rel=\"canonical\" href=\"https:\/\/psol50.org.br\/movimentos-sociais-lancam-plataforma-para-debater-uma-alternativa-de-esquerda-para-o-pais\/\" \/>\n<meta property=\"og:locale\" content=\"pt_BR\" \/>\n<meta property=\"og:type\" content=\"article\" \/>\n<meta property=\"og:title\" content=\"Movimentos sociais lan\u00e7am plataforma para debater uma alternativa de esquerda para o pa\u00eds - PSOL 50\" \/>\n<meta property=\"og:description\" content=\"Movimentos sociais que est\u00e3o organizados na Frente Povo Sem Medo lan\u00e7am nesta segunda-feira (14\/08) a plataforma Vamos!, que ser\u00e1 um canal na internet para debater projetos pensando o futuro do pa\u00eds. Junto ao lan\u00e7amento do site, ser\u00e1 realizada uma s\u00e9rie de debates em diversas capitais brasileiras, transmitidos atrav\u00e9s do Vamos!.\u00a0 Na oportunidade, os internautas poder\u00e3o [&hellip;]\" \/>\n<meta property=\"og:url\" content=\"https:\/\/psol50.org.br\/movimentos-sociais-lancam-plataforma-para-debater-uma-alternativa-de-esquerda-para-o-pais\/\" \/>\n<meta property=\"og:site_name\" content=\"PSOL 50\" \/>\n<meta property=\"article:publisher\" content=\"https:\/\/www.facebook.com\/psol50\" \/>\n<meta property=\"article:published_time\" content=\"2017-08-14T13:47:46+00:00\" \/>\n<meta property=\"og:image\" content=\"https:\/\/psol50.org.br\/inc\/uploads\/2018\/07\/capa.png\" \/>\n\t<meta property=\"og:image:width\" content=\"1350\" \/>\n\t<meta property=\"og:image:height\" content=\"900\" \/>\n\t<meta property=\"og:image:type\" content=\"image\/png\" \/>\n<meta name=\"author\" content=\"Comunica\u00e7\u00e3o PSOL\" \/>\n<meta name=\"twitter:card\" content=\"summary_large_image\" \/>\n<meta name=\"twitter:creator\" content=\"@psol50\" \/>\n<meta name=\"twitter:site\" content=\"@psol50\" \/>\n<meta name=\"twitter:label1\" content=\"Escrito por\" \/>\n\t<meta name=\"twitter:data1\" content=\"Comunica\u00e7\u00e3o PSOL\" \/>\n\t<meta name=\"twitter:label2\" content=\"Est. tempo de leitura\" \/>\n\t<meta name=\"twitter:data2\" content=\"1 minuto\" \/>\n<script type=\"application\/ld+json\" class=\"yoast-schema-graph\">{\"@context\":\"https:\/\/schema.org\",\"@graph\":[{\"@type\":\"Article\",\"@id\":\"https:\/\/psol50.org.br\/movimentos-sociais-lancam-plataforma-para-debater-uma-alternativa-de-esquerda-para-o-pais\/#article\",\"isPartOf\":{\"@id\":\"https:\/\/psol50.org.br\/movimentos-sociais-lancam-plataforma-para-debater-uma-alternativa-de-esquerda-para-o-pais\/\"},\"author\":{\"name\":\"Comunica\u00e7\u00e3o PSOL\",\"@id\":\"https:\/\/psol50.org.br\/#\/schema\/person\/475dfa57d0b815993c714c2e96491fcd\"},\"headline\":\"Movimentos sociais lan\u00e7am plataforma para debater uma alternativa de esquerda para o pa\u00eds\",\"datePublished\":\"2017-08-14T13:47:46+00:00\",\"mainEntityOfPage\":{\"@id\":\"https:\/\/psol50.org.br\/movimentos-sociais-lancam-plataforma-para-debater-uma-alternativa-de-esquerda-para-o-pais\/\"},\"wordCount\":247,\"commentCount\":0,\"publisher\":{\"@id\":\"https:\/\/psol50.org.br\/#organization\"},\"image\":{\"@id\":\"https:\/\/psol50.org.br\/movimentos-sociais-lancam-plataforma-para-debater-uma-alternativa-de-esquerda-para-o-pais\/#primaryimage\"},\"thumbnailUrl\":\"\",\"keywords\":[\"alternativa\",\"debates\",\"esquerda\",\"Fora Temer\",\"Guilherme Boulos\",\"juventude\",\"movimentos sociais\",\"palataforma\",\"Povo Sem medo\",\"site\",\"sociedade\",\"Vamos!\"],\"articleSection\":[\"Brasil\",\"Movimento\",\"Not\u00edcias\"],\"inLanguage\":\"pt-BR\",\"potentialAction\":[{\"@type\":\"CommentAction\",\"name\":\"Comment\",\"target\":[\"https:\/\/psol50.org.br\/movimentos-sociais-lancam-plataforma-para-debater-uma-alternativa-de-esquerda-para-o-pais\/#respond\"]}]},{\"@type\":\"WebPage\",\"@id\":\"https:\/\/psol50.org.br\/movimentos-sociais-lancam-plataforma-para-debater-uma-alternativa-de-esquerda-para-o-pais\/\",\"url\":\"https:\/\/psol50.org.br\/movimentos-sociais-lancam-plataforma-para-debater-uma-alternativa-de-esquerda-para-o-pais\/\",\"name\":\"Movimentos sociais lan\u00e7am plataforma para debater uma alternativa de esquerda para o pa\u00eds - PSOL 50\",\"isPartOf\":{\"@id\":\"https:\/\/psol50.org.br\/#website\"},\"primaryImageOfPage\":{\"@id\":\"https:\/\/psol50.org.br\/movimentos-sociais-lancam-plataforma-para-debater-uma-alternativa-de-esquerda-para-o-pais\/#primaryimage\"},\"image\":{\"@id\":\"https:\/\/psol50.org.br\/movimentos-sociais-lancam-plataforma-para-debater-uma-alternativa-de-esquerda-para-o-pais\/#primaryimage\"},\"thumbnailUrl\":\"\",\"datePublished\":\"2017-08-14T13:47:46+00:00\",\"breadcrumb\":{\"@id\":\"https:\/\/psol50.org.br\/movimentos-sociais-lancam-plataforma-para-debater-uma-alternativa-de-esquerda-para-o-pais\/#breadcrumb\"},\"inLanguage\":\"pt-BR\",\"potentialAction\":[{\"@type\":\"ReadAction\",\"target\":[\"https:\/\/psol50.org.br\/movimentos-sociais-lancam-plataforma-para-debater-uma-alternativa-de-esquerda-para-o-pais\/\"]}]},{\"@type\":\"ImageObject\",\"inLanguage\":\"pt-BR\",\"@id\":\"https:\/\/psol50.org.br\/movimentos-sociais-lancam-plataforma-para-debater-uma-alternativa-de-esquerda-para-o-pais\/#primaryimage\",\"url\":\"\",\"contentUrl\":\"\"},{\"@type\":\"BreadcrumbList\",\"@id\":\"https:\/\/psol50.org.br\/movimentos-sociais-lancam-plataforma-para-debater-uma-alternativa-de-esquerda-para-o-pais\/#breadcrumb\",\"itemListElement\":[{\"@type\":\"ListItem\",\"position\":1,\"name\":\"In\u00edcio\",\"item\":\"https:\/\/psol50.org.br\/\"},{\"@type\":\"ListItem\",\"position\":2,\"name\":\"Movimentos sociais lan\u00e7am plataforma para debater uma alternativa de esquerda para o pa\u00eds\"}]},{\"@type\":\"WebSite\",\"@id\":\"https:\/\/psol50.org.br\/#website\",\"url\":\"https:\/\/psol50.org.br\/\",\"name\":\"PSOL 50\",\"description\":\"Site oficial do Partido Socialismo e Liberdade\",\"publisher\":{\"@id\":\"https:\/\/psol50.org.br\/#organization\"},\"alternateName\":\"PSOL50\",\"potentialAction\":[{\"@type\":\"SearchAction\",\"target\":{\"@type\":\"EntryPoint\",\"urlTemplate\":\"https:\/\/psol50.org.br\/?s={search_term_string}\"},\"query-input\":{\"@type\":\"PropertyValueSpecification\",\"valueRequired\":true,\"valueName\":\"search_term_string\"}}],\"inLanguage\":\"pt-BR\"},{\"@type\":\"Organization\",\"@id\":\"https:\/\/psol50.org.br\/#organization\",\"name\":\"PSOL 50\",\"alternateName\":\"PSOL 50\",\"url\":\"https:\/\/psol50.org.br\/\",\"logo\":{\"@type\":\"ImageObject\",\"inLanguage\":\"pt-BR\",\"@id\":\"https:\/\/psol50.org.br\/#\/schema\/logo\/image\/\",\"url\":\"https:\/\/psol50.org.br\/inc\/uploads\/2018\/07\/capa.png\",\"contentUrl\":\"https:\/\/psol50.org.br\/inc\/uploads\/2018\/07\/capa.png\",\"width\":1350,\"height\":900,\"caption\":\"PSOL 50\"},\"image\":{\"@id\":\"https:\/\/psol50.org.br\/#\/schema\/logo\/image\/\"},\"sameAs\":[\"https:\/\/www.facebook.com\/psol50\",\"https:\/\/x.com\/psol50\",\"https:\/\/www.instagram.com\/psol50\/\",\"https:\/\/www.youtube.com\/channel\/UC7SnJS5o1os7a6CaiNabzcg\"]},{\"@type\":\"Person\",\"@id\":\"https:\/\/psol50.org.br\/#\/schema\/person\/475dfa57d0b815993c714c2e96491fcd\",\"name\":\"Comunica\u00e7\u00e3o PSOL\",\"image\":{\"@type\":\"ImageObject\",\"inLanguage\":\"pt-BR\",\"@id\":\"https:\/\/psol50.org.br\/#\/schema\/person\/image\/\",\"url\":\"https:\/\/secure.gravatar.com\/avatar\/b34fc4f4e468a4e51785917065a3db57b841f5c95dba6ad8c73aaf8f66f8f9bf?s=96&d=mm&r=g\",\"contentUrl\":\"https:\/\/secure.gravatar.com\/avatar\/b34fc4f4e468a4e51785917065a3db57b841f5c95dba6ad8c73aaf8f66f8f9bf?s=96&d=mm&r=g\",\"caption\":\"Comunica\u00e7\u00e3o PSOL\"}}]}<\/script>\n<!-- \/ Yoast SEO plugin. -->","yoast_head_json":{"title":"Movimentos sociais lan\u00e7am plataforma para debater uma alternativa de esquerda para o pa\u00eds - PSOL 50","robots":{"index":"index","follow":"follow","max-snippet":"max-snippet:-1","max-image-preview":"max-image-preview:large","max-video-preview":"max-video-preview:-1"},"canonical":"https:\/\/psol50.org.br\/movimentos-sociais-lancam-plataforma-para-debater-uma-alternativa-de-esquerda-para-o-pais\/","og_locale":"pt_BR","og_type":"article","og_title":"Movimentos sociais lan\u00e7am plataforma para debater uma alternativa de esquerda para o pa\u00eds - PSOL 50","og_description":"Movimentos sociais que est\u00e3o organizados na Frente Povo Sem Medo lan\u00e7am nesta segunda-feira (14\/08) a plataforma Vamos!, que ser\u00e1 um canal na internet para debater projetos pensando o futuro do pa\u00eds. Junto ao lan\u00e7amento do site, ser\u00e1 realizada uma s\u00e9rie de debates em diversas capitais brasileiras, transmitidos atrav\u00e9s do Vamos!.\u00a0 Na oportunidade, os internautas poder\u00e3o [&hellip;]","og_url":"https:\/\/psol50.org.br\/movimentos-sociais-lancam-plataforma-para-debater-uma-alternativa-de-esquerda-para-o-pais\/","og_site_name":"PSOL 50","article_publisher":"https:\/\/www.facebook.com\/psol50","article_published_time":"2017-08-14T13:47:46+00:00","og_image":[{"width":1350,"height":900,"url":"https:\/\/psol50.org.br\/inc\/uploads\/2018\/07\/capa.png","type":"image\/png"}],"author":"Comunica\u00e7\u00e3o PSOL","twitter_card":"summary_large_image","twitter_creator":"@psol50","twitter_site":"@psol50","twitter_misc":{"Escrito por":"Comunica\u00e7\u00e3o PSOL","Est. tempo de leitura":"1 minuto"},"schema":{"@context":"https:\/\/schema.org","@graph":[{"@type":"Article","@id":"https:\/\/psol50.org.br\/movimentos-sociais-lancam-plataforma-para-debater-uma-alternativa-de-esquerda-para-o-pais\/#article","isPartOf":{"@id":"https:\/\/psol50.org.br\/movimentos-sociais-lancam-plataforma-para-debater-uma-alternativa-de-esquerda-para-o-pais\/"},"author":{"name":"Comunica\u00e7\u00e3o PSOL","@id":"https:\/\/psol50.org.br\/#\/schema\/person\/475dfa57d0b815993c714c2e96491fcd"},"headline":"Movimentos sociais lan\u00e7am plataforma para debater uma alternativa de esquerda para o pa\u00eds","datePublished":"2017-08-14T13:47:46+00:00","mainEntityOfPage":{"@id":"https:\/\/psol50.org.br\/movimentos-sociais-lancam-plataforma-para-debater-uma-alternativa-de-esquerda-para-o-pais\/"},"wordCount":247,"commentCount":0,"publisher":{"@id":"https:\/\/psol50.org.br\/#organization"},"image":{"@id":"https:\/\/psol50.org.br\/movimentos-sociais-lancam-plataforma-para-debater-uma-alternativa-de-esquerda-para-o-pais\/#primaryimage"},"thumbnailUrl":"","keywords":["alternativa","debates","esquerda","Fora Temer","Guilherme Boulos","juventude","movimentos sociais","palataforma","Povo Sem medo","site","sociedade","Vamos!"],"articleSection":["Brasil","Movimento","Not\u00edcias"],"inLanguage":"pt-BR","potentialAction":[{"@type":"CommentAction","name":"Comment","target":["https:\/\/psol50.org.br\/movimentos-sociais-lancam-plataforma-para-debater-uma-alternativa-de-esquerda-para-o-pais\/#respond"]}]},{"@type":"WebPage","@id":"https:\/\/psol50.org.br\/movimentos-sociais-lancam-plataforma-para-debater-uma-alternativa-de-esquerda-para-o-pais\/","url":"https:\/\/psol50.org.br\/movimentos-sociais-lancam-plataforma-para-debater-uma-alternativa-de-esquerda-para-o-pais\/","name":"Movimentos sociais lan\u00e7am plataforma para debater uma alternativa de esquerda para o pa\u00eds - PSOL 50","isPartOf":{"@id":"https:\/\/psol50.org.br\/#website"},"primaryImageOfPage":{"@id":"https:\/\/psol50.org.br\/movimentos-sociais-lancam-plataforma-para-debater-uma-alternativa-de-esquerda-para-o-pais\/#primaryimage"},"image":{"@id":"https:\/\/psol50.org.br\/movimentos-sociais-lancam-plataforma-para-debater-uma-alternativa-de-esquerda-para-o-pais\/#primaryimage"},"thumbnailUrl":"","datePublished":"2017-08-14T13:47:46+00:00","breadcrumb":{"@id":"https:\/\/psol50.org.br\/movimentos-sociais-lancam-plataforma-para-debater-uma-alternativa-de-esquerda-para-o-pais\/#breadcrumb"},"inLanguage":"pt-BR","potentialAction":[{"@type":"ReadAction","target":["https:\/\/psol50.org.br\/movimentos-sociais-lancam-plataforma-para-debater-uma-alternativa-de-esquerda-para-o-pais\/"]}]},{"@type":"ImageObject","inLanguage":"pt-BR","@id":"https:\/\/psol50.org.br\/movimentos-sociais-lancam-plataforma-para-debater-uma-alternativa-de-esquerda-para-o-pais\/#primaryimage","url":"","contentUrl":""},{"@type":"BreadcrumbList","@id":"https:\/\/psol50.org.br\/movimentos-sociais-lancam-plataforma-para-debater-uma-alternativa-de-esquerda-para-o-pais\/#breadcrumb","itemListElement":[{"@type":"ListItem","position":1,"name":"In\u00edcio","item":"https:\/\/psol50.org.br\/"},{"@type":"ListItem","position":2,"name":"Movimentos sociais lan\u00e7am plataforma para debater uma alternativa de esquerda para o pa\u00eds"}]},{"@type":"WebSite","@id":"https:\/\/psol50.org.br\/#website","url":"https:\/\/psol50.org.br\/","name":"PSOL 50","description":"Site oficial do Partido Socialismo e Liberdade","publisher":{"@id":"https:\/\/psol50.org.br\/#organization"},"alternateName":"PSOL50","potentialAction":[{"@type":"SearchAction","target":{"@type":"EntryPoint","urlTemplate":"https:\/\/psol50.org.br\/?s={search_term_string}"},"query-input":{"@type":"PropertyValueSpecification","valueRequired":true,"valueName":"search_term_string"}}],"inLanguage":"pt-BR"},{"@type":"Organization","@id":"https:\/\/psol50.org.br\/#organization","name":"PSOL 50","alternateName":"PSOL 50","url":"https:\/\/psol50.org.br\/","logo":{"@type":"ImageObject","inLanguage":"pt-BR","@id":"https:\/\/psol50.org.br\/#\/schema\/logo\/image\/","url":"https:\/\/psol50.org.br\/inc\/uploads\/2018\/07\/capa.png","contentUrl":"https:\/\/psol50.org.br\/inc\/uploads\/2018\/07\/capa.png","width":1350,"height":900,"caption":"PSOL 50"},"image":{"@id":"https:\/\/psol50.org.br\/#\/schema\/logo\/image\/"},"sameAs":["https:\/\/www.facebook.com\/psol50","https:\/\/x.com\/psol50","https:\/\/www.instagram.com\/psol50\/","https:\/\/www.youtube.com\/channel\/UC7SnJS5o1os7a6CaiNabzcg"]},{"@type":"Person","@id":"https:\/\/psol50.org.br\/#\/schema\/person\/475dfa57d0b815993c714c2e96491fcd","name":"Comunica\u00e7\u00e3o PSOL","image":{"@type":"ImageObject","inLanguage":"pt-BR","@id":"https:\/\/psol50.org.br\/#\/schema\/person\/image\/","url":"https:\/\/secure.gravatar.com\/avatar\/b34fc4f4e468a4e51785917065a3db57b841f5c95dba6ad8c73aaf8f66f8f9bf?s=96&d=mm&r=g","contentUrl":"https:\/\/secure.gravatar.com\/avatar\/b34fc4f4e468a4e51785917065a3db57b841f5c95dba6ad8c73aaf8f66f8f9bf?s=96&d=mm&r=g","caption":"Comunica\u00e7\u00e3o PSOL"}}]}},"_links":{"self":[{"href":"https:\/\/psol50.org.br\/rest\/wp\/v2\/posts\/17560","targetHints":{"allow":["GET"]}}],"collection":[{"href":"https:\/\/psol50.org.br\/rest\/wp\/v2\/posts"}],"about":[{"href":"https:\/\/psol50.org.br\/rest\/wp\/v2\/types\/post"}],"author":[{"embeddable":true,"href":"https:\/\/psol50.org.br\/rest\/wp\/v2\/users\/2"}],"replies":[{"embeddable":true,"href":"https:\/\/psol50.org.br\/rest\/wp\/v2\/comments?post=17560"}],"version-history":[{"count":0,"href":"https:\/\/psol50.org.br\/rest\/wp\/v2\/posts\/17560\/revisions"}],"wp:featuredmedia":[{"embeddable":true,"href":"https:\/\/psol50.org.br\/rest\/"}],"wp:attachment":[{"href":"https:\/\/psol50.org.br\/rest\/wp\/v2\/media?parent=17560"}],"wp:term":[{"taxonomy":"category","embeddable":true,"href":"https:\/\/psol50.org.br\/rest\/wp\/v2\/categories?post=17560"},{"taxonomy":"post_tag","embeddable":true,"href":"https:\/\/psol50.org.br\/rest\/wp\/v2\/tags?post=17560"}],"curies":[{"name":"wp","href":"https:\/\/api.w.org\/{rel}","templated":true}]}}