{"id":17564,"date":"2017-08-14T14:44:51","date_gmt":"2017-08-14T14:44:51","guid":{"rendered":"http:\/\/www.psol50.org.br\/?p=17564"},"modified":"2017-08-14T14:44:51","modified_gmt":"2017-08-14T14:44:51","slug":"ivan-valente-em-defesa-do-futuro-do-pais-da-universidade-publica-e-da-producao-cientifica","status":"publish","type":"post","link":"https:\/\/psol50.org.br\/ivan-valente-em-defesa-do-futuro-do-pais-da-universidade-publica-e-da-producao-cientifica\/","title":{"rendered":"Ivan Valente | Em defesa do futuro do pa\u00eds, da universidade p\u00fablica e da produ\u00e7\u00e3o cient\u00edfica!"},"content":{"rendered":"<p><span style=\"font-size: 13px;\"><em>Artigo publicado originalmente no site do deputado <a href=\"http:\/\/www.ivanvalente.com.br\/em-defesa-do-futuro-do-pais-da-universidade-publica-e-da-producao-cientifica\/\" target=\"_blank\" rel=\"noopener\"><span style=\"color: #0000ff;\">Ivan Valente<\/span><\/a><\/em><\/span><\/p>\n<p>Quando afirmamos que o pa\u00eds est\u00e1 retrocedendo anos, talvez d\u00e9cadas no \u00faltimo per\u00edodo, n\u00e3o estamos fazendo apenas um alarde. Estamos discutindo um projeto de pa\u00eds e de futuro que est\u00e1 se instalando frente ao descaso com a popula\u00e7\u00e3o e com os direitos sociais. Um modelo de desenvolvimento que trata com descaso suas institui\u00e7\u00f5es que t\u00eam por excel\u00eancia divulgar e produzir conhecimento, como as universidades federais. Um modelo de ci\u00eancia e tecnologia que, sem recursos p\u00fablicos, deixar\u00e1 de existir na potencialidade \u00e9tica de pensar projetos de crescimento do pa\u00eds e de diminui\u00e7\u00e3o de desigualdades.<\/p>\n<p>Estamos falando dos cortes no or\u00e7amento federal para produ\u00e7\u00e3o de conhecimento \u2013 na Coordena\u00e7\u00e3o de Aperfei\u00e7oamento de Pessoa de N\u00edvel Superior (Capes), no Minist\u00e9rio da Ci\u00eancia, Tecnologia, Inova\u00e7\u00f5es e Comunica\u00e7\u00f5es e nas Universidades Federais, que sofrem redu\u00e7\u00e3o h\u00e1 dois anos.<\/p>\n<p>Essas redu\u00e7\u00f5es significam que uma perda de cerca de 50% do total de financiamento para a produ\u00e7\u00e3o de conhecimento nesses dois anos. De acordo com os c\u00e1lculos realizados pelo economista Carlos Frederico Le\u00e3o Rocha, professor do Instituto de Economia da UFRJ, os cortes deste ano ser\u00e3o de R$ 4,3 bilh\u00f5es. Esse n\u00famero esmiu\u00e7ado significa uma perda de quase R$ 12 milh\u00f5es por dia, R$ 500 mil por hora ou mais de R$ 8 mil por minuto, excluindo-se desse c\u00e1lculo os gastos obrigat\u00f3rios, como pagamento de sal\u00e1rios. Somadas \u00e0 redu\u00e7\u00e3o j\u00e1 significativa ocorrida em 2016, significa uma perda de cerca de 50% do total de financiamento para produ\u00e7\u00e3o de conhecimento nestes dois anos.<\/p>\n<p>N\u00e3o bastasse a redu\u00e7\u00e3o dr\u00e1stica de or\u00e7amento, o contingenciamento de recursos deste ano, em um or\u00e7amento j\u00e1 reduzido no Minist\u00e9rio da Ci\u00eancia, Tecnologia, Inova\u00e7\u00f5es e Comunica\u00e7\u00f5es foi de 44%! Como vimos amplamente noticiado pelos \u00f3rg\u00e3os da imprensa, o Conselho Nacional de Desenvolvimento Cient\u00edfico e Tecnol\u00f3gico (CNPq), \u00f3rg\u00e3o respons\u00e1vel por subsidiar as bolsas de pesquisa no pa\u00eds, declarou que, devido ao contingenciamento, n\u00e3o haver\u00e1 recursos para continuidade de pagamento de bolsas \u2013 de Inicia\u00e7\u00e3o Cient\u00edfica, Mestrado e Doutorado, por exemplo \u2013 a partir do pr\u00f3ximo m\u00eas. Isso \u00e9 inaceit\u00e1vel pois significa a evas\u00e3o dos estudantes e a paralisa\u00e7\u00e3o de grande parte das pesquisas.<\/p>\n<p>O pa\u00eds n\u00e3o pode admitir que a produ\u00e7\u00e3o de conhecimento entre em colapso. A necessidade urgente de recursos, hoje na ordem de 570 milh\u00f5es de reais, deve ser sanada de forma a retomar os frutos dos investimentos em pesquisa, nas suas diversas \u00e1reas. N\u00e3o aceitaremos este projeto pol\u00edtico que retrocede d\u00e9cadas e que coloca o Brasil numa posi\u00e7\u00e3o subserviente e atrasada do ponto de vista do conhecimento e da ci\u00eancia, e consequentemente da sa\u00fade, da educa\u00e7\u00e3o, da tecnologia, da produ\u00e7\u00e3o intelectual e dos avan\u00e7os sociais. Nossa luta \u00e9 em defesa da Universidade P\u00fablica, estrat\u00e9gica para um projeto de pa\u00eds em que a produ\u00e7\u00e3o de conhecimento seja comprometida com a supera\u00e7\u00e3o das desigualdades, sempre!<\/p>\n","protected":false},"excerpt":{"rendered":"<p>Artigo publicado originalmente no site do deputado Ivan Valente Quando afirmamos que o pa\u00eds est\u00e1 retrocedendo anos, talvez d\u00e9cadas no \u00faltimo per\u00edodo, n\u00e3o estamos fazendo apenas um alarde. Estamos discutindo um projeto de pa\u00eds e de futuro que est\u00e1 se instalando frente ao descaso com a popula\u00e7\u00e3o e com os direitos sociais. Um modelo de [&hellip;]<\/p>\n","protected":false},"author":2,"featured_media":17559,"comment_status":"open","ping_status":"open","sticky":false,"template":"","format":"standard","meta":{"_acf_changed":false,"footnotes":""},"categories":[10,3,1882,2208],"tags":[402,450,440,383,552,1105,3483,2807,2500],"class_list":{"0":"post-17564","1":"post","2":"type-post","3":"status-publish","4":"format-standard","5":"has-post-thumbnail","7":"category-acao-parlamentares","8":"category-artigos-e-entrevistas","9":"category-brasil","10":"category-educacao","11":"tag-capes","12":"tag-ciencia-e-tecnologia","13":"tag-cnpq","14":"tag-cortes","15":"tag-ivan-valente","16":"tag-ministerio-da-educacao","17":"tag-pesquisa-cientifica","18":"tag-ufrj","19":"tag-universidade-publica"},"acf":[],"yoast_head":"<!-- This site is optimized with the Yoast SEO plugin v26.5 - https:\/\/yoast.com\/wordpress\/plugins\/seo\/ -->\n<title>Ivan Valente | Em defesa do futuro do pa\u00eds, da universidade p\u00fablica e da produ\u00e7\u00e3o cient\u00edfica! - PSOL 50<\/title>\n<meta name=\"robots\" content=\"index, follow, max-snippet:-1, max-image-preview:large, max-video-preview:-1\" \/>\n<link rel=\"canonical\" href=\"https:\/\/psol50.org.br\/ivan-valente-em-defesa-do-futuro-do-pais-da-universidade-publica-e-da-producao-cientifica\/\" \/>\n<meta property=\"og:locale\" content=\"pt_BR\" \/>\n<meta property=\"og:type\" content=\"article\" \/>\n<meta property=\"og:title\" content=\"Ivan Valente | Em defesa do futuro do pa\u00eds, da universidade p\u00fablica e da produ\u00e7\u00e3o cient\u00edfica! - PSOL 50\" \/>\n<meta property=\"og:description\" content=\"Artigo publicado originalmente no site do deputado Ivan Valente Quando afirmamos que o pa\u00eds est\u00e1 retrocedendo anos, talvez d\u00e9cadas no \u00faltimo per\u00edodo, n\u00e3o estamos fazendo apenas um alarde. Estamos discutindo um projeto de pa\u00eds e de futuro que est\u00e1 se instalando frente ao descaso com a popula\u00e7\u00e3o e com os direitos sociais. Um modelo de [&hellip;]\" \/>\n<meta property=\"og:url\" content=\"https:\/\/psol50.org.br\/ivan-valente-em-defesa-do-futuro-do-pais-da-universidade-publica-e-da-producao-cientifica\/\" \/>\n<meta property=\"og:site_name\" content=\"PSOL 50\" \/>\n<meta property=\"article:publisher\" content=\"https:\/\/www.facebook.com\/psol50\" \/>\n<meta property=\"article:published_time\" content=\"2017-08-14T14:44:51+00:00\" \/>\n<meta property=\"og:image\" content=\"https:\/\/psol50.org.br\/inc\/uploads\/2018\/07\/capa.png\" \/>\n\t<meta property=\"og:image:width\" content=\"1350\" \/>\n\t<meta property=\"og:image:height\" content=\"900\" \/>\n\t<meta property=\"og:image:type\" content=\"image\/png\" \/>\n<meta name=\"author\" content=\"Comunica\u00e7\u00e3o PSOL\" \/>\n<meta name=\"twitter:card\" content=\"summary_large_image\" \/>\n<meta name=\"twitter:creator\" content=\"@psol50\" \/>\n<meta name=\"twitter:site\" content=\"@psol50\" \/>\n<meta name=\"twitter:label1\" content=\"Escrito por\" \/>\n\t<meta name=\"twitter:data1\" content=\"Comunica\u00e7\u00e3o PSOL\" \/>\n\t<meta name=\"twitter:label2\" content=\"Est. tempo de leitura\" \/>\n\t<meta name=\"twitter:data2\" content=\"3 minutos\" \/>\n<script type=\"application\/ld+json\" class=\"yoast-schema-graph\">{\"@context\":\"https:\/\/schema.org\",\"@graph\":[{\"@type\":\"Article\",\"@id\":\"https:\/\/psol50.org.br\/ivan-valente-em-defesa-do-futuro-do-pais-da-universidade-publica-e-da-producao-cientifica\/#article\",\"isPartOf\":{\"@id\":\"https:\/\/psol50.org.br\/ivan-valente-em-defesa-do-futuro-do-pais-da-universidade-publica-e-da-producao-cientifica\/\"},\"author\":{\"name\":\"Comunica\u00e7\u00e3o PSOL\",\"@id\":\"https:\/\/psol50.org.br\/#\/schema\/person\/475dfa57d0b815993c714c2e96491fcd\"},\"headline\":\"Ivan Valente | Em defesa do futuro do pa\u00eds, da universidade p\u00fablica e da produ\u00e7\u00e3o cient\u00edfica!\",\"datePublished\":\"2017-08-14T14:44:51+00:00\",\"mainEntityOfPage\":{\"@id\":\"https:\/\/psol50.org.br\/ivan-valente-em-defesa-do-futuro-do-pais-da-universidade-publica-e-da-producao-cientifica\/\"},\"wordCount\":551,\"commentCount\":0,\"publisher\":{\"@id\":\"https:\/\/psol50.org.br\/#organization\"},\"image\":{\"@id\":\"https:\/\/psol50.org.br\/ivan-valente-em-defesa-do-futuro-do-pais-da-universidade-publica-e-da-producao-cientifica\/#primaryimage\"},\"thumbnailUrl\":\"\",\"keywords\":[\"Capes\",\"ci\u00eancia e tecnologia\",\"CNPq\",\"cortes\",\"Ivan Valente\",\"Minist\u00e9rio da Educa\u00e7\u00e3o\",\"pesquisa cient\u00edfica\",\"UFRJ\",\"universidade p\u00fablica\"],\"articleSection\":[\"A\u00e7\u00e3o Parlamentar\",\"Artigos\",\"Brasil\",\"Educa\u00e7\u00e3o\"],\"inLanguage\":\"pt-BR\",\"potentialAction\":[{\"@type\":\"CommentAction\",\"name\":\"Comment\",\"target\":[\"https:\/\/psol50.org.br\/ivan-valente-em-defesa-do-futuro-do-pais-da-universidade-publica-e-da-producao-cientifica\/#respond\"]}]},{\"@type\":\"WebPage\",\"@id\":\"https:\/\/psol50.org.br\/ivan-valente-em-defesa-do-futuro-do-pais-da-universidade-publica-e-da-producao-cientifica\/\",\"url\":\"https:\/\/psol50.org.br\/ivan-valente-em-defesa-do-futuro-do-pais-da-universidade-publica-e-da-producao-cientifica\/\",\"name\":\"Ivan Valente | Em defesa do futuro do pa\u00eds, da universidade p\u00fablica e da produ\u00e7\u00e3o cient\u00edfica! - PSOL 50\",\"isPartOf\":{\"@id\":\"https:\/\/psol50.org.br\/#website\"},\"primaryImageOfPage\":{\"@id\":\"https:\/\/psol50.org.br\/ivan-valente-em-defesa-do-futuro-do-pais-da-universidade-publica-e-da-producao-cientifica\/#primaryimage\"},\"image\":{\"@id\":\"https:\/\/psol50.org.br\/ivan-valente-em-defesa-do-futuro-do-pais-da-universidade-publica-e-da-producao-cientifica\/#primaryimage\"},\"thumbnailUrl\":\"\",\"datePublished\":\"2017-08-14T14:44:51+00:00\",\"breadcrumb\":{\"@id\":\"https:\/\/psol50.org.br\/ivan-valente-em-defesa-do-futuro-do-pais-da-universidade-publica-e-da-producao-cientifica\/#breadcrumb\"},\"inLanguage\":\"pt-BR\",\"potentialAction\":[{\"@type\":\"ReadAction\",\"target\":[\"https:\/\/psol50.org.br\/ivan-valente-em-defesa-do-futuro-do-pais-da-universidade-publica-e-da-producao-cientifica\/\"]}]},{\"@type\":\"ImageObject\",\"inLanguage\":\"pt-BR\",\"@id\":\"https:\/\/psol50.org.br\/ivan-valente-em-defesa-do-futuro-do-pais-da-universidade-publica-e-da-producao-cientifica\/#primaryimage\",\"url\":\"\",\"contentUrl\":\"\"},{\"@type\":\"BreadcrumbList\",\"@id\":\"https:\/\/psol50.org.br\/ivan-valente-em-defesa-do-futuro-do-pais-da-universidade-publica-e-da-producao-cientifica\/#breadcrumb\",\"itemListElement\":[{\"@type\":\"ListItem\",\"position\":1,\"name\":\"In\u00edcio\",\"item\":\"https:\/\/psol50.org.br\/\"},{\"@type\":\"ListItem\",\"position\":2,\"name\":\"Ivan Valente | Em defesa do futuro do pa\u00eds, da universidade p\u00fablica e da produ\u00e7\u00e3o cient\u00edfica!\"}]},{\"@type\":\"WebSite\",\"@id\":\"https:\/\/psol50.org.br\/#website\",\"url\":\"https:\/\/psol50.org.br\/\",\"name\":\"PSOL 50\",\"description\":\"Site oficial do Partido Socialismo e Liberdade\",\"publisher\":{\"@id\":\"https:\/\/psol50.org.br\/#organization\"},\"alternateName\":\"PSOL50\",\"potentialAction\":[{\"@type\":\"SearchAction\",\"target\":{\"@type\":\"EntryPoint\",\"urlTemplate\":\"https:\/\/psol50.org.br\/?s={search_term_string}\"},\"query-input\":{\"@type\":\"PropertyValueSpecification\",\"valueRequired\":true,\"valueName\":\"search_term_string\"}}],\"inLanguage\":\"pt-BR\"},{\"@type\":\"Organization\",\"@id\":\"https:\/\/psol50.org.br\/#organization\",\"name\":\"PSOL 50\",\"alternateName\":\"PSOL 50\",\"url\":\"https:\/\/psol50.org.br\/\",\"logo\":{\"@type\":\"ImageObject\",\"inLanguage\":\"pt-BR\",\"@id\":\"https:\/\/psol50.org.br\/#\/schema\/logo\/image\/\",\"url\":\"https:\/\/psol50.org.br\/inc\/uploads\/2018\/07\/capa.png\",\"contentUrl\":\"https:\/\/psol50.org.br\/inc\/uploads\/2018\/07\/capa.png\",\"width\":1350,\"height\":900,\"caption\":\"PSOL 50\"},\"image\":{\"@id\":\"https:\/\/psol50.org.br\/#\/schema\/logo\/image\/\"},\"sameAs\":[\"https:\/\/www.facebook.com\/psol50\",\"https:\/\/x.com\/psol50\",\"https:\/\/www.instagram.com\/psol50\/\",\"https:\/\/www.youtube.com\/channel\/UC7SnJS5o1os7a6CaiNabzcg\"]},{\"@type\":\"Person\",\"@id\":\"https:\/\/psol50.org.br\/#\/schema\/person\/475dfa57d0b815993c714c2e96491fcd\",\"name\":\"Comunica\u00e7\u00e3o PSOL\",\"image\":{\"@type\":\"ImageObject\",\"inLanguage\":\"pt-BR\",\"@id\":\"https:\/\/psol50.org.br\/#\/schema\/person\/image\/\",\"url\":\"https:\/\/secure.gravatar.com\/avatar\/b34fc4f4e468a4e51785917065a3db57b841f5c95dba6ad8c73aaf8f66f8f9bf?s=96&d=mm&r=g\",\"contentUrl\":\"https:\/\/secure.gravatar.com\/avatar\/b34fc4f4e468a4e51785917065a3db57b841f5c95dba6ad8c73aaf8f66f8f9bf?s=96&d=mm&r=g\",\"caption\":\"Comunica\u00e7\u00e3o PSOL\"}}]}<\/script>\n<!-- \/ Yoast SEO plugin. -->","yoast_head_json":{"title":"Ivan Valente | Em defesa do futuro do pa\u00eds, da universidade p\u00fablica e da produ\u00e7\u00e3o cient\u00edfica! - PSOL 50","robots":{"index":"index","follow":"follow","max-snippet":"max-snippet:-1","max-image-preview":"max-image-preview:large","max-video-preview":"max-video-preview:-1"},"canonical":"https:\/\/psol50.org.br\/ivan-valente-em-defesa-do-futuro-do-pais-da-universidade-publica-e-da-producao-cientifica\/","og_locale":"pt_BR","og_type":"article","og_title":"Ivan Valente | Em defesa do futuro do pa\u00eds, da universidade p\u00fablica e da produ\u00e7\u00e3o cient\u00edfica! - PSOL 50","og_description":"Artigo publicado originalmente no site do deputado Ivan Valente Quando afirmamos que o pa\u00eds est\u00e1 retrocedendo anos, talvez d\u00e9cadas no \u00faltimo per\u00edodo, n\u00e3o estamos fazendo apenas um alarde. Estamos discutindo um projeto de pa\u00eds e de futuro que est\u00e1 se instalando frente ao descaso com a popula\u00e7\u00e3o e com os direitos sociais. Um modelo de [&hellip;]","og_url":"https:\/\/psol50.org.br\/ivan-valente-em-defesa-do-futuro-do-pais-da-universidade-publica-e-da-producao-cientifica\/","og_site_name":"PSOL 50","article_publisher":"https:\/\/www.facebook.com\/psol50","article_published_time":"2017-08-14T14:44:51+00:00","og_image":[{"width":1350,"height":900,"url":"https:\/\/psol50.org.br\/inc\/uploads\/2018\/07\/capa.png","type":"image\/png"}],"author":"Comunica\u00e7\u00e3o PSOL","twitter_card":"summary_large_image","twitter_creator":"@psol50","twitter_site":"@psol50","twitter_misc":{"Escrito por":"Comunica\u00e7\u00e3o PSOL","Est. tempo de leitura":"3 minutos"},"schema":{"@context":"https:\/\/schema.org","@graph":[{"@type":"Article","@id":"https:\/\/psol50.org.br\/ivan-valente-em-defesa-do-futuro-do-pais-da-universidade-publica-e-da-producao-cientifica\/#article","isPartOf":{"@id":"https:\/\/psol50.org.br\/ivan-valente-em-defesa-do-futuro-do-pais-da-universidade-publica-e-da-producao-cientifica\/"},"author":{"name":"Comunica\u00e7\u00e3o PSOL","@id":"https:\/\/psol50.org.br\/#\/schema\/person\/475dfa57d0b815993c714c2e96491fcd"},"headline":"Ivan Valente | Em defesa do futuro do pa\u00eds, da universidade p\u00fablica e da produ\u00e7\u00e3o cient\u00edfica!","datePublished":"2017-08-14T14:44:51+00:00","mainEntityOfPage":{"@id":"https:\/\/psol50.org.br\/ivan-valente-em-defesa-do-futuro-do-pais-da-universidade-publica-e-da-producao-cientifica\/"},"wordCount":551,"commentCount":0,"publisher":{"@id":"https:\/\/psol50.org.br\/#organization"},"image":{"@id":"https:\/\/psol50.org.br\/ivan-valente-em-defesa-do-futuro-do-pais-da-universidade-publica-e-da-producao-cientifica\/#primaryimage"},"thumbnailUrl":"","keywords":["Capes","ci\u00eancia e tecnologia","CNPq","cortes","Ivan Valente","Minist\u00e9rio da Educa\u00e7\u00e3o","pesquisa cient\u00edfica","UFRJ","universidade p\u00fablica"],"articleSection":["A\u00e7\u00e3o Parlamentar","Artigos","Brasil","Educa\u00e7\u00e3o"],"inLanguage":"pt-BR","potentialAction":[{"@type":"CommentAction","name":"Comment","target":["https:\/\/psol50.org.br\/ivan-valente-em-defesa-do-futuro-do-pais-da-universidade-publica-e-da-producao-cientifica\/#respond"]}]},{"@type":"WebPage","@id":"https:\/\/psol50.org.br\/ivan-valente-em-defesa-do-futuro-do-pais-da-universidade-publica-e-da-producao-cientifica\/","url":"https:\/\/psol50.org.br\/ivan-valente-em-defesa-do-futuro-do-pais-da-universidade-publica-e-da-producao-cientifica\/","name":"Ivan Valente | Em defesa do futuro do pa\u00eds, da universidade p\u00fablica e da produ\u00e7\u00e3o cient\u00edfica! - PSOL 50","isPartOf":{"@id":"https:\/\/psol50.org.br\/#website"},"primaryImageOfPage":{"@id":"https:\/\/psol50.org.br\/ivan-valente-em-defesa-do-futuro-do-pais-da-universidade-publica-e-da-producao-cientifica\/#primaryimage"},"image":{"@id":"https:\/\/psol50.org.br\/ivan-valente-em-defesa-do-futuro-do-pais-da-universidade-publica-e-da-producao-cientifica\/#primaryimage"},"thumbnailUrl":"","datePublished":"2017-08-14T14:44:51+00:00","breadcrumb":{"@id":"https:\/\/psol50.org.br\/ivan-valente-em-defesa-do-futuro-do-pais-da-universidade-publica-e-da-producao-cientifica\/#breadcrumb"},"inLanguage":"pt-BR","potentialAction":[{"@type":"ReadAction","target":["https:\/\/psol50.org.br\/ivan-valente-em-defesa-do-futuro-do-pais-da-universidade-publica-e-da-producao-cientifica\/"]}]},{"@type":"ImageObject","inLanguage":"pt-BR","@id":"https:\/\/psol50.org.br\/ivan-valente-em-defesa-do-futuro-do-pais-da-universidade-publica-e-da-producao-cientifica\/#primaryimage","url":"","contentUrl":""},{"@type":"BreadcrumbList","@id":"https:\/\/psol50.org.br\/ivan-valente-em-defesa-do-futuro-do-pais-da-universidade-publica-e-da-producao-cientifica\/#breadcrumb","itemListElement":[{"@type":"ListItem","position":1,"name":"In\u00edcio","item":"https:\/\/psol50.org.br\/"},{"@type":"ListItem","position":2,"name":"Ivan Valente | Em defesa do futuro do pa\u00eds, da universidade p\u00fablica e da produ\u00e7\u00e3o cient\u00edfica!"}]},{"@type":"WebSite","@id":"https:\/\/psol50.org.br\/#website","url":"https:\/\/psol50.org.br\/","name":"PSOL 50","description":"Site oficial do Partido Socialismo e Liberdade","publisher":{"@id":"https:\/\/psol50.org.br\/#organization"},"alternateName":"PSOL50","potentialAction":[{"@type":"SearchAction","target":{"@type":"EntryPoint","urlTemplate":"https:\/\/psol50.org.br\/?s={search_term_string}"},"query-input":{"@type":"PropertyValueSpecification","valueRequired":true,"valueName":"search_term_string"}}],"inLanguage":"pt-BR"},{"@type":"Organization","@id":"https:\/\/psol50.org.br\/#organization","name":"PSOL 50","alternateName":"PSOL 50","url":"https:\/\/psol50.org.br\/","logo":{"@type":"ImageObject","inLanguage":"pt-BR","@id":"https:\/\/psol50.org.br\/#\/schema\/logo\/image\/","url":"https:\/\/psol50.org.br\/inc\/uploads\/2018\/07\/capa.png","contentUrl":"https:\/\/psol50.org.br\/inc\/uploads\/2018\/07\/capa.png","width":1350,"height":900,"caption":"PSOL 50"},"image":{"@id":"https:\/\/psol50.org.br\/#\/schema\/logo\/image\/"},"sameAs":["https:\/\/www.facebook.com\/psol50","https:\/\/x.com\/psol50","https:\/\/www.instagram.com\/psol50\/","https:\/\/www.youtube.com\/channel\/UC7SnJS5o1os7a6CaiNabzcg"]},{"@type":"Person","@id":"https:\/\/psol50.org.br\/#\/schema\/person\/475dfa57d0b815993c714c2e96491fcd","name":"Comunica\u00e7\u00e3o PSOL","image":{"@type":"ImageObject","inLanguage":"pt-BR","@id":"https:\/\/psol50.org.br\/#\/schema\/person\/image\/","url":"https:\/\/secure.gravatar.com\/avatar\/b34fc4f4e468a4e51785917065a3db57b841f5c95dba6ad8c73aaf8f66f8f9bf?s=96&d=mm&r=g","contentUrl":"https:\/\/secure.gravatar.com\/avatar\/b34fc4f4e468a4e51785917065a3db57b841f5c95dba6ad8c73aaf8f66f8f9bf?s=96&d=mm&r=g","caption":"Comunica\u00e7\u00e3o PSOL"}}]}},"_links":{"self":[{"href":"https:\/\/psol50.org.br\/rest\/wp\/v2\/posts\/17564","targetHints":{"allow":["GET"]}}],"collection":[{"href":"https:\/\/psol50.org.br\/rest\/wp\/v2\/posts"}],"about":[{"href":"https:\/\/psol50.org.br\/rest\/wp\/v2\/types\/post"}],"author":[{"embeddable":true,"href":"https:\/\/psol50.org.br\/rest\/wp\/v2\/users\/2"}],"replies":[{"embeddable":true,"href":"https:\/\/psol50.org.br\/rest\/wp\/v2\/comments?post=17564"}],"version-history":[{"count":0,"href":"https:\/\/psol50.org.br\/rest\/wp\/v2\/posts\/17564\/revisions"}],"wp:featuredmedia":[{"embeddable":true,"href":"https:\/\/psol50.org.br\/rest\/"}],"wp:attachment":[{"href":"https:\/\/psol50.org.br\/rest\/wp\/v2\/media?parent=17564"}],"wp:term":[{"taxonomy":"category","embeddable":true,"href":"https:\/\/psol50.org.br\/rest\/wp\/v2\/categories?post=17564"},{"taxonomy":"post_tag","embeddable":true,"href":"https:\/\/psol50.org.br\/rest\/wp\/v2\/tags?post=17564"}],"curies":[{"name":"wp","href":"https:\/\/api.w.org\/{rel}","templated":true}]}}