{"id":17570,"date":"2017-08-14T18:13:04","date_gmt":"2017-08-14T18:13:04","guid":{"rendered":"http:\/\/www.psol50.org.br\/?p=17570"},"modified":"2017-08-14T18:13:04","modified_gmt":"2017-08-14T18:13:04","slug":"vamosmudar-plataforma-de-movimentos-propoe-um-novo-brasil","status":"publish","type":"post","link":"https:\/\/psol50.org.br\/vamosmudar-plataforma-de-movimentos-propoe-um-novo-brasil\/","title":{"rendered":"#VamosMudar! Plataforma de movimentos prop\u00f5e um novo Brasil"},"content":{"rendered":"<p>Foi lan\u00e7ada nesta segunda-feira (14\/08) a plataforma\u00a0<a href=\"http:\/\/vamosmudar.org.br\" target=\"_blank\" rel=\"noopener\"><span style=\"color: #3366ff;\"><strong>Vamos! Sem medo de mudar o Brasil<\/strong><\/span><\/a>, organizada pelos movimentos da frente Povo Sem Medo, que vai produzir debates presenciais e online no intuito de formular conjuntamente uma alternativa pol\u00edtica para o pa\u00eds.<\/p>\n<p>O site conta com espa\u00e7o para a participa\u00e7\u00e3o direta, baseado em 5 eixos: democratiza\u00e7\u00e3o da economia, democratiza\u00e7\u00e3o do poder e da pol\u00edtica, democratiza\u00e7\u00e3o dos territ\u00f3rios e meio ambiente, democratiza\u00e7\u00e3o da comunica\u00e7\u00e3o e da cultura e um programa negro, feminista e LGBT.<\/p>\n<p>O PSOL apoia a constru\u00e7\u00e3o da Povo Sem Medo desde seu in\u00edcio, participando das manifesta\u00e7\u00f5es e demais iniciativas da frente.<\/p>\n<p>A inten\u00e7\u00e3o da articula\u00e7\u00e3o \u00e9 mudar o ator pol\u00edtico que est\u00e1 \u00e0 frente das formula\u00e7\u00f5es: agora, quem vai construir o programa \u00e9 o pr\u00f3prio povo, em democracia direta e participativa.<\/p>\n<p>Na plataforma, \u00e9 poss\u00edvel acompanhar a agenda do programa-movimento, que j\u00e1 tem sete encontros marcados, cada um com um tema diferente. Todos ser\u00e3o transmitidos ao vivo e acontecem entre o fim de agosto e novembro.<\/p>\n<p>Al\u00e9m desses, podem ser propostos novos eventos em outras cidades. Ao final do ciclo de debates, que dura at\u00e9 o fim do semestre, o resultado ser\u00e1 sistematizado e disponibilizado para todas e todos:<\/p>\n<p>Acesse os eventos j\u00e1 marcados:<\/p>\n<p><a href=\"https:\/\/www.facebook.com\/events\/958299884309782\/\" target=\"_blank\" rel=\"noopener\"><strong><span style=\"color: #3366ff;\">S\u00e3o Paulo | 26\/08 | Apresenta\u00e7\u00e3o<\/span><\/strong><\/a><\/p>\n<p><a href=\"https:\/\/web.facebook.com\/events\/119440558647129\/\" target=\"_blank\" rel=\"noopener\"><strong><span style=\"color: #3366ff;\">Rio de Janeiro | 16\/09 | Economia<\/span><\/strong><\/a><\/p>\n<p><a href=\"https:\/\/web.facebook.com\/events\/1492321294181720\/?_rdc=1&amp;_rdr\" target=\"_blank\" rel=\"noopener\"><strong><span style=\"color: #3366ff;\">Porto Alegre | 30\/09 | Pol\u00edtica<\/span><\/strong><\/a><\/p>\n<p><a href=\"https:\/\/www.facebook.com\/events\/488479858199289\/\" target=\"_blank\" rel=\"noopener\"><strong><span style=\"color: #3366ff;\">Fortaleza | 07\/10 | Comunica\u00e7\u00f5es e Cultura<\/span><\/strong><\/a><\/p>\n<p><a href=\"https:\/\/www.facebook.com\/events\/1536062546416435\/\" target=\"_blank\" rel=\"noopener\"><strong><span style=\"color: #3366ff;\">Bel\u00e9m | 28\/10 | Territ\u00f3rios e Meio Ambiente<\/span><\/strong><\/a><\/p>\n<p><a href=\"https:\/\/www.facebook.com\/events\/131607284116682\/\" target=\"_blank\" rel=\"noopener\"><strong><span style=\"color: #3366ff;\">Belo Horizonte | 11\/11 | Um programa negro, feminista e LGBT\u00a0<\/span><\/strong><\/a><\/p>\n<p><a href=\"https:\/\/www.facebook.com\/events\/184599772081309\/\" target=\"_blank\" rel=\"noopener\"><strong><span style=\"color: #3366ff;\">Recife | 25\/11 | Apresenta\u00e7\u00e3o dos resultados<\/span><\/strong><\/a><\/p>\n","protected":false},"excerpt":{"rendered":"<p>Foi lan\u00e7ada nesta segunda-feira (14\/08) a plataforma\u00a0Vamos! Sem medo de mudar o Brasil, organizada pelos movimentos da frente Povo Sem Medo, que vai produzir debates presenciais e online no intuito de formular conjuntamente uma alternativa pol\u00edtica para o pa\u00eds. O site conta com espa\u00e7o para a participa\u00e7\u00e3o direta, baseado em 5 eixos: democratiza\u00e7\u00e3o da economia, [&hellip;]<\/p>\n","protected":false},"author":2,"featured_media":17816,"comment_status":"open","ping_status":"open","sticky":false,"template":"","format":"standard","meta":{"_acf_changed":false,"footnotes":""},"categories":[1882,1104,6],"tags":[1945,3485,2525],"class_list":{"0":"post-17570","1":"post","2":"type-post","3":"status-publish","4":"format-standard","5":"has-post-thumbnail","7":"category-brasil","8":"category-movimento","9":"category-noticias","10":"tag-povo-sem-medo","11":"tag-vamos-mudar","12":"tag-vamos"},"acf":[],"yoast_head":"<!-- This site is optimized with the Yoast SEO plugin v26.5 - https:\/\/yoast.com\/wordpress\/plugins\/seo\/ -->\n<title>#VamosMudar! Plataforma de movimentos prop\u00f5e um novo Brasil - PSOL 50<\/title>\n<meta name=\"robots\" content=\"index, follow, max-snippet:-1, max-image-preview:large, max-video-preview:-1\" \/>\n<link rel=\"canonical\" href=\"https:\/\/psol50.org.br\/vamosmudar-plataforma-de-movimentos-propoe-um-novo-brasil\/\" \/>\n<meta property=\"og:locale\" content=\"pt_BR\" \/>\n<meta property=\"og:type\" content=\"article\" \/>\n<meta property=\"og:title\" content=\"#VamosMudar! Plataforma de movimentos prop\u00f5e um novo Brasil - PSOL 50\" \/>\n<meta property=\"og:description\" content=\"Foi lan\u00e7ada nesta segunda-feira (14\/08) a plataforma\u00a0Vamos! Sem medo de mudar o Brasil, organizada pelos movimentos da frente Povo Sem Medo, que vai produzir debates presenciais e online no intuito de formular conjuntamente uma alternativa pol\u00edtica para o pa\u00eds. O site conta com espa\u00e7o para a participa\u00e7\u00e3o direta, baseado em 5 eixos: democratiza\u00e7\u00e3o da economia, [&hellip;]\" \/>\n<meta property=\"og:url\" content=\"https:\/\/psol50.org.br\/vamosmudar-plataforma-de-movimentos-propoe-um-novo-brasil\/\" \/>\n<meta property=\"og:site_name\" content=\"PSOL 50\" \/>\n<meta property=\"article:publisher\" content=\"https:\/\/www.facebook.com\/psol50\" \/>\n<meta property=\"article:published_time\" content=\"2017-08-14T18:13:04+00:00\" \/>\n<meta property=\"og:image\" content=\"https:\/\/psol50.org.br\/inc\/uploads\/2018\/07\/capa.png\" \/>\n\t<meta property=\"og:image:width\" content=\"1350\" \/>\n\t<meta property=\"og:image:height\" content=\"900\" \/>\n\t<meta property=\"og:image:type\" content=\"image\/png\" \/>\n<meta name=\"author\" content=\"Comunica\u00e7\u00e3o PSOL\" \/>\n<meta name=\"twitter:card\" content=\"summary_large_image\" \/>\n<meta name=\"twitter:creator\" content=\"@psol50\" \/>\n<meta name=\"twitter:site\" content=\"@psol50\" \/>\n<meta name=\"twitter:label1\" content=\"Escrito por\" \/>\n\t<meta name=\"twitter:data1\" content=\"Comunica\u00e7\u00e3o PSOL\" \/>\n\t<meta name=\"twitter:label2\" content=\"Est. tempo de leitura\" \/>\n\t<meta name=\"twitter:data2\" content=\"1 minuto\" \/>\n<script type=\"application\/ld+json\" class=\"yoast-schema-graph\">{\"@context\":\"https:\/\/schema.org\",\"@graph\":[{\"@type\":\"Article\",\"@id\":\"https:\/\/psol50.org.br\/vamosmudar-plataforma-de-movimentos-propoe-um-novo-brasil\/#article\",\"isPartOf\":{\"@id\":\"https:\/\/psol50.org.br\/vamosmudar-plataforma-de-movimentos-propoe-um-novo-brasil\/\"},\"author\":{\"name\":\"Comunica\u00e7\u00e3o PSOL\",\"@id\":\"https:\/\/psol50.org.br\/#\/schema\/person\/475dfa57d0b815993c714c2e96491fcd\"},\"headline\":\"#VamosMudar! Plataforma de movimentos prop\u00f5e um novo Brasil\",\"datePublished\":\"2017-08-14T18:13:04+00:00\",\"mainEntityOfPage\":{\"@id\":\"https:\/\/psol50.org.br\/vamosmudar-plataforma-de-movimentos-propoe-um-novo-brasil\/\"},\"wordCount\":268,\"commentCount\":1,\"publisher\":{\"@id\":\"https:\/\/psol50.org.br\/#organization\"},\"image\":{\"@id\":\"https:\/\/psol50.org.br\/vamosmudar-plataforma-de-movimentos-propoe-um-novo-brasil\/#primaryimage\"},\"thumbnailUrl\":\"\",\"keywords\":[\"Povo Sem medo\",\"Vamos Mudar\",\"Vamos!\"],\"articleSection\":[\"Brasil\",\"Movimento\",\"Not\u00edcias\"],\"inLanguage\":\"pt-BR\",\"potentialAction\":[{\"@type\":\"CommentAction\",\"name\":\"Comment\",\"target\":[\"https:\/\/psol50.org.br\/vamosmudar-plataforma-de-movimentos-propoe-um-novo-brasil\/#respond\"]}]},{\"@type\":\"WebPage\",\"@id\":\"https:\/\/psol50.org.br\/vamosmudar-plataforma-de-movimentos-propoe-um-novo-brasil\/\",\"url\":\"https:\/\/psol50.org.br\/vamosmudar-plataforma-de-movimentos-propoe-um-novo-brasil\/\",\"name\":\"#VamosMudar! Plataforma de movimentos prop\u00f5e um novo Brasil - PSOL 50\",\"isPartOf\":{\"@id\":\"https:\/\/psol50.org.br\/#website\"},\"primaryImageOfPage\":{\"@id\":\"https:\/\/psol50.org.br\/vamosmudar-plataforma-de-movimentos-propoe-um-novo-brasil\/#primaryimage\"},\"image\":{\"@id\":\"https:\/\/psol50.org.br\/vamosmudar-plataforma-de-movimentos-propoe-um-novo-brasil\/#primaryimage\"},\"thumbnailUrl\":\"\",\"datePublished\":\"2017-08-14T18:13:04+00:00\",\"breadcrumb\":{\"@id\":\"https:\/\/psol50.org.br\/vamosmudar-plataforma-de-movimentos-propoe-um-novo-brasil\/#breadcrumb\"},\"inLanguage\":\"pt-BR\",\"potentialAction\":[{\"@type\":\"ReadAction\",\"target\":[\"https:\/\/psol50.org.br\/vamosmudar-plataforma-de-movimentos-propoe-um-novo-brasil\/\"]}]},{\"@type\":\"ImageObject\",\"inLanguage\":\"pt-BR\",\"@id\":\"https:\/\/psol50.org.br\/vamosmudar-plataforma-de-movimentos-propoe-um-novo-brasil\/#primaryimage\",\"url\":\"\",\"contentUrl\":\"\"},{\"@type\":\"BreadcrumbList\",\"@id\":\"https:\/\/psol50.org.br\/vamosmudar-plataforma-de-movimentos-propoe-um-novo-brasil\/#breadcrumb\",\"itemListElement\":[{\"@type\":\"ListItem\",\"position\":1,\"name\":\"In\u00edcio\",\"item\":\"https:\/\/psol50.org.br\/\"},{\"@type\":\"ListItem\",\"position\":2,\"name\":\"#VamosMudar! Plataforma de movimentos prop\u00f5e um novo Brasil\"}]},{\"@type\":\"WebSite\",\"@id\":\"https:\/\/psol50.org.br\/#website\",\"url\":\"https:\/\/psol50.org.br\/\",\"name\":\"PSOL 50\",\"description\":\"Site oficial do Partido Socialismo e Liberdade\",\"publisher\":{\"@id\":\"https:\/\/psol50.org.br\/#organization\"},\"alternateName\":\"PSOL50\",\"potentialAction\":[{\"@type\":\"SearchAction\",\"target\":{\"@type\":\"EntryPoint\",\"urlTemplate\":\"https:\/\/psol50.org.br\/?s={search_term_string}\"},\"query-input\":{\"@type\":\"PropertyValueSpecification\",\"valueRequired\":true,\"valueName\":\"search_term_string\"}}],\"inLanguage\":\"pt-BR\"},{\"@type\":\"Organization\",\"@id\":\"https:\/\/psol50.org.br\/#organization\",\"name\":\"PSOL 50\",\"alternateName\":\"PSOL 50\",\"url\":\"https:\/\/psol50.org.br\/\",\"logo\":{\"@type\":\"ImageObject\",\"inLanguage\":\"pt-BR\",\"@id\":\"https:\/\/psol50.org.br\/#\/schema\/logo\/image\/\",\"url\":\"https:\/\/psol50.org.br\/inc\/uploads\/2018\/07\/capa.png\",\"contentUrl\":\"https:\/\/psol50.org.br\/inc\/uploads\/2018\/07\/capa.png\",\"width\":1350,\"height\":900,\"caption\":\"PSOL 50\"},\"image\":{\"@id\":\"https:\/\/psol50.org.br\/#\/schema\/logo\/image\/\"},\"sameAs\":[\"https:\/\/www.facebook.com\/psol50\",\"https:\/\/x.com\/psol50\",\"https:\/\/www.instagram.com\/psol50\/\",\"https:\/\/www.youtube.com\/channel\/UC7SnJS5o1os7a6CaiNabzcg\"]},{\"@type\":\"Person\",\"@id\":\"https:\/\/psol50.org.br\/#\/schema\/person\/475dfa57d0b815993c714c2e96491fcd\",\"name\":\"Comunica\u00e7\u00e3o PSOL\",\"image\":{\"@type\":\"ImageObject\",\"inLanguage\":\"pt-BR\",\"@id\":\"https:\/\/psol50.org.br\/#\/schema\/person\/image\/\",\"url\":\"https:\/\/secure.gravatar.com\/avatar\/b34fc4f4e468a4e51785917065a3db57b841f5c95dba6ad8c73aaf8f66f8f9bf?s=96&d=mm&r=g\",\"contentUrl\":\"https:\/\/secure.gravatar.com\/avatar\/b34fc4f4e468a4e51785917065a3db57b841f5c95dba6ad8c73aaf8f66f8f9bf?s=96&d=mm&r=g\",\"caption\":\"Comunica\u00e7\u00e3o PSOL\"}}]}<\/script>\n<!-- \/ Yoast SEO plugin. -->","yoast_head_json":{"title":"#VamosMudar! Plataforma de movimentos prop\u00f5e um novo Brasil - PSOL 50","robots":{"index":"index","follow":"follow","max-snippet":"max-snippet:-1","max-image-preview":"max-image-preview:large","max-video-preview":"max-video-preview:-1"},"canonical":"https:\/\/psol50.org.br\/vamosmudar-plataforma-de-movimentos-propoe-um-novo-brasil\/","og_locale":"pt_BR","og_type":"article","og_title":"#VamosMudar! Plataforma de movimentos prop\u00f5e um novo Brasil - PSOL 50","og_description":"Foi lan\u00e7ada nesta segunda-feira (14\/08) a plataforma\u00a0Vamos! Sem medo de mudar o Brasil, organizada pelos movimentos da frente Povo Sem Medo, que vai produzir debates presenciais e online no intuito de formular conjuntamente uma alternativa pol\u00edtica para o pa\u00eds. O site conta com espa\u00e7o para a participa\u00e7\u00e3o direta, baseado em 5 eixos: democratiza\u00e7\u00e3o da economia, [&hellip;]","og_url":"https:\/\/psol50.org.br\/vamosmudar-plataforma-de-movimentos-propoe-um-novo-brasil\/","og_site_name":"PSOL 50","article_publisher":"https:\/\/www.facebook.com\/psol50","article_published_time":"2017-08-14T18:13:04+00:00","og_image":[{"width":1350,"height":900,"url":"https:\/\/psol50.org.br\/inc\/uploads\/2018\/07\/capa.png","type":"image\/png"}],"author":"Comunica\u00e7\u00e3o PSOL","twitter_card":"summary_large_image","twitter_creator":"@psol50","twitter_site":"@psol50","twitter_misc":{"Escrito por":"Comunica\u00e7\u00e3o PSOL","Est. tempo de leitura":"1 minuto"},"schema":{"@context":"https:\/\/schema.org","@graph":[{"@type":"Article","@id":"https:\/\/psol50.org.br\/vamosmudar-plataforma-de-movimentos-propoe-um-novo-brasil\/#article","isPartOf":{"@id":"https:\/\/psol50.org.br\/vamosmudar-plataforma-de-movimentos-propoe-um-novo-brasil\/"},"author":{"name":"Comunica\u00e7\u00e3o PSOL","@id":"https:\/\/psol50.org.br\/#\/schema\/person\/475dfa57d0b815993c714c2e96491fcd"},"headline":"#VamosMudar! Plataforma de movimentos prop\u00f5e um novo Brasil","datePublished":"2017-08-14T18:13:04+00:00","mainEntityOfPage":{"@id":"https:\/\/psol50.org.br\/vamosmudar-plataforma-de-movimentos-propoe-um-novo-brasil\/"},"wordCount":268,"commentCount":1,"publisher":{"@id":"https:\/\/psol50.org.br\/#organization"},"image":{"@id":"https:\/\/psol50.org.br\/vamosmudar-plataforma-de-movimentos-propoe-um-novo-brasil\/#primaryimage"},"thumbnailUrl":"","keywords":["Povo Sem medo","Vamos Mudar","Vamos!"],"articleSection":["Brasil","Movimento","Not\u00edcias"],"inLanguage":"pt-BR","potentialAction":[{"@type":"CommentAction","name":"Comment","target":["https:\/\/psol50.org.br\/vamosmudar-plataforma-de-movimentos-propoe-um-novo-brasil\/#respond"]}]},{"@type":"WebPage","@id":"https:\/\/psol50.org.br\/vamosmudar-plataforma-de-movimentos-propoe-um-novo-brasil\/","url":"https:\/\/psol50.org.br\/vamosmudar-plataforma-de-movimentos-propoe-um-novo-brasil\/","name":"#VamosMudar! Plataforma de movimentos prop\u00f5e um novo Brasil - PSOL 50","isPartOf":{"@id":"https:\/\/psol50.org.br\/#website"},"primaryImageOfPage":{"@id":"https:\/\/psol50.org.br\/vamosmudar-plataforma-de-movimentos-propoe-um-novo-brasil\/#primaryimage"},"image":{"@id":"https:\/\/psol50.org.br\/vamosmudar-plataforma-de-movimentos-propoe-um-novo-brasil\/#primaryimage"},"thumbnailUrl":"","datePublished":"2017-08-14T18:13:04+00:00","breadcrumb":{"@id":"https:\/\/psol50.org.br\/vamosmudar-plataforma-de-movimentos-propoe-um-novo-brasil\/#breadcrumb"},"inLanguage":"pt-BR","potentialAction":[{"@type":"ReadAction","target":["https:\/\/psol50.org.br\/vamosmudar-plataforma-de-movimentos-propoe-um-novo-brasil\/"]}]},{"@type":"ImageObject","inLanguage":"pt-BR","@id":"https:\/\/psol50.org.br\/vamosmudar-plataforma-de-movimentos-propoe-um-novo-brasil\/#primaryimage","url":"","contentUrl":""},{"@type":"BreadcrumbList","@id":"https:\/\/psol50.org.br\/vamosmudar-plataforma-de-movimentos-propoe-um-novo-brasil\/#breadcrumb","itemListElement":[{"@type":"ListItem","position":1,"name":"In\u00edcio","item":"https:\/\/psol50.org.br\/"},{"@type":"ListItem","position":2,"name":"#VamosMudar! Plataforma de movimentos prop\u00f5e um novo Brasil"}]},{"@type":"WebSite","@id":"https:\/\/psol50.org.br\/#website","url":"https:\/\/psol50.org.br\/","name":"PSOL 50","description":"Site oficial do Partido Socialismo e Liberdade","publisher":{"@id":"https:\/\/psol50.org.br\/#organization"},"alternateName":"PSOL50","potentialAction":[{"@type":"SearchAction","target":{"@type":"EntryPoint","urlTemplate":"https:\/\/psol50.org.br\/?s={search_term_string}"},"query-input":{"@type":"PropertyValueSpecification","valueRequired":true,"valueName":"search_term_string"}}],"inLanguage":"pt-BR"},{"@type":"Organization","@id":"https:\/\/psol50.org.br\/#organization","name":"PSOL 50","alternateName":"PSOL 50","url":"https:\/\/psol50.org.br\/","logo":{"@type":"ImageObject","inLanguage":"pt-BR","@id":"https:\/\/psol50.org.br\/#\/schema\/logo\/image\/","url":"https:\/\/psol50.org.br\/inc\/uploads\/2018\/07\/capa.png","contentUrl":"https:\/\/psol50.org.br\/inc\/uploads\/2018\/07\/capa.png","width":1350,"height":900,"caption":"PSOL 50"},"image":{"@id":"https:\/\/psol50.org.br\/#\/schema\/logo\/image\/"},"sameAs":["https:\/\/www.facebook.com\/psol50","https:\/\/x.com\/psol50","https:\/\/www.instagram.com\/psol50\/","https:\/\/www.youtube.com\/channel\/UC7SnJS5o1os7a6CaiNabzcg"]},{"@type":"Person","@id":"https:\/\/psol50.org.br\/#\/schema\/person\/475dfa57d0b815993c714c2e96491fcd","name":"Comunica\u00e7\u00e3o PSOL","image":{"@type":"ImageObject","inLanguage":"pt-BR","@id":"https:\/\/psol50.org.br\/#\/schema\/person\/image\/","url":"https:\/\/secure.gravatar.com\/avatar\/b34fc4f4e468a4e51785917065a3db57b841f5c95dba6ad8c73aaf8f66f8f9bf?s=96&d=mm&r=g","contentUrl":"https:\/\/secure.gravatar.com\/avatar\/b34fc4f4e468a4e51785917065a3db57b841f5c95dba6ad8c73aaf8f66f8f9bf?s=96&d=mm&r=g","caption":"Comunica\u00e7\u00e3o PSOL"}}]}},"_links":{"self":[{"href":"https:\/\/psol50.org.br\/rest\/wp\/v2\/posts\/17570","targetHints":{"allow":["GET"]}}],"collection":[{"href":"https:\/\/psol50.org.br\/rest\/wp\/v2\/posts"}],"about":[{"href":"https:\/\/psol50.org.br\/rest\/wp\/v2\/types\/post"}],"author":[{"embeddable":true,"href":"https:\/\/psol50.org.br\/rest\/wp\/v2\/users\/2"}],"replies":[{"embeddable":true,"href":"https:\/\/psol50.org.br\/rest\/wp\/v2\/comments?post=17570"}],"version-history":[{"count":0,"href":"https:\/\/psol50.org.br\/rest\/wp\/v2\/posts\/17570\/revisions"}],"wp:featuredmedia":[{"embeddable":true,"href":"https:\/\/psol50.org.br\/rest\/"}],"wp:attachment":[{"href":"https:\/\/psol50.org.br\/rest\/wp\/v2\/media?parent=17570"}],"wp:term":[{"taxonomy":"category","embeddable":true,"href":"https:\/\/psol50.org.br\/rest\/wp\/v2\/categories?post=17570"},{"taxonomy":"post_tag","embeddable":true,"href":"https:\/\/psol50.org.br\/rest\/wp\/v2\/tags?post=17570"}],"curies":[{"name":"wp","href":"https:\/\/api.w.org\/{rel}","templated":true}]}}