{"id":17584,"date":"2017-08-14T17:12:29","date_gmt":"2017-08-14T17:12:29","guid":{"rendered":"http:\/\/www.psol50.org.br\/?p=17584"},"modified":"2017-08-14T17:12:29","modified_gmt":"2017-08-14T17:12:29","slug":"marielle-franco-dizemos-nao-ao-distritao","status":"publish","type":"post","link":"https:\/\/psol50.org.br\/marielle-franco-dizemos-nao-ao-distritao\/","title":{"rendered":"Marielle Franco | Dizemos: N\u00c3O AO DISTRIT\u00c3O"},"content":{"rendered":"<p><em>Artigo publicado originalmente no jornal Folha de S. Paulo, na <span style=\"color: #0000ff;\"><a href=\"http:\/\/agoraequesaoelas.blogfolha.uol.com.br\/2017\/08\/14\/dizemos-nao-ao-distritao\/\" target=\"_blank\" rel=\"noopener\">coluna #Agora\u00c9QueS\u00e3oElas<\/a><\/span><\/em><\/p>\n<p>Os mesmos deputados que nos \u00faltimos meses aprovaram medidas contra as trabalhadoras, e que todos os dias nos amea\u00e7am com propostas que nos arremessam para o s\u00e9culo passado, tentam agora mudar o sistema eleitoral em favor de si mesmos.<\/p>\n<p>Tramitando a toque de caixa, o famigerado \u201cdistrit\u00e3o\u201d \u00e9 apoiado por Michel Temer e foi uma das principais bandeiras de Eduardo Cunha, ex -presidente da C\u00e2mara, em 2015. O modelo favorece aqueles que j\u00e1 est\u00e3o no poder, garantindo a reelei\u00e7\u00e3o dos atuais deputados, especialmente dos chefes partid\u00e1rios. E, cereja do bolo, atravanca as possibilidades de renova\u00e7\u00e3o de parlamentares da C\u00e2mara. Ou seja, entra e sai elei\u00e7\u00e3o e continuar\u00e3o as mesmas figuras.<\/p>\n<p>Se hoje ainda padecemos do problema da sub-representa\u00e7\u00e3o de minorias pol\u00edticas, essa proposta, que cheira a naftalina de t\u00e3o ultrapassada, desmantela de vez as possibilidades de n\u00f3s, mulheres, principalmente as negras, ind\u00edgenas e LGBTs, acessarmos os espa\u00e7os de poder, no caso, o parlamento.<\/p>\n<p>Com o \u201cdistrit\u00e3o\u201d, apenas os mais votados em cada estado ou munic\u00edpio seriam eleitos. Historicamente, eles s\u00e3o os famosos do mundo do entretenimento, os empres\u00e1rios das comunica\u00e7\u00f5es, os oligarcas e as fam\u00edlias da pol\u00edtica \u2013 ou seus escudeiros. Enfim, os mesmos caciques de sempre ou aqueles com capacidade de receber grandes recursos de doadores individuais para a campanha: homens brancos, empres\u00e1rios, especuladores, quase todos conservadores e reacion\u00e1rios.<\/p>\n<p>Hoje, candidatos e candidatas dependem n\u00e3o apenas dos votos que recebem diretamente, mas dos votos do seu partido e da coliga\u00e7\u00e3o, o quociente eleitoral. Este determina a distribui\u00e7\u00e3o das cadeiras no parlamento. Por isso, em alguns casos, mesmo que receba uma vota\u00e7\u00e3o significativa, a pessoa pode n\u00e3o conseguir ser eleita. Por outro lado, quem n\u00e3o teve uma vota\u00e7\u00e3o t\u00e3o expressiva pode conseguir uma vaga gra\u00e7as ao desempenho do partido, garantido por uma chapa com muitos votos ou por \u201cpuxadores de voto\u201d (aqueles que, individualmente, recebem muitos votos). Esse formato atual est\u00e1 longe de ser perfeito. Mas mudar para diminuir ainda mais a vaga democr\u00e1tica, que exige hoje mais participa\u00e7\u00e3o e controle da popula\u00e7\u00e3o e da sociedade civil, \u00e9 inaceit\u00e1vel!<\/p>\n<p>Atualmente, o \u201cdistrit\u00e3o\u201d existe em apenas quatro pa\u00edses do mundo \u2013 Afeganist\u00e3o, Kuait, Emirados \u00c1rabes Unidos e Vanuatu -, todos bem menores que o Brasil, o que dificulta compara\u00e7\u00f5es. Vale mencionar o caso do Jap\u00e3o, que chegou a adotar o modelo no p\u00f3s-guerra, mas mudou no in\u00edcio dos anos 1990, ap\u00f3s o esc\u00e2ndalo do \u201cRecruit\u201d. O caso revelou a corrup\u00e7\u00e3o estrutural do sistema.<\/p>\n<p>Em 2015, milhares de mulheres, aqui no Brasil, foram \u00e0s ruas para defender o direito ao aborto em caso de estupro, amea\u00e7ado por um projeto do ent\u00e3o presidente da C\u00e2mara, Eduardo Cunha [sempre ele!]. O deputado do PMDB capitaneava tamb\u00e9m a oposi\u00e7\u00e3o ao governo de Dilma Rousseff e o esfor\u00e7o das elites, que sempre estiveram no poder, para manter o congresso sob o dom\u00ednio deles mesmos.<\/p>\n<p>Nos organizamos em iniciativas e nos encontramos nas resist\u00eancias comuns pela defesa de nossos direitos. E foi essa mulherada \u2013 nas ruas, nas redes, na luta e na ra\u00e7a \u2013 que construiu a chamada Primavera das Mulheres e ajudou a derrubar Eduardo Cunha. Todo esse movimento causou reflexo tamb\u00e9m nas urnas, elegendo em diferentes estados mulheres negras e feministas, com vota\u00e7\u00f5es expressivas em 2016. Enfim, nos colocamos como uma real amea\u00e7a ao <em>status quo, <\/em>ao poder patriarcal estabelecido.<\/p>\n<p>Os poderosos do Brasil temem nossa for\u00e7a e querem asfixiar as conquistas que vieram das lutas populares, tentando estreitar as frestas democr\u00e1ticas existentes. Mas n\u00f3s, mulheres, negras, das periferias, ponta de lan\u00e7a das transforma\u00e7\u00f5es e de um mundo melhor, vamos enfrentar esse disparate autorit\u00e1rio. Porque n\u00f3s somos pot\u00eancia, somos coletividade, somos capazes de transformar profundamente a pol\u00edtica. N\u00e3o nos calaremos agora diante desta tentativa de impedir o avan\u00e7o de nossas lutas. Somos #MulheresContraODistrit\u00e3o!<\/p>\n<p><img loading=\"lazy\" decoding=\"async\" class=\"wp-image-17578 alignleft disappear appear\" src=\"http:\/\/i2.wp.com\/www.psol50.org.br\/inc\/uploads\/2017\/08\/Marielle_Franco.jpg\" sizes=\"auto, (max-width: 232px) 100vw, 232px\" srcset=\"http:\/\/i2.wp.com\/www.psol50.org.br\/inc\/uploads\/2017\/08\/Marielle_Franco.jpg 681w, http:\/\/www.psol50.org.br\/inc\/uploads\/2017\/08\/Marielle_Franco-150x150.jpg 150w, http:\/\/www.psol50.org.br\/inc\/uploads\/2017\/08\/Marielle_Franco-600x600.jpg 600w\" alt=\"\" width=\"232\" height=\"232\" \/><\/p>\n<p><em><a href=\"https:\/\/www.facebook.com\/MarielleFrancoPSOL\/\" target=\"_blank\" rel=\"noopener\"><span style=\"color: #0000ff;\">Marielle Franco<\/span><\/a> \u00e9 vereadora pelo PSOL no Rio de Janeiro.<\/em><\/p>\n","protected":false},"excerpt":{"rendered":"<p>Artigo publicado originalmente no jornal Folha de S. Paulo, na coluna #Agora\u00c9QueS\u00e3oElas Os mesmos deputados que nos \u00faltimos meses aprovaram medidas contra as trabalhadoras, e que todos os dias nos amea\u00e7am com propostas que nos arremessam para o s\u00e9culo passado, tentam agora mudar o sistema eleitoral em favor de si mesmos. Tramitando a toque de [&hellip;]<\/p>\n","protected":false},"author":2,"featured_media":18021,"comment_status":"open","ping_status":"open","sticky":false,"template":"","format":"standard","meta":{"_acf_changed":false,"footnotes":""},"categories":[10,3,1882],"tags":[3442,2890,194,1748,4,2152,22,3046],"class_list":{"0":"post-17584","1":"post","2":"type-post","3":"status-publish","4":"format-standard","5":"has-post-thumbnail","7":"category-acao-parlamentares","8":"category-artigos-e-entrevistas","9":"category-brasil","10":"tag-distritao","11":"tag-eduardo-cunha","12":"tag-marielle-franco","13":"tag-michel-temer","14":"tag-mulheres","15":"tag-pmdb","16":"tag-psol","17":"tag-reforma-politica"},"acf":[],"yoast_head":"<!-- This site is optimized with the Yoast SEO plugin v26.5 - https:\/\/yoast.com\/wordpress\/plugins\/seo\/ -->\n<title>Marielle Franco | Dizemos: N\u00c3O AO DISTRIT\u00c3O - PSOL 50<\/title>\n<meta name=\"robots\" content=\"index, follow, max-snippet:-1, max-image-preview:large, max-video-preview:-1\" \/>\n<link rel=\"canonical\" href=\"https:\/\/psol50.org.br\/marielle-franco-dizemos-nao-ao-distritao\/\" \/>\n<meta property=\"og:locale\" content=\"pt_BR\" \/>\n<meta property=\"og:type\" content=\"article\" \/>\n<meta property=\"og:title\" content=\"Marielle Franco | Dizemos: N\u00c3O AO DISTRIT\u00c3O - PSOL 50\" \/>\n<meta property=\"og:description\" content=\"Artigo publicado originalmente no jornal Folha de S. Paulo, na coluna #Agora\u00c9QueS\u00e3oElas Os mesmos deputados que nos \u00faltimos meses aprovaram medidas contra as trabalhadoras, e que todos os dias nos amea\u00e7am com propostas que nos arremessam para o s\u00e9culo passado, tentam agora mudar o sistema eleitoral em favor de si mesmos. Tramitando a toque de [&hellip;]\" \/>\n<meta property=\"og:url\" content=\"https:\/\/psol50.org.br\/marielle-franco-dizemos-nao-ao-distritao\/\" \/>\n<meta property=\"og:site_name\" content=\"PSOL 50\" \/>\n<meta property=\"article:publisher\" content=\"https:\/\/www.facebook.com\/psol50\" \/>\n<meta property=\"article:published_time\" content=\"2017-08-14T17:12:29+00:00\" \/>\n<meta property=\"og:image\" content=\"https:\/\/psol50.org.br\/inc\/uploads\/2018\/07\/capa.png\" \/>\n\t<meta property=\"og:image:width\" content=\"1350\" \/>\n\t<meta property=\"og:image:height\" content=\"900\" \/>\n\t<meta property=\"og:image:type\" content=\"image\/png\" \/>\n<meta name=\"author\" content=\"Comunica\u00e7\u00e3o PSOL\" \/>\n<meta name=\"twitter:card\" content=\"summary_large_image\" \/>\n<meta name=\"twitter:creator\" content=\"@psol50\" \/>\n<meta name=\"twitter:site\" content=\"@psol50\" \/>\n<meta name=\"twitter:label1\" content=\"Escrito por\" \/>\n\t<meta name=\"twitter:data1\" content=\"Comunica\u00e7\u00e3o PSOL\" \/>\n\t<meta name=\"twitter:label2\" content=\"Est. tempo de leitura\" \/>\n\t<meta name=\"twitter:data2\" content=\"4 minutos\" \/>\n<script type=\"application\/ld+json\" class=\"yoast-schema-graph\">{\"@context\":\"https:\/\/schema.org\",\"@graph\":[{\"@type\":\"Article\",\"@id\":\"https:\/\/psol50.org.br\/marielle-franco-dizemos-nao-ao-distritao\/#article\",\"isPartOf\":{\"@id\":\"https:\/\/psol50.org.br\/marielle-franco-dizemos-nao-ao-distritao\/\"},\"author\":{\"name\":\"Comunica\u00e7\u00e3o PSOL\",\"@id\":\"https:\/\/psol50.org.br\/#\/schema\/person\/475dfa57d0b815993c714c2e96491fcd\"},\"headline\":\"Marielle Franco | Dizemos: N\u00c3O AO DISTRIT\u00c3O\",\"datePublished\":\"2017-08-14T17:12:29+00:00\",\"mainEntityOfPage\":{\"@id\":\"https:\/\/psol50.org.br\/marielle-franco-dizemos-nao-ao-distritao\/\"},\"wordCount\":713,\"commentCount\":0,\"publisher\":{\"@id\":\"https:\/\/psol50.org.br\/#organization\"},\"image\":{\"@id\":\"https:\/\/psol50.org.br\/marielle-franco-dizemos-nao-ao-distritao\/#primaryimage\"},\"thumbnailUrl\":\"\",\"keywords\":[\"Distrit\u00e3o\",\"Eduardo Cunha\",\"Marielle Franco\",\"Michel Temer\",\"mulheres\",\"PMDB\",\"PSOL\",\"Reforma Pol\u00edtica\"],\"articleSection\":[\"A\u00e7\u00e3o Parlamentar\",\"Artigos\",\"Brasil\"],\"inLanguage\":\"pt-BR\",\"potentialAction\":[{\"@type\":\"CommentAction\",\"name\":\"Comment\",\"target\":[\"https:\/\/psol50.org.br\/marielle-franco-dizemos-nao-ao-distritao\/#respond\"]}]},{\"@type\":\"WebPage\",\"@id\":\"https:\/\/psol50.org.br\/marielle-franco-dizemos-nao-ao-distritao\/\",\"url\":\"https:\/\/psol50.org.br\/marielle-franco-dizemos-nao-ao-distritao\/\",\"name\":\"Marielle Franco | Dizemos: N\u00c3O AO DISTRIT\u00c3O - PSOL 50\",\"isPartOf\":{\"@id\":\"https:\/\/psol50.org.br\/#website\"},\"primaryImageOfPage\":{\"@id\":\"https:\/\/psol50.org.br\/marielle-franco-dizemos-nao-ao-distritao\/#primaryimage\"},\"image\":{\"@id\":\"https:\/\/psol50.org.br\/marielle-franco-dizemos-nao-ao-distritao\/#primaryimage\"},\"thumbnailUrl\":\"\",\"datePublished\":\"2017-08-14T17:12:29+00:00\",\"breadcrumb\":{\"@id\":\"https:\/\/psol50.org.br\/marielle-franco-dizemos-nao-ao-distritao\/#breadcrumb\"},\"inLanguage\":\"pt-BR\",\"potentialAction\":[{\"@type\":\"ReadAction\",\"target\":[\"https:\/\/psol50.org.br\/marielle-franco-dizemos-nao-ao-distritao\/\"]}]},{\"@type\":\"ImageObject\",\"inLanguage\":\"pt-BR\",\"@id\":\"https:\/\/psol50.org.br\/marielle-franco-dizemos-nao-ao-distritao\/#primaryimage\",\"url\":\"\",\"contentUrl\":\"\"},{\"@type\":\"BreadcrumbList\",\"@id\":\"https:\/\/psol50.org.br\/marielle-franco-dizemos-nao-ao-distritao\/#breadcrumb\",\"itemListElement\":[{\"@type\":\"ListItem\",\"position\":1,\"name\":\"In\u00edcio\",\"item\":\"https:\/\/psol50.org.br\/\"},{\"@type\":\"ListItem\",\"position\":2,\"name\":\"Marielle Franco | Dizemos: N\u00c3O AO DISTRIT\u00c3O\"}]},{\"@type\":\"WebSite\",\"@id\":\"https:\/\/psol50.org.br\/#website\",\"url\":\"https:\/\/psol50.org.br\/\",\"name\":\"PSOL 50\",\"description\":\"Site oficial do Partido Socialismo e Liberdade\",\"publisher\":{\"@id\":\"https:\/\/psol50.org.br\/#organization\"},\"alternateName\":\"PSOL50\",\"potentialAction\":[{\"@type\":\"SearchAction\",\"target\":{\"@type\":\"EntryPoint\",\"urlTemplate\":\"https:\/\/psol50.org.br\/?s={search_term_string}\"},\"query-input\":{\"@type\":\"PropertyValueSpecification\",\"valueRequired\":true,\"valueName\":\"search_term_string\"}}],\"inLanguage\":\"pt-BR\"},{\"@type\":\"Organization\",\"@id\":\"https:\/\/psol50.org.br\/#organization\",\"name\":\"PSOL 50\",\"alternateName\":\"PSOL 50\",\"url\":\"https:\/\/psol50.org.br\/\",\"logo\":{\"@type\":\"ImageObject\",\"inLanguage\":\"pt-BR\",\"@id\":\"https:\/\/psol50.org.br\/#\/schema\/logo\/image\/\",\"url\":\"https:\/\/psol50.org.br\/inc\/uploads\/2018\/07\/capa.png\",\"contentUrl\":\"https:\/\/psol50.org.br\/inc\/uploads\/2018\/07\/capa.png\",\"width\":1350,\"height\":900,\"caption\":\"PSOL 50\"},\"image\":{\"@id\":\"https:\/\/psol50.org.br\/#\/schema\/logo\/image\/\"},\"sameAs\":[\"https:\/\/www.facebook.com\/psol50\",\"https:\/\/x.com\/psol50\",\"https:\/\/www.instagram.com\/psol50\/\",\"https:\/\/www.youtube.com\/channel\/UC7SnJS5o1os7a6CaiNabzcg\"]},{\"@type\":\"Person\",\"@id\":\"https:\/\/psol50.org.br\/#\/schema\/person\/475dfa57d0b815993c714c2e96491fcd\",\"name\":\"Comunica\u00e7\u00e3o PSOL\",\"image\":{\"@type\":\"ImageObject\",\"inLanguage\":\"pt-BR\",\"@id\":\"https:\/\/psol50.org.br\/#\/schema\/person\/image\/\",\"url\":\"https:\/\/secure.gravatar.com\/avatar\/b34fc4f4e468a4e51785917065a3db57b841f5c95dba6ad8c73aaf8f66f8f9bf?s=96&d=mm&r=g\",\"contentUrl\":\"https:\/\/secure.gravatar.com\/avatar\/b34fc4f4e468a4e51785917065a3db57b841f5c95dba6ad8c73aaf8f66f8f9bf?s=96&d=mm&r=g\",\"caption\":\"Comunica\u00e7\u00e3o PSOL\"}}]}<\/script>\n<!-- \/ Yoast SEO plugin. -->","yoast_head_json":{"title":"Marielle Franco | Dizemos: N\u00c3O AO DISTRIT\u00c3O - PSOL 50","robots":{"index":"index","follow":"follow","max-snippet":"max-snippet:-1","max-image-preview":"max-image-preview:large","max-video-preview":"max-video-preview:-1"},"canonical":"https:\/\/psol50.org.br\/marielle-franco-dizemos-nao-ao-distritao\/","og_locale":"pt_BR","og_type":"article","og_title":"Marielle Franco | Dizemos: N\u00c3O AO DISTRIT\u00c3O - PSOL 50","og_description":"Artigo publicado originalmente no jornal Folha de S. Paulo, na coluna #Agora\u00c9QueS\u00e3oElas Os mesmos deputados que nos \u00faltimos meses aprovaram medidas contra as trabalhadoras, e que todos os dias nos amea\u00e7am com propostas que nos arremessam para o s\u00e9culo passado, tentam agora mudar o sistema eleitoral em favor de si mesmos. Tramitando a toque de [&hellip;]","og_url":"https:\/\/psol50.org.br\/marielle-franco-dizemos-nao-ao-distritao\/","og_site_name":"PSOL 50","article_publisher":"https:\/\/www.facebook.com\/psol50","article_published_time":"2017-08-14T17:12:29+00:00","og_image":[{"width":1350,"height":900,"url":"https:\/\/psol50.org.br\/inc\/uploads\/2018\/07\/capa.png","type":"image\/png"}],"author":"Comunica\u00e7\u00e3o PSOL","twitter_card":"summary_large_image","twitter_creator":"@psol50","twitter_site":"@psol50","twitter_misc":{"Escrito por":"Comunica\u00e7\u00e3o PSOL","Est. tempo de leitura":"4 minutos"},"schema":{"@context":"https:\/\/schema.org","@graph":[{"@type":"Article","@id":"https:\/\/psol50.org.br\/marielle-franco-dizemos-nao-ao-distritao\/#article","isPartOf":{"@id":"https:\/\/psol50.org.br\/marielle-franco-dizemos-nao-ao-distritao\/"},"author":{"name":"Comunica\u00e7\u00e3o PSOL","@id":"https:\/\/psol50.org.br\/#\/schema\/person\/475dfa57d0b815993c714c2e96491fcd"},"headline":"Marielle Franco | Dizemos: N\u00c3O AO DISTRIT\u00c3O","datePublished":"2017-08-14T17:12:29+00:00","mainEntityOfPage":{"@id":"https:\/\/psol50.org.br\/marielle-franco-dizemos-nao-ao-distritao\/"},"wordCount":713,"commentCount":0,"publisher":{"@id":"https:\/\/psol50.org.br\/#organization"},"image":{"@id":"https:\/\/psol50.org.br\/marielle-franco-dizemos-nao-ao-distritao\/#primaryimage"},"thumbnailUrl":"","keywords":["Distrit\u00e3o","Eduardo Cunha","Marielle Franco","Michel Temer","mulheres","PMDB","PSOL","Reforma Pol\u00edtica"],"articleSection":["A\u00e7\u00e3o Parlamentar","Artigos","Brasil"],"inLanguage":"pt-BR","potentialAction":[{"@type":"CommentAction","name":"Comment","target":["https:\/\/psol50.org.br\/marielle-franco-dizemos-nao-ao-distritao\/#respond"]}]},{"@type":"WebPage","@id":"https:\/\/psol50.org.br\/marielle-franco-dizemos-nao-ao-distritao\/","url":"https:\/\/psol50.org.br\/marielle-franco-dizemos-nao-ao-distritao\/","name":"Marielle Franco | Dizemos: N\u00c3O AO DISTRIT\u00c3O - PSOL 50","isPartOf":{"@id":"https:\/\/psol50.org.br\/#website"},"primaryImageOfPage":{"@id":"https:\/\/psol50.org.br\/marielle-franco-dizemos-nao-ao-distritao\/#primaryimage"},"image":{"@id":"https:\/\/psol50.org.br\/marielle-franco-dizemos-nao-ao-distritao\/#primaryimage"},"thumbnailUrl":"","datePublished":"2017-08-14T17:12:29+00:00","breadcrumb":{"@id":"https:\/\/psol50.org.br\/marielle-franco-dizemos-nao-ao-distritao\/#breadcrumb"},"inLanguage":"pt-BR","potentialAction":[{"@type":"ReadAction","target":["https:\/\/psol50.org.br\/marielle-franco-dizemos-nao-ao-distritao\/"]}]},{"@type":"ImageObject","inLanguage":"pt-BR","@id":"https:\/\/psol50.org.br\/marielle-franco-dizemos-nao-ao-distritao\/#primaryimage","url":"","contentUrl":""},{"@type":"BreadcrumbList","@id":"https:\/\/psol50.org.br\/marielle-franco-dizemos-nao-ao-distritao\/#breadcrumb","itemListElement":[{"@type":"ListItem","position":1,"name":"In\u00edcio","item":"https:\/\/psol50.org.br\/"},{"@type":"ListItem","position":2,"name":"Marielle Franco | Dizemos: N\u00c3O AO DISTRIT\u00c3O"}]},{"@type":"WebSite","@id":"https:\/\/psol50.org.br\/#website","url":"https:\/\/psol50.org.br\/","name":"PSOL 50","description":"Site oficial do Partido Socialismo e Liberdade","publisher":{"@id":"https:\/\/psol50.org.br\/#organization"},"alternateName":"PSOL50","potentialAction":[{"@type":"SearchAction","target":{"@type":"EntryPoint","urlTemplate":"https:\/\/psol50.org.br\/?s={search_term_string}"},"query-input":{"@type":"PropertyValueSpecification","valueRequired":true,"valueName":"search_term_string"}}],"inLanguage":"pt-BR"},{"@type":"Organization","@id":"https:\/\/psol50.org.br\/#organization","name":"PSOL 50","alternateName":"PSOL 50","url":"https:\/\/psol50.org.br\/","logo":{"@type":"ImageObject","inLanguage":"pt-BR","@id":"https:\/\/psol50.org.br\/#\/schema\/logo\/image\/","url":"https:\/\/psol50.org.br\/inc\/uploads\/2018\/07\/capa.png","contentUrl":"https:\/\/psol50.org.br\/inc\/uploads\/2018\/07\/capa.png","width":1350,"height":900,"caption":"PSOL 50"},"image":{"@id":"https:\/\/psol50.org.br\/#\/schema\/logo\/image\/"},"sameAs":["https:\/\/www.facebook.com\/psol50","https:\/\/x.com\/psol50","https:\/\/www.instagram.com\/psol50\/","https:\/\/www.youtube.com\/channel\/UC7SnJS5o1os7a6CaiNabzcg"]},{"@type":"Person","@id":"https:\/\/psol50.org.br\/#\/schema\/person\/475dfa57d0b815993c714c2e96491fcd","name":"Comunica\u00e7\u00e3o PSOL","image":{"@type":"ImageObject","inLanguage":"pt-BR","@id":"https:\/\/psol50.org.br\/#\/schema\/person\/image\/","url":"https:\/\/secure.gravatar.com\/avatar\/b34fc4f4e468a4e51785917065a3db57b841f5c95dba6ad8c73aaf8f66f8f9bf?s=96&d=mm&r=g","contentUrl":"https:\/\/secure.gravatar.com\/avatar\/b34fc4f4e468a4e51785917065a3db57b841f5c95dba6ad8c73aaf8f66f8f9bf?s=96&d=mm&r=g","caption":"Comunica\u00e7\u00e3o PSOL"}}]}},"_links":{"self":[{"href":"https:\/\/psol50.org.br\/rest\/wp\/v2\/posts\/17584","targetHints":{"allow":["GET"]}}],"collection":[{"href":"https:\/\/psol50.org.br\/rest\/wp\/v2\/posts"}],"about":[{"href":"https:\/\/psol50.org.br\/rest\/wp\/v2\/types\/post"}],"author":[{"embeddable":true,"href":"https:\/\/psol50.org.br\/rest\/wp\/v2\/users\/2"}],"replies":[{"embeddable":true,"href":"https:\/\/psol50.org.br\/rest\/wp\/v2\/comments?post=17584"}],"version-history":[{"count":0,"href":"https:\/\/psol50.org.br\/rest\/wp\/v2\/posts\/17584\/revisions"}],"wp:featuredmedia":[{"embeddable":true,"href":"https:\/\/psol50.org.br\/rest\/"}],"wp:attachment":[{"href":"https:\/\/psol50.org.br\/rest\/wp\/v2\/media?parent=17584"}],"wp:term":[{"taxonomy":"category","embeddable":true,"href":"https:\/\/psol50.org.br\/rest\/wp\/v2\/categories?post=17584"},{"taxonomy":"post_tag","embeddable":true,"href":"https:\/\/psol50.org.br\/rest\/wp\/v2\/tags?post=17584"}],"curies":[{"name":"wp","href":"https:\/\/api.w.org\/{rel}","templated":true}]}}