{"id":17595,"date":"2017-08-15T13:08:00","date_gmt":"2017-08-15T13:08:00","guid":{"rendered":"http:\/\/www.psol50.org.br\/?p=17595"},"modified":"2017-08-15T13:08:00","modified_gmt":"2017-08-15T13:08:00","slug":"para-atingir-meta-fiscal-temer-pretende-congelar-salario-de-servidores","status":"publish","type":"post","link":"https:\/\/psol50.org.br\/para-atingir-meta-fiscal-temer-pretende-congelar-salario-de-servidores\/","title":{"rendered":"Para atingir meta fiscal, Temer pretende congelar sal\u00e1rio de servidores"},"content":{"rendered":"<p>O assunto tem sido um dos mais comentados nos ve\u00edculos da grande imprensa. Os principais jornais impressos e os telejornais das emissoras de TV t\u00eam dado, diariamente, que o governo pretende anunciar esta semana a revis\u00e3o da meta fiscal de 2017 e 2018. Para isso, a sa\u00edda apontada pelo Pal\u00e1cio do Planalto, com o respaldo da grande m\u00eddia, s\u00e3o corte em investimentos nas \u00e1reas sociais e congelamento nos sal\u00e1rios dos servidores p\u00fablicos federais.<\/p>\n<p>Ainda sem chegar a um acordo preciso sobre os c\u00e1lculos da situa\u00e7\u00e3o fiscal, o que tem gerado diverg\u00eancia entre a pr\u00f3pria equipe econ\u00f4mica de Temer e sua base aliada no Congresso Nacional, o governo ileg\u00edtimo j\u00e1 adiantou uma s\u00e9rie de medidas para conter investimentos (gastos, nas palavras dos especialistas alinhados ao governo) com o funcionalismo. Al\u00e9m do congelamento dos reajustes dos servidores do Executivo, previstos para 2018, o Planalto tamb\u00e9m planeja a fixa\u00e7\u00e3o de um limite de R$ 5 mil para os sal\u00e1rios de servidores em in\u00edcio de carreira e dos futuros que entrar\u00e3o e corte de gastos em benef\u00edcios como aux\u00edlio-moradia, aux\u00edlio-reclus\u00e3o e ajuda de custo.<\/p>\n<p>Segundo divulgou o <a href=\"http:\/\/economia.estadao.com.br\/noticias\/geral,governo-quer-limitar-salario-inicial-de-novos-servidores-do-executivo-a-r-5-mil,70001931260\" target=\"_blank\" rel=\"noopener\"><span style=\"color: #0000ff;\"><strong><em>Broadcast do Estad\u00e3o<\/em><\/strong><\/span><\/a>, a ideia de Temer \u00e9 postergar para janeiro de 2019, ou seja, em um ano, os reajustes prometidos a maioria das carreiras de funcion\u00e1rios p\u00fablicos. Professores, militares, auditores da Receita, peritos do INSS, carreiras jur\u00eddicas, diplomatas e oficiais de chancelaria est\u00e3o entre as categorias que poder\u00e3o ser atingidas.<\/p>\n<p>O governo alega uma economia de cerca de R$ 9 bilh\u00f5es para 2018, mas sem dizer que outros gastos seguir\u00e3o sendo feitos, como a libera\u00e7\u00e3o de emendas parlamentares, tanto para salvar a pele de Michel Temer das investiga\u00e7\u00f5es da Lava Jato quanto para garantir votos suficientes para aprovar a reforma da Previd\u00eancia. Al\u00e9m disso, grandes empresas continuam sonegando impostos para a Receita Federal, cujo preju\u00edzo n\u00e3o \u00e9 computado pelo governo para explicar o falacioso d\u00e9ficit previdenci\u00e1rio.<\/p>\n<p>Est\u00e1 prevista para esta ter\u00e7a-feira (15\/08) uma reuni\u00e3o na casa de Rodrigo Maia (DEM-RJ), presidente da C\u00e2mara, com os ministros da Fazenda, Henrique Meirelles, e do Planejamento, Dyogo Oliveira. O objetivo \u00e9 acertar os c\u00e1lculos da nova meta fiscal e definir como se dar\u00e3o os cortes. Na \u00faltima quinta-feira (10), Temer tamb\u00e9m se reuniu com os ministros da \u00e1rea econ\u00f4mica para tratar do assunto.<\/p>\n<p>Os servidores p\u00fablicos federais prometem reagir \u00e0s medidas do governo. <a href=\"http:\/\/www.psol50.org.br\/blog\/2017\/08\/07\/servidores-federais-aprovam-luta-unificada-contra-o-desmonte-do-servico-publico\/\" target=\"_blank\" rel=\"noopener\"><span style=\"color: #0000ff;\"><strong>Uma s\u00e9rie de mobiliza\u00e7\u00f5es est\u00e1 sendo pensada para os pr\u00f3ximos dias<\/strong><\/span><\/a>, e eles n\u00e3o descartam uma paralisa\u00e7\u00e3o em setembro.<\/p>\n","protected":false},"excerpt":{"rendered":"<p>O assunto tem sido um dos mais comentados nos ve\u00edculos da grande imprensa. Os principais jornais impressos e os telejornais das emissoras de TV t\u00eam dado, diariamente, que o governo pretende anunciar esta semana a revis\u00e3o da meta fiscal de 2017 e 2018. Para isso, a sa\u00edda apontada pelo Pal\u00e1cio do Planalto, com o respaldo [&hellip;]<\/p>\n","protected":false},"author":2,"featured_media":17814,"comment_status":"open","ping_status":"open","sticky":false,"template":"","format":"standard","meta":{"_acf_changed":false,"footnotes":""},"categories":[1882,6],"tags":[3486,2069,3487,1748,1993,39,1301,256],"class_list":{"0":"post-17595","1":"post","2":"type-post","3":"status-publish","4":"format-standard","5":"has-post-thumbnail","7":"category-brasil","8":"category-noticias","9":"tag-congelamento","10":"tag-funcionalismo","11":"tag-meta-fiscal","12":"tag-michel-temer","13":"tag-palacio-do-planalto","14":"tag-reforma-da-previdencia","15":"tag-salario","16":"tag-servidores-publicos"},"acf":[],"yoast_head":"<!-- This site is optimized with the Yoast SEO plugin v26.5 - https:\/\/yoast.com\/wordpress\/plugins\/seo\/ -->\n<title>Para atingir meta fiscal, Temer pretende congelar sal\u00e1rio de servidores - PSOL 50<\/title>\n<meta name=\"robots\" content=\"index, follow, max-snippet:-1, max-image-preview:large, max-video-preview:-1\" \/>\n<link rel=\"canonical\" href=\"https:\/\/psol50.org.br\/para-atingir-meta-fiscal-temer-pretende-congelar-salario-de-servidores\/\" \/>\n<meta property=\"og:locale\" content=\"pt_BR\" \/>\n<meta property=\"og:type\" content=\"article\" \/>\n<meta property=\"og:title\" content=\"Para atingir meta fiscal, Temer pretende congelar sal\u00e1rio de servidores - PSOL 50\" \/>\n<meta property=\"og:description\" content=\"O assunto tem sido um dos mais comentados nos ve\u00edculos da grande imprensa. Os principais jornais impressos e os telejornais das emissoras de TV t\u00eam dado, diariamente, que o governo pretende anunciar esta semana a revis\u00e3o da meta fiscal de 2017 e 2018. Para isso, a sa\u00edda apontada pelo Pal\u00e1cio do Planalto, com o respaldo [&hellip;]\" \/>\n<meta property=\"og:url\" content=\"https:\/\/psol50.org.br\/para-atingir-meta-fiscal-temer-pretende-congelar-salario-de-servidores\/\" \/>\n<meta property=\"og:site_name\" content=\"PSOL 50\" \/>\n<meta property=\"article:publisher\" content=\"https:\/\/www.facebook.com\/psol50\" \/>\n<meta property=\"article:published_time\" content=\"2017-08-15T13:08:00+00:00\" \/>\n<meta property=\"og:image\" content=\"https:\/\/psol50.org.br\/inc\/uploads\/2017\/08\/Temer_Maia_Ministros_ValterCampanato_ABr_editada.jpg\" \/>\n\t<meta property=\"og:image:width\" content=\"1350\" \/>\n\t<meta property=\"og:image:height\" content=\"900\" \/>\n\t<meta property=\"og:image:type\" content=\"image\/jpeg\" \/>\n<meta name=\"author\" content=\"Comunica\u00e7\u00e3o PSOL\" \/>\n<meta name=\"twitter:card\" content=\"summary_large_image\" \/>\n<meta name=\"twitter:creator\" content=\"@psol50\" \/>\n<meta name=\"twitter:site\" content=\"@psol50\" \/>\n<meta name=\"twitter:label1\" content=\"Escrito por\" \/>\n\t<meta name=\"twitter:data1\" content=\"Comunica\u00e7\u00e3o PSOL\" \/>\n\t<meta name=\"twitter:label2\" content=\"Est. tempo de leitura\" \/>\n\t<meta name=\"twitter:data2\" content=\"2 minutos\" \/>\n<script type=\"application\/ld+json\" class=\"yoast-schema-graph\">{\"@context\":\"https:\/\/schema.org\",\"@graph\":[{\"@type\":\"Article\",\"@id\":\"https:\/\/psol50.org.br\/para-atingir-meta-fiscal-temer-pretende-congelar-salario-de-servidores\/#article\",\"isPartOf\":{\"@id\":\"https:\/\/psol50.org.br\/para-atingir-meta-fiscal-temer-pretende-congelar-salario-de-servidores\/\"},\"author\":{\"name\":\"Comunica\u00e7\u00e3o PSOL\",\"@id\":\"https:\/\/psol50.org.br\/#\/schema\/person\/475dfa57d0b815993c714c2e96491fcd\"},\"headline\":\"Para atingir meta fiscal, Temer pretende congelar sal\u00e1rio de servidores\",\"datePublished\":\"2017-08-15T13:08:00+00:00\",\"mainEntityOfPage\":{\"@id\":\"https:\/\/psol50.org.br\/para-atingir-meta-fiscal-temer-pretende-congelar-salario-de-servidores\/\"},\"wordCount\":457,\"commentCount\":0,\"publisher\":{\"@id\":\"https:\/\/psol50.org.br\/#organization\"},\"image\":{\"@id\":\"https:\/\/psol50.org.br\/para-atingir-meta-fiscal-temer-pretende-congelar-salario-de-servidores\/#primaryimage\"},\"thumbnailUrl\":\"https:\/\/psol50.org.br\/inc\/uploads\/2017\/08\/Temer_Maia_Ministros_ValterCampanato_ABr_editada.jpg\",\"keywords\":[\"congelamento\",\"funcionalismo\",\"meta fiscal\",\"Michel Temer\",\"Pal\u00e1cio do Planalto\",\"reforma da previd\u00eancia\",\"sal\u00e1rio\",\"servidores p\u00fablicos\"],\"articleSection\":[\"Brasil\",\"Not\u00edcias\"],\"inLanguage\":\"pt-BR\",\"potentialAction\":[{\"@type\":\"CommentAction\",\"name\":\"Comment\",\"target\":[\"https:\/\/psol50.org.br\/para-atingir-meta-fiscal-temer-pretende-congelar-salario-de-servidores\/#respond\"]}]},{\"@type\":\"WebPage\",\"@id\":\"https:\/\/psol50.org.br\/para-atingir-meta-fiscal-temer-pretende-congelar-salario-de-servidores\/\",\"url\":\"https:\/\/psol50.org.br\/para-atingir-meta-fiscal-temer-pretende-congelar-salario-de-servidores\/\",\"name\":\"Para atingir meta fiscal, Temer pretende congelar sal\u00e1rio de servidores - PSOL 50\",\"isPartOf\":{\"@id\":\"https:\/\/psol50.org.br\/#website\"},\"primaryImageOfPage\":{\"@id\":\"https:\/\/psol50.org.br\/para-atingir-meta-fiscal-temer-pretende-congelar-salario-de-servidores\/#primaryimage\"},\"image\":{\"@id\":\"https:\/\/psol50.org.br\/para-atingir-meta-fiscal-temer-pretende-congelar-salario-de-servidores\/#primaryimage\"},\"thumbnailUrl\":\"https:\/\/psol50.org.br\/inc\/uploads\/2017\/08\/Temer_Maia_Ministros_ValterCampanato_ABr_editada.jpg\",\"datePublished\":\"2017-08-15T13:08:00+00:00\",\"breadcrumb\":{\"@id\":\"https:\/\/psol50.org.br\/para-atingir-meta-fiscal-temer-pretende-congelar-salario-de-servidores\/#breadcrumb\"},\"inLanguage\":\"pt-BR\",\"potentialAction\":[{\"@type\":\"ReadAction\",\"target\":[\"https:\/\/psol50.org.br\/para-atingir-meta-fiscal-temer-pretende-congelar-salario-de-servidores\/\"]}]},{\"@type\":\"ImageObject\",\"inLanguage\":\"pt-BR\",\"@id\":\"https:\/\/psol50.org.br\/para-atingir-meta-fiscal-temer-pretende-congelar-salario-de-servidores\/#primaryimage\",\"url\":\"https:\/\/psol50.org.br\/inc\/uploads\/2017\/08\/Temer_Maia_Ministros_ValterCampanato_ABr_editada.jpg\",\"contentUrl\":\"https:\/\/psol50.org.br\/inc\/uploads\/2017\/08\/Temer_Maia_Ministros_ValterCampanato_ABr_editada.jpg\",\"width\":1350,\"height\":900},{\"@type\":\"BreadcrumbList\",\"@id\":\"https:\/\/psol50.org.br\/para-atingir-meta-fiscal-temer-pretende-congelar-salario-de-servidores\/#breadcrumb\",\"itemListElement\":[{\"@type\":\"ListItem\",\"position\":1,\"name\":\"In\u00edcio\",\"item\":\"https:\/\/psol50.org.br\/\"},{\"@type\":\"ListItem\",\"position\":2,\"name\":\"Para atingir meta fiscal, Temer pretende congelar sal\u00e1rio de servidores\"}]},{\"@type\":\"WebSite\",\"@id\":\"https:\/\/psol50.org.br\/#website\",\"url\":\"https:\/\/psol50.org.br\/\",\"name\":\"PSOL 50\",\"description\":\"Site oficial do Partido Socialismo e Liberdade\",\"publisher\":{\"@id\":\"https:\/\/psol50.org.br\/#organization\"},\"alternateName\":\"PSOL50\",\"potentialAction\":[{\"@type\":\"SearchAction\",\"target\":{\"@type\":\"EntryPoint\",\"urlTemplate\":\"https:\/\/psol50.org.br\/?s={search_term_string}\"},\"query-input\":{\"@type\":\"PropertyValueSpecification\",\"valueRequired\":true,\"valueName\":\"search_term_string\"}}],\"inLanguage\":\"pt-BR\"},{\"@type\":\"Organization\",\"@id\":\"https:\/\/psol50.org.br\/#organization\",\"name\":\"PSOL 50\",\"alternateName\":\"PSOL 50\",\"url\":\"https:\/\/psol50.org.br\/\",\"logo\":{\"@type\":\"ImageObject\",\"inLanguage\":\"pt-BR\",\"@id\":\"https:\/\/psol50.org.br\/#\/schema\/logo\/image\/\",\"url\":\"https:\/\/psol50.org.br\/inc\/uploads\/2018\/07\/capa.png\",\"contentUrl\":\"https:\/\/psol50.org.br\/inc\/uploads\/2018\/07\/capa.png\",\"width\":1350,\"height\":900,\"caption\":\"PSOL 50\"},\"image\":{\"@id\":\"https:\/\/psol50.org.br\/#\/schema\/logo\/image\/\"},\"sameAs\":[\"https:\/\/www.facebook.com\/psol50\",\"https:\/\/x.com\/psol50\",\"https:\/\/www.instagram.com\/psol50\/\",\"https:\/\/www.youtube.com\/channel\/UC7SnJS5o1os7a6CaiNabzcg\"]},{\"@type\":\"Person\",\"@id\":\"https:\/\/psol50.org.br\/#\/schema\/person\/475dfa57d0b815993c714c2e96491fcd\",\"name\":\"Comunica\u00e7\u00e3o PSOL\",\"image\":{\"@type\":\"ImageObject\",\"inLanguage\":\"pt-BR\",\"@id\":\"https:\/\/psol50.org.br\/#\/schema\/person\/image\/\",\"url\":\"https:\/\/secure.gravatar.com\/avatar\/b34fc4f4e468a4e51785917065a3db57b841f5c95dba6ad8c73aaf8f66f8f9bf?s=96&d=mm&r=g\",\"contentUrl\":\"https:\/\/secure.gravatar.com\/avatar\/b34fc4f4e468a4e51785917065a3db57b841f5c95dba6ad8c73aaf8f66f8f9bf?s=96&d=mm&r=g\",\"caption\":\"Comunica\u00e7\u00e3o PSOL\"}}]}<\/script>\n<!-- \/ Yoast SEO plugin. -->","yoast_head_json":{"title":"Para atingir meta fiscal, Temer pretende congelar sal\u00e1rio de servidores - PSOL 50","robots":{"index":"index","follow":"follow","max-snippet":"max-snippet:-1","max-image-preview":"max-image-preview:large","max-video-preview":"max-video-preview:-1"},"canonical":"https:\/\/psol50.org.br\/para-atingir-meta-fiscal-temer-pretende-congelar-salario-de-servidores\/","og_locale":"pt_BR","og_type":"article","og_title":"Para atingir meta fiscal, Temer pretende congelar sal\u00e1rio de servidores - PSOL 50","og_description":"O assunto tem sido um dos mais comentados nos ve\u00edculos da grande imprensa. Os principais jornais impressos e os telejornais das emissoras de TV t\u00eam dado, diariamente, que o governo pretende anunciar esta semana a revis\u00e3o da meta fiscal de 2017 e 2018. Para isso, a sa\u00edda apontada pelo Pal\u00e1cio do Planalto, com o respaldo [&hellip;]","og_url":"https:\/\/psol50.org.br\/para-atingir-meta-fiscal-temer-pretende-congelar-salario-de-servidores\/","og_site_name":"PSOL 50","article_publisher":"https:\/\/www.facebook.com\/psol50","article_published_time":"2017-08-15T13:08:00+00:00","og_image":[{"width":1350,"height":900,"url":"https:\/\/psol50.org.br\/inc\/uploads\/2017\/08\/Temer_Maia_Ministros_ValterCampanato_ABr_editada.jpg","type":"image\/jpeg"}],"author":"Comunica\u00e7\u00e3o PSOL","twitter_card":"summary_large_image","twitter_creator":"@psol50","twitter_site":"@psol50","twitter_misc":{"Escrito por":"Comunica\u00e7\u00e3o PSOL","Est. tempo de leitura":"2 minutos"},"schema":{"@context":"https:\/\/schema.org","@graph":[{"@type":"Article","@id":"https:\/\/psol50.org.br\/para-atingir-meta-fiscal-temer-pretende-congelar-salario-de-servidores\/#article","isPartOf":{"@id":"https:\/\/psol50.org.br\/para-atingir-meta-fiscal-temer-pretende-congelar-salario-de-servidores\/"},"author":{"name":"Comunica\u00e7\u00e3o PSOL","@id":"https:\/\/psol50.org.br\/#\/schema\/person\/475dfa57d0b815993c714c2e96491fcd"},"headline":"Para atingir meta fiscal, Temer pretende congelar sal\u00e1rio de servidores","datePublished":"2017-08-15T13:08:00+00:00","mainEntityOfPage":{"@id":"https:\/\/psol50.org.br\/para-atingir-meta-fiscal-temer-pretende-congelar-salario-de-servidores\/"},"wordCount":457,"commentCount":0,"publisher":{"@id":"https:\/\/psol50.org.br\/#organization"},"image":{"@id":"https:\/\/psol50.org.br\/para-atingir-meta-fiscal-temer-pretende-congelar-salario-de-servidores\/#primaryimage"},"thumbnailUrl":"https:\/\/psol50.org.br\/inc\/uploads\/2017\/08\/Temer_Maia_Ministros_ValterCampanato_ABr_editada.jpg","keywords":["congelamento","funcionalismo","meta fiscal","Michel Temer","Pal\u00e1cio do Planalto","reforma da previd\u00eancia","sal\u00e1rio","servidores p\u00fablicos"],"articleSection":["Brasil","Not\u00edcias"],"inLanguage":"pt-BR","potentialAction":[{"@type":"CommentAction","name":"Comment","target":["https:\/\/psol50.org.br\/para-atingir-meta-fiscal-temer-pretende-congelar-salario-de-servidores\/#respond"]}]},{"@type":"WebPage","@id":"https:\/\/psol50.org.br\/para-atingir-meta-fiscal-temer-pretende-congelar-salario-de-servidores\/","url":"https:\/\/psol50.org.br\/para-atingir-meta-fiscal-temer-pretende-congelar-salario-de-servidores\/","name":"Para atingir meta fiscal, Temer pretende congelar sal\u00e1rio de servidores - PSOL 50","isPartOf":{"@id":"https:\/\/psol50.org.br\/#website"},"primaryImageOfPage":{"@id":"https:\/\/psol50.org.br\/para-atingir-meta-fiscal-temer-pretende-congelar-salario-de-servidores\/#primaryimage"},"image":{"@id":"https:\/\/psol50.org.br\/para-atingir-meta-fiscal-temer-pretende-congelar-salario-de-servidores\/#primaryimage"},"thumbnailUrl":"https:\/\/psol50.org.br\/inc\/uploads\/2017\/08\/Temer_Maia_Ministros_ValterCampanato_ABr_editada.jpg","datePublished":"2017-08-15T13:08:00+00:00","breadcrumb":{"@id":"https:\/\/psol50.org.br\/para-atingir-meta-fiscal-temer-pretende-congelar-salario-de-servidores\/#breadcrumb"},"inLanguage":"pt-BR","potentialAction":[{"@type":"ReadAction","target":["https:\/\/psol50.org.br\/para-atingir-meta-fiscal-temer-pretende-congelar-salario-de-servidores\/"]}]},{"@type":"ImageObject","inLanguage":"pt-BR","@id":"https:\/\/psol50.org.br\/para-atingir-meta-fiscal-temer-pretende-congelar-salario-de-servidores\/#primaryimage","url":"https:\/\/psol50.org.br\/inc\/uploads\/2017\/08\/Temer_Maia_Ministros_ValterCampanato_ABr_editada.jpg","contentUrl":"https:\/\/psol50.org.br\/inc\/uploads\/2017\/08\/Temer_Maia_Ministros_ValterCampanato_ABr_editada.jpg","width":1350,"height":900},{"@type":"BreadcrumbList","@id":"https:\/\/psol50.org.br\/para-atingir-meta-fiscal-temer-pretende-congelar-salario-de-servidores\/#breadcrumb","itemListElement":[{"@type":"ListItem","position":1,"name":"In\u00edcio","item":"https:\/\/psol50.org.br\/"},{"@type":"ListItem","position":2,"name":"Para atingir meta fiscal, Temer pretende congelar sal\u00e1rio de servidores"}]},{"@type":"WebSite","@id":"https:\/\/psol50.org.br\/#website","url":"https:\/\/psol50.org.br\/","name":"PSOL 50","description":"Site oficial do Partido Socialismo e Liberdade","publisher":{"@id":"https:\/\/psol50.org.br\/#organization"},"alternateName":"PSOL50","potentialAction":[{"@type":"SearchAction","target":{"@type":"EntryPoint","urlTemplate":"https:\/\/psol50.org.br\/?s={search_term_string}"},"query-input":{"@type":"PropertyValueSpecification","valueRequired":true,"valueName":"search_term_string"}}],"inLanguage":"pt-BR"},{"@type":"Organization","@id":"https:\/\/psol50.org.br\/#organization","name":"PSOL 50","alternateName":"PSOL 50","url":"https:\/\/psol50.org.br\/","logo":{"@type":"ImageObject","inLanguage":"pt-BR","@id":"https:\/\/psol50.org.br\/#\/schema\/logo\/image\/","url":"https:\/\/psol50.org.br\/inc\/uploads\/2018\/07\/capa.png","contentUrl":"https:\/\/psol50.org.br\/inc\/uploads\/2018\/07\/capa.png","width":1350,"height":900,"caption":"PSOL 50"},"image":{"@id":"https:\/\/psol50.org.br\/#\/schema\/logo\/image\/"},"sameAs":["https:\/\/www.facebook.com\/psol50","https:\/\/x.com\/psol50","https:\/\/www.instagram.com\/psol50\/","https:\/\/www.youtube.com\/channel\/UC7SnJS5o1os7a6CaiNabzcg"]},{"@type":"Person","@id":"https:\/\/psol50.org.br\/#\/schema\/person\/475dfa57d0b815993c714c2e96491fcd","name":"Comunica\u00e7\u00e3o PSOL","image":{"@type":"ImageObject","inLanguage":"pt-BR","@id":"https:\/\/psol50.org.br\/#\/schema\/person\/image\/","url":"https:\/\/secure.gravatar.com\/avatar\/b34fc4f4e468a4e51785917065a3db57b841f5c95dba6ad8c73aaf8f66f8f9bf?s=96&d=mm&r=g","contentUrl":"https:\/\/secure.gravatar.com\/avatar\/b34fc4f4e468a4e51785917065a3db57b841f5c95dba6ad8c73aaf8f66f8f9bf?s=96&d=mm&r=g","caption":"Comunica\u00e7\u00e3o PSOL"}}]}},"_links":{"self":[{"href":"https:\/\/psol50.org.br\/rest\/wp\/v2\/posts\/17595","targetHints":{"allow":["GET"]}}],"collection":[{"href":"https:\/\/psol50.org.br\/rest\/wp\/v2\/posts"}],"about":[{"href":"https:\/\/psol50.org.br\/rest\/wp\/v2\/types\/post"}],"author":[{"embeddable":true,"href":"https:\/\/psol50.org.br\/rest\/wp\/v2\/users\/2"}],"replies":[{"embeddable":true,"href":"https:\/\/psol50.org.br\/rest\/wp\/v2\/comments?post=17595"}],"version-history":[{"count":0,"href":"https:\/\/psol50.org.br\/rest\/wp\/v2\/posts\/17595\/revisions"}],"wp:featuredmedia":[{"embeddable":true,"href":"https:\/\/psol50.org.br\/rest\/wp\/v2\/media\/17814"}],"wp:attachment":[{"href":"https:\/\/psol50.org.br\/rest\/wp\/v2\/media?parent=17595"}],"wp:term":[{"taxonomy":"category","embeddable":true,"href":"https:\/\/psol50.org.br\/rest\/wp\/v2\/categories?post=17595"},{"taxonomy":"post_tag","embeddable":true,"href":"https:\/\/psol50.org.br\/rest\/wp\/v2\/tags?post=17595"}],"curies":[{"name":"wp","href":"https:\/\/api.w.org\/{rel}","templated":true}]}}