{"id":1760,"date":"2012-04-09T00:00:00","date_gmt":"2012-04-09T00:00:00","guid":{"rendered":"http:\/\/psol50.org.br\/arquivo\/2012\/04\/09\/toninho-do-psol-sugere-alianca-para-livrar-brasilia-de-agnelo\/"},"modified":"2012-04-09T00:00:00","modified_gmt":"2012-04-09T00:00:00","slug":"toninho-do-psol-sugere-alianca-para-livrar-brasilia-de-agnelo","status":"publish","type":"post","link":"https:\/\/psol50.org.br\/toninho-do-psol-sugere-alianca-para-livrar-brasilia-de-agnelo\/","title":{"rendered":"Toninho do PSOL sugere alian\u00e7a para livrar Bras\u00edlia de Agnelo"},"content":{"rendered":"<p style=\"text-align: justify\"><a href=\"http:\/\/psol50.org.br\/blog\/2012\/04\/09\/toninho-do-psol-sugere-alianca-para-livrar-brasilia-de-agnelo\/toninhopsol1\/\" rel=\"attachment wp-att-14930\"><img loading=\"lazy\" decoding=\"async\" class=\"alignright size-full wp-image-14930\" src=\"http:\/\/psol50.org.br\/files\/2012\/04\/ToninhoPSOL1.jpg\" alt=\"\" width=\"280\" height=\"194\" \/><\/a>Ant\u00f4nio Carlos de Andrade foi candidato a governador do Distrito Federal nas duas \u00faltimas elei\u00e7\u00f5es. Em 2006, teve minguados 55.898 votos. Quatro anos depois, as urnas contabilizaram para o postulante ao Pal\u00e1cio do Buriti pelo Psol 199 mil 95 votos.\u00a0 Um salto de fazer inveja a quem pertence a um partido com maior densidade, porque a estrutura do Psol \u00e9 reconhecidamente deficit\u00e1ria, se comparada a grandes agremia\u00e7\u00f5es.<\/p>\n<p style=\"text-align: justify\">Criado em 2004 ap\u00f3s o epis\u00f3dio da expuls\u00e3o de deputados e senadores que se opuseram \u00e0 reforma previdenci\u00e1ria proposta por Lula, o Partido Socialismo e Liberdade cresceu no rastro do Mensal\u00e3o e consolidou-se como for\u00e7a pol\u00edtica na maioria das capitais, a ponto de lan\u00e7ar a candidatura de Helo\u00edsa Helena \u00e0 Presid\u00eancia da Rep\u00fablica dois anos depois.<\/p>\n<p style=\"text-align: justify\">Toninho do Psol (o mesmo aguerrido Toninho do PT, que ajudou a criar) \u00e9 fundador do Psol. \u00c9 um pol\u00edtico experiente e respeitado. No primeiro governo Lula, foi diretor-executivo da Funsa. Com Cristovam Buarque, foi secret\u00e1rio de Administra\u00e7\u00e3o e administrador de Bras\u00edlia. \u00c9 casado com Maninha, ex-deputada distrital e federal, tamb\u00e9m auto-alijada do PT.<\/p>\n<p style=\"text-align: justify\">Foi na campanha de 2010 que Toninho do Psol ganhou mais proje\u00e7\u00e3o e reconhecimento do eleitor. Seu principal argumento era que Agnelo seria impedidos de trilhar de fato um Novo Caminho pela amplitude da alian\u00e7a de partidos que apoiavam o candidato petista.<\/p>\n<p style=\"text-align: justify\">Estimava que uma auditoria completa e detalhada dos governos passados era absolutamente necess\u00e1ria, e que Agnelo n\u00e3o poderia realiz\u00e1-la por ter ao seu lado v\u00e1rios integrantes de administra\u00e7\u00f5es passadas. Justamente os grupos que o PT (e de resto a esquerda brasiliense) combatia com fervor.<\/p>\n<p style=\"text-align: justify\">Os socialistas de Bras\u00edlia que pregam a liberdade e um governo s\u00e9rio j\u00e1 articulam uma terceira candidatura de Toninho. Mas, mesmo tendo cacife de chegar ao segundo turno \u2013 e consequentemente sair vencedor do pleito &#8211; ele entende que uma alian\u00e7a com o PDT, particularmente, pode resgatar o sonho de uma Bras\u00edlia sem corrup\u00e7\u00e3o e bem administrada.<\/p>\n<p style=\"text-align: justify\">Um governo, diz ele, que seja s\u00e9rio. Que n\u00e3o se perca em meio a desmandos, a fraquezas, a falta de pulso como acontece com Agnelo Queiroz.\u00a0 \u00c9 isso que pode ser lido a seguir, em entrevista de Toninho do Psol a<strong> Notibras<\/strong>.<\/p>\n<p><strong>Como o Sr. avalia a greve dos professores?<\/strong><\/p>\n<p style=\"text-align: justify\">Acho uma insensibilidade o governador Agnelo ainda n\u00e3o ter sentando com o comando de greve da categoria,\u00a0 que tinha um compromisso firmado pelo ent\u00e3o candidato Agnelo durante a campanha e agora ele n\u00e3o quer cumprir o prometido. Ent\u00e3o a greve \u00e9 justa, \u00e9 correta, e os professores t\u00eam toda raz\u00e3o de estar na maior bronca que j\u00e1 vi contra um governador. Que o Agnelo des\u00e7a do pedestal e v\u00e1 negociar com os professores. \u00c9 isso que a popula\u00e7\u00e3o est\u00e1 esperando. Para que a greve tenha um fim e que nossas crian\u00e7as possam voltar \u00e0 sala de aula.<\/p>\n<p style=\"text-align: justify\"><strong>Tem dinheiro, n\u00e3o h\u00e1 dinheiro. Quem est\u00e1 com a raz\u00e3o ?<\/strong><\/p>\n<p style=\"text-align: justify\">Existe toda uma legisla\u00e7\u00e3o sobre o Fundo Constitucional. Os recursos para Educa\u00e7\u00e3o, Sa\u00fade e Seguran\u00e7a que prov\u00eam dele n\u00e3o s\u00e3o contabilizados na Lei de Responsabilidade do GDF. Portanto, t\u00eam raz\u00e3o os professores quando dizem que existem recursos na \u00e1rea. O Governo Federal tem repassado sistematicamente esses recursos e o sindicato est\u00e1 reivindicando que tem um super\u00e1vit que permitiria o reajuste dos sal\u00e1rios da categoria. Eu confio na assessoria do Sindicato dos Professores que estes recursos existem. Al\u00e9m do mais, a opini\u00e3o nossa no Psol \u00e9 que se n\u00e3o pode agora, porque desde j\u00e1 n\u00e3o negociar o percentual destes reajustes ao longo dos pr\u00f3ximos tr\u00eas anos?<\/p>\n<p style=\"text-align: justify\"><strong>Os compromissos n\u00e3o est\u00e3o sendo honrados?<\/strong><\/p>\n<p style=\"text-align: justify\">Claro que n\u00e3o. O que a gente escuta, tanto da diretoria do Sindicato quanto da base da categoria, \u00e9 que o Governo perdeu a credibilidade. Quando o candidato Agnelo apresentou aos professores sua Carta de 13 pontos, na qual ele prometia, entre outras coisas, o reajuste linear e em cascata para todas as carreiras, ele certamente tinha estudos da assessoria de seu partido e de sua coliga\u00e7\u00e3o para fundamentar estas promessas.<\/p>\n<p style=\"text-align: justify\"><strong>A LRF \u00e9 um empecilho?<\/strong><\/p>\n<p style=\"text-align: justify\">Na caso dos professores, como no das categorias que dependem do Fundo Constitucional, a Lei de Responsabilidade Fiscal n\u00e3o pode ser vista como tal. Mas, para o Psol, o debate tem que ser maior. Por que este r\u00edgido controle da LRF ? Para que serve o dinheiro de nossos impostos? Para pagar d\u00edvida a bancos ? D\u00edvida contra\u00edda por governos anteriores que aplicaram o dinheiro em fraudes, em contratos superfaturados? Que governo \u00e9 esse que se sente obrigado a manter os termos dos contratos firmados pelo GDF anteriormente, onde os recursos foram desviados para a corrup\u00e7\u00e3o? Ningu\u00e9m fala isso nesse debate da LRF.<\/p>\n<p style=\"text-align: justify\"><strong>O PT toma decis\u00f5es sozinho?<\/strong><\/p>\n<p style=\"text-align: justify\">Acho realmente que quem tem determinado os rumos da pol\u00edtica econ\u00f4mica, da pol\u00edtica geral do Distrito Federal, \u00e9 o PT. A responsabilidade, caso se confirme que existe um rombo nas finan\u00e7as p\u00fablicas, tamb\u00e9m \u00e9 do PT. \u00c9 importante lembrar que, ap\u00f3s 10 meses do Governo Agnelo, foi propalado na imprensa que o GDF tinha conseguido economizar cerca de R$ 700 milh\u00f5es. Ent\u00e3o eu pergunto: onde est\u00e3o esses recursos? Foram aplicados em qu\u00ea?<\/p>\n<p style=\"text-align: justify\"><strong>Sua avalia\u00e7\u00e3o geral das finan\u00e7as p\u00fablicas \u00e9 negativa?<\/strong><\/p>\n<p style=\"text-align: justify\">\u00c9. Minha avalia\u00e7\u00e3o \u00e9 de uma p\u00e9ssima gest\u00e3o, com falta de prioridades na aplica\u00e7\u00e3o dos recursos p\u00fablicos. Um governo que fosse realmente popular, democr\u00e1tico, teria ouvidos para as reivindica\u00e7\u00f5es populares. Veja o exemplo dos policiais e bombeiros militares. Est\u00e3o h\u00e1 quatro anos sem nenhum aumento. E a resposta que eles recebem \u00e9 que eles t\u00eam o maior sal\u00e1rio do Brasil. Pode at\u00e9 ser, diante da mediocridade do n\u00edvel salarial destas categorias t\u00e3o importantes para o Pa\u00eds, que eles tenham um sal\u00e1rio um pouco melhor, mas isto n\u00e3o quer dizer que, com o custo de vida aqui, eles tenham um sal\u00e1rio digno. Ent\u00e3o s\u00e3o justas as demandas destas categorias, professores, policiais e bombeiros militares, trabalhadores em sa\u00fade. E o GDF, se quiser, pode atender a estas reivindica\u00e7\u00f5es.<\/p>\n<p style=\"text-align: justify\"><strong>O <em>Novo Caminho<\/em> existe?<\/strong><\/p>\n<p style=\"text-align: justify\">Definitivamente n\u00e3o. Agnelo optou por fazer um governo conservador. Seja na gest\u00e3o das finan\u00e7as p\u00fablicas, seja na gest\u00e3o pol\u00edtica. Buscou alian\u00e7as com setores atrasados, com partidos fisiol\u00f3gicos, com personagens que tinham sido enterrados pelos esquemas de corrup\u00e7\u00e3o de governos passados. Agnelo os ressuscitou para a vida p\u00fablica. \u00c9 um governo velho, tamb\u00e9m em sua forma de administrar, onde tudo est\u00e1 centralizado no governador, e em poucas pessoas designadas para ser o \u201cn\u00facleo duro\u201d. A chegada de Swedenberger Barbosa \u00e9 mais uma prova disto.<\/p>\n<p style=\"text-align: justify\"><strong>O Sr. conhece o Berger, estiveram juntos no governo Cristovam&#8230;<\/strong><\/p>\n<p style=\"text-align: justify\">Sim, conhe\u00e7o bem e h\u00e1 tempos. Fomos militantes juntos quando eu estava no PT, o considero um quadro pol\u00edtico extremamente preparado e, com certeza, ele n\u00e3o veio do Governo Federal para o GDF de gra\u00e7a. Ele far\u00e1 um \u201cfreio de arruma\u00e7\u00e3o\u201d neste governo. Foi certamente um apelo do Agnelo e do pr\u00f3prio PT que, vendo o barco afundar, este verdadeiro desastre que \u00e9 o governo Agnelo, foram pedir aux\u00edlio ao Governo Federal. Berger \u00e9 uma pessoa capacitada, e tem o aval do Governo Federal para as interven\u00e7\u00f5es pontuais.<\/p>\n<p style=\"text-align: justify\"><strong>E as den\u00fancias contra o governador?<\/strong><\/p>\n<p style=\"text-align: justify\">Pesam sobre Agnelo acusa\u00e7\u00f5es s\u00e9rias no campo da \u00e9tica. E n\u00e3o est\u00e3o devidamente esclarecidas. Primeiro em sua gest\u00e3o no Minist\u00e9rio dos Esportes, e depois como diretor da Anvisa. Sem esquecer o epis\u00f3dio das tais fitas do Durval Barbosa, \u00e0s quais o Agnelo assistiu sem depois tornar a p\u00fablico o conte\u00fado das grava\u00e7\u00f5es. Ele nunca se explicou sobre isto, nem na imprensa, nem nos debates o que, para mim, \u00e9 uma atitude no m\u00ednimo suspeita.<\/p>\n<p style=\"text-align: justify\"><strong>H\u00e1 liga\u00e7\u00f5es suspeitas?<\/strong><\/p>\n<p style=\"text-align: justify\">Minha opini\u00e3o \u00e9 que Agnelo est\u00e1 irremediavelmente comprometido com estes esquemas de financiamento de campanha. Com grupos empresarias que t\u00eam profundos interesses em neg\u00f3cios com o Distrito Federal e, consequentemente, pouco coisa vai mudar em dire\u00e7\u00e3o \u00e0quele programa hist\u00f3rico que PT alardeava. Por exemplo, n\u00e3o vemos controle popular sobre a gest\u00e3o p\u00fablica. Mais simples ainda: eu dizia na campanha que meu primeiro ato \u00e0 frente do Buriti seria realizar uma auditoria completa, em conjunto com os \u00f3rg\u00e3os de controle do Estado. Pois bem. Fizeram quest\u00e3o de n\u00e3o mexer nisso. N\u00e3o h\u00e1 nenhuma iniciativa do Governo Agnelo Queiroz em apurar as den\u00fancias contra o governo anterior. N\u00e3o h\u00e1 nenhuma a\u00e7\u00e3o da Procuradoria-geral para reaver o dinheiro que foi para a corrup\u00e7\u00e3o.<\/p>\n<p style=\"text-align: justify\"><strong>Como descrever o quadro pol\u00edtico atual?<\/strong><\/p>\n<p style=\"text-align: justify\">A complexidade \u00e9 acentuada. O rorizismo ainda tem influ\u00eancia, principalmente nas camadas mais populares. O pr\u00f3prio Joaquim Roriz exerce uma certa lideran\u00e7a carism\u00e1tica nas principais cidades. Mas diante de seu impedimento em raz\u00e3o da Ficha Limpa, a situa\u00e7\u00e3o est\u00e1 ainda mais indefinida. Mas podemos colocar algumas considera\u00e7\u00f5es. Se o Governo Agnelo n\u00e3o conseguir atender aos apelos populares em termos de seguran\u00e7a, de sa\u00fade, de educa\u00e7\u00e3o, de transporte, de regulariza\u00e7\u00e3o fundi\u00e1ria, ser\u00e1 um governo apagado, sem marca. Neste caso, seria muito dif\u00edcil a reelei\u00e7\u00e3o de Agnelo. Al\u00e9m do mais porque no pr\u00f3prio PT a situa\u00e7\u00e3o est\u00e1 dif\u00edcil.<\/p>\n<p style=\"text-align: justify\"><strong>Dif\u00edcil? Como assim?<\/strong><\/p>\n<p style=\"text-align: justify\">\u00c9 f\u00e1cil notar que h\u00e1 uma disputa interna pelo poder atual e futuro. O PT j\u00e1 tem at\u00e9 candidatos declarados. Geraldo Magela e Chico Leite, s\u00e3o uma prova disso. E h\u00e1 quem diga que at\u00e9 mesmo Patr\u00edcio quer concorrer \u00e0 indica\u00e7\u00e3o do PT, o que enfraquece ainda mais Agnelo.<\/p>\n<p style=\"text-align: justify\"><strong>Qual seria a sa\u00edda?<\/strong><\/p>\n<p style=\"text-align: justify\">Eu entendo que pode surgir no horizonte uma possibilidade de alian\u00e7a que eu qualificaria de \u00e9tica, honesta, pela esquerda, com pessoas que t\u00eam passado combativo, de luta pela popula\u00e7\u00e3o do DF. Existe uma possibilidade concreta de conversarmos neste processo com parlamentares como Reguffe ou Cristovam Buarque para evitar a perman\u00eancia desse modelo implementado pelo Agnelo.<\/p>\n<p style=\"text-align: justify\"><strong>Mas o PDT \u00e9 da base do Agnelo&#8230;<\/strong><\/p>\n<p style=\"text-align: justify\"><strong><em>\u00c9 o problema hoje. Vamos ter que, nestes pr\u00f3ximos dois anos, verificar qual ser\u00e1 a conjuntura pol\u00edtica do DF para tentar tra\u00e7ar a melhor t\u00e1tica. De qualquer forma, hoje h\u00e1 um movimento no Psol para que meu nome seja de novo lan\u00e7ado para governador em 2014. Mas n\u00e3o estamos fechados ao di\u00e1logo com setores progressistas que tamb\u00e9m tenham o objetivo de romper com este governo de mediocridade representado por Agnelo Queiroz.<\/em><\/strong><\/p>\n<p style=\"text-align: justify\"><strong><a href=\"http:\/\/www.notibras.com.br\/site\/pt\/editorias\/brasilia\/1173\/Toninho-%28Psol%29-sugere-alian%C3%A7a-para-livrar-Bras%C3%ADlia-de-Agnelo.htm\">*Fonte: Notibras<\/a><\/strong><\/p>\n","protected":false},"excerpt":{"rendered":"<p>Ant\u00f4nio Carlos de Andrade foi candidato a governador do Distrito Federal nas duas \u00faltimas elei\u00e7\u00f5es. Em 2006, teve minguados 55.898 votos. Quatro anos depois, as urnas contabilizaram para o postulante ao Pal\u00e1cio do Buriti pelo Psol 199 mil 95 votos.\u00a0 Um salto de fazer inveja a quem pertence a um partido com maior densidade, porque [&hellip;]<\/p>\n","protected":false},"author":2,"featured_media":0,"comment_status":"open","ping_status":"open","sticky":false,"template":"","format":"standard","meta":{"_acf_changed":false,"footnotes":""},"categories":[4766],"tags":[22],"class_list":{"0":"post-1760","1":"post","2":"type-post","3":"status-publish","4":"format-standard","6":"category-arquivo","7":"tag-psol"},"acf":[],"yoast_head":"<!-- This site is optimized with the Yoast SEO plugin v26.5 - https:\/\/yoast.com\/wordpress\/plugins\/seo\/ -->\n<title>Toninho do PSOL sugere alian\u00e7a para livrar Bras\u00edlia de Agnelo - PSOL 50<\/title>\n<meta name=\"robots\" content=\"index, follow, max-snippet:-1, max-image-preview:large, max-video-preview:-1\" \/>\n<link rel=\"canonical\" href=\"https:\/\/psol50.org.br\/toninho-do-psol-sugere-alianca-para-livrar-brasilia-de-agnelo\/\" \/>\n<meta property=\"og:locale\" content=\"pt_BR\" \/>\n<meta property=\"og:type\" content=\"article\" \/>\n<meta property=\"og:title\" content=\"Toninho do PSOL sugere alian\u00e7a para livrar Bras\u00edlia de Agnelo - PSOL 50\" \/>\n<meta property=\"og:description\" content=\"Ant\u00f4nio Carlos de Andrade foi candidato a governador do Distrito Federal nas duas \u00faltimas elei\u00e7\u00f5es. Em 2006, teve minguados 55.898 votos. Quatro anos depois, as urnas contabilizaram para o postulante ao Pal\u00e1cio do Buriti pelo Psol 199 mil 95 votos.\u00a0 Um salto de fazer inveja a quem pertence a um partido com maior densidade, porque [&hellip;]\" \/>\n<meta property=\"og:url\" content=\"https:\/\/psol50.org.br\/toninho-do-psol-sugere-alianca-para-livrar-brasilia-de-agnelo\/\" \/>\n<meta property=\"og:site_name\" content=\"PSOL 50\" \/>\n<meta property=\"article:publisher\" content=\"https:\/\/www.facebook.com\/psol50\" \/>\n<meta property=\"article:published_time\" content=\"2012-04-09T00:00:00+00:00\" \/>\n<meta property=\"og:image\" content=\"http:\/\/psol50.org.br\/files\/2012\/04\/ToninhoPSOL1.jpg\" \/>\n<meta name=\"author\" content=\"Comunica\u00e7\u00e3o PSOL\" \/>\n<meta name=\"twitter:card\" content=\"summary_large_image\" \/>\n<meta name=\"twitter:creator\" content=\"@psol50\" \/>\n<meta name=\"twitter:site\" content=\"@psol50\" \/>\n<meta name=\"twitter:label1\" content=\"Escrito por\" \/>\n\t<meta name=\"twitter:data1\" content=\"Comunica\u00e7\u00e3o PSOL\" \/>\n\t<meta name=\"twitter:label2\" content=\"Est. tempo de leitura\" \/>\n\t<meta name=\"twitter:data2\" content=\"9 minutos\" \/>\n<script type=\"application\/ld+json\" class=\"yoast-schema-graph\">{\"@context\":\"https:\/\/schema.org\",\"@graph\":[{\"@type\":\"Article\",\"@id\":\"https:\/\/psol50.org.br\/toninho-do-psol-sugere-alianca-para-livrar-brasilia-de-agnelo\/#article\",\"isPartOf\":{\"@id\":\"https:\/\/psol50.org.br\/toninho-do-psol-sugere-alianca-para-livrar-brasilia-de-agnelo\/\"},\"author\":{\"name\":\"Comunica\u00e7\u00e3o PSOL\",\"@id\":\"https:\/\/psol50.org.br\/#\/schema\/person\/475dfa57d0b815993c714c2e96491fcd\"},\"headline\":\"Toninho do PSOL sugere alian\u00e7a para livrar Bras\u00edlia de Agnelo\",\"datePublished\":\"2012-04-09T00:00:00+00:00\",\"mainEntityOfPage\":{\"@id\":\"https:\/\/psol50.org.br\/toninho-do-psol-sugere-alianca-para-livrar-brasilia-de-agnelo\/\"},\"wordCount\":1820,\"commentCount\":0,\"publisher\":{\"@id\":\"https:\/\/psol50.org.br\/#organization\"},\"image\":{\"@id\":\"https:\/\/psol50.org.br\/toninho-do-psol-sugere-alianca-para-livrar-brasilia-de-agnelo\/#primaryimage\"},\"thumbnailUrl\":\"http:\/\/psol50.org.br\/files\/2012\/04\/ToninhoPSOL1.jpg\",\"keywords\":[\"PSOL\"],\"articleSection\":[\"Arquivo\"],\"inLanguage\":\"pt-BR\",\"potentialAction\":[{\"@type\":\"CommentAction\",\"name\":\"Comment\",\"target\":[\"https:\/\/psol50.org.br\/toninho-do-psol-sugere-alianca-para-livrar-brasilia-de-agnelo\/#respond\"]}]},{\"@type\":\"WebPage\",\"@id\":\"https:\/\/psol50.org.br\/toninho-do-psol-sugere-alianca-para-livrar-brasilia-de-agnelo\/\",\"url\":\"https:\/\/psol50.org.br\/toninho-do-psol-sugere-alianca-para-livrar-brasilia-de-agnelo\/\",\"name\":\"Toninho do PSOL sugere alian\u00e7a para livrar Bras\u00edlia de Agnelo - PSOL 50\",\"isPartOf\":{\"@id\":\"https:\/\/psol50.org.br\/#website\"},\"primaryImageOfPage\":{\"@id\":\"https:\/\/psol50.org.br\/toninho-do-psol-sugere-alianca-para-livrar-brasilia-de-agnelo\/#primaryimage\"},\"image\":{\"@id\":\"https:\/\/psol50.org.br\/toninho-do-psol-sugere-alianca-para-livrar-brasilia-de-agnelo\/#primaryimage\"},\"thumbnailUrl\":\"http:\/\/psol50.org.br\/files\/2012\/04\/ToninhoPSOL1.jpg\",\"datePublished\":\"2012-04-09T00:00:00+00:00\",\"breadcrumb\":{\"@id\":\"https:\/\/psol50.org.br\/toninho-do-psol-sugere-alianca-para-livrar-brasilia-de-agnelo\/#breadcrumb\"},\"inLanguage\":\"pt-BR\",\"potentialAction\":[{\"@type\":\"ReadAction\",\"target\":[\"https:\/\/psol50.org.br\/toninho-do-psol-sugere-alianca-para-livrar-brasilia-de-agnelo\/\"]}]},{\"@type\":\"ImageObject\",\"inLanguage\":\"pt-BR\",\"@id\":\"https:\/\/psol50.org.br\/toninho-do-psol-sugere-alianca-para-livrar-brasilia-de-agnelo\/#primaryimage\",\"url\":\"http:\/\/psol50.org.br\/files\/2012\/04\/ToninhoPSOL1.jpg\",\"contentUrl\":\"http:\/\/psol50.org.br\/files\/2012\/04\/ToninhoPSOL1.jpg\"},{\"@type\":\"BreadcrumbList\",\"@id\":\"https:\/\/psol50.org.br\/toninho-do-psol-sugere-alianca-para-livrar-brasilia-de-agnelo\/#breadcrumb\",\"itemListElement\":[{\"@type\":\"ListItem\",\"position\":1,\"name\":\"In\u00edcio\",\"item\":\"https:\/\/psol50.org.br\/\"},{\"@type\":\"ListItem\",\"position\":2,\"name\":\"Toninho do PSOL sugere alian\u00e7a para livrar Bras\u00edlia de Agnelo\"}]},{\"@type\":\"WebSite\",\"@id\":\"https:\/\/psol50.org.br\/#website\",\"url\":\"https:\/\/psol50.org.br\/\",\"name\":\"PSOL 50\",\"description\":\"Site oficial do Partido Socialismo e Liberdade\",\"publisher\":{\"@id\":\"https:\/\/psol50.org.br\/#organization\"},\"alternateName\":\"PSOL50\",\"potentialAction\":[{\"@type\":\"SearchAction\",\"target\":{\"@type\":\"EntryPoint\",\"urlTemplate\":\"https:\/\/psol50.org.br\/?s={search_term_string}\"},\"query-input\":{\"@type\":\"PropertyValueSpecification\",\"valueRequired\":true,\"valueName\":\"search_term_string\"}}],\"inLanguage\":\"pt-BR\"},{\"@type\":\"Organization\",\"@id\":\"https:\/\/psol50.org.br\/#organization\",\"name\":\"PSOL 50\",\"alternateName\":\"PSOL 50\",\"url\":\"https:\/\/psol50.org.br\/\",\"logo\":{\"@type\":\"ImageObject\",\"inLanguage\":\"pt-BR\",\"@id\":\"https:\/\/psol50.org.br\/#\/schema\/logo\/image\/\",\"url\":\"https:\/\/psol50.org.br\/inc\/uploads\/2018\/07\/capa.png\",\"contentUrl\":\"https:\/\/psol50.org.br\/inc\/uploads\/2018\/07\/capa.png\",\"width\":1350,\"height\":900,\"caption\":\"PSOL 50\"},\"image\":{\"@id\":\"https:\/\/psol50.org.br\/#\/schema\/logo\/image\/\"},\"sameAs\":[\"https:\/\/www.facebook.com\/psol50\",\"https:\/\/x.com\/psol50\",\"https:\/\/www.instagram.com\/psol50\/\",\"https:\/\/www.youtube.com\/channel\/UC7SnJS5o1os7a6CaiNabzcg\"]},{\"@type\":\"Person\",\"@id\":\"https:\/\/psol50.org.br\/#\/schema\/person\/475dfa57d0b815993c714c2e96491fcd\",\"name\":\"Comunica\u00e7\u00e3o PSOL\",\"image\":{\"@type\":\"ImageObject\",\"inLanguage\":\"pt-BR\",\"@id\":\"https:\/\/psol50.org.br\/#\/schema\/person\/image\/\",\"url\":\"https:\/\/secure.gravatar.com\/avatar\/b34fc4f4e468a4e51785917065a3db57b841f5c95dba6ad8c73aaf8f66f8f9bf?s=96&d=mm&r=g\",\"contentUrl\":\"https:\/\/secure.gravatar.com\/avatar\/b34fc4f4e468a4e51785917065a3db57b841f5c95dba6ad8c73aaf8f66f8f9bf?s=96&d=mm&r=g\",\"caption\":\"Comunica\u00e7\u00e3o PSOL\"}}]}<\/script>\n<!-- \/ Yoast SEO plugin. -->","yoast_head_json":{"title":"Toninho do PSOL sugere alian\u00e7a para livrar Bras\u00edlia de Agnelo - PSOL 50","robots":{"index":"index","follow":"follow","max-snippet":"max-snippet:-1","max-image-preview":"max-image-preview:large","max-video-preview":"max-video-preview:-1"},"canonical":"https:\/\/psol50.org.br\/toninho-do-psol-sugere-alianca-para-livrar-brasilia-de-agnelo\/","og_locale":"pt_BR","og_type":"article","og_title":"Toninho do PSOL sugere alian\u00e7a para livrar Bras\u00edlia de Agnelo - PSOL 50","og_description":"Ant\u00f4nio Carlos de Andrade foi candidato a governador do Distrito Federal nas duas \u00faltimas elei\u00e7\u00f5es. Em 2006, teve minguados 55.898 votos. Quatro anos depois, as urnas contabilizaram para o postulante ao Pal\u00e1cio do Buriti pelo Psol 199 mil 95 votos.\u00a0 Um salto de fazer inveja a quem pertence a um partido com maior densidade, porque [&hellip;]","og_url":"https:\/\/psol50.org.br\/toninho-do-psol-sugere-alianca-para-livrar-brasilia-de-agnelo\/","og_site_name":"PSOL 50","article_publisher":"https:\/\/www.facebook.com\/psol50","article_published_time":"2012-04-09T00:00:00+00:00","og_image":[{"url":"http:\/\/psol50.org.br\/files\/2012\/04\/ToninhoPSOL1.jpg","type":"","width":"","height":""}],"author":"Comunica\u00e7\u00e3o PSOL","twitter_card":"summary_large_image","twitter_creator":"@psol50","twitter_site":"@psol50","twitter_misc":{"Escrito por":"Comunica\u00e7\u00e3o PSOL","Est. tempo de leitura":"9 minutos"},"schema":{"@context":"https:\/\/schema.org","@graph":[{"@type":"Article","@id":"https:\/\/psol50.org.br\/toninho-do-psol-sugere-alianca-para-livrar-brasilia-de-agnelo\/#article","isPartOf":{"@id":"https:\/\/psol50.org.br\/toninho-do-psol-sugere-alianca-para-livrar-brasilia-de-agnelo\/"},"author":{"name":"Comunica\u00e7\u00e3o PSOL","@id":"https:\/\/psol50.org.br\/#\/schema\/person\/475dfa57d0b815993c714c2e96491fcd"},"headline":"Toninho do PSOL sugere alian\u00e7a para livrar Bras\u00edlia de Agnelo","datePublished":"2012-04-09T00:00:00+00:00","mainEntityOfPage":{"@id":"https:\/\/psol50.org.br\/toninho-do-psol-sugere-alianca-para-livrar-brasilia-de-agnelo\/"},"wordCount":1820,"commentCount":0,"publisher":{"@id":"https:\/\/psol50.org.br\/#organization"},"image":{"@id":"https:\/\/psol50.org.br\/toninho-do-psol-sugere-alianca-para-livrar-brasilia-de-agnelo\/#primaryimage"},"thumbnailUrl":"http:\/\/psol50.org.br\/files\/2012\/04\/ToninhoPSOL1.jpg","keywords":["PSOL"],"articleSection":["Arquivo"],"inLanguage":"pt-BR","potentialAction":[{"@type":"CommentAction","name":"Comment","target":["https:\/\/psol50.org.br\/toninho-do-psol-sugere-alianca-para-livrar-brasilia-de-agnelo\/#respond"]}]},{"@type":"WebPage","@id":"https:\/\/psol50.org.br\/toninho-do-psol-sugere-alianca-para-livrar-brasilia-de-agnelo\/","url":"https:\/\/psol50.org.br\/toninho-do-psol-sugere-alianca-para-livrar-brasilia-de-agnelo\/","name":"Toninho do PSOL sugere alian\u00e7a para livrar Bras\u00edlia de Agnelo - PSOL 50","isPartOf":{"@id":"https:\/\/psol50.org.br\/#website"},"primaryImageOfPage":{"@id":"https:\/\/psol50.org.br\/toninho-do-psol-sugere-alianca-para-livrar-brasilia-de-agnelo\/#primaryimage"},"image":{"@id":"https:\/\/psol50.org.br\/toninho-do-psol-sugere-alianca-para-livrar-brasilia-de-agnelo\/#primaryimage"},"thumbnailUrl":"http:\/\/psol50.org.br\/files\/2012\/04\/ToninhoPSOL1.jpg","datePublished":"2012-04-09T00:00:00+00:00","breadcrumb":{"@id":"https:\/\/psol50.org.br\/toninho-do-psol-sugere-alianca-para-livrar-brasilia-de-agnelo\/#breadcrumb"},"inLanguage":"pt-BR","potentialAction":[{"@type":"ReadAction","target":["https:\/\/psol50.org.br\/toninho-do-psol-sugere-alianca-para-livrar-brasilia-de-agnelo\/"]}]},{"@type":"ImageObject","inLanguage":"pt-BR","@id":"https:\/\/psol50.org.br\/toninho-do-psol-sugere-alianca-para-livrar-brasilia-de-agnelo\/#primaryimage","url":"http:\/\/psol50.org.br\/files\/2012\/04\/ToninhoPSOL1.jpg","contentUrl":"http:\/\/psol50.org.br\/files\/2012\/04\/ToninhoPSOL1.jpg"},{"@type":"BreadcrumbList","@id":"https:\/\/psol50.org.br\/toninho-do-psol-sugere-alianca-para-livrar-brasilia-de-agnelo\/#breadcrumb","itemListElement":[{"@type":"ListItem","position":1,"name":"In\u00edcio","item":"https:\/\/psol50.org.br\/"},{"@type":"ListItem","position":2,"name":"Toninho do PSOL sugere alian\u00e7a para livrar Bras\u00edlia de Agnelo"}]},{"@type":"WebSite","@id":"https:\/\/psol50.org.br\/#website","url":"https:\/\/psol50.org.br\/","name":"PSOL 50","description":"Site oficial do Partido Socialismo e Liberdade","publisher":{"@id":"https:\/\/psol50.org.br\/#organization"},"alternateName":"PSOL50","potentialAction":[{"@type":"SearchAction","target":{"@type":"EntryPoint","urlTemplate":"https:\/\/psol50.org.br\/?s={search_term_string}"},"query-input":{"@type":"PropertyValueSpecification","valueRequired":true,"valueName":"search_term_string"}}],"inLanguage":"pt-BR"},{"@type":"Organization","@id":"https:\/\/psol50.org.br\/#organization","name":"PSOL 50","alternateName":"PSOL 50","url":"https:\/\/psol50.org.br\/","logo":{"@type":"ImageObject","inLanguage":"pt-BR","@id":"https:\/\/psol50.org.br\/#\/schema\/logo\/image\/","url":"https:\/\/psol50.org.br\/inc\/uploads\/2018\/07\/capa.png","contentUrl":"https:\/\/psol50.org.br\/inc\/uploads\/2018\/07\/capa.png","width":1350,"height":900,"caption":"PSOL 50"},"image":{"@id":"https:\/\/psol50.org.br\/#\/schema\/logo\/image\/"},"sameAs":["https:\/\/www.facebook.com\/psol50","https:\/\/x.com\/psol50","https:\/\/www.instagram.com\/psol50\/","https:\/\/www.youtube.com\/channel\/UC7SnJS5o1os7a6CaiNabzcg"]},{"@type":"Person","@id":"https:\/\/psol50.org.br\/#\/schema\/person\/475dfa57d0b815993c714c2e96491fcd","name":"Comunica\u00e7\u00e3o PSOL","image":{"@type":"ImageObject","inLanguage":"pt-BR","@id":"https:\/\/psol50.org.br\/#\/schema\/person\/image\/","url":"https:\/\/secure.gravatar.com\/avatar\/b34fc4f4e468a4e51785917065a3db57b841f5c95dba6ad8c73aaf8f66f8f9bf?s=96&d=mm&r=g","contentUrl":"https:\/\/secure.gravatar.com\/avatar\/b34fc4f4e468a4e51785917065a3db57b841f5c95dba6ad8c73aaf8f66f8f9bf?s=96&d=mm&r=g","caption":"Comunica\u00e7\u00e3o PSOL"}}]}},"_links":{"self":[{"href":"https:\/\/psol50.org.br\/rest\/wp\/v2\/posts\/1760","targetHints":{"allow":["GET"]}}],"collection":[{"href":"https:\/\/psol50.org.br\/rest\/wp\/v2\/posts"}],"about":[{"href":"https:\/\/psol50.org.br\/rest\/wp\/v2\/types\/post"}],"author":[{"embeddable":true,"href":"https:\/\/psol50.org.br\/rest\/wp\/v2\/users\/2"}],"replies":[{"embeddable":true,"href":"https:\/\/psol50.org.br\/rest\/wp\/v2\/comments?post=1760"}],"version-history":[{"count":0,"href":"https:\/\/psol50.org.br\/rest\/wp\/v2\/posts\/1760\/revisions"}],"wp:attachment":[{"href":"https:\/\/psol50.org.br\/rest\/wp\/v2\/media?parent=1760"}],"wp:term":[{"taxonomy":"category","embeddable":true,"href":"https:\/\/psol50.org.br\/rest\/wp\/v2\/categories?post=1760"},{"taxonomy":"post_tag","embeddable":true,"href":"https:\/\/psol50.org.br\/rest\/wp\/v2\/tags?post=1760"}],"curies":[{"name":"wp","href":"https:\/\/api.w.org\/{rel}","templated":true}]}}