{"id":1762,"date":"2012-04-17T00:00:00","date_gmt":"2012-04-17T00:00:00","guid":{"rendered":"http:\/\/psol50.org.br\/arquivo\/2012\/04\/17\/rio-de-janeiro-miliciano-nao-tem-vez-no-psol\/"},"modified":"2012-04-17T00:00:00","modified_gmt":"2012-04-17T00:00:00","slug":"rio-de-janeiro-miliciano-nao-tem-vez-no-psol","status":"publish","type":"post","link":"https:\/\/psol50.org.br\/rio-de-janeiro-miliciano-nao-tem-vez-no-psol\/","title":{"rendered":"Rio de Janeiro: Miliciano n\u00e3o tem vez no PSOL"},"content":{"rendered":"<p style=\"text-align: justify\"><a href=\"http:\/\/psol50.org.br\/blog\/2012\/04\/17\/rio-de-janeiro-miliciano-nao-tem-vez-no-psol\/milicianoforapsol\/\" rel=\"attachment wp-att-15067\"><img loading=\"lazy\" decoding=\"async\" class=\"alignleft size-full wp-image-15067\" src=\"http:\/\/psol50.org.br\/files\/2012\/04\/MilicianoForaPSOL.jpg\" alt=\"\" width=\"360\" height=\"270\" \/><\/a>O sargento da Pol\u00edcia Militar Vandro Lopes Gon\u00e7alves preso nesta ter\u00e7a-feira\u00a0 (17\/04), acusado\u00a0 pelo Minist\u00e9rio P\u00fablico estadual de chefiar uma mil\u00edcia respons\u00e1vel por diversos crimes em Mag\u00e9, n\u00e3o \u00e9 filiado ao Partido Socialismo e Liberdade (PSOL). Em 2008, o policial militar se inscreveu como candidato pelo PSOL a vereador em Mag\u00e9, mas n\u00e3o fez campanha e nunca participou de qualquer atividade partid\u00e1ria, tendo optado por apoiar uma candidatura de outro partido.<br \/>\nO combate \u00e0s mil\u00edcias sempre foi uma das prioridades do PSOL. Lutamos na\u00a0 Assembleia Legislativa (Alerj)\u00a0 pela cria\u00e7\u00e3o da Comiss\u00e3o Parlamentar de Inqu\u00e9rito (CPI) presidida pelo deputado Marcelo Freixo, que investigou esta modalidade de crime organizado que ainda amea\u00e7a o nosso estado e levou \u00e0 pris\u00e3o mais de 500 milicianos. O PSOL n\u00e3o tem espa\u00e7o para pol\u00edticos com v\u00ednculos criminosos e apoia as atividades da pol\u00edcia para combater a mil\u00edcia no Rio, especialmente suas vincula\u00e7\u00f5es pol\u00edticas.<\/p>\n<p style=\"text-align: justify\">Repudiamos quaisquer tentativas de vincular as a\u00e7\u00f5es ilegais\u00a0 deste policial ao PSOL e especialmente ao companheiro Marcelo Freixo, s\u00edmbolo do combate \u00e0s mil\u00edcias no Rio. O PSOL sempre enfrentou as mil\u00edcias e combateu a corrup\u00e7\u00e3o policial e pol\u00edtica em nosso estado. Na Assembleia Legislativa e na C\u00e2mara de Vereadores vamos continuar defendendo os movimentos sociais e discutindo as vincula\u00e7\u00f5es do governo do estado e da prefeitura carioca com grupos e empreiteiras suspeitas de corrup\u00e7\u00e3o. O PSOL busca ser uma alternativa pol\u00edtica para o Rio,\u00a0 que apresente uma nova concep\u00e7\u00e3o de cidade e outro modelo de desenvolvimento para o estado.<\/p>\n<p style=\"text-align: justify\"><a href=\"http:\/\/www.janirarocha.com.br\/index.php\/component\/content\/article\/500-miliciano-nao-tem-vez-no-psol.html\"><strong>Janira Rocha<\/strong><br \/>\n<strong>presidente do PSOL\/RJ<\/strong><\/a><\/p>\n","protected":false},"excerpt":{"rendered":"<p>O sargento da Pol\u00edcia Militar Vandro Lopes Gon\u00e7alves preso nesta ter\u00e7a-feira\u00a0 (17\/04), acusado\u00a0 pelo Minist\u00e9rio P\u00fablico estadual de chefiar uma mil\u00edcia respons\u00e1vel por diversos crimes em Mag\u00e9, n\u00e3o \u00e9 filiado ao Partido Socialismo e Liberdade (PSOL). Em 2008, o policial militar se inscreveu como candidato pelo PSOL a vereador em Mag\u00e9, mas n\u00e3o fez campanha [&hellip;]<\/p>\n","protected":false},"author":2,"featured_media":0,"comment_status":"open","ping_status":"open","sticky":false,"template":"","format":"standard","meta":{"_acf_changed":false,"footnotes":""},"categories":[4766],"tags":[22],"class_list":{"0":"post-1762","1":"post","2":"type-post","3":"status-publish","4":"format-standard","6":"category-arquivo","7":"tag-psol"},"acf":[],"yoast_head":"<!-- This site is optimized with the Yoast SEO plugin v26.5 - https:\/\/yoast.com\/wordpress\/plugins\/seo\/ -->\n<title>Rio de Janeiro: Miliciano n\u00e3o tem vez no PSOL - PSOL 50<\/title>\n<meta name=\"robots\" content=\"index, follow, max-snippet:-1, max-image-preview:large, max-video-preview:-1\" \/>\n<link rel=\"canonical\" href=\"https:\/\/psol50.org.br\/rio-de-janeiro-miliciano-nao-tem-vez-no-psol\/\" \/>\n<meta property=\"og:locale\" content=\"pt_BR\" \/>\n<meta property=\"og:type\" content=\"article\" \/>\n<meta property=\"og:title\" content=\"Rio de Janeiro: Miliciano n\u00e3o tem vez no PSOL - PSOL 50\" \/>\n<meta property=\"og:description\" content=\"O sargento da Pol\u00edcia Militar Vandro Lopes Gon\u00e7alves preso nesta ter\u00e7a-feira\u00a0 (17\/04), acusado\u00a0 pelo Minist\u00e9rio P\u00fablico estadual de chefiar uma mil\u00edcia respons\u00e1vel por diversos crimes em Mag\u00e9, n\u00e3o \u00e9 filiado ao Partido Socialismo e Liberdade (PSOL). Em 2008, o policial militar se inscreveu como candidato pelo PSOL a vereador em Mag\u00e9, mas n\u00e3o fez campanha [&hellip;]\" \/>\n<meta property=\"og:url\" content=\"https:\/\/psol50.org.br\/rio-de-janeiro-miliciano-nao-tem-vez-no-psol\/\" \/>\n<meta property=\"og:site_name\" content=\"PSOL 50\" \/>\n<meta property=\"article:publisher\" content=\"https:\/\/www.facebook.com\/psol50\" \/>\n<meta property=\"article:published_time\" content=\"2012-04-17T00:00:00+00:00\" \/>\n<meta property=\"og:image\" content=\"http:\/\/psol50.org.br\/files\/2012\/04\/MilicianoForaPSOL.jpg\" \/>\n<meta name=\"author\" content=\"Comunica\u00e7\u00e3o PSOL\" \/>\n<meta name=\"twitter:card\" content=\"summary_large_image\" \/>\n<meta name=\"twitter:creator\" content=\"@psol50\" \/>\n<meta name=\"twitter:site\" content=\"@psol50\" \/>\n<meta name=\"twitter:label1\" content=\"Escrito por\" \/>\n\t<meta name=\"twitter:data1\" content=\"Comunica\u00e7\u00e3o PSOL\" \/>\n\t<meta name=\"twitter:label2\" content=\"Est. tempo de leitura\" \/>\n\t<meta name=\"twitter:data2\" content=\"1 minuto\" \/>\n<script type=\"application\/ld+json\" class=\"yoast-schema-graph\">{\"@context\":\"https:\/\/schema.org\",\"@graph\":[{\"@type\":\"Article\",\"@id\":\"https:\/\/psol50.org.br\/rio-de-janeiro-miliciano-nao-tem-vez-no-psol\/#article\",\"isPartOf\":{\"@id\":\"https:\/\/psol50.org.br\/rio-de-janeiro-miliciano-nao-tem-vez-no-psol\/\"},\"author\":{\"name\":\"Comunica\u00e7\u00e3o PSOL\",\"@id\":\"https:\/\/psol50.org.br\/#\/schema\/person\/475dfa57d0b815993c714c2e96491fcd\"},\"headline\":\"Rio de Janeiro: Miliciano n\u00e3o tem vez no PSOL\",\"datePublished\":\"2012-04-17T00:00:00+00:00\",\"mainEntityOfPage\":{\"@id\":\"https:\/\/psol50.org.br\/rio-de-janeiro-miliciano-nao-tem-vez-no-psol\/\"},\"wordCount\":292,\"commentCount\":0,\"publisher\":{\"@id\":\"https:\/\/psol50.org.br\/#organization\"},\"image\":{\"@id\":\"https:\/\/psol50.org.br\/rio-de-janeiro-miliciano-nao-tem-vez-no-psol\/#primaryimage\"},\"thumbnailUrl\":\"http:\/\/psol50.org.br\/files\/2012\/04\/MilicianoForaPSOL.jpg\",\"keywords\":[\"PSOL\"],\"articleSection\":[\"Arquivo\"],\"inLanguage\":\"pt-BR\",\"potentialAction\":[{\"@type\":\"CommentAction\",\"name\":\"Comment\",\"target\":[\"https:\/\/psol50.org.br\/rio-de-janeiro-miliciano-nao-tem-vez-no-psol\/#respond\"]}]},{\"@type\":\"WebPage\",\"@id\":\"https:\/\/psol50.org.br\/rio-de-janeiro-miliciano-nao-tem-vez-no-psol\/\",\"url\":\"https:\/\/psol50.org.br\/rio-de-janeiro-miliciano-nao-tem-vez-no-psol\/\",\"name\":\"Rio de Janeiro: Miliciano n\u00e3o tem vez no PSOL - PSOL 50\",\"isPartOf\":{\"@id\":\"https:\/\/psol50.org.br\/#website\"},\"primaryImageOfPage\":{\"@id\":\"https:\/\/psol50.org.br\/rio-de-janeiro-miliciano-nao-tem-vez-no-psol\/#primaryimage\"},\"image\":{\"@id\":\"https:\/\/psol50.org.br\/rio-de-janeiro-miliciano-nao-tem-vez-no-psol\/#primaryimage\"},\"thumbnailUrl\":\"http:\/\/psol50.org.br\/files\/2012\/04\/MilicianoForaPSOL.jpg\",\"datePublished\":\"2012-04-17T00:00:00+00:00\",\"breadcrumb\":{\"@id\":\"https:\/\/psol50.org.br\/rio-de-janeiro-miliciano-nao-tem-vez-no-psol\/#breadcrumb\"},\"inLanguage\":\"pt-BR\",\"potentialAction\":[{\"@type\":\"ReadAction\",\"target\":[\"https:\/\/psol50.org.br\/rio-de-janeiro-miliciano-nao-tem-vez-no-psol\/\"]}]},{\"@type\":\"ImageObject\",\"inLanguage\":\"pt-BR\",\"@id\":\"https:\/\/psol50.org.br\/rio-de-janeiro-miliciano-nao-tem-vez-no-psol\/#primaryimage\",\"url\":\"http:\/\/psol50.org.br\/files\/2012\/04\/MilicianoForaPSOL.jpg\",\"contentUrl\":\"http:\/\/psol50.org.br\/files\/2012\/04\/MilicianoForaPSOL.jpg\"},{\"@type\":\"BreadcrumbList\",\"@id\":\"https:\/\/psol50.org.br\/rio-de-janeiro-miliciano-nao-tem-vez-no-psol\/#breadcrumb\",\"itemListElement\":[{\"@type\":\"ListItem\",\"position\":1,\"name\":\"In\u00edcio\",\"item\":\"https:\/\/psol50.org.br\/\"},{\"@type\":\"ListItem\",\"position\":2,\"name\":\"Rio de Janeiro: Miliciano n\u00e3o tem vez no PSOL\"}]},{\"@type\":\"WebSite\",\"@id\":\"https:\/\/psol50.org.br\/#website\",\"url\":\"https:\/\/psol50.org.br\/\",\"name\":\"PSOL 50\",\"description\":\"Site oficial do Partido Socialismo e Liberdade\",\"publisher\":{\"@id\":\"https:\/\/psol50.org.br\/#organization\"},\"alternateName\":\"PSOL50\",\"potentialAction\":[{\"@type\":\"SearchAction\",\"target\":{\"@type\":\"EntryPoint\",\"urlTemplate\":\"https:\/\/psol50.org.br\/?s={search_term_string}\"},\"query-input\":{\"@type\":\"PropertyValueSpecification\",\"valueRequired\":true,\"valueName\":\"search_term_string\"}}],\"inLanguage\":\"pt-BR\"},{\"@type\":\"Organization\",\"@id\":\"https:\/\/psol50.org.br\/#organization\",\"name\":\"PSOL 50\",\"alternateName\":\"PSOL 50\",\"url\":\"https:\/\/psol50.org.br\/\",\"logo\":{\"@type\":\"ImageObject\",\"inLanguage\":\"pt-BR\",\"@id\":\"https:\/\/psol50.org.br\/#\/schema\/logo\/image\/\",\"url\":\"https:\/\/psol50.org.br\/inc\/uploads\/2018\/07\/capa.png\",\"contentUrl\":\"https:\/\/psol50.org.br\/inc\/uploads\/2018\/07\/capa.png\",\"width\":1350,\"height\":900,\"caption\":\"PSOL 50\"},\"image\":{\"@id\":\"https:\/\/psol50.org.br\/#\/schema\/logo\/image\/\"},\"sameAs\":[\"https:\/\/www.facebook.com\/psol50\",\"https:\/\/x.com\/psol50\",\"https:\/\/www.instagram.com\/psol50\/\",\"https:\/\/www.youtube.com\/channel\/UC7SnJS5o1os7a6CaiNabzcg\"]},{\"@type\":\"Person\",\"@id\":\"https:\/\/psol50.org.br\/#\/schema\/person\/475dfa57d0b815993c714c2e96491fcd\",\"name\":\"Comunica\u00e7\u00e3o PSOL\",\"image\":{\"@type\":\"ImageObject\",\"inLanguage\":\"pt-BR\",\"@id\":\"https:\/\/psol50.org.br\/#\/schema\/person\/image\/\",\"url\":\"https:\/\/secure.gravatar.com\/avatar\/b34fc4f4e468a4e51785917065a3db57b841f5c95dba6ad8c73aaf8f66f8f9bf?s=96&d=mm&r=g\",\"contentUrl\":\"https:\/\/secure.gravatar.com\/avatar\/b34fc4f4e468a4e51785917065a3db57b841f5c95dba6ad8c73aaf8f66f8f9bf?s=96&d=mm&r=g\",\"caption\":\"Comunica\u00e7\u00e3o PSOL\"}}]}<\/script>\n<!-- \/ Yoast SEO plugin. -->","yoast_head_json":{"title":"Rio de Janeiro: Miliciano n\u00e3o tem vez no PSOL - PSOL 50","robots":{"index":"index","follow":"follow","max-snippet":"max-snippet:-1","max-image-preview":"max-image-preview:large","max-video-preview":"max-video-preview:-1"},"canonical":"https:\/\/psol50.org.br\/rio-de-janeiro-miliciano-nao-tem-vez-no-psol\/","og_locale":"pt_BR","og_type":"article","og_title":"Rio de Janeiro: Miliciano n\u00e3o tem vez no PSOL - PSOL 50","og_description":"O sargento da Pol\u00edcia Militar Vandro Lopes Gon\u00e7alves preso nesta ter\u00e7a-feira\u00a0 (17\/04), acusado\u00a0 pelo Minist\u00e9rio P\u00fablico estadual de chefiar uma mil\u00edcia respons\u00e1vel por diversos crimes em Mag\u00e9, n\u00e3o \u00e9 filiado ao Partido Socialismo e Liberdade (PSOL). Em 2008, o policial militar se inscreveu como candidato pelo PSOL a vereador em Mag\u00e9, mas n\u00e3o fez campanha [&hellip;]","og_url":"https:\/\/psol50.org.br\/rio-de-janeiro-miliciano-nao-tem-vez-no-psol\/","og_site_name":"PSOL 50","article_publisher":"https:\/\/www.facebook.com\/psol50","article_published_time":"2012-04-17T00:00:00+00:00","og_image":[{"url":"http:\/\/psol50.org.br\/files\/2012\/04\/MilicianoForaPSOL.jpg","type":"","width":"","height":""}],"author":"Comunica\u00e7\u00e3o PSOL","twitter_card":"summary_large_image","twitter_creator":"@psol50","twitter_site":"@psol50","twitter_misc":{"Escrito por":"Comunica\u00e7\u00e3o PSOL","Est. tempo de leitura":"1 minuto"},"schema":{"@context":"https:\/\/schema.org","@graph":[{"@type":"Article","@id":"https:\/\/psol50.org.br\/rio-de-janeiro-miliciano-nao-tem-vez-no-psol\/#article","isPartOf":{"@id":"https:\/\/psol50.org.br\/rio-de-janeiro-miliciano-nao-tem-vez-no-psol\/"},"author":{"name":"Comunica\u00e7\u00e3o PSOL","@id":"https:\/\/psol50.org.br\/#\/schema\/person\/475dfa57d0b815993c714c2e96491fcd"},"headline":"Rio de Janeiro: Miliciano n\u00e3o tem vez no PSOL","datePublished":"2012-04-17T00:00:00+00:00","mainEntityOfPage":{"@id":"https:\/\/psol50.org.br\/rio-de-janeiro-miliciano-nao-tem-vez-no-psol\/"},"wordCount":292,"commentCount":0,"publisher":{"@id":"https:\/\/psol50.org.br\/#organization"},"image":{"@id":"https:\/\/psol50.org.br\/rio-de-janeiro-miliciano-nao-tem-vez-no-psol\/#primaryimage"},"thumbnailUrl":"http:\/\/psol50.org.br\/files\/2012\/04\/MilicianoForaPSOL.jpg","keywords":["PSOL"],"articleSection":["Arquivo"],"inLanguage":"pt-BR","potentialAction":[{"@type":"CommentAction","name":"Comment","target":["https:\/\/psol50.org.br\/rio-de-janeiro-miliciano-nao-tem-vez-no-psol\/#respond"]}]},{"@type":"WebPage","@id":"https:\/\/psol50.org.br\/rio-de-janeiro-miliciano-nao-tem-vez-no-psol\/","url":"https:\/\/psol50.org.br\/rio-de-janeiro-miliciano-nao-tem-vez-no-psol\/","name":"Rio de Janeiro: Miliciano n\u00e3o tem vez no PSOL - PSOL 50","isPartOf":{"@id":"https:\/\/psol50.org.br\/#website"},"primaryImageOfPage":{"@id":"https:\/\/psol50.org.br\/rio-de-janeiro-miliciano-nao-tem-vez-no-psol\/#primaryimage"},"image":{"@id":"https:\/\/psol50.org.br\/rio-de-janeiro-miliciano-nao-tem-vez-no-psol\/#primaryimage"},"thumbnailUrl":"http:\/\/psol50.org.br\/files\/2012\/04\/MilicianoForaPSOL.jpg","datePublished":"2012-04-17T00:00:00+00:00","breadcrumb":{"@id":"https:\/\/psol50.org.br\/rio-de-janeiro-miliciano-nao-tem-vez-no-psol\/#breadcrumb"},"inLanguage":"pt-BR","potentialAction":[{"@type":"ReadAction","target":["https:\/\/psol50.org.br\/rio-de-janeiro-miliciano-nao-tem-vez-no-psol\/"]}]},{"@type":"ImageObject","inLanguage":"pt-BR","@id":"https:\/\/psol50.org.br\/rio-de-janeiro-miliciano-nao-tem-vez-no-psol\/#primaryimage","url":"http:\/\/psol50.org.br\/files\/2012\/04\/MilicianoForaPSOL.jpg","contentUrl":"http:\/\/psol50.org.br\/files\/2012\/04\/MilicianoForaPSOL.jpg"},{"@type":"BreadcrumbList","@id":"https:\/\/psol50.org.br\/rio-de-janeiro-miliciano-nao-tem-vez-no-psol\/#breadcrumb","itemListElement":[{"@type":"ListItem","position":1,"name":"In\u00edcio","item":"https:\/\/psol50.org.br\/"},{"@type":"ListItem","position":2,"name":"Rio de Janeiro: Miliciano n\u00e3o tem vez no PSOL"}]},{"@type":"WebSite","@id":"https:\/\/psol50.org.br\/#website","url":"https:\/\/psol50.org.br\/","name":"PSOL 50","description":"Site oficial do Partido Socialismo e Liberdade","publisher":{"@id":"https:\/\/psol50.org.br\/#organization"},"alternateName":"PSOL50","potentialAction":[{"@type":"SearchAction","target":{"@type":"EntryPoint","urlTemplate":"https:\/\/psol50.org.br\/?s={search_term_string}"},"query-input":{"@type":"PropertyValueSpecification","valueRequired":true,"valueName":"search_term_string"}}],"inLanguage":"pt-BR"},{"@type":"Organization","@id":"https:\/\/psol50.org.br\/#organization","name":"PSOL 50","alternateName":"PSOL 50","url":"https:\/\/psol50.org.br\/","logo":{"@type":"ImageObject","inLanguage":"pt-BR","@id":"https:\/\/psol50.org.br\/#\/schema\/logo\/image\/","url":"https:\/\/psol50.org.br\/inc\/uploads\/2018\/07\/capa.png","contentUrl":"https:\/\/psol50.org.br\/inc\/uploads\/2018\/07\/capa.png","width":1350,"height":900,"caption":"PSOL 50"},"image":{"@id":"https:\/\/psol50.org.br\/#\/schema\/logo\/image\/"},"sameAs":["https:\/\/www.facebook.com\/psol50","https:\/\/x.com\/psol50","https:\/\/www.instagram.com\/psol50\/","https:\/\/www.youtube.com\/channel\/UC7SnJS5o1os7a6CaiNabzcg"]},{"@type":"Person","@id":"https:\/\/psol50.org.br\/#\/schema\/person\/475dfa57d0b815993c714c2e96491fcd","name":"Comunica\u00e7\u00e3o PSOL","image":{"@type":"ImageObject","inLanguage":"pt-BR","@id":"https:\/\/psol50.org.br\/#\/schema\/person\/image\/","url":"https:\/\/secure.gravatar.com\/avatar\/b34fc4f4e468a4e51785917065a3db57b841f5c95dba6ad8c73aaf8f66f8f9bf?s=96&d=mm&r=g","contentUrl":"https:\/\/secure.gravatar.com\/avatar\/b34fc4f4e468a4e51785917065a3db57b841f5c95dba6ad8c73aaf8f66f8f9bf?s=96&d=mm&r=g","caption":"Comunica\u00e7\u00e3o PSOL"}}]}},"_links":{"self":[{"href":"https:\/\/psol50.org.br\/rest\/wp\/v2\/posts\/1762","targetHints":{"allow":["GET"]}}],"collection":[{"href":"https:\/\/psol50.org.br\/rest\/wp\/v2\/posts"}],"about":[{"href":"https:\/\/psol50.org.br\/rest\/wp\/v2\/types\/post"}],"author":[{"embeddable":true,"href":"https:\/\/psol50.org.br\/rest\/wp\/v2\/users\/2"}],"replies":[{"embeddable":true,"href":"https:\/\/psol50.org.br\/rest\/wp\/v2\/comments?post=1762"}],"version-history":[{"count":0,"href":"https:\/\/psol50.org.br\/rest\/wp\/v2\/posts\/1762\/revisions"}],"wp:attachment":[{"href":"https:\/\/psol50.org.br\/rest\/wp\/v2\/media?parent=1762"}],"wp:term":[{"taxonomy":"category","embeddable":true,"href":"https:\/\/psol50.org.br\/rest\/wp\/v2\/categories?post=1762"},{"taxonomy":"post_tag","embeddable":true,"href":"https:\/\/psol50.org.br\/rest\/wp\/v2\/tags?post=1762"}],"curies":[{"name":"wp","href":"https:\/\/api.w.org\/{rel}","templated":true}]}}