{"id":17638,"date":"2017-08-17T12:31:39","date_gmt":"2017-08-17T12:31:39","guid":{"rendered":"http:\/\/www.psol50.org.br\/?p=17638"},"modified":"2017-08-17T12:31:39","modified_gmt":"2017-08-17T12:31:39","slug":"apos-manobra-camara-encerra-debate-sobre-reforma-politica-e-texto-sera-apreciado-na-terca-que-vem","status":"publish","type":"post","link":"https:\/\/psol50.org.br\/apos-manobra-camara-encerra-debate-sobre-reforma-politica-e-texto-sera-apreciado-na-terca-que-vem\/","title":{"rendered":"Ap\u00f3s manobra, C\u00e2mara encerra debate sobre reforma pol\u00edtica e texto ser\u00e1 apreciado na ter\u00e7a que vem"},"content":{"rendered":"<p>O presidente da C\u00e2mara, Rodrigo Maia (DEM-RJ), colocou a reforma pol\u00edtica (PEC 77\/2003) na sess\u00e3o desta quarta-feira (16\/08), mas um requerimento de encerramento da discuss\u00e3o acabou sendo aprovado. A sess\u00e3o teve in\u00edcio por volta das 14h e se estendeu at\u00e9 as 22h, sendo encerrada ap\u00f3s a aprova\u00e7\u00e3o do adiamento dos debates. Com isso, a vota\u00e7\u00e3o da PEC em primeiro turno no plen\u00e1rio ficou para a ter\u00e7a-feira, dia 22.<\/p>\n<p>Para tentar votar a PEC ainda esta semana, Maia lan\u00e7ou m\u00e3o de mais uma manobra. Segundo as regras da C\u00e2mara, entre a vota\u00e7\u00e3o do texto na comiss\u00e3o especial \u2013 <span style=\"color: #0000ff;\"><a href=\"http:\/\/www.psol50.org.br\/blog\/2017\/08\/15\/distritao-e-fundo-eleitoral-podem-ser-votados-no-plenario-da-camara-na-proxima-semana\/\" target=\"_blank\" rel=\"noopener\"><strong><span style=\"color: #0000ff;\">encerrada na tarde de ter\u00e7a-feira (15)<\/span><\/strong><\/a><\/span> \u2013 e no plen\u00e1rio \u00e9 preciso o intervalo de duas sess\u00f5es. Para incluir a proposta na pauta da sess\u00e3o de ontem, o presidente da C\u00e2mara teve que colocar primeiro em vota\u00e7\u00e3o um requerimento de quebra de interst\u00edcio para que n\u00e3o houvesse a necessidade desse prazo de duas sess\u00f5es. Nesse sentido, a PEC, que, entre outras mudan\u00e7as, estabelece a ado\u00e7\u00e3o do chamado &#8220;Distrit\u00e3o&#8221; em 2018 e 2020 e do distrital misto em 2022 a cria\u00e7\u00e3o do Fundo Eleitoral de R$ 3,6 bilh\u00f5es, estava pronta para ser votada ainda ontem.<\/p>\n<p>O argumento de Rodrigo Maia para encerrar a sess\u00e3o foi o qu\u00f3rum de 430 deputados, que, segundo ele, estava baixo. Nas negocia\u00e7\u00f5es durante o dia, o presidente havia acordado que a PEC s\u00f3 seria votada com 480 deputados em plen\u00e1rio.<\/p>\n<p>&#8220;Achei melhor encerrar [a sess\u00e3o] e adiar para a pr\u00f3xima semana. \u00c9 at\u00e9 bom, porque a gente ganha um tempo de ir construindo as converg\u00eancias nesta mat\u00e9ria&#8221;, disse. Mas o que est\u00e1 por tr\u00e1s disso \u00e9 a tentativa de conseguir mais apoios ao texto, criticado por v\u00e1rios deputados at\u00e9 mesmo da base de apoio do governo. Provavelmente o c\u00e1lculo feito pelo presidente da C\u00e2mara foi de que ontem n\u00e3o havia votos suficientes para aprovar as mudan\u00e7as no sistema pol\u00edtico-eleitoral.<\/p>\n<p>Segundo informa\u00e7\u00f5es da <a href=\"http:\/\/www2.camara.leg.br\/camaranoticias\/noticias\/POLITICA\/539273-PLENARIO-DA-CAMARA-CONCLUI-DEBATES-DE-PEC-DA-REFORMA-POLITICA-VOTACAO-FICA-PARA-SEMANA-QUE-VEM.html\" target=\"_blank\" rel=\"noopener\"><span style=\"color: #0000ff;\"><em><strong>Ag\u00eancia C\u00e2mara<\/strong><\/em><\/span><\/a>, o fim da fase de discuss\u00e3o, aprovado no plen\u00e1rio, acaba com o prazo para apresenta\u00e7\u00e3o de <span class=\"termoGlossario\">destaques<\/span>, que s\u00e3o tentativas de alterar o texto. Al\u00e9m disso, o resultado acabou cassando o direito dos inscritos de debaterem a mat\u00e9ria. A bancada do PSOL, que no \u00e2mbito da comiss\u00e3o especial havia apresentado uma emenda supressiva da cria\u00e7\u00e3o do Fundo Eleitoral, denunciou a iniciativa da base de Michel Temer de colocar a PEC em vota\u00e7\u00e3o a toque de caixa e de forma a\u00e7odada. Os deputados tamb\u00e9m criticaram o encerramento do debate.<\/p>\n<p>A pressa do governo \u00e9 para garantir que o chamado \u201cDistrit\u00e3o\u201d e o Fundo Eleitoral de R$ 3,6 bilh\u00f5es passem a valer nas pr\u00f3ximas elei\u00e7\u00f5es. Durante os debates ontem, o l\u00edder do <span style=\"color: #0000ff;\"><a class=\"profileLink\" href=\"https:\/\/www.facebook.com\/psolnacamara\/?fref=mentions\" data-hovercard=\"\/ajax\/hovercard\/page.php?id=197749170329322&amp;extragetparams=%7B%22fref%22%3A%22mentions%22%7D\" data-hovercard-prefer-more-content-show=\"1\"><strong>PSOL na C\u00e2mara<\/strong><\/a>, <a class=\"profileLink\" href=\"https:\/\/www.facebook.com\/glauber.braga1\/?fref=mentions\" data-hovercard=\"\/ajax\/hovercard\/page.php?id=158198544337175&amp;extragetparams=%7B%22fref%22%3A%22mentions%22%7D\" data-hovercard-prefer-more-content-show=\"1\"><strong>Glauber Braga<\/strong><\/a><\/span> (RJ), criticou a tentativa de aprovar mudan\u00e7as no sistema pol\u00edtico brasileiro sem qualquer debate com a sociedade. Glauber levantou alguns pontos que considera pol\u00eamico no projeto, o chamado \u201cDistrit\u00e3o\u201d, que praticamente acaba com a possibilidade de renova\u00e7\u00e3o na pol\u00edtica, e a cria\u00e7\u00e3o de um fundo de financiamento p\u00fablico para as campanhas eleitorais de mais de 3,6 bilh\u00f5es de reais em um momento de crise econ\u00f4mica.<\/p>\n<p>https:\/\/www.facebook.com\/psolnacamara\/videos\/1183497231754506\/<\/p>\n<p>O deputado <span style=\"color: #0000ff;\"><a href=\"https:\/\/www.facebook.com\/chicoalencar\/\" target=\"_blank\" rel=\"noopener\"><strong><span style=\"color: #0000ff;\">Chico Alencar<\/span><\/strong><\/a><\/span> disse que a maneira atropelada que est\u00e3o tentando aprovar mudan\u00e7as profundas no sistema pol\u00edtico brasileiro \u00e9 um absurdo. &#8220;O que est\u00e1 acontecendo aqui \u00e9 um esp\u00fario&#8221;, disse Alencar, que tamb\u00e9m criticou a bancada do PT por ter apresentado o requerimento para o encerramento das discuss\u00f5es. &#8220;Tem alguma articula\u00e7\u00e3o a\u00ed estranha para cassar o debate. V\u00e1rios deputados ficaram ali na fila desde cedo e nem cinco debateram a proposta&#8221;, denunciou.<\/p>\n<p>https:\/\/www.facebook.com\/psolnacamara\/videos\/1183528388418057\/<\/p>\n<p>Em outro momento, Chico Alencar explicou que o montante de R$ 3,6 bilh\u00f5es do Fundo Eleitoral, somado ao Fundo Partid\u00e1rio, que este ano atingir\u00e1 cerca de R$ 800 milh\u00f5es, representam quase todo o or\u00e7amento do Minist\u00e9rio do Meio Ambiente (R$ 3,9 bi) e bem mais do que o or\u00e7amento do Minist\u00e9rio da Cultura (R$ 2,7 bi) e do Esporte (R$ 1,4 bi). &#8220;Supera em R$ 1 bi tudo o que foi destinado para custear o programa Farm\u00e1cia Popular, em vias de extin\u00e7\u00e3o. E em 64% o previsto para os 370 mil bolsistas do CNPq, que, com o contingenciamento, podem n\u00e3o receber nada m\u00eas que vem&#8221;.<\/p>\n<p><a href=\"https:\/\/www.facebook.com\/edmilsonpsol\/\" target=\"_blank\" rel=\"noopener\"><strong><span style=\"color: #0000ff;\">Edmilson Rodrigues<\/span><\/strong><\/a> (PA), tamb\u00e9m falou contra a vota\u00e7\u00e3o apressada da mat\u00e9ria, sem amplo debate entre os pr\u00f3prios deputados e a sociedade em geral.<\/p>\n<p>https:\/\/www.facebook.com\/edmilsonpsol\/videos\/1732459990127801\/<\/p>\n","protected":false},"excerpt":{"rendered":"<p>O presidente da C\u00e2mara, Rodrigo Maia (DEM-RJ), colocou a reforma pol\u00edtica (PEC 77\/2003) na sess\u00e3o desta quarta-feira (16\/08), mas um requerimento de encerramento da discuss\u00e3o acabou sendo aprovado. A sess\u00e3o teve in\u00edcio por volta das 14h e se estendeu at\u00e9 as 22h, sendo encerrada ap\u00f3s a aprova\u00e7\u00e3o do adiamento dos debates. Com isso, a vota\u00e7\u00e3o [&hellip;]<\/p>\n","protected":false},"author":2,"featured_media":17808,"comment_status":"open","ping_status":"open","sticky":false,"template":"","format":"standard","meta":{"_acf_changed":false,"footnotes":""},"categories":[10,1882,6],"tags":[709,3442,1023,387,1748,3466,3371,3046,64],"class_list":{"0":"post-17638","1":"post","2":"type-post","3":"status-publish","4":"format-standard","5":"has-post-thumbnail","7":"category-acao-parlamentares","8":"category-brasil","9":"category-noticias","10":"tag-camara-dos-deputados","11":"tag-distritao","12":"tag-fundo-eleitoral","13":"tag-governo","14":"tag-michel-temer","15":"tag-pec-772003","16":"tag-plenario","17":"tag-reforma-politica","18":"tag-rodrigo-maia"},"acf":[],"yoast_head":"<!-- This site is optimized with the Yoast SEO plugin v26.5 - https:\/\/yoast.com\/wordpress\/plugins\/seo\/ -->\n<title>Ap\u00f3s manobra, C\u00e2mara encerra debate sobre reforma pol\u00edtica e texto ser\u00e1 apreciado na ter\u00e7a que vem - PSOL 50<\/title>\n<meta name=\"robots\" content=\"index, follow, max-snippet:-1, max-image-preview:large, max-video-preview:-1\" \/>\n<link rel=\"canonical\" href=\"https:\/\/psol50.org.br\/apos-manobra-camara-encerra-debate-sobre-reforma-politica-e-texto-sera-apreciado-na-terca-que-vem\/\" \/>\n<meta property=\"og:locale\" content=\"pt_BR\" \/>\n<meta property=\"og:type\" content=\"article\" \/>\n<meta property=\"og:title\" content=\"Ap\u00f3s manobra, C\u00e2mara encerra debate sobre reforma pol\u00edtica e texto ser\u00e1 apreciado na ter\u00e7a que vem - PSOL 50\" \/>\n<meta property=\"og:description\" content=\"O presidente da C\u00e2mara, Rodrigo Maia (DEM-RJ), colocou a reforma pol\u00edtica (PEC 77\/2003) na sess\u00e3o desta quarta-feira (16\/08), mas um requerimento de encerramento da discuss\u00e3o acabou sendo aprovado. A sess\u00e3o teve in\u00edcio por volta das 14h e se estendeu at\u00e9 as 22h, sendo encerrada ap\u00f3s a aprova\u00e7\u00e3o do adiamento dos debates. Com isso, a vota\u00e7\u00e3o [&hellip;]\" \/>\n<meta property=\"og:url\" content=\"https:\/\/psol50.org.br\/apos-manobra-camara-encerra-debate-sobre-reforma-politica-e-texto-sera-apreciado-na-terca-que-vem\/\" \/>\n<meta property=\"og:site_name\" content=\"PSOL 50\" \/>\n<meta property=\"article:publisher\" content=\"https:\/\/www.facebook.com\/psol50\" \/>\n<meta property=\"article:published_time\" content=\"2017-08-17T12:31:39+00:00\" \/>\n<meta property=\"og:image\" content=\"https:\/\/psol50.org.br\/inc\/uploads\/2018\/07\/capa.png\" \/>\n\t<meta property=\"og:image:width\" content=\"1350\" \/>\n\t<meta property=\"og:image:height\" content=\"900\" \/>\n\t<meta property=\"og:image:type\" content=\"image\/png\" \/>\n<meta name=\"author\" content=\"Comunica\u00e7\u00e3o PSOL\" \/>\n<meta name=\"twitter:card\" content=\"summary_large_image\" \/>\n<meta name=\"twitter:creator\" content=\"@psol50\" \/>\n<meta name=\"twitter:site\" content=\"@psol50\" \/>\n<meta name=\"twitter:label1\" content=\"Escrito por\" \/>\n\t<meta name=\"twitter:data1\" content=\"Comunica\u00e7\u00e3o PSOL\" \/>\n\t<meta name=\"twitter:label2\" content=\"Est. tempo de leitura\" \/>\n\t<meta name=\"twitter:data2\" content=\"4 minutos\" \/>\n<script type=\"application\/ld+json\" class=\"yoast-schema-graph\">{\"@context\":\"https:\/\/schema.org\",\"@graph\":[{\"@type\":\"Article\",\"@id\":\"https:\/\/psol50.org.br\/apos-manobra-camara-encerra-debate-sobre-reforma-politica-e-texto-sera-apreciado-na-terca-que-vem\/#article\",\"isPartOf\":{\"@id\":\"https:\/\/psol50.org.br\/apos-manobra-camara-encerra-debate-sobre-reforma-politica-e-texto-sera-apreciado-na-terca-que-vem\/\"},\"author\":{\"name\":\"Comunica\u00e7\u00e3o PSOL\",\"@id\":\"https:\/\/psol50.org.br\/#\/schema\/person\/475dfa57d0b815993c714c2e96491fcd\"},\"headline\":\"Ap\u00f3s manobra, C\u00e2mara encerra debate sobre reforma pol\u00edtica e texto ser\u00e1 apreciado na ter\u00e7a que vem\",\"datePublished\":\"2017-08-17T12:31:39+00:00\",\"mainEntityOfPage\":{\"@id\":\"https:\/\/psol50.org.br\/apos-manobra-camara-encerra-debate-sobre-reforma-politica-e-texto-sera-apreciado-na-terca-que-vem\/\"},\"wordCount\":814,\"commentCount\":0,\"publisher\":{\"@id\":\"https:\/\/psol50.org.br\/#organization\"},\"image\":{\"@id\":\"https:\/\/psol50.org.br\/apos-manobra-camara-encerra-debate-sobre-reforma-politica-e-texto-sera-apreciado-na-terca-que-vem\/#primaryimage\"},\"thumbnailUrl\":\"\",\"keywords\":[\"C\u00e2mara dos Deputados\",\"Distrit\u00e3o\",\"Fundo Eleitoral\",\"governo\",\"Michel Temer\",\"PEC 77\/2003\",\"plen\u00e1rio\",\"Reforma Pol\u00edtica\",\"Rodrigo Maia\"],\"articleSection\":[\"A\u00e7\u00e3o Parlamentar\",\"Brasil\",\"Not\u00edcias\"],\"inLanguage\":\"pt-BR\",\"potentialAction\":[{\"@type\":\"CommentAction\",\"name\":\"Comment\",\"target\":[\"https:\/\/psol50.org.br\/apos-manobra-camara-encerra-debate-sobre-reforma-politica-e-texto-sera-apreciado-na-terca-que-vem\/#respond\"]}]},{\"@type\":\"WebPage\",\"@id\":\"https:\/\/psol50.org.br\/apos-manobra-camara-encerra-debate-sobre-reforma-politica-e-texto-sera-apreciado-na-terca-que-vem\/\",\"url\":\"https:\/\/psol50.org.br\/apos-manobra-camara-encerra-debate-sobre-reforma-politica-e-texto-sera-apreciado-na-terca-que-vem\/\",\"name\":\"Ap\u00f3s manobra, C\u00e2mara encerra debate sobre reforma pol\u00edtica e texto ser\u00e1 apreciado na ter\u00e7a que vem - PSOL 50\",\"isPartOf\":{\"@id\":\"https:\/\/psol50.org.br\/#website\"},\"primaryImageOfPage\":{\"@id\":\"https:\/\/psol50.org.br\/apos-manobra-camara-encerra-debate-sobre-reforma-politica-e-texto-sera-apreciado-na-terca-que-vem\/#primaryimage\"},\"image\":{\"@id\":\"https:\/\/psol50.org.br\/apos-manobra-camara-encerra-debate-sobre-reforma-politica-e-texto-sera-apreciado-na-terca-que-vem\/#primaryimage\"},\"thumbnailUrl\":\"\",\"datePublished\":\"2017-08-17T12:31:39+00:00\",\"breadcrumb\":{\"@id\":\"https:\/\/psol50.org.br\/apos-manobra-camara-encerra-debate-sobre-reforma-politica-e-texto-sera-apreciado-na-terca-que-vem\/#breadcrumb\"},\"inLanguage\":\"pt-BR\",\"potentialAction\":[{\"@type\":\"ReadAction\",\"target\":[\"https:\/\/psol50.org.br\/apos-manobra-camara-encerra-debate-sobre-reforma-politica-e-texto-sera-apreciado-na-terca-que-vem\/\"]}]},{\"@type\":\"ImageObject\",\"inLanguage\":\"pt-BR\",\"@id\":\"https:\/\/psol50.org.br\/apos-manobra-camara-encerra-debate-sobre-reforma-politica-e-texto-sera-apreciado-na-terca-que-vem\/#primaryimage\",\"url\":\"\",\"contentUrl\":\"\"},{\"@type\":\"BreadcrumbList\",\"@id\":\"https:\/\/psol50.org.br\/apos-manobra-camara-encerra-debate-sobre-reforma-politica-e-texto-sera-apreciado-na-terca-que-vem\/#breadcrumb\",\"itemListElement\":[{\"@type\":\"ListItem\",\"position\":1,\"name\":\"In\u00edcio\",\"item\":\"https:\/\/psol50.org.br\/\"},{\"@type\":\"ListItem\",\"position\":2,\"name\":\"Ap\u00f3s manobra, C\u00e2mara encerra debate sobre reforma pol\u00edtica e texto ser\u00e1 apreciado na ter\u00e7a que vem\"}]},{\"@type\":\"WebSite\",\"@id\":\"https:\/\/psol50.org.br\/#website\",\"url\":\"https:\/\/psol50.org.br\/\",\"name\":\"PSOL 50\",\"description\":\"Site oficial do Partido Socialismo e Liberdade\",\"publisher\":{\"@id\":\"https:\/\/psol50.org.br\/#organization\"},\"alternateName\":\"PSOL50\",\"potentialAction\":[{\"@type\":\"SearchAction\",\"target\":{\"@type\":\"EntryPoint\",\"urlTemplate\":\"https:\/\/psol50.org.br\/?s={search_term_string}\"},\"query-input\":{\"@type\":\"PropertyValueSpecification\",\"valueRequired\":true,\"valueName\":\"search_term_string\"}}],\"inLanguage\":\"pt-BR\"},{\"@type\":\"Organization\",\"@id\":\"https:\/\/psol50.org.br\/#organization\",\"name\":\"PSOL 50\",\"alternateName\":\"PSOL 50\",\"url\":\"https:\/\/psol50.org.br\/\",\"logo\":{\"@type\":\"ImageObject\",\"inLanguage\":\"pt-BR\",\"@id\":\"https:\/\/psol50.org.br\/#\/schema\/logo\/image\/\",\"url\":\"https:\/\/psol50.org.br\/inc\/uploads\/2018\/07\/capa.png\",\"contentUrl\":\"https:\/\/psol50.org.br\/inc\/uploads\/2018\/07\/capa.png\",\"width\":1350,\"height\":900,\"caption\":\"PSOL 50\"},\"image\":{\"@id\":\"https:\/\/psol50.org.br\/#\/schema\/logo\/image\/\"},\"sameAs\":[\"https:\/\/www.facebook.com\/psol50\",\"https:\/\/x.com\/psol50\",\"https:\/\/www.instagram.com\/psol50\/\",\"https:\/\/www.youtube.com\/channel\/UC7SnJS5o1os7a6CaiNabzcg\"]},{\"@type\":\"Person\",\"@id\":\"https:\/\/psol50.org.br\/#\/schema\/person\/475dfa57d0b815993c714c2e96491fcd\",\"name\":\"Comunica\u00e7\u00e3o PSOL\",\"image\":{\"@type\":\"ImageObject\",\"inLanguage\":\"pt-BR\",\"@id\":\"https:\/\/psol50.org.br\/#\/schema\/person\/image\/\",\"url\":\"https:\/\/secure.gravatar.com\/avatar\/b34fc4f4e468a4e51785917065a3db57b841f5c95dba6ad8c73aaf8f66f8f9bf?s=96&d=mm&r=g\",\"contentUrl\":\"https:\/\/secure.gravatar.com\/avatar\/b34fc4f4e468a4e51785917065a3db57b841f5c95dba6ad8c73aaf8f66f8f9bf?s=96&d=mm&r=g\",\"caption\":\"Comunica\u00e7\u00e3o PSOL\"}}]}<\/script>\n<!-- \/ Yoast SEO plugin. -->","yoast_head_json":{"title":"Ap\u00f3s manobra, C\u00e2mara encerra debate sobre reforma pol\u00edtica e texto ser\u00e1 apreciado na ter\u00e7a que vem - PSOL 50","robots":{"index":"index","follow":"follow","max-snippet":"max-snippet:-1","max-image-preview":"max-image-preview:large","max-video-preview":"max-video-preview:-1"},"canonical":"https:\/\/psol50.org.br\/apos-manobra-camara-encerra-debate-sobre-reforma-politica-e-texto-sera-apreciado-na-terca-que-vem\/","og_locale":"pt_BR","og_type":"article","og_title":"Ap\u00f3s manobra, C\u00e2mara encerra debate sobre reforma pol\u00edtica e texto ser\u00e1 apreciado na ter\u00e7a que vem - PSOL 50","og_description":"O presidente da C\u00e2mara, Rodrigo Maia (DEM-RJ), colocou a reforma pol\u00edtica (PEC 77\/2003) na sess\u00e3o desta quarta-feira (16\/08), mas um requerimento de encerramento da discuss\u00e3o acabou sendo aprovado. A sess\u00e3o teve in\u00edcio por volta das 14h e se estendeu at\u00e9 as 22h, sendo encerrada ap\u00f3s a aprova\u00e7\u00e3o do adiamento dos debates. Com isso, a vota\u00e7\u00e3o [&hellip;]","og_url":"https:\/\/psol50.org.br\/apos-manobra-camara-encerra-debate-sobre-reforma-politica-e-texto-sera-apreciado-na-terca-que-vem\/","og_site_name":"PSOL 50","article_publisher":"https:\/\/www.facebook.com\/psol50","article_published_time":"2017-08-17T12:31:39+00:00","og_image":[{"width":1350,"height":900,"url":"https:\/\/psol50.org.br\/inc\/uploads\/2018\/07\/capa.png","type":"image\/png"}],"author":"Comunica\u00e7\u00e3o PSOL","twitter_card":"summary_large_image","twitter_creator":"@psol50","twitter_site":"@psol50","twitter_misc":{"Escrito por":"Comunica\u00e7\u00e3o PSOL","Est. tempo de leitura":"4 minutos"},"schema":{"@context":"https:\/\/schema.org","@graph":[{"@type":"Article","@id":"https:\/\/psol50.org.br\/apos-manobra-camara-encerra-debate-sobre-reforma-politica-e-texto-sera-apreciado-na-terca-que-vem\/#article","isPartOf":{"@id":"https:\/\/psol50.org.br\/apos-manobra-camara-encerra-debate-sobre-reforma-politica-e-texto-sera-apreciado-na-terca-que-vem\/"},"author":{"name":"Comunica\u00e7\u00e3o PSOL","@id":"https:\/\/psol50.org.br\/#\/schema\/person\/475dfa57d0b815993c714c2e96491fcd"},"headline":"Ap\u00f3s manobra, C\u00e2mara encerra debate sobre reforma pol\u00edtica e texto ser\u00e1 apreciado na ter\u00e7a que vem","datePublished":"2017-08-17T12:31:39+00:00","mainEntityOfPage":{"@id":"https:\/\/psol50.org.br\/apos-manobra-camara-encerra-debate-sobre-reforma-politica-e-texto-sera-apreciado-na-terca-que-vem\/"},"wordCount":814,"commentCount":0,"publisher":{"@id":"https:\/\/psol50.org.br\/#organization"},"image":{"@id":"https:\/\/psol50.org.br\/apos-manobra-camara-encerra-debate-sobre-reforma-politica-e-texto-sera-apreciado-na-terca-que-vem\/#primaryimage"},"thumbnailUrl":"","keywords":["C\u00e2mara dos Deputados","Distrit\u00e3o","Fundo Eleitoral","governo","Michel Temer","PEC 77\/2003","plen\u00e1rio","Reforma Pol\u00edtica","Rodrigo Maia"],"articleSection":["A\u00e7\u00e3o Parlamentar","Brasil","Not\u00edcias"],"inLanguage":"pt-BR","potentialAction":[{"@type":"CommentAction","name":"Comment","target":["https:\/\/psol50.org.br\/apos-manobra-camara-encerra-debate-sobre-reforma-politica-e-texto-sera-apreciado-na-terca-que-vem\/#respond"]}]},{"@type":"WebPage","@id":"https:\/\/psol50.org.br\/apos-manobra-camara-encerra-debate-sobre-reforma-politica-e-texto-sera-apreciado-na-terca-que-vem\/","url":"https:\/\/psol50.org.br\/apos-manobra-camara-encerra-debate-sobre-reforma-politica-e-texto-sera-apreciado-na-terca-que-vem\/","name":"Ap\u00f3s manobra, C\u00e2mara encerra debate sobre reforma pol\u00edtica e texto ser\u00e1 apreciado na ter\u00e7a que vem - PSOL 50","isPartOf":{"@id":"https:\/\/psol50.org.br\/#website"},"primaryImageOfPage":{"@id":"https:\/\/psol50.org.br\/apos-manobra-camara-encerra-debate-sobre-reforma-politica-e-texto-sera-apreciado-na-terca-que-vem\/#primaryimage"},"image":{"@id":"https:\/\/psol50.org.br\/apos-manobra-camara-encerra-debate-sobre-reforma-politica-e-texto-sera-apreciado-na-terca-que-vem\/#primaryimage"},"thumbnailUrl":"","datePublished":"2017-08-17T12:31:39+00:00","breadcrumb":{"@id":"https:\/\/psol50.org.br\/apos-manobra-camara-encerra-debate-sobre-reforma-politica-e-texto-sera-apreciado-na-terca-que-vem\/#breadcrumb"},"inLanguage":"pt-BR","potentialAction":[{"@type":"ReadAction","target":["https:\/\/psol50.org.br\/apos-manobra-camara-encerra-debate-sobre-reforma-politica-e-texto-sera-apreciado-na-terca-que-vem\/"]}]},{"@type":"ImageObject","inLanguage":"pt-BR","@id":"https:\/\/psol50.org.br\/apos-manobra-camara-encerra-debate-sobre-reforma-politica-e-texto-sera-apreciado-na-terca-que-vem\/#primaryimage","url":"","contentUrl":""},{"@type":"BreadcrumbList","@id":"https:\/\/psol50.org.br\/apos-manobra-camara-encerra-debate-sobre-reforma-politica-e-texto-sera-apreciado-na-terca-que-vem\/#breadcrumb","itemListElement":[{"@type":"ListItem","position":1,"name":"In\u00edcio","item":"https:\/\/psol50.org.br\/"},{"@type":"ListItem","position":2,"name":"Ap\u00f3s manobra, C\u00e2mara encerra debate sobre reforma pol\u00edtica e texto ser\u00e1 apreciado na ter\u00e7a que vem"}]},{"@type":"WebSite","@id":"https:\/\/psol50.org.br\/#website","url":"https:\/\/psol50.org.br\/","name":"PSOL 50","description":"Site oficial do Partido Socialismo e Liberdade","publisher":{"@id":"https:\/\/psol50.org.br\/#organization"},"alternateName":"PSOL50","potentialAction":[{"@type":"SearchAction","target":{"@type":"EntryPoint","urlTemplate":"https:\/\/psol50.org.br\/?s={search_term_string}"},"query-input":{"@type":"PropertyValueSpecification","valueRequired":true,"valueName":"search_term_string"}}],"inLanguage":"pt-BR"},{"@type":"Organization","@id":"https:\/\/psol50.org.br\/#organization","name":"PSOL 50","alternateName":"PSOL 50","url":"https:\/\/psol50.org.br\/","logo":{"@type":"ImageObject","inLanguage":"pt-BR","@id":"https:\/\/psol50.org.br\/#\/schema\/logo\/image\/","url":"https:\/\/psol50.org.br\/inc\/uploads\/2018\/07\/capa.png","contentUrl":"https:\/\/psol50.org.br\/inc\/uploads\/2018\/07\/capa.png","width":1350,"height":900,"caption":"PSOL 50"},"image":{"@id":"https:\/\/psol50.org.br\/#\/schema\/logo\/image\/"},"sameAs":["https:\/\/www.facebook.com\/psol50","https:\/\/x.com\/psol50","https:\/\/www.instagram.com\/psol50\/","https:\/\/www.youtube.com\/channel\/UC7SnJS5o1os7a6CaiNabzcg"]},{"@type":"Person","@id":"https:\/\/psol50.org.br\/#\/schema\/person\/475dfa57d0b815993c714c2e96491fcd","name":"Comunica\u00e7\u00e3o PSOL","image":{"@type":"ImageObject","inLanguage":"pt-BR","@id":"https:\/\/psol50.org.br\/#\/schema\/person\/image\/","url":"https:\/\/secure.gravatar.com\/avatar\/b34fc4f4e468a4e51785917065a3db57b841f5c95dba6ad8c73aaf8f66f8f9bf?s=96&d=mm&r=g","contentUrl":"https:\/\/secure.gravatar.com\/avatar\/b34fc4f4e468a4e51785917065a3db57b841f5c95dba6ad8c73aaf8f66f8f9bf?s=96&d=mm&r=g","caption":"Comunica\u00e7\u00e3o PSOL"}}]}},"_links":{"self":[{"href":"https:\/\/psol50.org.br\/rest\/wp\/v2\/posts\/17638","targetHints":{"allow":["GET"]}}],"collection":[{"href":"https:\/\/psol50.org.br\/rest\/wp\/v2\/posts"}],"about":[{"href":"https:\/\/psol50.org.br\/rest\/wp\/v2\/types\/post"}],"author":[{"embeddable":true,"href":"https:\/\/psol50.org.br\/rest\/wp\/v2\/users\/2"}],"replies":[{"embeddable":true,"href":"https:\/\/psol50.org.br\/rest\/wp\/v2\/comments?post=17638"}],"version-history":[{"count":0,"href":"https:\/\/psol50.org.br\/rest\/wp\/v2\/posts\/17638\/revisions"}],"wp:featuredmedia":[{"embeddable":true,"href":"https:\/\/psol50.org.br\/rest\/"}],"wp:attachment":[{"href":"https:\/\/psol50.org.br\/rest\/wp\/v2\/media?parent=17638"}],"wp:term":[{"taxonomy":"category","embeddable":true,"href":"https:\/\/psol50.org.br\/rest\/wp\/v2\/categories?post=17638"},{"taxonomy":"post_tag","embeddable":true,"href":"https:\/\/psol50.org.br\/rest\/wp\/v2\/tags?post=17638"}],"curies":[{"name":"wp","href":"https:\/\/api.w.org\/{rel}","templated":true}]}}