{"id":17670,"date":"2017-08-21T12:58:28","date_gmt":"2017-08-21T12:58:28","guid":{"rendered":"http:\/\/www.psol50.org.br\/?p=17670"},"modified":"2017-08-21T12:58:28","modified_gmt":"2017-08-21T12:58:28","slug":"camara-vota-nesta-terca-feira-reforma-politica-defendida-por-temer-e-maia","status":"publish","type":"post","link":"https:\/\/psol50.org.br\/camara-vota-nesta-terca-feira-reforma-politica-defendida-por-temer-e-maia\/","title":{"rendered":"C\u00e2mara vota nesta ter\u00e7a-feira reforma pol\u00edtica defendida por Temer e Maia"},"content":{"rendered":"<p>O plen\u00e1rio da C\u00e2mara dos Deputados deve votar nesta ter\u00e7a-feira (22\/08) o texto da reforma pol\u00edtica, prevista na PEC 77\/2003, aprovada semana passada em comiss\u00e3o especial. <a href=\"http:\/\/www.psol50.org.br\/blog\/2017\/08\/17\/apos-manobra-camara-encerra-debate-sobre-reforma-politica-e-texto-sera-apreciado-na-terca-que-vem\/\" target=\"_blank\" rel=\"noopener\"><strong><span style=\"color: #0000ff;\">A proposta chegou a ser inclu\u00edda na sess\u00e3o do plen\u00e1rio da quarta passada (16)<\/span><\/strong><\/a>, pelo presidente da C\u00e2mara, Rodrigo Maia (DEM-RJ), mas um requerimento de encerramento da discuss\u00e3o acabou sendo aprovado e, depois disso, Maia encerrou a sess\u00e3o, com o argumento de que o qu\u00f3rum de 430 deputados estava baixo. Nas negocia\u00e7\u00f5es durante o dia, o presidente havia acordado que a PEC s\u00f3 seria votada com 480 deputados em plen\u00e1rio.<\/p>\n<p>Para tentar votar a PEC ainda na semana passada, o governo lan\u00e7ou m\u00e3o de uma manobra regimental. Segundo as regras da C\u00e2mara, entre a vota\u00e7\u00e3o do texto na comiss\u00e3o especial \u2013\u00a0<a href=\"http:\/\/www.psol50.org.br\/blog\/2017\/08\/15\/distritao-e-fundo-eleitoral-podem-ser-votados-no-plenario-da-camara-na-proxima-semana\/\" target=\"_blank\" rel=\"noopener\"><strong><span style=\"color: #0000ff;\">encerrada na tarde de ter\u00e7a-feira (15)<\/span><\/strong><\/a>\u00a0\u2013 e no plen\u00e1rio \u00e9 preciso o intervalo de duas sess\u00f5es. Para incluir a proposta na pauta da sess\u00e3o de quarta, o presidente da C\u00e2mara teve que colocar primeiro em vota\u00e7\u00e3o um requerimento de quebra de interst\u00edcio para que n\u00e3o houvesse a necessidade desse prazo de duas sess\u00f5es.<\/p>\n<p>O fim da fase de discuss\u00e3o, aprovado no plen\u00e1rio, acabou com o prazo para apresenta\u00e7\u00e3o de\u00a0<span class=\"termoGlossario\">destaques<\/span>, que s\u00e3o tentativas de alterar o texto. Al\u00e9m disso, o resultado tamb\u00e9m cassou o direito dos inscritos de debaterem a mat\u00e9ria. A bancada do PSOL, que no \u00e2mbito da comiss\u00e3o especial havia apresentado uma emenda supressiva da cria\u00e7\u00e3o do Fundo Eleitoral, denunciou a iniciativa da base de Michel Temer de colocar a PEC em vota\u00e7\u00e3o a toque de caixa e de forma a\u00e7odada. Os deputados tamb\u00e9m criticaram o encerramento do debate.<\/p>\n<p>A PEC, entre outras mudan\u00e7as, estabelece a ado\u00e7\u00e3o do chamado \u201cDistrit\u00e3o\u201d em 2018 e 2020 e do distrital misto em 2022 a cria\u00e7\u00e3o do Fundo Eleitoral de R$ 3,6 bilh\u00f5es.\u00a0\u00a0Durante os debates , o l\u00edder do<span style=\"color: #000000;\">\u00a0<\/span><span style=\"color: #0000ff;\"><span style=\"color: #000000;\"><a href=\"https:\/\/www.facebook.com\/psolnacamara\/\" target=\"_blank\" rel=\"noopener\"><span style=\"color: #0000ff;\"><strong>PSOL na C\u00e2mara<\/strong><\/span><\/a>,\u00a0<a href=\"https:\/\/www.facebook.com\/glauber.braga1\/\" target=\"_blank\" rel=\"noopener\"><span style=\"color: #0000ff;\"><strong>Glauber Brag<\/strong><strong>a<\/strong><\/span><\/a><\/span><\/span>\u00a0(RJ), criticou a tentativa de aprovar mudan\u00e7as no sistema pol\u00edtico brasileiro sem qualquer debate com a sociedade.<\/p>\n","protected":false},"excerpt":{"rendered":"<p>O plen\u00e1rio da C\u00e2mara dos Deputados deve votar nesta ter\u00e7a-feira (22\/08) o texto da reforma pol\u00edtica, prevista na PEC 77\/2003, aprovada semana passada em comiss\u00e3o especial. A proposta chegou a ser inclu\u00edda na sess\u00e3o do plen\u00e1rio da quarta passada (16), pelo presidente da C\u00e2mara, Rodrigo Maia (DEM-RJ), mas um requerimento de encerramento da discuss\u00e3o acabou [&hellip;]<\/p>\n","protected":false},"author":2,"featured_media":17636,"comment_status":"open","ping_status":"open","sticky":false,"template":"","format":"standard","meta":{"_acf_changed":false,"footnotes":""},"categories":[10,1882],"tags":[3489,3442,1023,1191,387,1748,3466,22,3046,64],"class_list":{"0":"post-17670","1":"post","2":"type-post","3":"status-publish","4":"format-standard","5":"has-post-thumbnail","7":"category-acao-parlamentares","8":"category-brasil","9":"tag-distrital-misto","10":"tag-distritao","11":"tag-fundo-eleitoral","12":"tag-glauber-braga","13":"tag-governo","14":"tag-michel-temer","15":"tag-pec-772003","16":"tag-psol","17":"tag-reforma-politica","18":"tag-rodrigo-maia"},"acf":[],"yoast_head":"<!-- This site is optimized with the Yoast SEO plugin v26.5 - https:\/\/yoast.com\/wordpress\/plugins\/seo\/ -->\n<title>C\u00e2mara vota nesta ter\u00e7a-feira reforma pol\u00edtica defendida por Temer e Maia - PSOL 50<\/title>\n<meta name=\"robots\" content=\"index, follow, max-snippet:-1, max-image-preview:large, max-video-preview:-1\" \/>\n<link rel=\"canonical\" href=\"https:\/\/psol50.org.br\/camara-vota-nesta-terca-feira-reforma-politica-defendida-por-temer-e-maia\/\" \/>\n<meta property=\"og:locale\" content=\"pt_BR\" \/>\n<meta property=\"og:type\" content=\"article\" \/>\n<meta property=\"og:title\" content=\"C\u00e2mara vota nesta ter\u00e7a-feira reforma pol\u00edtica defendida por Temer e Maia - PSOL 50\" \/>\n<meta property=\"og:description\" content=\"O plen\u00e1rio da C\u00e2mara dos Deputados deve votar nesta ter\u00e7a-feira (22\/08) o texto da reforma pol\u00edtica, prevista na PEC 77\/2003, aprovada semana passada em comiss\u00e3o especial. A proposta chegou a ser inclu\u00edda na sess\u00e3o do plen\u00e1rio da quarta passada (16), pelo presidente da C\u00e2mara, Rodrigo Maia (DEM-RJ), mas um requerimento de encerramento da discuss\u00e3o acabou [&hellip;]\" \/>\n<meta property=\"og:url\" content=\"https:\/\/psol50.org.br\/camara-vota-nesta-terca-feira-reforma-politica-defendida-por-temer-e-maia\/\" \/>\n<meta property=\"og:site_name\" content=\"PSOL 50\" \/>\n<meta property=\"article:publisher\" content=\"https:\/\/www.facebook.com\/psol50\" \/>\n<meta property=\"article:published_time\" content=\"2017-08-21T12:58:28+00:00\" \/>\n<meta property=\"og:image\" content=\"https:\/\/psol50.org.br\/inc\/uploads\/2018\/07\/capa.png\" \/>\n\t<meta property=\"og:image:width\" content=\"1350\" \/>\n\t<meta property=\"og:image:height\" content=\"900\" \/>\n\t<meta property=\"og:image:type\" content=\"image\/png\" \/>\n<meta name=\"author\" content=\"Comunica\u00e7\u00e3o PSOL\" \/>\n<meta name=\"twitter:card\" content=\"summary_large_image\" \/>\n<meta name=\"twitter:creator\" content=\"@psol50\" \/>\n<meta name=\"twitter:site\" content=\"@psol50\" \/>\n<meta name=\"twitter:label1\" content=\"Escrito por\" \/>\n\t<meta name=\"twitter:data1\" content=\"Comunica\u00e7\u00e3o PSOL\" \/>\n\t<meta name=\"twitter:label2\" content=\"Est. tempo de leitura\" \/>\n\t<meta name=\"twitter:data2\" content=\"2 minutos\" \/>\n<script type=\"application\/ld+json\" class=\"yoast-schema-graph\">{\"@context\":\"https:\/\/schema.org\",\"@graph\":[{\"@type\":\"Article\",\"@id\":\"https:\/\/psol50.org.br\/camara-vota-nesta-terca-feira-reforma-politica-defendida-por-temer-e-maia\/#article\",\"isPartOf\":{\"@id\":\"https:\/\/psol50.org.br\/camara-vota-nesta-terca-feira-reforma-politica-defendida-por-temer-e-maia\/\"},\"author\":{\"name\":\"Comunica\u00e7\u00e3o PSOL\",\"@id\":\"https:\/\/psol50.org.br\/#\/schema\/person\/475dfa57d0b815993c714c2e96491fcd\"},\"headline\":\"C\u00e2mara vota nesta ter\u00e7a-feira reforma pol\u00edtica defendida por Temer e Maia\",\"datePublished\":\"2017-08-21T12:58:28+00:00\",\"mainEntityOfPage\":{\"@id\":\"https:\/\/psol50.org.br\/camara-vota-nesta-terca-feira-reforma-politica-defendida-por-temer-e-maia\/\"},\"wordCount\":378,\"commentCount\":0,\"publisher\":{\"@id\":\"https:\/\/psol50.org.br\/#organization\"},\"image\":{\"@id\":\"https:\/\/psol50.org.br\/camara-vota-nesta-terca-feira-reforma-politica-defendida-por-temer-e-maia\/#primaryimage\"},\"thumbnailUrl\":\"\",\"keywords\":[\"Distrital Misto\",\"Distrit\u00e3o\",\"Fundo Eleitoral\",\"Glauber Braga\",\"governo\",\"Michel Temer\",\"PEC 77\/2003\",\"PSOL\",\"Reforma Pol\u00edtica\",\"Rodrigo Maia\"],\"articleSection\":[\"A\u00e7\u00e3o Parlamentar\",\"Brasil\"],\"inLanguage\":\"pt-BR\",\"potentialAction\":[{\"@type\":\"CommentAction\",\"name\":\"Comment\",\"target\":[\"https:\/\/psol50.org.br\/camara-vota-nesta-terca-feira-reforma-politica-defendida-por-temer-e-maia\/#respond\"]}]},{\"@type\":\"WebPage\",\"@id\":\"https:\/\/psol50.org.br\/camara-vota-nesta-terca-feira-reforma-politica-defendida-por-temer-e-maia\/\",\"url\":\"https:\/\/psol50.org.br\/camara-vota-nesta-terca-feira-reforma-politica-defendida-por-temer-e-maia\/\",\"name\":\"C\u00e2mara vota nesta ter\u00e7a-feira reforma pol\u00edtica defendida por Temer e Maia - PSOL 50\",\"isPartOf\":{\"@id\":\"https:\/\/psol50.org.br\/#website\"},\"primaryImageOfPage\":{\"@id\":\"https:\/\/psol50.org.br\/camara-vota-nesta-terca-feira-reforma-politica-defendida-por-temer-e-maia\/#primaryimage\"},\"image\":{\"@id\":\"https:\/\/psol50.org.br\/camara-vota-nesta-terca-feira-reforma-politica-defendida-por-temer-e-maia\/#primaryimage\"},\"thumbnailUrl\":\"\",\"datePublished\":\"2017-08-21T12:58:28+00:00\",\"breadcrumb\":{\"@id\":\"https:\/\/psol50.org.br\/camara-vota-nesta-terca-feira-reforma-politica-defendida-por-temer-e-maia\/#breadcrumb\"},\"inLanguage\":\"pt-BR\",\"potentialAction\":[{\"@type\":\"ReadAction\",\"target\":[\"https:\/\/psol50.org.br\/camara-vota-nesta-terca-feira-reforma-politica-defendida-por-temer-e-maia\/\"]}]},{\"@type\":\"ImageObject\",\"inLanguage\":\"pt-BR\",\"@id\":\"https:\/\/psol50.org.br\/camara-vota-nesta-terca-feira-reforma-politica-defendida-por-temer-e-maia\/#primaryimage\",\"url\":\"\",\"contentUrl\":\"\"},{\"@type\":\"BreadcrumbList\",\"@id\":\"https:\/\/psol50.org.br\/camara-vota-nesta-terca-feira-reforma-politica-defendida-por-temer-e-maia\/#breadcrumb\",\"itemListElement\":[{\"@type\":\"ListItem\",\"position\":1,\"name\":\"In\u00edcio\",\"item\":\"https:\/\/psol50.org.br\/\"},{\"@type\":\"ListItem\",\"position\":2,\"name\":\"C\u00e2mara vota nesta ter\u00e7a-feira reforma pol\u00edtica defendida por Temer e Maia\"}]},{\"@type\":\"WebSite\",\"@id\":\"https:\/\/psol50.org.br\/#website\",\"url\":\"https:\/\/psol50.org.br\/\",\"name\":\"PSOL 50\",\"description\":\"Site oficial do Partido Socialismo e Liberdade\",\"publisher\":{\"@id\":\"https:\/\/psol50.org.br\/#organization\"},\"alternateName\":\"PSOL50\",\"potentialAction\":[{\"@type\":\"SearchAction\",\"target\":{\"@type\":\"EntryPoint\",\"urlTemplate\":\"https:\/\/psol50.org.br\/?s={search_term_string}\"},\"query-input\":{\"@type\":\"PropertyValueSpecification\",\"valueRequired\":true,\"valueName\":\"search_term_string\"}}],\"inLanguage\":\"pt-BR\"},{\"@type\":\"Organization\",\"@id\":\"https:\/\/psol50.org.br\/#organization\",\"name\":\"PSOL 50\",\"alternateName\":\"PSOL 50\",\"url\":\"https:\/\/psol50.org.br\/\",\"logo\":{\"@type\":\"ImageObject\",\"inLanguage\":\"pt-BR\",\"@id\":\"https:\/\/psol50.org.br\/#\/schema\/logo\/image\/\",\"url\":\"https:\/\/psol50.org.br\/inc\/uploads\/2018\/07\/capa.png\",\"contentUrl\":\"https:\/\/psol50.org.br\/inc\/uploads\/2018\/07\/capa.png\",\"width\":1350,\"height\":900,\"caption\":\"PSOL 50\"},\"image\":{\"@id\":\"https:\/\/psol50.org.br\/#\/schema\/logo\/image\/\"},\"sameAs\":[\"https:\/\/www.facebook.com\/psol50\",\"https:\/\/x.com\/psol50\",\"https:\/\/www.instagram.com\/psol50\/\",\"https:\/\/www.youtube.com\/channel\/UC7SnJS5o1os7a6CaiNabzcg\"]},{\"@type\":\"Person\",\"@id\":\"https:\/\/psol50.org.br\/#\/schema\/person\/475dfa57d0b815993c714c2e96491fcd\",\"name\":\"Comunica\u00e7\u00e3o PSOL\",\"image\":{\"@type\":\"ImageObject\",\"inLanguage\":\"pt-BR\",\"@id\":\"https:\/\/psol50.org.br\/#\/schema\/person\/image\/\",\"url\":\"https:\/\/secure.gravatar.com\/avatar\/b34fc4f4e468a4e51785917065a3db57b841f5c95dba6ad8c73aaf8f66f8f9bf?s=96&d=mm&r=g\",\"contentUrl\":\"https:\/\/secure.gravatar.com\/avatar\/b34fc4f4e468a4e51785917065a3db57b841f5c95dba6ad8c73aaf8f66f8f9bf?s=96&d=mm&r=g\",\"caption\":\"Comunica\u00e7\u00e3o PSOL\"}}]}<\/script>\n<!-- \/ Yoast SEO plugin. -->","yoast_head_json":{"title":"C\u00e2mara vota nesta ter\u00e7a-feira reforma pol\u00edtica defendida por Temer e Maia - PSOL 50","robots":{"index":"index","follow":"follow","max-snippet":"max-snippet:-1","max-image-preview":"max-image-preview:large","max-video-preview":"max-video-preview:-1"},"canonical":"https:\/\/psol50.org.br\/camara-vota-nesta-terca-feira-reforma-politica-defendida-por-temer-e-maia\/","og_locale":"pt_BR","og_type":"article","og_title":"C\u00e2mara vota nesta ter\u00e7a-feira reforma pol\u00edtica defendida por Temer e Maia - PSOL 50","og_description":"O plen\u00e1rio da C\u00e2mara dos Deputados deve votar nesta ter\u00e7a-feira (22\/08) o texto da reforma pol\u00edtica, prevista na PEC 77\/2003, aprovada semana passada em comiss\u00e3o especial. A proposta chegou a ser inclu\u00edda na sess\u00e3o do plen\u00e1rio da quarta passada (16), pelo presidente da C\u00e2mara, Rodrigo Maia (DEM-RJ), mas um requerimento de encerramento da discuss\u00e3o acabou [&hellip;]","og_url":"https:\/\/psol50.org.br\/camara-vota-nesta-terca-feira-reforma-politica-defendida-por-temer-e-maia\/","og_site_name":"PSOL 50","article_publisher":"https:\/\/www.facebook.com\/psol50","article_published_time":"2017-08-21T12:58:28+00:00","og_image":[{"width":1350,"height":900,"url":"https:\/\/psol50.org.br\/inc\/uploads\/2018\/07\/capa.png","type":"image\/png"}],"author":"Comunica\u00e7\u00e3o PSOL","twitter_card":"summary_large_image","twitter_creator":"@psol50","twitter_site":"@psol50","twitter_misc":{"Escrito por":"Comunica\u00e7\u00e3o PSOL","Est. tempo de leitura":"2 minutos"},"schema":{"@context":"https:\/\/schema.org","@graph":[{"@type":"Article","@id":"https:\/\/psol50.org.br\/camara-vota-nesta-terca-feira-reforma-politica-defendida-por-temer-e-maia\/#article","isPartOf":{"@id":"https:\/\/psol50.org.br\/camara-vota-nesta-terca-feira-reforma-politica-defendida-por-temer-e-maia\/"},"author":{"name":"Comunica\u00e7\u00e3o PSOL","@id":"https:\/\/psol50.org.br\/#\/schema\/person\/475dfa57d0b815993c714c2e96491fcd"},"headline":"C\u00e2mara vota nesta ter\u00e7a-feira reforma pol\u00edtica defendida por Temer e Maia","datePublished":"2017-08-21T12:58:28+00:00","mainEntityOfPage":{"@id":"https:\/\/psol50.org.br\/camara-vota-nesta-terca-feira-reforma-politica-defendida-por-temer-e-maia\/"},"wordCount":378,"commentCount":0,"publisher":{"@id":"https:\/\/psol50.org.br\/#organization"},"image":{"@id":"https:\/\/psol50.org.br\/camara-vota-nesta-terca-feira-reforma-politica-defendida-por-temer-e-maia\/#primaryimage"},"thumbnailUrl":"","keywords":["Distrital Misto","Distrit\u00e3o","Fundo Eleitoral","Glauber Braga","governo","Michel Temer","PEC 77\/2003","PSOL","Reforma Pol\u00edtica","Rodrigo Maia"],"articleSection":["A\u00e7\u00e3o Parlamentar","Brasil"],"inLanguage":"pt-BR","potentialAction":[{"@type":"CommentAction","name":"Comment","target":["https:\/\/psol50.org.br\/camara-vota-nesta-terca-feira-reforma-politica-defendida-por-temer-e-maia\/#respond"]}]},{"@type":"WebPage","@id":"https:\/\/psol50.org.br\/camara-vota-nesta-terca-feira-reforma-politica-defendida-por-temer-e-maia\/","url":"https:\/\/psol50.org.br\/camara-vota-nesta-terca-feira-reforma-politica-defendida-por-temer-e-maia\/","name":"C\u00e2mara vota nesta ter\u00e7a-feira reforma pol\u00edtica defendida por Temer e Maia - PSOL 50","isPartOf":{"@id":"https:\/\/psol50.org.br\/#website"},"primaryImageOfPage":{"@id":"https:\/\/psol50.org.br\/camara-vota-nesta-terca-feira-reforma-politica-defendida-por-temer-e-maia\/#primaryimage"},"image":{"@id":"https:\/\/psol50.org.br\/camara-vota-nesta-terca-feira-reforma-politica-defendida-por-temer-e-maia\/#primaryimage"},"thumbnailUrl":"","datePublished":"2017-08-21T12:58:28+00:00","breadcrumb":{"@id":"https:\/\/psol50.org.br\/camara-vota-nesta-terca-feira-reforma-politica-defendida-por-temer-e-maia\/#breadcrumb"},"inLanguage":"pt-BR","potentialAction":[{"@type":"ReadAction","target":["https:\/\/psol50.org.br\/camara-vota-nesta-terca-feira-reforma-politica-defendida-por-temer-e-maia\/"]}]},{"@type":"ImageObject","inLanguage":"pt-BR","@id":"https:\/\/psol50.org.br\/camara-vota-nesta-terca-feira-reforma-politica-defendida-por-temer-e-maia\/#primaryimage","url":"","contentUrl":""},{"@type":"BreadcrumbList","@id":"https:\/\/psol50.org.br\/camara-vota-nesta-terca-feira-reforma-politica-defendida-por-temer-e-maia\/#breadcrumb","itemListElement":[{"@type":"ListItem","position":1,"name":"In\u00edcio","item":"https:\/\/psol50.org.br\/"},{"@type":"ListItem","position":2,"name":"C\u00e2mara vota nesta ter\u00e7a-feira reforma pol\u00edtica defendida por Temer e Maia"}]},{"@type":"WebSite","@id":"https:\/\/psol50.org.br\/#website","url":"https:\/\/psol50.org.br\/","name":"PSOL 50","description":"Site oficial do Partido Socialismo e Liberdade","publisher":{"@id":"https:\/\/psol50.org.br\/#organization"},"alternateName":"PSOL50","potentialAction":[{"@type":"SearchAction","target":{"@type":"EntryPoint","urlTemplate":"https:\/\/psol50.org.br\/?s={search_term_string}"},"query-input":{"@type":"PropertyValueSpecification","valueRequired":true,"valueName":"search_term_string"}}],"inLanguage":"pt-BR"},{"@type":"Organization","@id":"https:\/\/psol50.org.br\/#organization","name":"PSOL 50","alternateName":"PSOL 50","url":"https:\/\/psol50.org.br\/","logo":{"@type":"ImageObject","inLanguage":"pt-BR","@id":"https:\/\/psol50.org.br\/#\/schema\/logo\/image\/","url":"https:\/\/psol50.org.br\/inc\/uploads\/2018\/07\/capa.png","contentUrl":"https:\/\/psol50.org.br\/inc\/uploads\/2018\/07\/capa.png","width":1350,"height":900,"caption":"PSOL 50"},"image":{"@id":"https:\/\/psol50.org.br\/#\/schema\/logo\/image\/"},"sameAs":["https:\/\/www.facebook.com\/psol50","https:\/\/x.com\/psol50","https:\/\/www.instagram.com\/psol50\/","https:\/\/www.youtube.com\/channel\/UC7SnJS5o1os7a6CaiNabzcg"]},{"@type":"Person","@id":"https:\/\/psol50.org.br\/#\/schema\/person\/475dfa57d0b815993c714c2e96491fcd","name":"Comunica\u00e7\u00e3o PSOL","image":{"@type":"ImageObject","inLanguage":"pt-BR","@id":"https:\/\/psol50.org.br\/#\/schema\/person\/image\/","url":"https:\/\/secure.gravatar.com\/avatar\/b34fc4f4e468a4e51785917065a3db57b841f5c95dba6ad8c73aaf8f66f8f9bf?s=96&d=mm&r=g","contentUrl":"https:\/\/secure.gravatar.com\/avatar\/b34fc4f4e468a4e51785917065a3db57b841f5c95dba6ad8c73aaf8f66f8f9bf?s=96&d=mm&r=g","caption":"Comunica\u00e7\u00e3o PSOL"}}]}},"_links":{"self":[{"href":"https:\/\/psol50.org.br\/rest\/wp\/v2\/posts\/17670","targetHints":{"allow":["GET"]}}],"collection":[{"href":"https:\/\/psol50.org.br\/rest\/wp\/v2\/posts"}],"about":[{"href":"https:\/\/psol50.org.br\/rest\/wp\/v2\/types\/post"}],"author":[{"embeddable":true,"href":"https:\/\/psol50.org.br\/rest\/wp\/v2\/users\/2"}],"replies":[{"embeddable":true,"href":"https:\/\/psol50.org.br\/rest\/wp\/v2\/comments?post=17670"}],"version-history":[{"count":0,"href":"https:\/\/psol50.org.br\/rest\/wp\/v2\/posts\/17670\/revisions"}],"wp:featuredmedia":[{"embeddable":true,"href":"https:\/\/psol50.org.br\/rest\/"}],"wp:attachment":[{"href":"https:\/\/psol50.org.br\/rest\/wp\/v2\/media?parent=17670"}],"wp:term":[{"taxonomy":"category","embeddable":true,"href":"https:\/\/psol50.org.br\/rest\/wp\/v2\/categories?post=17670"},{"taxonomy":"post_tag","embeddable":true,"href":"https:\/\/psol50.org.br\/rest\/wp\/v2\/tags?post=17670"}],"curies":[{"name":"wp","href":"https:\/\/api.w.org\/{rel}","templated":true}]}}